{"id":4287,"date":"2023-02-26T07:20:35","date_gmt":"2023-02-26T10:20:35","guid":{"rendered":"https:\/\/brasilnoticias.org\/site\/?p=4287"},"modified":"2023-02-25T22:33:30","modified_gmt":"2023-02-26T01:33:30","slug":"jose-dirceu-deixa-uti-retira-dreno-da-cabeca-e-anda-com-ajuda-de-fisioterapeuta","status":"publish","type":"post","link":"https:\/\/brasilnoticias.org\/site\/jose-dirceu-deixa-uti-retira-dreno-da-cabeca-e-anda-com-ajuda-de-fisioterapeuta\/","title":{"rendered":"Jos\u00e9 Dirceu deixa UTI, retira dreno da cabe\u00e7a e anda com ajuda de fisioterapeuta"},"content":{"rendered":"<p>O ex-ministro da Casa Civil Jos\u00e9 Dirceu (PT) deixou a Unidade de Terapia Intensiva (UTI) na manh\u00e3 deste s\u00e1bado, 25. De acordo com o seu filho, o deputado federal Zeca Dirceu (PT- PR), ele retirou o dreno da cabe\u00e7a e est\u00e1 andando, com a ajuda de um fisioterapeuta.<br \/>\nJos\u00e9 Dirceu segue em observa\u00e7\u00e3o e, por ora, deve receber alta at\u00e9 o come\u00e7o da pr\u00f3xima semana.<\/p>\n<p>Na quinta-feira, 23, ele passou por uma cirurgia no c\u00e9rebro devido a um hematoma subdural. Trata-se de um ac\u00famulo de sangue que pode alterar a press\u00e3o do c\u00e9rebro e, por isso, precisa ser drenado.<\/p>\n<p>Casos mais simples podem ser tratados com medicamentos, por\u00e9m, Dirceu precisou de cirurgia.<\/p>\n<p>Ele est\u00e1 internado no DF Star, um hospital particular na Asa Sul, em Bras\u00edlia (DF). Ainda na tarde da sexta, 24, Zeca Dirceu divulgou um \u00e1udio do pai, afirmando que seus exames &#8220;est\u00e3o normais&#8221;.<\/p>\n<p>O pr\u00f3prio ex-ministro falou que ter\u00e1 que ficar dois dias ainda em observa\u00e7\u00e3o.<\/p>\n<p>No primeiro governo Lula (PT), Dirceu foi ministro da Casa Civil, cargo hoje ocupado por Rui Costa (PT &#8211; BA). Ele foi acusado e condenado por ser um dos organizadores do esquema do mensal\u00e3o, que veio \u00e0 tona em 2006. Em 2015, o ex-ministro tamb\u00e9m foi condenado no \u00e2mbito da Opera\u00e7\u00e3o Lava Jato.<\/p>\n<p>Em 2018, ele conseguiu uma decis\u00e3o favor\u00e1vel no Supremo e pode responder aos processos em liberdade.<\/p>\n<p>Embora Dirceu esteja oficialmente fora do cen\u00e1rio governamental, ele continua sendo uma das figuras mais influentes do petismo. No \u00faltimo dia 13, na festa de 43 anos do Partido dos Trabalhadores, ele foi citado nominalmente por Lula, que o agradeceu em seu discurso.<\/p>\n<p>Foto Lula Marques<br \/>\nNot\u00edcias ao minuto<\/p>\n","protected":false},"excerpt":{"rendered":"<p>O ex-ministro da Casa Civil Jos\u00e9 Dirceu (PT) deixou a Unidade de Terapia Intensiva (UTI) na manh\u00e3 deste s\u00e1bado, 25.<\/p>\n","protected":false},"author":1,"featured_media":4288,"comment_status":"open","ping_status":"open","sticky":false,"template":"","format":"standard","meta":{"colormag_page_container_layout":"default_layout","colormag_page_sidebar_layout":"default_layout","_FSMCFIC_featured_image_caption":"","_FSMCFIC_featured_image_nocaption":"","_FSMCFIC_featured_image_hide":"","footnotes":""},"categories":[2,1],"tags":[],"class_list":["post-4287","post","type-post","status-publish","format-standard","has-post-thumbnail","hentry","category-noticias","category-ultimas"],"yoast_head":"<!-- This site is optimized with the Yoast SEO plugin v27.1.1 - https:\/\/yoast.com\/product\/yoast-seo-wordpress\/ -->\n<title>Jos\u00e9 Dirceu deixa UTI, retira dreno da cabe\u00e7a e anda com ajuda de fisioterapeuta - Brasil not\u00edcias<\/title>\n<meta name=\"robots\" content=\"index, follow, max-snippet:-1, max-image-preview:large, max-video-preview:-1\" \/>\n<link rel=\"canonical\" href=\"https:\/\/brasilnoticias.org\/site\/jose-dirceu-deixa-uti-retira-dreno-da-cabeca-e-anda-com-ajuda-de-fisioterapeuta\/\" \/>\n<meta property=\"og:locale\" content=\"pt_PT\" \/>\n<meta property=\"og:type\" content=\"article\" \/>\n<meta property=\"og:title\" content=\"Jos\u00e9 Dirceu deixa UTI, retira dreno da cabe\u00e7a e anda com ajuda de fisioterapeuta - Brasil not\u00edcias\" \/>\n<meta property=\"og:description\" content=\"O ex-ministro da Casa Civil Jos\u00e9 Dirceu (PT) deixou a Unidade de Terapia Intensiva (UTI) na manh\u00e3 deste s\u00e1bado, 25.\" \/>\n<meta property=\"og:url\" content=\"https:\/\/brasilnoticias.org\/site\/jose-dirceu-deixa-uti-retira-dreno-da-cabeca-e-anda-com-ajuda-de-fisioterapeuta\/\" \/>\n<meta property=\"og:site_name\" content=\"Brasil not\u00edcias\" \/>\n<meta property=\"article:published_time\" content=\"2023-02-26T10:20:35+00:00\" \/>\n<meta property=\"og:image\" content=\"https:\/\/brasilnoticias.org\/site\/wp-content\/uploads\/2023\/02\/naom_5aff5c6907a0f.jpg\" \/>\n\t<meta property=\"og:image:width\" content=\"960\" \/>\n\t<meta property=\"og:image:height\" content=\"540\" \/>\n\t<meta property=\"og:image:type\" content=\"image\/jpeg\" \/>\n<meta name=\"author\" content=\"Reda\u00e7\u00e3o\" \/>\n<meta name=\"twitter:card\" content=\"summary_large_image\" \/>\n<meta name=\"twitter:label1\" content=\"Escrito por\" \/>\n\t<meta name=\"twitter:data1\" content=\"Reda\u00e7\u00e3o\" \/>\n<script type=\"application\/ld+json\" class=\"yoast-schema-graph\">{\"@context\":\"https:\/\/schema.org\",\"@graph\":[{\"@type\":\"Article\",\"@id\":\"https:\/\/brasilnoticias.org\/site\/jose-dirceu-deixa-uti-retira-dreno-da-cabeca-e-anda-com-ajuda-de-fisioterapeuta\/#article\",\"isPartOf\":{\"@id\":\"https:\/\/brasilnoticias.org\/site\/jose-dirceu-deixa-uti-retira-dreno-da-cabeca-e-anda-com-ajuda-de-fisioterapeuta\/\"},\"author\":{\"name\":\"Reda\u00e7\u00e3o\",\"@id\":\"https:\/\/brasilnoticias.org\/site\/#\/schema\/person\/a0e05b973ec4d15c658d51911e53507b\"},\"headline\":\"Jos\u00e9 Dirceu deixa UTI, retira dreno da cabe\u00e7a e anda com ajuda de fisioterapeuta\",\"datePublished\":\"2023-02-26T10:20:35+00:00\",\"mainEntityOfPage\":{\"@id\":\"https:\/\/brasilnoticias.org\/site\/jose-dirceu-deixa-uti-retira-dreno-da-cabeca-e-anda-com-ajuda-de-fisioterapeuta\/\"},\"wordCount\":304,\"commentCount\":0,\"publisher\":{\"@id\":\"https:\/\/brasilnoticias.org\/site\/#organization\"},\"image\":{\"@id\":\"https:\/\/brasilnoticias.org\/site\/jose-dirceu-deixa-uti-retira-dreno-da-cabeca-e-anda-com-ajuda-de-fisioterapeuta\/#primaryimage\"},\"thumbnailUrl\":\"https:\/\/brasilnoticias.org\/site\/wp-content\/uploads\/2023\/02\/naom_5aff5c6907a0f.jpg\",\"articleSection\":[\"Not\u00edcias\",\"\u00daltimas\"],\"inLanguage\":\"pt-PT\",\"potentialAction\":[{\"@type\":\"CommentAction\",\"name\":\"Comment\",\"target\":[\"https:\/\/brasilnoticias.org\/site\/jose-dirceu-deixa-uti-retira-dreno-da-cabeca-e-anda-com-ajuda-de-fisioterapeuta\/#respond\"]}]},{\"@type\":\"WebPage\",\"@id\":\"https:\/\/brasilnoticias.org\/site\/jose-dirceu-deixa-uti-retira-dreno-da-cabeca-e-anda-com-ajuda-de-fisioterapeuta\/\",\"url\":\"https:\/\/brasilnoticias.org\/site\/jose-dirceu-deixa-uti-retira-dreno-da-cabeca-e-anda-com-ajuda-de-fisioterapeuta\/\",\"name\":\"Jos\u00e9 Dirceu deixa UTI, retira dreno da cabe\u00e7a e anda com ajuda de fisioterapeuta - Brasil not\u00edcias\",\"isPartOf\":{\"@id\":\"https:\/\/brasilnoticias.org\/site\/#website\"},\"primaryImageOfPage\":{\"@id\":\"https:\/\/brasilnoticias.org\/site\/jose-dirceu-deixa-uti-retira-dreno-da-cabeca-e-anda-com-ajuda-de-fisioterapeuta\/#primaryimage\"},\"image\":{\"@id\":\"https:\/\/brasilnoticias.org\/site\/jose-dirceu-deixa-uti-retira-dreno-da-cabeca-e-anda-com-ajuda-de-fisioterapeuta\/#primaryimage\"},\"thumbnailUrl\":\"https:\/\/brasilnoticias.org\/site\/wp-content\/uploads\/2023\/02\/naom_5aff5c6907a0f.jpg\",\"datePublished\":\"2023-02-26T10:20:35+00:00\",\"breadcrumb\":{\"@id\":\"https:\/\/brasilnoticias.org\/site\/jose-dirceu-deixa-uti-retira-dreno-da-cabeca-e-anda-com-ajuda-de-fisioterapeuta\/#breadcrumb\"},\"inLanguage\":\"pt-PT\",\"potentialAction\":[{\"@type\":\"ReadAction\",\"target\":[\"https:\/\/brasilnoticias.org\/site\/jose-dirceu-deixa-uti-retira-dreno-da-cabeca-e-anda-com-ajuda-de-fisioterapeuta\/\"]}]},{\"@type\":\"ImageObject\",\"inLanguage\":\"pt-PT\",\"@id\":\"https:\/\/brasilnoticias.org\/site\/jose-dirceu-deixa-uti-retira-dreno-da-cabeca-e-anda-com-ajuda-de-fisioterapeuta\/#primaryimage\",\"url\":\"https:\/\/brasilnoticias.org\/site\/wp-content\/uploads\/2023\/02\/naom_5aff5c6907a0f.jpg\",\"contentUrl\":\"https:\/\/brasilnoticias.org\/site\/wp-content\/uploads\/2023\/02\/naom_5aff5c6907a0f.jpg\",\"width\":960,\"height\":540},{\"@type\":\"BreadcrumbList\",\"@id\":\"https:\/\/brasilnoticias.org\/site\/jose-dirceu-deixa-uti-retira-dreno-da-cabeca-e-anda-com-ajuda-de-fisioterapeuta\/#breadcrumb\",\"itemListElement\":[{\"@type\":\"ListItem\",\"position\":1,\"name\":\"In\u00edcio\",\"item\":\"https:\/\/brasilnoticias.org\/site\/\"},{\"@type\":\"ListItem\",\"position\":2,\"name\":\"Jos\u00e9 Dirceu deixa UTI, retira dreno da cabe\u00e7a e anda com ajuda de fisioterapeuta\"}]},{\"@type\":\"WebSite\",\"@id\":\"https:\/\/brasilnoticias.org\/site\/#website\",\"url\":\"https:\/\/brasilnoticias.org\/site\/\",\"name\":\"Brasil not\u00edcias\",\"description\":\"Brasil not\u00edcias\",\"publisher\":{\"@id\":\"https:\/\/brasilnoticias.org\/site\/#organization\"},\"potentialAction\":[{\"@type\":\"SearchAction\",\"target\":{\"@type\":\"EntryPoint\",\"urlTemplate\":\"https:\/\/brasilnoticias.org\/site\/?s={search_term_string}\"},\"query-input\":{\"@type\":\"PropertyValueSpecification\",\"valueRequired\":true,\"valueName\":\"search_term_string\"}}],\"inLanguage\":\"pt-PT\"},{\"@type\":\"Organization\",\"@id\":\"https:\/\/brasilnoticias.org\/site\/#organization\",\"name\":\"Brasil not\u00edcias\",\"url\":\"https:\/\/brasilnoticias.org\/site\/\",\"logo\":{\"@type\":\"ImageObject\",\"inLanguage\":\"pt-PT\",\"@id\":\"https:\/\/brasilnoticias.org\/site\/#\/schema\/logo\/image\/\",\"url\":\"https:\/\/brasilnoticias.org\/site\/wp-content\/uploads\/2022\/05\/cropped-brasilnoticias-mini.jpg\",\"contentUrl\":\"https:\/\/brasilnoticias.org\/site\/wp-content\/uploads\/2022\/05\/cropped-brasilnoticias-mini.jpg\",\"width\":314,\"height\":86,\"caption\":\"Brasil not\u00edcias\"},\"image\":{\"@id\":\"https:\/\/brasilnoticias.org\/site\/#\/schema\/logo\/image\/\"}},{\"@type\":\"Person\",\"@id\":\"https:\/\/brasilnoticias.org\/site\/#\/schema\/person\/a0e05b973ec4d15c658d51911e53507b\",\"name\":\"Reda\u00e7\u00e3o\",\"image\":{\"@type\":\"ImageObject\",\"inLanguage\":\"pt-PT\",\"@id\":\"https:\/\/brasilnoticias.org\/site\/#\/schema\/person\/image\/\",\"url\":\"https:\/\/secure.gravatar.com\/avatar\/75d8b050df2de108b08ae78dfb8e374892df24a383c67db9c46a9c604f6aee9c?s=96&d=mm&r=g\",\"contentUrl\":\"https:\/\/secure.gravatar.com\/avatar\/75d8b050df2de108b08ae78dfb8e374892df24a383c67db9c46a9c604f6aee9c?s=96&d=mm&r=g\",\"caption\":\"Reda\u00e7\u00e3o\"},\"sameAs\":[\"https:\/\/brasilnoticias.org\/site\"],\"url\":\"https:\/\/brasilnoticias.org\/site\/author\/fernandozsngmail-com\/\"}]}<\/script>\n<!-- \/ Yoast SEO plugin. -->","yoast_head_json":{"title":"Jos\u00e9 Dirceu deixa UTI, retira dreno da cabe\u00e7a e anda com ajuda de fisioterapeuta - Brasil not\u00edcias","robots":{"index":"index","follow":"follow","max-snippet":"max-snippet:-1","max-image-preview":"max-image-preview:large","max-video-preview":"max-video-preview:-1"},"canonical":"https:\/\/brasilnoticias.org\/site\/jose-dirceu-deixa-uti-retira-dreno-da-cabeca-e-anda-com-ajuda-de-fisioterapeuta\/","og_locale":"pt_PT","og_type":"article","og_title":"Jos\u00e9 Dirceu deixa UTI, retira dreno da cabe\u00e7a e anda com ajuda de fisioterapeuta - Brasil not\u00edcias","og_description":"O ex-ministro da Casa Civil Jos\u00e9 Dirceu (PT) deixou a Unidade de Terapia Intensiva (UTI) na manh\u00e3 deste s\u00e1bado, 25.","og_url":"https:\/\/brasilnoticias.org\/site\/jose-dirceu-deixa-uti-retira-dreno-da-cabeca-e-anda-com-ajuda-de-fisioterapeuta\/","og_site_name":"Brasil not\u00edcias","article_published_time":"2023-02-26T10:20:35+00:00","og_image":[{"width":960,"height":540,"url":"https:\/\/brasilnoticias.org\/site\/wp-content\/uploads\/2023\/02\/naom_5aff5c6907a0f.jpg","type":"image\/jpeg"}],"author":"Reda\u00e7\u00e3o","twitter_card":"summary_large_image","twitter_misc":{"Escrito por":"Reda\u00e7\u00e3o"},"schema":{"@context":"https:\/\/schema.org","@graph":[{"@type":"Article","@id":"https:\/\/brasilnoticias.org\/site\/jose-dirceu-deixa-uti-retira-dreno-da-cabeca-e-anda-com-ajuda-de-fisioterapeuta\/#article","isPartOf":{"@id":"https:\/\/brasilnoticias.org\/site\/jose-dirceu-deixa-uti-retira-dreno-da-cabeca-e-anda-com-ajuda-de-fisioterapeuta\/"},"author":{"name":"Reda\u00e7\u00e3o","@id":"https:\/\/brasilnoticias.org\/site\/#\/schema\/person\/a0e05b973ec4d15c658d51911e53507b"},"headline":"Jos\u00e9 Dirceu deixa UTI, retira dreno da cabe\u00e7a e anda com ajuda de fisioterapeuta","datePublished":"2023-02-26T10:20:35+00:00","mainEntityOfPage":{"@id":"https:\/\/brasilnoticias.org\/site\/jose-dirceu-deixa-uti-retira-dreno-da-cabeca-e-anda-com-ajuda-de-fisioterapeuta\/"},"wordCount":304,"commentCount":0,"publisher":{"@id":"https:\/\/brasilnoticias.org\/site\/#organization"},"image":{"@id":"https:\/\/brasilnoticias.org\/site\/jose-dirceu-deixa-uti-retira-dreno-da-cabeca-e-anda-com-ajuda-de-fisioterapeuta\/#primaryimage"},"thumbnailUrl":"https:\/\/brasilnoticias.org\/site\/wp-content\/uploads\/2023\/02\/naom_5aff5c6907a0f.jpg","articleSection":["Not\u00edcias","\u00daltimas"],"inLanguage":"pt-PT","potentialAction":[{"@type":"CommentAction","name":"Comment","target":["https:\/\/brasilnoticias.org\/site\/jose-dirceu-deixa-uti-retira-dreno-da-cabeca-e-anda-com-ajuda-de-fisioterapeuta\/#respond"]}]},{"@type":"WebPage","@id":"https:\/\/brasilnoticias.org\/site\/jose-dirceu-deixa-uti-retira-dreno-da-cabeca-e-anda-com-ajuda-de-fisioterapeuta\/","url":"https:\/\/brasilnoticias.org\/site\/jose-dirceu-deixa-uti-retira-dreno-da-cabeca-e-anda-com-ajuda-de-fisioterapeuta\/","name":"Jos\u00e9 Dirceu deixa UTI, retira dreno da cabe\u00e7a e anda com ajuda de fisioterapeuta - Brasil not\u00edcias","isPartOf":{"@id":"https:\/\/brasilnoticias.org\/site\/#website"},"primaryImageOfPage":{"@id":"https:\/\/brasilnoticias.org\/site\/jose-dirceu-deixa-uti-retira-dreno-da-cabeca-e-anda-com-ajuda-de-fisioterapeuta\/#primaryimage"},"image":{"@id":"https:\/\/brasilnoticias.org\/site\/jose-dirceu-deixa-uti-retira-dreno-da-cabeca-e-anda-com-ajuda-de-fisioterapeuta\/#primaryimage"},"thumbnailUrl":"https:\/\/brasilnoticias.org\/site\/wp-content\/uploads\/2023\/02\/naom_5aff5c6907a0f.jpg","datePublished":"2023-02-26T10:20:35+00:00","breadcrumb":{"@id":"https:\/\/brasilnoticias.org\/site\/jose-dirceu-deixa-uti-retira-dreno-da-cabeca-e-anda-com-ajuda-de-fisioterapeuta\/#breadcrumb"},"inLanguage":"pt-PT","potentialAction":[{"@type":"ReadAction","target":["https:\/\/brasilnoticias.org\/site\/jose-dirceu-deixa-uti-retira-dreno-da-cabeca-e-anda-com-ajuda-de-fisioterapeuta\/"]}]},{"@type":"ImageObject","inLanguage":"pt-PT","@id":"https:\/\/brasilnoticias.org\/site\/jose-dirceu-deixa-uti-retira-dreno-da-cabeca-e-anda-com-ajuda-de-fisioterapeuta\/#primaryimage","url":"https:\/\/brasilnoticias.org\/site\/wp-content\/uploads\/2023\/02\/naom_5aff5c6907a0f.jpg","contentUrl":"https:\/\/brasilnoticias.org\/site\/wp-content\/uploads\/2023\/02\/naom_5aff5c6907a0f.jpg","width":960,"height":540},{"@type":"BreadcrumbList","@id":"https:\/\/brasilnoticias.org\/site\/jose-dirceu-deixa-uti-retira-dreno-da-cabeca-e-anda-com-ajuda-de-fisioterapeuta\/#breadcrumb","itemListElement":[{"@type":"ListItem","position":1,"name":"In\u00edcio","item":"https:\/\/brasilnoticias.org\/site\/"},{"@type":"ListItem","position":2,"name":"Jos\u00e9 Dirceu deixa UTI, retira dreno da cabe\u00e7a e anda com ajuda de fisioterapeuta"}]},{"@type":"WebSite","@id":"https:\/\/brasilnoticias.org\/site\/#website","url":"https:\/\/brasilnoticias.org\/site\/","name":"Brasil not\u00edcias","description":"Brasil not\u00edcias","publisher":{"@id":"https:\/\/brasilnoticias.org\/site\/#organization"},"potentialAction":[{"@type":"SearchAction","target":{"@type":"EntryPoint","urlTemplate":"https:\/\/brasilnoticias.org\/site\/?s={search_term_string}"},"query-input":{"@type":"PropertyValueSpecification","valueRequired":true,"valueName":"search_term_string"}}],"inLanguage":"pt-PT"},{"@type":"Organization","@id":"https:\/\/brasilnoticias.org\/site\/#organization","name":"Brasil not\u00edcias","url":"https:\/\/brasilnoticias.org\/site\/","logo":{"@type":"ImageObject","inLanguage":"pt-PT","@id":"https:\/\/brasilnoticias.org\/site\/#\/schema\/logo\/image\/","url":"https:\/\/brasilnoticias.org\/site\/wp-content\/uploads\/2022\/05\/cropped-brasilnoticias-mini.jpg","contentUrl":"https:\/\/brasilnoticias.org\/site\/wp-content\/uploads\/2022\/05\/cropped-brasilnoticias-mini.jpg","width":314,"height":86,"caption":"Brasil not\u00edcias"},"image":{"@id":"https:\/\/brasilnoticias.org\/site\/#\/schema\/logo\/image\/"}},{"@type":"Person","@id":"https:\/\/brasilnoticias.org\/site\/#\/schema\/person\/a0e05b973ec4d15c658d51911e53507b","name":"Reda\u00e7\u00e3o","image":{"@type":"ImageObject","inLanguage":"pt-PT","@id":"https:\/\/brasilnoticias.org\/site\/#\/schema\/person\/image\/","url":"https:\/\/secure.gravatar.com\/avatar\/75d8b050df2de108b08ae78dfb8e374892df24a383c67db9c46a9c604f6aee9c?s=96&d=mm&r=g","contentUrl":"https:\/\/secure.gravatar.com\/avatar\/75d8b050df2de108b08ae78dfb8e374892df24a383c67db9c46a9c604f6aee9c?s=96&d=mm&r=g","caption":"Reda\u00e7\u00e3o"},"sameAs":["https:\/\/brasilnoticias.org\/site"],"url":"https:\/\/brasilnoticias.org\/site\/author\/fernandozsngmail-com\/"}]}},"_links":{"self":[{"href":"https:\/\/brasilnoticias.org\/site\/wp-json\/wp\/v2\/posts\/4287","targetHints":{"allow":["GET"]}}],"collection":[{"href":"https:\/\/brasilnoticias.org\/site\/wp-json\/wp\/v2\/posts"}],"about":[{"href":"https:\/\/brasilnoticias.org\/site\/wp-json\/wp\/v2\/types\/post"}],"author":[{"embeddable":true,"href":"https:\/\/brasilnoticias.org\/site\/wp-json\/wp\/v2\/users\/1"}],"replies":[{"embeddable":true,"href":"https:\/\/brasilnoticias.org\/site\/wp-json\/wp\/v2\/comments?post=4287"}],"version-history":[{"count":1,"href":"https:\/\/brasilnoticias.org\/site\/wp-json\/wp\/v2\/posts\/4287\/revisions"}],"predecessor-version":[{"id":4289,"href":"https:\/\/brasilnoticias.org\/site\/wp-json\/wp\/v2\/posts\/4287\/revisions\/4289"}],"wp:featuredmedia":[{"embeddable":true,"href":"https:\/\/brasilnoticias.org\/site\/wp-json\/wp\/v2\/media\/4288"}],"wp:attachment":[{"href":"https:\/\/brasilnoticias.org\/site\/wp-json\/wp\/v2\/media?parent=4287"}],"wp:term":[{"taxonomy":"category","embeddable":true,"href":"https:\/\/brasilnoticias.org\/site\/wp-json\/wp\/v2\/categories?post=4287"},{"taxonomy":"post_tag","embeddable":true,"href":"https:\/\/brasilnoticias.org\/site\/wp-json\/wp\/v2\/tags?post=4287"}],"curies":[{"name":"wp","href":"https:\/\/api.w.org\/{rel}","templated":true}]}}