{"id":4301,"date":"2023-02-26T18:20:35","date_gmt":"2023-02-26T21:20:35","guid":{"rendered":"https:\/\/brasilnoticias.org\/site\/?p=4301"},"modified":"2023-02-26T13:22:17","modified_gmt":"2023-02-26T16:22:17","slug":"juliette-revela-que-esta-doente-e-precisa-de-repouso-passei-muito-mal","status":"publish","type":"post","link":"https:\/\/brasilnoticias.org\/site\/juliette-revela-que-esta-doente-e-precisa-de-repouso-passei-muito-mal\/","title":{"rendered":"Juliette revela que est\u00e1 doente e precisa de repouso: &#8216;Passei muito mal&#8217;"},"content":{"rendered":"<p>A cantora e ex-BBB Juliette Freire contou aos seus mais de 30 milh\u00f5es de seguidores no Instagram que anda abalada f\u00edsica e emocionalmente, n\u00e3o est\u00e1 100% de sa\u00fade e vai ficar &#8220;quietinha&#8221; em casa por alguns dias, seguindo recomenda\u00e7\u00f5es m\u00e9dicas. Em v\u00eddeo, ela tamb\u00e9m lamentou a morte inesperada da av\u00f3, na \u00faltima quinta-feira, o que, segundo a cantora, pode ter contribu\u00eddo para a sua fragilidade neste momento.<\/p>\n<p>&#8220;Vov\u00f3 infartou, ela n\u00e3o tinha problema nenhum de sa\u00fade. Ela treinava todos os dias, dan\u00e7ava, nadava&#8230; Enfim, muito saud\u00e1vel (&#8230;) A &#8216;veinha&#8217; era dura, era forte, e \u00e9 isso que a gente vai levar&#8221;, contou. Sobre seu estado, Juliette narrou o que vinha sentido nos \u00faltimos dias. &#8220;Estava com um cansa\u00e7o fora do normal. Descansei um dia, muito enjoada, tonta, press\u00e3o baixando&#8230; No outro dia aconteceu o neg\u00f3cio de vov\u00f3 e eu passei muito mal, pensei que era emocional. Mas n\u00e3o parei de passar mal e a viagem foi horr\u00edvel&#8221;.<\/p>\n<p>Ela continuou: &#8220;A\u00ed cheguei ontem e dois m\u00e9dicos vieram me examinar. Estou com uma virose, muito desidratada. Tomei soro, medica\u00e7\u00e3o, t\u00f4 com a barriga dolorida. Ent\u00e3o vou ficar mais quietinha esses dias, de repouso, mas est\u00e1 tudo bem. Tem um monte de gente doente depois desse Carnaval, mas eu nem bebi, bebi um dia s\u00f3. A imunidade baixou e o emocional tamb\u00e9m&#8221;.<\/p>\n<p>Not\u00edcias ao minuto<br \/>\nFoto Tv Globo \/ F\u00e1bio Rocha<\/p>\n","protected":false},"excerpt":{"rendered":"<p>A cantora e ex-BBB Juliette Freire contou aos seus mais de 30 milh\u00f5es de seguidores no Instagram que anda abalada<\/p>\n","protected":false},"author":1,"featured_media":4303,"comment_status":"open","ping_status":"open","sticky":false,"template":"","format":"standard","meta":{"colormag_page_container_layout":"default_layout","colormag_page_sidebar_layout":"default_layout","_FSMCFIC_featured_image_caption":"","_FSMCFIC_featured_image_nocaption":"","_FSMCFIC_featured_image_hide":"","footnotes":""},"categories":[2,1],"tags":[],"class_list":["post-4301","post","type-post","status-publish","format-standard","has-post-thumbnail","hentry","category-noticias","category-ultimas"],"yoast_head":"<!-- This site is optimized with the Yoast SEO plugin v27.1.1 - https:\/\/yoast.com\/product\/yoast-seo-wordpress\/ -->\n<title>Juliette revela que est\u00e1 doente e precisa de repouso: &#039;Passei muito mal&#039; - Brasil not\u00edcias<\/title>\n<meta name=\"robots\" content=\"index, follow, max-snippet:-1, max-image-preview:large, max-video-preview:-1\" \/>\n<link rel=\"canonical\" href=\"https:\/\/brasilnoticias.org\/site\/juliette-revela-que-esta-doente-e-precisa-de-repouso-passei-muito-mal\/\" \/>\n<meta property=\"og:locale\" content=\"pt_PT\" \/>\n<meta property=\"og:type\" content=\"article\" \/>\n<meta property=\"og:title\" content=\"Juliette revela que est\u00e1 doente e precisa de repouso: &#039;Passei muito mal&#039; - Brasil not\u00edcias\" \/>\n<meta property=\"og:description\" content=\"A cantora e ex-BBB Juliette Freire contou aos seus mais de 30 milh\u00f5es de seguidores no Instagram que anda abalada\" \/>\n<meta property=\"og:url\" content=\"https:\/\/brasilnoticias.org\/site\/juliette-revela-que-esta-doente-e-precisa-de-repouso-passei-muito-mal\/\" \/>\n<meta property=\"og:site_name\" content=\"Brasil not\u00edcias\" \/>\n<meta property=\"article:published_time\" content=\"2023-02-26T21:20:35+00:00\" \/>\n<meta property=\"og:image\" content=\"https:\/\/brasilnoticias.org\/site\/wp-content\/uploads\/2023\/02\/naom_6204d3ed86cc5.jpg\" \/>\n\t<meta property=\"og:image:width\" content=\"1920\" \/>\n\t<meta property=\"og:image:height\" content=\"1080\" \/>\n\t<meta property=\"og:image:type\" content=\"image\/jpeg\" \/>\n<meta name=\"author\" content=\"Reda\u00e7\u00e3o\" \/>\n<meta name=\"twitter:card\" content=\"summary_large_image\" \/>\n<meta name=\"twitter:label1\" content=\"Escrito por\" \/>\n\t<meta name=\"twitter:data1\" content=\"Reda\u00e7\u00e3o\" \/>\n<script type=\"application\/ld+json\" class=\"yoast-schema-graph\">{\"@context\":\"https:\/\/schema.org\",\"@graph\":[{\"@type\":\"Article\",\"@id\":\"https:\/\/brasilnoticias.org\/site\/juliette-revela-que-esta-doente-e-precisa-de-repouso-passei-muito-mal\/#article\",\"isPartOf\":{\"@id\":\"https:\/\/brasilnoticias.org\/site\/juliette-revela-que-esta-doente-e-precisa-de-repouso-passei-muito-mal\/\"},\"author\":{\"name\":\"Reda\u00e7\u00e3o\",\"@id\":\"https:\/\/brasilnoticias.org\/site\/#\/schema\/person\/a0e05b973ec4d15c658d51911e53507b\"},\"headline\":\"Juliette revela que est\u00e1 doente e precisa de repouso: &#8216;Passei muito mal&#8217;\",\"datePublished\":\"2023-02-26T21:20:35+00:00\",\"mainEntityOfPage\":{\"@id\":\"https:\/\/brasilnoticias.org\/site\/juliette-revela-que-esta-doente-e-precisa-de-repouso-passei-muito-mal\/\"},\"wordCount\":259,\"commentCount\":0,\"publisher\":{\"@id\":\"https:\/\/brasilnoticias.org\/site\/#organization\"},\"image\":{\"@id\":\"https:\/\/brasilnoticias.org\/site\/juliette-revela-que-esta-doente-e-precisa-de-repouso-passei-muito-mal\/#primaryimage\"},\"thumbnailUrl\":\"https:\/\/brasilnoticias.org\/site\/wp-content\/uploads\/2023\/02\/naom_6204d3ed86cc5.jpg\",\"articleSection\":[\"Not\u00edcias\",\"\u00daltimas\"],\"inLanguage\":\"pt-PT\",\"potentialAction\":[{\"@type\":\"CommentAction\",\"name\":\"Comment\",\"target\":[\"https:\/\/brasilnoticias.org\/site\/juliette-revela-que-esta-doente-e-precisa-de-repouso-passei-muito-mal\/#respond\"]}]},{\"@type\":\"WebPage\",\"@id\":\"https:\/\/brasilnoticias.org\/site\/juliette-revela-que-esta-doente-e-precisa-de-repouso-passei-muito-mal\/\",\"url\":\"https:\/\/brasilnoticias.org\/site\/juliette-revela-que-esta-doente-e-precisa-de-repouso-passei-muito-mal\/\",\"name\":\"Juliette revela que est\u00e1 doente e precisa de repouso: 'Passei muito mal' - Brasil not\u00edcias\",\"isPartOf\":{\"@id\":\"https:\/\/brasilnoticias.org\/site\/#website\"},\"primaryImageOfPage\":{\"@id\":\"https:\/\/brasilnoticias.org\/site\/juliette-revela-que-esta-doente-e-precisa-de-repouso-passei-muito-mal\/#primaryimage\"},\"image\":{\"@id\":\"https:\/\/brasilnoticias.org\/site\/juliette-revela-que-esta-doente-e-precisa-de-repouso-passei-muito-mal\/#primaryimage\"},\"thumbnailUrl\":\"https:\/\/brasilnoticias.org\/site\/wp-content\/uploads\/2023\/02\/naom_6204d3ed86cc5.jpg\",\"datePublished\":\"2023-02-26T21:20:35+00:00\",\"breadcrumb\":{\"@id\":\"https:\/\/brasilnoticias.org\/site\/juliette-revela-que-esta-doente-e-precisa-de-repouso-passei-muito-mal\/#breadcrumb\"},\"inLanguage\":\"pt-PT\",\"potentialAction\":[{\"@type\":\"ReadAction\",\"target\":[\"https:\/\/brasilnoticias.org\/site\/juliette-revela-que-esta-doente-e-precisa-de-repouso-passei-muito-mal\/\"]}]},{\"@type\":\"ImageObject\",\"inLanguage\":\"pt-PT\",\"@id\":\"https:\/\/brasilnoticias.org\/site\/juliette-revela-que-esta-doente-e-precisa-de-repouso-passei-muito-mal\/#primaryimage\",\"url\":\"https:\/\/brasilnoticias.org\/site\/wp-content\/uploads\/2023\/02\/naom_6204d3ed86cc5.jpg\",\"contentUrl\":\"https:\/\/brasilnoticias.org\/site\/wp-content\/uploads\/2023\/02\/naom_6204d3ed86cc5.jpg\",\"width\":1920,\"height\":1080},{\"@type\":\"BreadcrumbList\",\"@id\":\"https:\/\/brasilnoticias.org\/site\/juliette-revela-que-esta-doente-e-precisa-de-repouso-passei-muito-mal\/#breadcrumb\",\"itemListElement\":[{\"@type\":\"ListItem\",\"position\":1,\"name\":\"In\u00edcio\",\"item\":\"https:\/\/brasilnoticias.org\/site\/\"},{\"@type\":\"ListItem\",\"position\":2,\"name\":\"Juliette revela que est\u00e1 doente e precisa de repouso: &#8216;Passei muito mal&#8217;\"}]},{\"@type\":\"WebSite\",\"@id\":\"https:\/\/brasilnoticias.org\/site\/#website\",\"url\":\"https:\/\/brasilnoticias.org\/site\/\",\"name\":\"Brasil not\u00edcias\",\"description\":\"Brasil not\u00edcias\",\"publisher\":{\"@id\":\"https:\/\/brasilnoticias.org\/site\/#organization\"},\"potentialAction\":[{\"@type\":\"SearchAction\",\"target\":{\"@type\":\"EntryPoint\",\"urlTemplate\":\"https:\/\/brasilnoticias.org\/site\/?s={search_term_string}\"},\"query-input\":{\"@type\":\"PropertyValueSpecification\",\"valueRequired\":true,\"valueName\":\"search_term_string\"}}],\"inLanguage\":\"pt-PT\"},{\"@type\":\"Organization\",\"@id\":\"https:\/\/brasilnoticias.org\/site\/#organization\",\"name\":\"Brasil not\u00edcias\",\"url\":\"https:\/\/brasilnoticias.org\/site\/\",\"logo\":{\"@type\":\"ImageObject\",\"inLanguage\":\"pt-PT\",\"@id\":\"https:\/\/brasilnoticias.org\/site\/#\/schema\/logo\/image\/\",\"url\":\"https:\/\/brasilnoticias.org\/site\/wp-content\/uploads\/2022\/05\/cropped-brasilnoticias-mini.jpg\",\"contentUrl\":\"https:\/\/brasilnoticias.org\/site\/wp-content\/uploads\/2022\/05\/cropped-brasilnoticias-mini.jpg\",\"width\":314,\"height\":86,\"caption\":\"Brasil not\u00edcias\"},\"image\":{\"@id\":\"https:\/\/brasilnoticias.org\/site\/#\/schema\/logo\/image\/\"}},{\"@type\":\"Person\",\"@id\":\"https:\/\/brasilnoticias.org\/site\/#\/schema\/person\/a0e05b973ec4d15c658d51911e53507b\",\"name\":\"Reda\u00e7\u00e3o\",\"image\":{\"@type\":\"ImageObject\",\"inLanguage\":\"pt-PT\",\"@id\":\"https:\/\/brasilnoticias.org\/site\/#\/schema\/person\/image\/\",\"url\":\"https:\/\/secure.gravatar.com\/avatar\/75d8b050df2de108b08ae78dfb8e374892df24a383c67db9c46a9c604f6aee9c?s=96&d=mm&r=g\",\"contentUrl\":\"https:\/\/secure.gravatar.com\/avatar\/75d8b050df2de108b08ae78dfb8e374892df24a383c67db9c46a9c604f6aee9c?s=96&d=mm&r=g\",\"caption\":\"Reda\u00e7\u00e3o\"},\"sameAs\":[\"https:\/\/brasilnoticias.org\/site\"],\"url\":\"https:\/\/brasilnoticias.org\/site\/author\/fernandozsngmail-com\/\"}]}<\/script>\n<!-- \/ Yoast SEO plugin. -->","yoast_head_json":{"title":"Juliette revela que est\u00e1 doente e precisa de repouso: 'Passei muito mal' - Brasil not\u00edcias","robots":{"index":"index","follow":"follow","max-snippet":"max-snippet:-1","max-image-preview":"max-image-preview:large","max-video-preview":"max-video-preview:-1"},"canonical":"https:\/\/brasilnoticias.org\/site\/juliette-revela-que-esta-doente-e-precisa-de-repouso-passei-muito-mal\/","og_locale":"pt_PT","og_type":"article","og_title":"Juliette revela que est\u00e1 doente e precisa de repouso: 'Passei muito mal' - Brasil not\u00edcias","og_description":"A cantora e ex-BBB Juliette Freire contou aos seus mais de 30 milh\u00f5es de seguidores no Instagram que anda abalada","og_url":"https:\/\/brasilnoticias.org\/site\/juliette-revela-que-esta-doente-e-precisa-de-repouso-passei-muito-mal\/","og_site_name":"Brasil not\u00edcias","article_published_time":"2023-02-26T21:20:35+00:00","og_image":[{"width":1920,"height":1080,"url":"https:\/\/brasilnoticias.org\/site\/wp-content\/uploads\/2023\/02\/naom_6204d3ed86cc5.jpg","type":"image\/jpeg"}],"author":"Reda\u00e7\u00e3o","twitter_card":"summary_large_image","twitter_misc":{"Escrito por":"Reda\u00e7\u00e3o"},"schema":{"@context":"https:\/\/schema.org","@graph":[{"@type":"Article","@id":"https:\/\/brasilnoticias.org\/site\/juliette-revela-que-esta-doente-e-precisa-de-repouso-passei-muito-mal\/#article","isPartOf":{"@id":"https:\/\/brasilnoticias.org\/site\/juliette-revela-que-esta-doente-e-precisa-de-repouso-passei-muito-mal\/"},"author":{"name":"Reda\u00e7\u00e3o","@id":"https:\/\/brasilnoticias.org\/site\/#\/schema\/person\/a0e05b973ec4d15c658d51911e53507b"},"headline":"Juliette revela que est\u00e1 doente e precisa de repouso: &#8216;Passei muito mal&#8217;","datePublished":"2023-02-26T21:20:35+00:00","mainEntityOfPage":{"@id":"https:\/\/brasilnoticias.org\/site\/juliette-revela-que-esta-doente-e-precisa-de-repouso-passei-muito-mal\/"},"wordCount":259,"commentCount":0,"publisher":{"@id":"https:\/\/brasilnoticias.org\/site\/#organization"},"image":{"@id":"https:\/\/brasilnoticias.org\/site\/juliette-revela-que-esta-doente-e-precisa-de-repouso-passei-muito-mal\/#primaryimage"},"thumbnailUrl":"https:\/\/brasilnoticias.org\/site\/wp-content\/uploads\/2023\/02\/naom_6204d3ed86cc5.jpg","articleSection":["Not\u00edcias","\u00daltimas"],"inLanguage":"pt-PT","potentialAction":[{"@type":"CommentAction","name":"Comment","target":["https:\/\/brasilnoticias.org\/site\/juliette-revela-que-esta-doente-e-precisa-de-repouso-passei-muito-mal\/#respond"]}]},{"@type":"WebPage","@id":"https:\/\/brasilnoticias.org\/site\/juliette-revela-que-esta-doente-e-precisa-de-repouso-passei-muito-mal\/","url":"https:\/\/brasilnoticias.org\/site\/juliette-revela-que-esta-doente-e-precisa-de-repouso-passei-muito-mal\/","name":"Juliette revela que est\u00e1 doente e precisa de repouso: 'Passei muito mal' - Brasil not\u00edcias","isPartOf":{"@id":"https:\/\/brasilnoticias.org\/site\/#website"},"primaryImageOfPage":{"@id":"https:\/\/brasilnoticias.org\/site\/juliette-revela-que-esta-doente-e-precisa-de-repouso-passei-muito-mal\/#primaryimage"},"image":{"@id":"https:\/\/brasilnoticias.org\/site\/juliette-revela-que-esta-doente-e-precisa-de-repouso-passei-muito-mal\/#primaryimage"},"thumbnailUrl":"https:\/\/brasilnoticias.org\/site\/wp-content\/uploads\/2023\/02\/naom_6204d3ed86cc5.jpg","datePublished":"2023-02-26T21:20:35+00:00","breadcrumb":{"@id":"https:\/\/brasilnoticias.org\/site\/juliette-revela-que-esta-doente-e-precisa-de-repouso-passei-muito-mal\/#breadcrumb"},"inLanguage":"pt-PT","potentialAction":[{"@type":"ReadAction","target":["https:\/\/brasilnoticias.org\/site\/juliette-revela-que-esta-doente-e-precisa-de-repouso-passei-muito-mal\/"]}]},{"@type":"ImageObject","inLanguage":"pt-PT","@id":"https:\/\/brasilnoticias.org\/site\/juliette-revela-que-esta-doente-e-precisa-de-repouso-passei-muito-mal\/#primaryimage","url":"https:\/\/brasilnoticias.org\/site\/wp-content\/uploads\/2023\/02\/naom_6204d3ed86cc5.jpg","contentUrl":"https:\/\/brasilnoticias.org\/site\/wp-content\/uploads\/2023\/02\/naom_6204d3ed86cc5.jpg","width":1920,"height":1080},{"@type":"BreadcrumbList","@id":"https:\/\/brasilnoticias.org\/site\/juliette-revela-que-esta-doente-e-precisa-de-repouso-passei-muito-mal\/#breadcrumb","itemListElement":[{"@type":"ListItem","position":1,"name":"In\u00edcio","item":"https:\/\/brasilnoticias.org\/site\/"},{"@type":"ListItem","position":2,"name":"Juliette revela que est\u00e1 doente e precisa de repouso: &#8216;Passei muito mal&#8217;"}]},{"@type":"WebSite","@id":"https:\/\/brasilnoticias.org\/site\/#website","url":"https:\/\/brasilnoticias.org\/site\/","name":"Brasil not\u00edcias","description":"Brasil not\u00edcias","publisher":{"@id":"https:\/\/brasilnoticias.org\/site\/#organization"},"potentialAction":[{"@type":"SearchAction","target":{"@type":"EntryPoint","urlTemplate":"https:\/\/brasilnoticias.org\/site\/?s={search_term_string}"},"query-input":{"@type":"PropertyValueSpecification","valueRequired":true,"valueName":"search_term_string"}}],"inLanguage":"pt-PT"},{"@type":"Organization","@id":"https:\/\/brasilnoticias.org\/site\/#organization","name":"Brasil not\u00edcias","url":"https:\/\/brasilnoticias.org\/site\/","logo":{"@type":"ImageObject","inLanguage":"pt-PT","@id":"https:\/\/brasilnoticias.org\/site\/#\/schema\/logo\/image\/","url":"https:\/\/brasilnoticias.org\/site\/wp-content\/uploads\/2022\/05\/cropped-brasilnoticias-mini.jpg","contentUrl":"https:\/\/brasilnoticias.org\/site\/wp-content\/uploads\/2022\/05\/cropped-brasilnoticias-mini.jpg","width":314,"height":86,"caption":"Brasil not\u00edcias"},"image":{"@id":"https:\/\/brasilnoticias.org\/site\/#\/schema\/logo\/image\/"}},{"@type":"Person","@id":"https:\/\/brasilnoticias.org\/site\/#\/schema\/person\/a0e05b973ec4d15c658d51911e53507b","name":"Reda\u00e7\u00e3o","image":{"@type":"ImageObject","inLanguage":"pt-PT","@id":"https:\/\/brasilnoticias.org\/site\/#\/schema\/person\/image\/","url":"https:\/\/secure.gravatar.com\/avatar\/75d8b050df2de108b08ae78dfb8e374892df24a383c67db9c46a9c604f6aee9c?s=96&d=mm&r=g","contentUrl":"https:\/\/secure.gravatar.com\/avatar\/75d8b050df2de108b08ae78dfb8e374892df24a383c67db9c46a9c604f6aee9c?s=96&d=mm&r=g","caption":"Reda\u00e7\u00e3o"},"sameAs":["https:\/\/brasilnoticias.org\/site"],"url":"https:\/\/brasilnoticias.org\/site\/author\/fernandozsngmail-com\/"}]}},"_links":{"self":[{"href":"https:\/\/brasilnoticias.org\/site\/wp-json\/wp\/v2\/posts\/4301","targetHints":{"allow":["GET"]}}],"collection":[{"href":"https:\/\/brasilnoticias.org\/site\/wp-json\/wp\/v2\/posts"}],"about":[{"href":"https:\/\/brasilnoticias.org\/site\/wp-json\/wp\/v2\/types\/post"}],"author":[{"embeddable":true,"href":"https:\/\/brasilnoticias.org\/site\/wp-json\/wp\/v2\/users\/1"}],"replies":[{"embeddable":true,"href":"https:\/\/brasilnoticias.org\/site\/wp-json\/wp\/v2\/comments?post=4301"}],"version-history":[{"count":1,"href":"https:\/\/brasilnoticias.org\/site\/wp-json\/wp\/v2\/posts\/4301\/revisions"}],"predecessor-version":[{"id":4304,"href":"https:\/\/brasilnoticias.org\/site\/wp-json\/wp\/v2\/posts\/4301\/revisions\/4304"}],"wp:featuredmedia":[{"embeddable":true,"href":"https:\/\/brasilnoticias.org\/site\/wp-json\/wp\/v2\/media\/4303"}],"wp:attachment":[{"href":"https:\/\/brasilnoticias.org\/site\/wp-json\/wp\/v2\/media?parent=4301"}],"wp:term":[{"taxonomy":"category","embeddable":true,"href":"https:\/\/brasilnoticias.org\/site\/wp-json\/wp\/v2\/categories?post=4301"},{"taxonomy":"post_tag","embeddable":true,"href":"https:\/\/brasilnoticias.org\/site\/wp-json\/wp\/v2\/tags?post=4301"}],"curies":[{"name":"wp","href":"https:\/\/api.w.org\/{rel}","templated":true}]}}