{"id":4305,"date":"2023-02-26T18:30:17","date_gmt":"2023-02-26T21:30:17","guid":{"rendered":"https:\/\/brasilnoticias.org\/site\/?p=4305"},"modified":"2023-02-26T13:26:20","modified_gmt":"2023-02-26T16:26:20","slug":"criminosos-fazem-refens-e-roubam-barco-do-governo-no-vale-do-javari","status":"publish","type":"post","link":"https:\/\/brasilnoticias.org\/site\/criminosos-fazem-refens-e-roubam-barco-do-governo-no-vale-do-javari\/","title":{"rendered":"Criminosos fazem ref\u00e9ns e roubam barco do governo no Vale do Javari"},"content":{"rendered":"<p>Dias antes de uma comitiva com representantes do governo federal e for\u00e7as de seguran\u00e7a viajar \u00e0 tr\u00edplice fronteira de Brasil, Peru e Col\u00f4mbia, uma embarca\u00e7\u00e3o do Dsei (Distrito Sanit\u00e1rio Especial Ind\u00edgena) no Vale do Javari foi roubada por tr\u00eas homens armados, que fizeram dois funcion\u00e1rios da unidade ref\u00e9ns.<\/p>\n<p>O crime ocorreu na quinta-feira (23) no rio Javari, em Atalaia do Norte (AM), onde o indigenista Bruno Pereira e o jornalista Dom Philips foram assassinados em junho do ano passado. Os dois funcion\u00e1rios ref\u00e9ns foram abandonados numa \u00e1rea de igap\u00f3 na regi\u00e3o. Ningu\u00e9m foi preso.<br \/>\nNa segunda-feira (27), a comitiva viajar\u00e1 \u00e0 regi\u00e3o com o objetivo de retomar a presen\u00e7a do Estado no local.<\/p>\n<p>A regi\u00e3o \u00e9 marcada por crimes ambientais e considerada a segunda maior entrada de coca\u00edna no pa\u00eds. No munic\u00edpio de Atalaia do Norte, a 1.138 km de Manaus, ind\u00edgenas continuam sendo v\u00edtimas de amea\u00e7as de morte, agress\u00f5es e invas\u00f5es ao segundo maior territ\u00f3rio demarcado do pa\u00eds, onde se concentra a maior grupo de \u00edndios isolados do mundo.<\/p>\n<p>Em novembro do ano passado, a Akavaja (Associa\u00e7\u00e3o dos Kanamari do Vale do Javari) e a Univaja (Uni\u00e3o dos Povos Ind\u00edgenas do Vale do Javari) denunciaram que os invasores amea\u00e7aram de morte uma ind\u00edgena com uma arma apontada para seu peito, fazendo refer\u00eancia ao assassinato de Bruno e Dom.<\/p>\n<p>Bruno havia se afastado da Funai (Funda\u00e7\u00e3o Nacional dos Povos Ind\u00edgenas) e come\u00e7ado a trabalhar com os ind\u00edgenas na prote\u00e7\u00e3o do territ\u00f3rio com o desmonte dos \u00f3rg\u00e3os ambientais e da funda\u00e7\u00e3o no governo de Jair Bolsonaro (PL).<\/p>\n<p>Dois anos antes, o funcion\u00e1rio da Funai Maxciel Pereira dos Santos foi assassinado a tiros em Tabatinga (AM), na fronteira com Peru e Col\u00f4mbia.<\/p>\n<p>Ele trabalhava em uma base do \u00f3rg\u00e3o indigenista no Vale do Javari, atacada a tiros diversas vezes ao longo dos \u00faltimos anos por criminosos e onde os ind\u00edgenas querem levar as autoridades brasileiras na segunda-feira.<\/p>\n<p>A embarca\u00e7\u00e3o foi abandonada no rio Javari, do lado peruano da fronteira. Da embarca\u00e7\u00e3o do governo brasileiro foram roubados 3.600 litros de combust\u00edvel, outra embarca\u00e7\u00e3o menor chamada de cano\u00e3o, dois motores. A embarca\u00e7\u00e3o deveria ser usada para atendimento de sa\u00fade dos ind\u00edgenas do Javari, alguns de recente contato como os korubos.<\/p>\n<p>A Pol\u00edcia Civil fez dilig\u00eancia no local, que fica a poucos minutos de Atalaia do Norte, mas n\u00e3o encontrou vest\u00edgios dos assaltantes nem do que foi roubado do Dsei.<\/p>\n<p>O local em que os funcion\u00e1rios foram abandonados do lado peruano \u00e9 considerado perigoso at\u00e9 mesmo para policiais.<br \/>\nDe acordo com a Secretaria da Seguran\u00e7a P\u00fablica, a Pol\u00edcia Civil do Amazonas est\u00e1 realizando oitivas, mas n\u00e3o informou com quem.<\/p>\n<p>Al\u00e9m disso, a pasta diz fazer buscas na regi\u00e3o para localizar os criminosos e que policiais militares seguem &#8220;realizando patrulhamento nos rios da regi\u00e3o, como forma de refor\u00e7ar o trabalho realizado pelas for\u00e7as federais de seguran\u00e7a, respons\u00e1veis pela atua\u00e7\u00e3o na localidade&#8221;.<\/p>\n<p>Na semana passada, o Minist\u00e9rio dos Povos Ind\u00edgenas confirmou participa\u00e7\u00e3o, ao lado de \u00f3rg\u00e3os ambientais e de seguran\u00e7a e da Funai na agenda organizada pela Univaja, que esteve \u00e0 frente das den\u00fancias e primeiras a\u00e7\u00f5es de buscas quando Bruno e Dom sumiram.<\/p>\n<p>Ap\u00f3s os assassinatos de Maxciel, Bruno e Dom, a Comiss\u00e3o Interamericana de Direitos Humanos concedeu medida cautelar \u00e0 Univaja para que o pa\u00eds &#8220;adote as medidas necess\u00e1rias para proteger a vida e a integridade pessoal&#8221; de 11 defensores dos povos ind\u00edgenas na regi\u00e3o amea\u00e7ados de morte.<\/p>\n<p>O territ\u00f3rio ind\u00edgena Vale do Javari tem \u00e1rea 56 vezes maior que o munic\u00edpio de S\u00e3o Paulo. Na regi\u00e3o, vivem povos ind\u00edgenas das etnias marubo, kanamari, kulina pano, matis, mats\u00e9s, tsohom-dyapa, os de recente contato korubo e a maior popula\u00e7\u00e3o de \u00edndios isolados do mundo divididos em outros grupos.<\/p>\n<p>Foto Google<br \/>\nNot\u00edcias ao minuto<\/p>\n","protected":false},"excerpt":{"rendered":"<p>Dias antes de uma comitiva com representantes do governo federal e for\u00e7as de seguran\u00e7a viajar \u00e0 tr\u00edplice fronteira de Brasil,<\/p>\n","protected":false},"author":1,"featured_media":4306,"comment_status":"open","ping_status":"open","sticky":false,"template":"","format":"standard","meta":{"colormag_page_container_layout":"default_layout","colormag_page_sidebar_layout":"default_layout","_FSMCFIC_featured_image_caption":"","_FSMCFIC_featured_image_nocaption":"","_FSMCFIC_featured_image_hide":"","footnotes":""},"categories":[3,1],"tags":[],"class_list":["post-4305","post","type-post","status-publish","format-standard","has-post-thumbnail","hentry","category-policia","category-ultimas"],"yoast_head":"<!-- This site is optimized with the Yoast SEO plugin v27.1.1 - https:\/\/yoast.com\/product\/yoast-seo-wordpress\/ -->\n<title>Criminosos fazem ref\u00e9ns e roubam barco do governo no Vale do Javari - Brasil not\u00edcias<\/title>\n<meta name=\"robots\" content=\"index, follow, max-snippet:-1, max-image-preview:large, max-video-preview:-1\" \/>\n<link rel=\"canonical\" href=\"https:\/\/brasilnoticias.org\/site\/criminosos-fazem-refens-e-roubam-barco-do-governo-no-vale-do-javari\/\" \/>\n<meta property=\"og:locale\" content=\"pt_PT\" \/>\n<meta property=\"og:type\" content=\"article\" \/>\n<meta property=\"og:title\" content=\"Criminosos fazem ref\u00e9ns e roubam barco do governo no Vale do Javari - Brasil not\u00edcias\" \/>\n<meta property=\"og:description\" content=\"Dias antes de uma comitiva com representantes do governo federal e for\u00e7as de seguran\u00e7a viajar \u00e0 tr\u00edplice fronteira de Brasil,\" \/>\n<meta property=\"og:url\" content=\"https:\/\/brasilnoticias.org\/site\/criminosos-fazem-refens-e-roubam-barco-do-governo-no-vale-do-javari\/\" \/>\n<meta property=\"og:site_name\" content=\"Brasil not\u00edcias\" \/>\n<meta property=\"article:published_time\" content=\"2023-02-26T21:30:17+00:00\" \/>\n<meta property=\"og:image\" content=\"https:\/\/brasilnoticias.org\/site\/wp-content\/uploads\/2023\/02\/naom_5f26d8db59da6.jpg\" \/>\n\t<meta property=\"og:image:width\" content=\"1920\" \/>\n\t<meta property=\"og:image:height\" content=\"1080\" \/>\n\t<meta property=\"og:image:type\" content=\"image\/jpeg\" \/>\n<meta name=\"author\" content=\"Reda\u00e7\u00e3o\" \/>\n<meta name=\"twitter:card\" content=\"summary_large_image\" \/>\n<meta name=\"twitter:label1\" content=\"Escrito por\" \/>\n\t<meta name=\"twitter:data1\" content=\"Reda\u00e7\u00e3o\" \/>\n<script type=\"application\/ld+json\" class=\"yoast-schema-graph\">{\"@context\":\"https:\/\/schema.org\",\"@graph\":[{\"@type\":\"Article\",\"@id\":\"https:\/\/brasilnoticias.org\/site\/criminosos-fazem-refens-e-roubam-barco-do-governo-no-vale-do-javari\/#article\",\"isPartOf\":{\"@id\":\"https:\/\/brasilnoticias.org\/site\/criminosos-fazem-refens-e-roubam-barco-do-governo-no-vale-do-javari\/\"},\"author\":{\"name\":\"Reda\u00e7\u00e3o\",\"@id\":\"https:\/\/brasilnoticias.org\/site\/#\/schema\/person\/a0e05b973ec4d15c658d51911e53507b\"},\"headline\":\"Criminosos fazem ref\u00e9ns e roubam barco do governo no Vale do Javari\",\"datePublished\":\"2023-02-26T21:30:17+00:00\",\"mainEntityOfPage\":{\"@id\":\"https:\/\/brasilnoticias.org\/site\/criminosos-fazem-refens-e-roubam-barco-do-governo-no-vale-do-javari\/\"},\"wordCount\":711,\"commentCount\":0,\"publisher\":{\"@id\":\"https:\/\/brasilnoticias.org\/site\/#organization\"},\"image\":{\"@id\":\"https:\/\/brasilnoticias.org\/site\/criminosos-fazem-refens-e-roubam-barco-do-governo-no-vale-do-javari\/#primaryimage\"},\"thumbnailUrl\":\"https:\/\/brasilnoticias.org\/site\/wp-content\/uploads\/2023\/02\/naom_5f26d8db59da6.jpg\",\"articleSection\":[\"Pol\u00edcia\",\"\u00daltimas\"],\"inLanguage\":\"pt-PT\",\"potentialAction\":[{\"@type\":\"CommentAction\",\"name\":\"Comment\",\"target\":[\"https:\/\/brasilnoticias.org\/site\/criminosos-fazem-refens-e-roubam-barco-do-governo-no-vale-do-javari\/#respond\"]}]},{\"@type\":\"WebPage\",\"@id\":\"https:\/\/brasilnoticias.org\/site\/criminosos-fazem-refens-e-roubam-barco-do-governo-no-vale-do-javari\/\",\"url\":\"https:\/\/brasilnoticias.org\/site\/criminosos-fazem-refens-e-roubam-barco-do-governo-no-vale-do-javari\/\",\"name\":\"Criminosos fazem ref\u00e9ns e roubam barco do governo no Vale do Javari - Brasil not\u00edcias\",\"isPartOf\":{\"@id\":\"https:\/\/brasilnoticias.org\/site\/#website\"},\"primaryImageOfPage\":{\"@id\":\"https:\/\/brasilnoticias.org\/site\/criminosos-fazem-refens-e-roubam-barco-do-governo-no-vale-do-javari\/#primaryimage\"},\"image\":{\"@id\":\"https:\/\/brasilnoticias.org\/site\/criminosos-fazem-refens-e-roubam-barco-do-governo-no-vale-do-javari\/#primaryimage\"},\"thumbnailUrl\":\"https:\/\/brasilnoticias.org\/site\/wp-content\/uploads\/2023\/02\/naom_5f26d8db59da6.jpg\",\"datePublished\":\"2023-02-26T21:30:17+00:00\",\"breadcrumb\":{\"@id\":\"https:\/\/brasilnoticias.org\/site\/criminosos-fazem-refens-e-roubam-barco-do-governo-no-vale-do-javari\/#breadcrumb\"},\"inLanguage\":\"pt-PT\",\"potentialAction\":[{\"@type\":\"ReadAction\",\"target\":[\"https:\/\/brasilnoticias.org\/site\/criminosos-fazem-refens-e-roubam-barco-do-governo-no-vale-do-javari\/\"]}]},{\"@type\":\"ImageObject\",\"inLanguage\":\"pt-PT\",\"@id\":\"https:\/\/brasilnoticias.org\/site\/criminosos-fazem-refens-e-roubam-barco-do-governo-no-vale-do-javari\/#primaryimage\",\"url\":\"https:\/\/brasilnoticias.org\/site\/wp-content\/uploads\/2023\/02\/naom_5f26d8db59da6.jpg\",\"contentUrl\":\"https:\/\/brasilnoticias.org\/site\/wp-content\/uploads\/2023\/02\/naom_5f26d8db59da6.jpg\",\"width\":1920,\"height\":1080},{\"@type\":\"BreadcrumbList\",\"@id\":\"https:\/\/brasilnoticias.org\/site\/criminosos-fazem-refens-e-roubam-barco-do-governo-no-vale-do-javari\/#breadcrumb\",\"itemListElement\":[{\"@type\":\"ListItem\",\"position\":1,\"name\":\"In\u00edcio\",\"item\":\"https:\/\/brasilnoticias.org\/site\/\"},{\"@type\":\"ListItem\",\"position\":2,\"name\":\"Criminosos fazem ref\u00e9ns e roubam barco do governo no Vale do Javari\"}]},{\"@type\":\"WebSite\",\"@id\":\"https:\/\/brasilnoticias.org\/site\/#website\",\"url\":\"https:\/\/brasilnoticias.org\/site\/\",\"name\":\"Brasil not\u00edcias\",\"description\":\"Brasil not\u00edcias\",\"publisher\":{\"@id\":\"https:\/\/brasilnoticias.org\/site\/#organization\"},\"potentialAction\":[{\"@type\":\"SearchAction\",\"target\":{\"@type\":\"EntryPoint\",\"urlTemplate\":\"https:\/\/brasilnoticias.org\/site\/?s={search_term_string}\"},\"query-input\":{\"@type\":\"PropertyValueSpecification\",\"valueRequired\":true,\"valueName\":\"search_term_string\"}}],\"inLanguage\":\"pt-PT\"},{\"@type\":\"Organization\",\"@id\":\"https:\/\/brasilnoticias.org\/site\/#organization\",\"name\":\"Brasil not\u00edcias\",\"url\":\"https:\/\/brasilnoticias.org\/site\/\",\"logo\":{\"@type\":\"ImageObject\",\"inLanguage\":\"pt-PT\",\"@id\":\"https:\/\/brasilnoticias.org\/site\/#\/schema\/logo\/image\/\",\"url\":\"https:\/\/brasilnoticias.org\/site\/wp-content\/uploads\/2022\/05\/cropped-brasilnoticias-mini.jpg\",\"contentUrl\":\"https:\/\/brasilnoticias.org\/site\/wp-content\/uploads\/2022\/05\/cropped-brasilnoticias-mini.jpg\",\"width\":314,\"height\":86,\"caption\":\"Brasil not\u00edcias\"},\"image\":{\"@id\":\"https:\/\/brasilnoticias.org\/site\/#\/schema\/logo\/image\/\"}},{\"@type\":\"Person\",\"@id\":\"https:\/\/brasilnoticias.org\/site\/#\/schema\/person\/a0e05b973ec4d15c658d51911e53507b\",\"name\":\"Reda\u00e7\u00e3o\",\"image\":{\"@type\":\"ImageObject\",\"inLanguage\":\"pt-PT\",\"@id\":\"https:\/\/brasilnoticias.org\/site\/#\/schema\/person\/image\/\",\"url\":\"https:\/\/secure.gravatar.com\/avatar\/75d8b050df2de108b08ae78dfb8e374892df24a383c67db9c46a9c604f6aee9c?s=96&d=mm&r=g\",\"contentUrl\":\"https:\/\/secure.gravatar.com\/avatar\/75d8b050df2de108b08ae78dfb8e374892df24a383c67db9c46a9c604f6aee9c?s=96&d=mm&r=g\",\"caption\":\"Reda\u00e7\u00e3o\"},\"sameAs\":[\"https:\/\/brasilnoticias.org\/site\"],\"url\":\"https:\/\/brasilnoticias.org\/site\/author\/fernandozsngmail-com\/\"}]}<\/script>\n<!-- \/ Yoast SEO plugin. -->","yoast_head_json":{"title":"Criminosos fazem ref\u00e9ns e roubam barco do governo no Vale do Javari - Brasil not\u00edcias","robots":{"index":"index","follow":"follow","max-snippet":"max-snippet:-1","max-image-preview":"max-image-preview:large","max-video-preview":"max-video-preview:-1"},"canonical":"https:\/\/brasilnoticias.org\/site\/criminosos-fazem-refens-e-roubam-barco-do-governo-no-vale-do-javari\/","og_locale":"pt_PT","og_type":"article","og_title":"Criminosos fazem ref\u00e9ns e roubam barco do governo no Vale do Javari - Brasil not\u00edcias","og_description":"Dias antes de uma comitiva com representantes do governo federal e for\u00e7as de seguran\u00e7a viajar \u00e0 tr\u00edplice fronteira de Brasil,","og_url":"https:\/\/brasilnoticias.org\/site\/criminosos-fazem-refens-e-roubam-barco-do-governo-no-vale-do-javari\/","og_site_name":"Brasil not\u00edcias","article_published_time":"2023-02-26T21:30:17+00:00","og_image":[{"width":1920,"height":1080,"url":"https:\/\/brasilnoticias.org\/site\/wp-content\/uploads\/2023\/02\/naom_5f26d8db59da6.jpg","type":"image\/jpeg"}],"author":"Reda\u00e7\u00e3o","twitter_card":"summary_large_image","twitter_misc":{"Escrito por":"Reda\u00e7\u00e3o"},"schema":{"@context":"https:\/\/schema.org","@graph":[{"@type":"Article","@id":"https:\/\/brasilnoticias.org\/site\/criminosos-fazem-refens-e-roubam-barco-do-governo-no-vale-do-javari\/#article","isPartOf":{"@id":"https:\/\/brasilnoticias.org\/site\/criminosos-fazem-refens-e-roubam-barco-do-governo-no-vale-do-javari\/"},"author":{"name":"Reda\u00e7\u00e3o","@id":"https:\/\/brasilnoticias.org\/site\/#\/schema\/person\/a0e05b973ec4d15c658d51911e53507b"},"headline":"Criminosos fazem ref\u00e9ns e roubam barco do governo no Vale do Javari","datePublished":"2023-02-26T21:30:17+00:00","mainEntityOfPage":{"@id":"https:\/\/brasilnoticias.org\/site\/criminosos-fazem-refens-e-roubam-barco-do-governo-no-vale-do-javari\/"},"wordCount":711,"commentCount":0,"publisher":{"@id":"https:\/\/brasilnoticias.org\/site\/#organization"},"image":{"@id":"https:\/\/brasilnoticias.org\/site\/criminosos-fazem-refens-e-roubam-barco-do-governo-no-vale-do-javari\/#primaryimage"},"thumbnailUrl":"https:\/\/brasilnoticias.org\/site\/wp-content\/uploads\/2023\/02\/naom_5f26d8db59da6.jpg","articleSection":["Pol\u00edcia","\u00daltimas"],"inLanguage":"pt-PT","potentialAction":[{"@type":"CommentAction","name":"Comment","target":["https:\/\/brasilnoticias.org\/site\/criminosos-fazem-refens-e-roubam-barco-do-governo-no-vale-do-javari\/#respond"]}]},{"@type":"WebPage","@id":"https:\/\/brasilnoticias.org\/site\/criminosos-fazem-refens-e-roubam-barco-do-governo-no-vale-do-javari\/","url":"https:\/\/brasilnoticias.org\/site\/criminosos-fazem-refens-e-roubam-barco-do-governo-no-vale-do-javari\/","name":"Criminosos fazem ref\u00e9ns e roubam barco do governo no Vale do Javari - Brasil not\u00edcias","isPartOf":{"@id":"https:\/\/brasilnoticias.org\/site\/#website"},"primaryImageOfPage":{"@id":"https:\/\/brasilnoticias.org\/site\/criminosos-fazem-refens-e-roubam-barco-do-governo-no-vale-do-javari\/#primaryimage"},"image":{"@id":"https:\/\/brasilnoticias.org\/site\/criminosos-fazem-refens-e-roubam-barco-do-governo-no-vale-do-javari\/#primaryimage"},"thumbnailUrl":"https:\/\/brasilnoticias.org\/site\/wp-content\/uploads\/2023\/02\/naom_5f26d8db59da6.jpg","datePublished":"2023-02-26T21:30:17+00:00","breadcrumb":{"@id":"https:\/\/brasilnoticias.org\/site\/criminosos-fazem-refens-e-roubam-barco-do-governo-no-vale-do-javari\/#breadcrumb"},"inLanguage":"pt-PT","potentialAction":[{"@type":"ReadAction","target":["https:\/\/brasilnoticias.org\/site\/criminosos-fazem-refens-e-roubam-barco-do-governo-no-vale-do-javari\/"]}]},{"@type":"ImageObject","inLanguage":"pt-PT","@id":"https:\/\/brasilnoticias.org\/site\/criminosos-fazem-refens-e-roubam-barco-do-governo-no-vale-do-javari\/#primaryimage","url":"https:\/\/brasilnoticias.org\/site\/wp-content\/uploads\/2023\/02\/naom_5f26d8db59da6.jpg","contentUrl":"https:\/\/brasilnoticias.org\/site\/wp-content\/uploads\/2023\/02\/naom_5f26d8db59da6.jpg","width":1920,"height":1080},{"@type":"BreadcrumbList","@id":"https:\/\/brasilnoticias.org\/site\/criminosos-fazem-refens-e-roubam-barco-do-governo-no-vale-do-javari\/#breadcrumb","itemListElement":[{"@type":"ListItem","position":1,"name":"In\u00edcio","item":"https:\/\/brasilnoticias.org\/site\/"},{"@type":"ListItem","position":2,"name":"Criminosos fazem ref\u00e9ns e roubam barco do governo no Vale do Javari"}]},{"@type":"WebSite","@id":"https:\/\/brasilnoticias.org\/site\/#website","url":"https:\/\/brasilnoticias.org\/site\/","name":"Brasil not\u00edcias","description":"Brasil not\u00edcias","publisher":{"@id":"https:\/\/brasilnoticias.org\/site\/#organization"},"potentialAction":[{"@type":"SearchAction","target":{"@type":"EntryPoint","urlTemplate":"https:\/\/brasilnoticias.org\/site\/?s={search_term_string}"},"query-input":{"@type":"PropertyValueSpecification","valueRequired":true,"valueName":"search_term_string"}}],"inLanguage":"pt-PT"},{"@type":"Organization","@id":"https:\/\/brasilnoticias.org\/site\/#organization","name":"Brasil not\u00edcias","url":"https:\/\/brasilnoticias.org\/site\/","logo":{"@type":"ImageObject","inLanguage":"pt-PT","@id":"https:\/\/brasilnoticias.org\/site\/#\/schema\/logo\/image\/","url":"https:\/\/brasilnoticias.org\/site\/wp-content\/uploads\/2022\/05\/cropped-brasilnoticias-mini.jpg","contentUrl":"https:\/\/brasilnoticias.org\/site\/wp-content\/uploads\/2022\/05\/cropped-brasilnoticias-mini.jpg","width":314,"height":86,"caption":"Brasil not\u00edcias"},"image":{"@id":"https:\/\/brasilnoticias.org\/site\/#\/schema\/logo\/image\/"}},{"@type":"Person","@id":"https:\/\/brasilnoticias.org\/site\/#\/schema\/person\/a0e05b973ec4d15c658d51911e53507b","name":"Reda\u00e7\u00e3o","image":{"@type":"ImageObject","inLanguage":"pt-PT","@id":"https:\/\/brasilnoticias.org\/site\/#\/schema\/person\/image\/","url":"https:\/\/secure.gravatar.com\/avatar\/75d8b050df2de108b08ae78dfb8e374892df24a383c67db9c46a9c604f6aee9c?s=96&d=mm&r=g","contentUrl":"https:\/\/secure.gravatar.com\/avatar\/75d8b050df2de108b08ae78dfb8e374892df24a383c67db9c46a9c604f6aee9c?s=96&d=mm&r=g","caption":"Reda\u00e7\u00e3o"},"sameAs":["https:\/\/brasilnoticias.org\/site"],"url":"https:\/\/brasilnoticias.org\/site\/author\/fernandozsngmail-com\/"}]}},"_links":{"self":[{"href":"https:\/\/brasilnoticias.org\/site\/wp-json\/wp\/v2\/posts\/4305","targetHints":{"allow":["GET"]}}],"collection":[{"href":"https:\/\/brasilnoticias.org\/site\/wp-json\/wp\/v2\/posts"}],"about":[{"href":"https:\/\/brasilnoticias.org\/site\/wp-json\/wp\/v2\/types\/post"}],"author":[{"embeddable":true,"href":"https:\/\/brasilnoticias.org\/site\/wp-json\/wp\/v2\/users\/1"}],"replies":[{"embeddable":true,"href":"https:\/\/brasilnoticias.org\/site\/wp-json\/wp\/v2\/comments?post=4305"}],"version-history":[{"count":1,"href":"https:\/\/brasilnoticias.org\/site\/wp-json\/wp\/v2\/posts\/4305\/revisions"}],"predecessor-version":[{"id":4307,"href":"https:\/\/brasilnoticias.org\/site\/wp-json\/wp\/v2\/posts\/4305\/revisions\/4307"}],"wp:featuredmedia":[{"embeddable":true,"href":"https:\/\/brasilnoticias.org\/site\/wp-json\/wp\/v2\/media\/4306"}],"wp:attachment":[{"href":"https:\/\/brasilnoticias.org\/site\/wp-json\/wp\/v2\/media?parent=4305"}],"wp:term":[{"taxonomy":"category","embeddable":true,"href":"https:\/\/brasilnoticias.org\/site\/wp-json\/wp\/v2\/categories?post=4305"},{"taxonomy":"post_tag","embeddable":true,"href":"https:\/\/brasilnoticias.org\/site\/wp-json\/wp\/v2\/tags?post=4305"}],"curies":[{"name":"wp","href":"https:\/\/api.w.org\/{rel}","templated":true}]}}