{"id":4308,"date":"2023-02-27T07:00:35","date_gmt":"2023-02-27T10:00:35","guid":{"rendered":"https:\/\/brasilnoticias.org\/site\/?p=4308"},"modified":"2023-02-26T13:31:04","modified_gmt":"2023-02-26T16:31:04","slug":"policia-localiza-galpao-para-desmanche-de-veiculos-em-abrantes","status":"publish","type":"post","link":"https:\/\/brasilnoticias.org\/site\/policia-localiza-galpao-para-desmanche-de-veiculos-em-abrantes\/","title":{"rendered":"Pol\u00edcia localiza galp\u00e3o para desmanche de ve\u00edculos em Abrantes"},"content":{"rendered":"<p>Agentes do Servi\u00e7o de Intelig\u00eancia da 26\u00aa Delegacia Territorial (DT) de Vila de Abrantes encontraram na \u00faltima sexta-feira (24) um galp\u00e3o usado para o desmanche de ve\u00edculos roubados, na localidade da Estrada da Mal\u00edcia, naquele distrito de Cama\u00e7ari. Na opera\u00e7\u00e3o, um homem foi preso acusado de ter roubado um ve\u00edculo no estado de Minas Gerais.<\/p>\n<p>A partir do registro do roubo, na segunda-feira (20), pr\u00f3ximo a um condom\u00ednio em Jau\u00e1, em Cama\u00e7ari, as equipes da 26\u00aa DT \/ Abrantes analisaram imagens de c\u00e2meras de vigil\u00e2ncia e identificaram um motorista de transporte por aplicativo e outros envolvidos.<\/p>\n<p>Os suspeitos rebocaram o ve\u00edculo que apresentava problemas mec\u00e2nicos e levaram para a localidade de Mutir\u00e3o, em Vila de Abrantes, e depois para o galp\u00e3o. O carro usado para levar o ve\u00edculo roubado tamb\u00e9m foi identificado pelos investigadores. No local, os policiais encontraram o ve\u00edculo com restri\u00e7\u00e3o de roubo desmontado e pe\u00e7as de carros de proced\u00eancia duvidosa. Al\u00e9m do homem preso, outras pessoas s\u00e3o investigadas.<\/p>\n<p>\u201cTrata-se de um grupo suspeito de roubar, desmanchar e enviar as pe\u00e7as dos ve\u00edculos para o com\u00e9rcio ilegal. Todo material apreendido ser\u00e1 periciado e seguiremos apurando para identificar os outros poss\u00edveis envolvidos\u201d, disse a titular da 26\u00aa DT \/ Abrantes, delegada Elaine Laranjeira.<\/p>\n<p>Foto Ascom-PC\/Divulga\u00e7\u00e3o<br \/>\nBnews<\/p>\n","protected":false},"excerpt":{"rendered":"<p>Agentes do Servi\u00e7o de Intelig\u00eancia da 26\u00aa Delegacia Territorial (DT) de Vila de Abrantes encontraram na \u00faltima sexta-feira (24) um<\/p>\n","protected":false},"author":1,"featured_media":4309,"comment_status":"open","ping_status":"open","sticky":false,"template":"","format":"standard","meta":{"colormag_page_container_layout":"default_layout","colormag_page_sidebar_layout":"default_layout","_FSMCFIC_featured_image_caption":"","_FSMCFIC_featured_image_nocaption":"","_FSMCFIC_featured_image_hide":"","footnotes":""},"categories":[3,1],"tags":[],"class_list":["post-4308","post","type-post","status-publish","format-standard","has-post-thumbnail","hentry","category-policia","category-ultimas"],"yoast_head":"<!-- This site is optimized with the Yoast SEO plugin v27.1.1 - https:\/\/yoast.com\/product\/yoast-seo-wordpress\/ -->\n<title>Pol\u00edcia localiza galp\u00e3o para desmanche de ve\u00edculos em Abrantes - Brasil not\u00edcias<\/title>\n<meta name=\"robots\" content=\"index, follow, max-snippet:-1, max-image-preview:large, max-video-preview:-1\" \/>\n<link rel=\"canonical\" href=\"https:\/\/brasilnoticias.org\/site\/policia-localiza-galpao-para-desmanche-de-veiculos-em-abrantes\/\" \/>\n<meta property=\"og:locale\" content=\"pt_PT\" \/>\n<meta property=\"og:type\" content=\"article\" \/>\n<meta property=\"og:title\" content=\"Pol\u00edcia localiza galp\u00e3o para desmanche de ve\u00edculos em Abrantes - Brasil not\u00edcias\" \/>\n<meta property=\"og:description\" content=\"Agentes do Servi\u00e7o de Intelig\u00eancia da 26\u00aa Delegacia Territorial (DT) de Vila de Abrantes encontraram na \u00faltima sexta-feira (24) um\" \/>\n<meta property=\"og:url\" content=\"https:\/\/brasilnoticias.org\/site\/policia-localiza-galpao-para-desmanche-de-veiculos-em-abrantes\/\" \/>\n<meta property=\"og:site_name\" content=\"Brasil not\u00edcias\" \/>\n<meta property=\"article:published_time\" content=\"2023-02-27T10:00:35+00:00\" \/>\n<meta property=\"og:image\" content=\"https:\/\/brasilnoticias.org\/site\/wp-content\/uploads\/2023\/02\/whatsapp_image_2023-02-26_at_11.57.20_widelg.jpeg\" \/>\n\t<meta property=\"og:image:width\" content=\"800\" \/>\n\t<meta property=\"og:image:height\" content=\"450\" \/>\n\t<meta property=\"og:image:type\" content=\"image\/jpeg\" \/>\n<meta name=\"author\" content=\"Reda\u00e7\u00e3o\" \/>\n<meta name=\"twitter:card\" content=\"summary_large_image\" \/>\n<meta name=\"twitter:label1\" content=\"Escrito por\" \/>\n\t<meta name=\"twitter:data1\" content=\"Reda\u00e7\u00e3o\" \/>\n\t<meta name=\"twitter:label2\" content=\"Tempo estimado de leitura\" \/>\n\t<meta name=\"twitter:data2\" content=\"2 minutos\" \/>\n<script type=\"application\/ld+json\" class=\"yoast-schema-graph\">{\"@context\":\"https:\/\/schema.org\",\"@graph\":[{\"@type\":\"Article\",\"@id\":\"https:\/\/brasilnoticias.org\/site\/policia-localiza-galpao-para-desmanche-de-veiculos-em-abrantes\/#article\",\"isPartOf\":{\"@id\":\"https:\/\/brasilnoticias.org\/site\/policia-localiza-galpao-para-desmanche-de-veiculos-em-abrantes\/\"},\"author\":{\"name\":\"Reda\u00e7\u00e3o\",\"@id\":\"https:\/\/brasilnoticias.org\/site\/#\/schema\/person\/a0e05b973ec4d15c658d51911e53507b\"},\"headline\":\"Pol\u00edcia localiza galp\u00e3o para desmanche de ve\u00edculos em Abrantes\",\"datePublished\":\"2023-02-27T10:00:35+00:00\",\"mainEntityOfPage\":{\"@id\":\"https:\/\/brasilnoticias.org\/site\/policia-localiza-galpao-para-desmanche-de-veiculos-em-abrantes\/\"},\"wordCount\":243,\"commentCount\":0,\"publisher\":{\"@id\":\"https:\/\/brasilnoticias.org\/site\/#organization\"},\"image\":{\"@id\":\"https:\/\/brasilnoticias.org\/site\/policia-localiza-galpao-para-desmanche-de-veiculos-em-abrantes\/#primaryimage\"},\"thumbnailUrl\":\"https:\/\/brasilnoticias.org\/site\/wp-content\/uploads\/2023\/02\/whatsapp_image_2023-02-26_at_11.57.20_widelg.jpeg\",\"articleSection\":[\"Pol\u00edcia\",\"\u00daltimas\"],\"inLanguage\":\"pt-PT\",\"potentialAction\":[{\"@type\":\"CommentAction\",\"name\":\"Comment\",\"target\":[\"https:\/\/brasilnoticias.org\/site\/policia-localiza-galpao-para-desmanche-de-veiculos-em-abrantes\/#respond\"]}]},{\"@type\":\"WebPage\",\"@id\":\"https:\/\/brasilnoticias.org\/site\/policia-localiza-galpao-para-desmanche-de-veiculos-em-abrantes\/\",\"url\":\"https:\/\/brasilnoticias.org\/site\/policia-localiza-galpao-para-desmanche-de-veiculos-em-abrantes\/\",\"name\":\"Pol\u00edcia localiza galp\u00e3o para desmanche de ve\u00edculos em Abrantes - Brasil not\u00edcias\",\"isPartOf\":{\"@id\":\"https:\/\/brasilnoticias.org\/site\/#website\"},\"primaryImageOfPage\":{\"@id\":\"https:\/\/brasilnoticias.org\/site\/policia-localiza-galpao-para-desmanche-de-veiculos-em-abrantes\/#primaryimage\"},\"image\":{\"@id\":\"https:\/\/brasilnoticias.org\/site\/policia-localiza-galpao-para-desmanche-de-veiculos-em-abrantes\/#primaryimage\"},\"thumbnailUrl\":\"https:\/\/brasilnoticias.org\/site\/wp-content\/uploads\/2023\/02\/whatsapp_image_2023-02-26_at_11.57.20_widelg.jpeg\",\"datePublished\":\"2023-02-27T10:00:35+00:00\",\"breadcrumb\":{\"@id\":\"https:\/\/brasilnoticias.org\/site\/policia-localiza-galpao-para-desmanche-de-veiculos-em-abrantes\/#breadcrumb\"},\"inLanguage\":\"pt-PT\",\"potentialAction\":[{\"@type\":\"ReadAction\",\"target\":[\"https:\/\/brasilnoticias.org\/site\/policia-localiza-galpao-para-desmanche-de-veiculos-em-abrantes\/\"]}]},{\"@type\":\"ImageObject\",\"inLanguage\":\"pt-PT\",\"@id\":\"https:\/\/brasilnoticias.org\/site\/policia-localiza-galpao-para-desmanche-de-veiculos-em-abrantes\/#primaryimage\",\"url\":\"https:\/\/brasilnoticias.org\/site\/wp-content\/uploads\/2023\/02\/whatsapp_image_2023-02-26_at_11.57.20_widelg.jpeg\",\"contentUrl\":\"https:\/\/brasilnoticias.org\/site\/wp-content\/uploads\/2023\/02\/whatsapp_image_2023-02-26_at_11.57.20_widelg.jpeg\",\"width\":800,\"height\":450},{\"@type\":\"BreadcrumbList\",\"@id\":\"https:\/\/brasilnoticias.org\/site\/policia-localiza-galpao-para-desmanche-de-veiculos-em-abrantes\/#breadcrumb\",\"itemListElement\":[{\"@type\":\"ListItem\",\"position\":1,\"name\":\"In\u00edcio\",\"item\":\"https:\/\/brasilnoticias.org\/site\/\"},{\"@type\":\"ListItem\",\"position\":2,\"name\":\"Pol\u00edcia localiza galp\u00e3o para desmanche de ve\u00edculos em Abrantes\"}]},{\"@type\":\"WebSite\",\"@id\":\"https:\/\/brasilnoticias.org\/site\/#website\",\"url\":\"https:\/\/brasilnoticias.org\/site\/\",\"name\":\"Brasil not\u00edcias\",\"description\":\"Brasil not\u00edcias\",\"publisher\":{\"@id\":\"https:\/\/brasilnoticias.org\/site\/#organization\"},\"potentialAction\":[{\"@type\":\"SearchAction\",\"target\":{\"@type\":\"EntryPoint\",\"urlTemplate\":\"https:\/\/brasilnoticias.org\/site\/?s={search_term_string}\"},\"query-input\":{\"@type\":\"PropertyValueSpecification\",\"valueRequired\":true,\"valueName\":\"search_term_string\"}}],\"inLanguage\":\"pt-PT\"},{\"@type\":\"Organization\",\"@id\":\"https:\/\/brasilnoticias.org\/site\/#organization\",\"name\":\"Brasil not\u00edcias\",\"url\":\"https:\/\/brasilnoticias.org\/site\/\",\"logo\":{\"@type\":\"ImageObject\",\"inLanguage\":\"pt-PT\",\"@id\":\"https:\/\/brasilnoticias.org\/site\/#\/schema\/logo\/image\/\",\"url\":\"https:\/\/brasilnoticias.org\/site\/wp-content\/uploads\/2022\/05\/cropped-brasilnoticias-mini.jpg\",\"contentUrl\":\"https:\/\/brasilnoticias.org\/site\/wp-content\/uploads\/2022\/05\/cropped-brasilnoticias-mini.jpg\",\"width\":314,\"height\":86,\"caption\":\"Brasil not\u00edcias\"},\"image\":{\"@id\":\"https:\/\/brasilnoticias.org\/site\/#\/schema\/logo\/image\/\"}},{\"@type\":\"Person\",\"@id\":\"https:\/\/brasilnoticias.org\/site\/#\/schema\/person\/a0e05b973ec4d15c658d51911e53507b\",\"name\":\"Reda\u00e7\u00e3o\",\"image\":{\"@type\":\"ImageObject\",\"inLanguage\":\"pt-PT\",\"@id\":\"https:\/\/brasilnoticias.org\/site\/#\/schema\/person\/image\/\",\"url\":\"https:\/\/secure.gravatar.com\/avatar\/75d8b050df2de108b08ae78dfb8e374892df24a383c67db9c46a9c604f6aee9c?s=96&d=mm&r=g\",\"contentUrl\":\"https:\/\/secure.gravatar.com\/avatar\/75d8b050df2de108b08ae78dfb8e374892df24a383c67db9c46a9c604f6aee9c?s=96&d=mm&r=g\",\"caption\":\"Reda\u00e7\u00e3o\"},\"sameAs\":[\"https:\/\/brasilnoticias.org\/site\"],\"url\":\"https:\/\/brasilnoticias.org\/site\/author\/fernandozsngmail-com\/\"}]}<\/script>\n<!-- \/ Yoast SEO plugin. -->","yoast_head_json":{"title":"Pol\u00edcia localiza galp\u00e3o para desmanche de ve\u00edculos em Abrantes - Brasil not\u00edcias","robots":{"index":"index","follow":"follow","max-snippet":"max-snippet:-1","max-image-preview":"max-image-preview:large","max-video-preview":"max-video-preview:-1"},"canonical":"https:\/\/brasilnoticias.org\/site\/policia-localiza-galpao-para-desmanche-de-veiculos-em-abrantes\/","og_locale":"pt_PT","og_type":"article","og_title":"Pol\u00edcia localiza galp\u00e3o para desmanche de ve\u00edculos em Abrantes - Brasil not\u00edcias","og_description":"Agentes do Servi\u00e7o de Intelig\u00eancia da 26\u00aa Delegacia Territorial (DT) de Vila de Abrantes encontraram na \u00faltima sexta-feira (24) um","og_url":"https:\/\/brasilnoticias.org\/site\/policia-localiza-galpao-para-desmanche-de-veiculos-em-abrantes\/","og_site_name":"Brasil not\u00edcias","article_published_time":"2023-02-27T10:00:35+00:00","og_image":[{"width":800,"height":450,"url":"https:\/\/brasilnoticias.org\/site\/wp-content\/uploads\/2023\/02\/whatsapp_image_2023-02-26_at_11.57.20_widelg.jpeg","type":"image\/jpeg"}],"author":"Reda\u00e7\u00e3o","twitter_card":"summary_large_image","twitter_misc":{"Escrito por":"Reda\u00e7\u00e3o","Tempo estimado de leitura":"2 minutos"},"schema":{"@context":"https:\/\/schema.org","@graph":[{"@type":"Article","@id":"https:\/\/brasilnoticias.org\/site\/policia-localiza-galpao-para-desmanche-de-veiculos-em-abrantes\/#article","isPartOf":{"@id":"https:\/\/brasilnoticias.org\/site\/policia-localiza-galpao-para-desmanche-de-veiculos-em-abrantes\/"},"author":{"name":"Reda\u00e7\u00e3o","@id":"https:\/\/brasilnoticias.org\/site\/#\/schema\/person\/a0e05b973ec4d15c658d51911e53507b"},"headline":"Pol\u00edcia localiza galp\u00e3o para desmanche de ve\u00edculos em Abrantes","datePublished":"2023-02-27T10:00:35+00:00","mainEntityOfPage":{"@id":"https:\/\/brasilnoticias.org\/site\/policia-localiza-galpao-para-desmanche-de-veiculos-em-abrantes\/"},"wordCount":243,"commentCount":0,"publisher":{"@id":"https:\/\/brasilnoticias.org\/site\/#organization"},"image":{"@id":"https:\/\/brasilnoticias.org\/site\/policia-localiza-galpao-para-desmanche-de-veiculos-em-abrantes\/#primaryimage"},"thumbnailUrl":"https:\/\/brasilnoticias.org\/site\/wp-content\/uploads\/2023\/02\/whatsapp_image_2023-02-26_at_11.57.20_widelg.jpeg","articleSection":["Pol\u00edcia","\u00daltimas"],"inLanguage":"pt-PT","potentialAction":[{"@type":"CommentAction","name":"Comment","target":["https:\/\/brasilnoticias.org\/site\/policia-localiza-galpao-para-desmanche-de-veiculos-em-abrantes\/#respond"]}]},{"@type":"WebPage","@id":"https:\/\/brasilnoticias.org\/site\/policia-localiza-galpao-para-desmanche-de-veiculos-em-abrantes\/","url":"https:\/\/brasilnoticias.org\/site\/policia-localiza-galpao-para-desmanche-de-veiculos-em-abrantes\/","name":"Pol\u00edcia localiza galp\u00e3o para desmanche de ve\u00edculos em Abrantes - Brasil not\u00edcias","isPartOf":{"@id":"https:\/\/brasilnoticias.org\/site\/#website"},"primaryImageOfPage":{"@id":"https:\/\/brasilnoticias.org\/site\/policia-localiza-galpao-para-desmanche-de-veiculos-em-abrantes\/#primaryimage"},"image":{"@id":"https:\/\/brasilnoticias.org\/site\/policia-localiza-galpao-para-desmanche-de-veiculos-em-abrantes\/#primaryimage"},"thumbnailUrl":"https:\/\/brasilnoticias.org\/site\/wp-content\/uploads\/2023\/02\/whatsapp_image_2023-02-26_at_11.57.20_widelg.jpeg","datePublished":"2023-02-27T10:00:35+00:00","breadcrumb":{"@id":"https:\/\/brasilnoticias.org\/site\/policia-localiza-galpao-para-desmanche-de-veiculos-em-abrantes\/#breadcrumb"},"inLanguage":"pt-PT","potentialAction":[{"@type":"ReadAction","target":["https:\/\/brasilnoticias.org\/site\/policia-localiza-galpao-para-desmanche-de-veiculos-em-abrantes\/"]}]},{"@type":"ImageObject","inLanguage":"pt-PT","@id":"https:\/\/brasilnoticias.org\/site\/policia-localiza-galpao-para-desmanche-de-veiculos-em-abrantes\/#primaryimage","url":"https:\/\/brasilnoticias.org\/site\/wp-content\/uploads\/2023\/02\/whatsapp_image_2023-02-26_at_11.57.20_widelg.jpeg","contentUrl":"https:\/\/brasilnoticias.org\/site\/wp-content\/uploads\/2023\/02\/whatsapp_image_2023-02-26_at_11.57.20_widelg.jpeg","width":800,"height":450},{"@type":"BreadcrumbList","@id":"https:\/\/brasilnoticias.org\/site\/policia-localiza-galpao-para-desmanche-de-veiculos-em-abrantes\/#breadcrumb","itemListElement":[{"@type":"ListItem","position":1,"name":"In\u00edcio","item":"https:\/\/brasilnoticias.org\/site\/"},{"@type":"ListItem","position":2,"name":"Pol\u00edcia localiza galp\u00e3o para desmanche de ve\u00edculos em Abrantes"}]},{"@type":"WebSite","@id":"https:\/\/brasilnoticias.org\/site\/#website","url":"https:\/\/brasilnoticias.org\/site\/","name":"Brasil not\u00edcias","description":"Brasil not\u00edcias","publisher":{"@id":"https:\/\/brasilnoticias.org\/site\/#organization"},"potentialAction":[{"@type":"SearchAction","target":{"@type":"EntryPoint","urlTemplate":"https:\/\/brasilnoticias.org\/site\/?s={search_term_string}"},"query-input":{"@type":"PropertyValueSpecification","valueRequired":true,"valueName":"search_term_string"}}],"inLanguage":"pt-PT"},{"@type":"Organization","@id":"https:\/\/brasilnoticias.org\/site\/#organization","name":"Brasil not\u00edcias","url":"https:\/\/brasilnoticias.org\/site\/","logo":{"@type":"ImageObject","inLanguage":"pt-PT","@id":"https:\/\/brasilnoticias.org\/site\/#\/schema\/logo\/image\/","url":"https:\/\/brasilnoticias.org\/site\/wp-content\/uploads\/2022\/05\/cropped-brasilnoticias-mini.jpg","contentUrl":"https:\/\/brasilnoticias.org\/site\/wp-content\/uploads\/2022\/05\/cropped-brasilnoticias-mini.jpg","width":314,"height":86,"caption":"Brasil not\u00edcias"},"image":{"@id":"https:\/\/brasilnoticias.org\/site\/#\/schema\/logo\/image\/"}},{"@type":"Person","@id":"https:\/\/brasilnoticias.org\/site\/#\/schema\/person\/a0e05b973ec4d15c658d51911e53507b","name":"Reda\u00e7\u00e3o","image":{"@type":"ImageObject","inLanguage":"pt-PT","@id":"https:\/\/brasilnoticias.org\/site\/#\/schema\/person\/image\/","url":"https:\/\/secure.gravatar.com\/avatar\/75d8b050df2de108b08ae78dfb8e374892df24a383c67db9c46a9c604f6aee9c?s=96&d=mm&r=g","contentUrl":"https:\/\/secure.gravatar.com\/avatar\/75d8b050df2de108b08ae78dfb8e374892df24a383c67db9c46a9c604f6aee9c?s=96&d=mm&r=g","caption":"Reda\u00e7\u00e3o"},"sameAs":["https:\/\/brasilnoticias.org\/site"],"url":"https:\/\/brasilnoticias.org\/site\/author\/fernandozsngmail-com\/"}]}},"_links":{"self":[{"href":"https:\/\/brasilnoticias.org\/site\/wp-json\/wp\/v2\/posts\/4308","targetHints":{"allow":["GET"]}}],"collection":[{"href":"https:\/\/brasilnoticias.org\/site\/wp-json\/wp\/v2\/posts"}],"about":[{"href":"https:\/\/brasilnoticias.org\/site\/wp-json\/wp\/v2\/types\/post"}],"author":[{"embeddable":true,"href":"https:\/\/brasilnoticias.org\/site\/wp-json\/wp\/v2\/users\/1"}],"replies":[{"embeddable":true,"href":"https:\/\/brasilnoticias.org\/site\/wp-json\/wp\/v2\/comments?post=4308"}],"version-history":[{"count":1,"href":"https:\/\/brasilnoticias.org\/site\/wp-json\/wp\/v2\/posts\/4308\/revisions"}],"predecessor-version":[{"id":4310,"href":"https:\/\/brasilnoticias.org\/site\/wp-json\/wp\/v2\/posts\/4308\/revisions\/4310"}],"wp:featuredmedia":[{"embeddable":true,"href":"https:\/\/brasilnoticias.org\/site\/wp-json\/wp\/v2\/media\/4309"}],"wp:attachment":[{"href":"https:\/\/brasilnoticias.org\/site\/wp-json\/wp\/v2\/media?parent=4308"}],"wp:term":[{"taxonomy":"category","embeddable":true,"href":"https:\/\/brasilnoticias.org\/site\/wp-json\/wp\/v2\/categories?post=4308"},{"taxonomy":"post_tag","embeddable":true,"href":"https:\/\/brasilnoticias.org\/site\/wp-json\/wp\/v2\/tags?post=4308"}],"curies":[{"name":"wp","href":"https:\/\/api.w.org\/{rel}","templated":true}]}}