{"id":4367,"date":"2023-02-28T18:10:39","date_gmt":"2023-02-28T21:10:39","guid":{"rendered":"https:\/\/brasilnoticias.org\/site\/?p=4367"},"modified":"2023-02-28T17:18:53","modified_gmt":"2023-02-28T20:18:53","slug":"mulher-que-matou-ex-esfaqueado-em-salvador-tem-audio-que-pode-livra-la-da-prisao","status":"publish","type":"post","link":"https:\/\/brasilnoticias.org\/site\/mulher-que-matou-ex-esfaqueado-em-salvador-tem-audio-que-pode-livra-la-da-prisao\/","title":{"rendered":"Mulher que matou ex esfaqueado em Salvador tem \u00e1udio que pode livr\u00e1-la da pris\u00e3o"},"content":{"rendered":"<p>A mulher de 27, que foi presa em flagrante por matar o ex-companheiro a golpe de faca no bairro Paripe, em Salvador, continua presa na Delegacia de Repress\u00e3o aos Crimes contra a Crian\u00e7a e o Adolescente (Derrca), onde existe uma cela destinada \u00e0s mulheres. A suspeita, que alegou ter agido em leg\u00edtima defesa, conta com uma prova que refor\u00e7a a sua vers\u00e3o: a de que era amea\u00e7ada pelo ex-marido, Tiago da Silva Santos, de 34 anos.<\/p>\n<p>A v\u00edtima supostamente teria enviado um \u00e1udio para a ex-mulher afirmando que o seu \u201csonho de consumo\u201d seria vingar-se dela. Teria tamb\u00e9m a desafiado a denunci\u00e1-lo \u00e0s autoridades policiais. No conte\u00fado, que foi divulgado pela TV Record Itapoan , o homem reclama de ter sido bloqueado no Instagram e na ferramenta status do WhatsApp.<\/p>\n<blockquote class=\"twitter-tweet\">\n<p lang=\"pt\" dir=\"ltr\">\u00c1udio, que seria de homem morto esfaqueado por ex-eposa em Paripe, revela amea\u00e7as a suspeita do crime. Mulher de 27 anos est\u00e1 presa. <a href=\"https:\/\/t.co\/eUebTEV90l\">pic.twitter.com\/eUebTEV90l<\/a><\/p>\n<p>&mdash; bnewsvideos (@bnewsvideos) <a href=\"https:\/\/twitter.com\/bnewsvideos\/status\/1630564609001156608?ref_src=twsrc%5Etfw\">February 28, 2023<\/a><\/p><\/blockquote>\n<p> <script async src=\"https:\/\/platform.twitter.com\/widgets.js\" charset=\"utf-8\"><\/script><\/p>\n<p>Crime<br \/>\nO crime aconteceu na noite da \u00faltima quarta-feira (22) em uma resid\u00eancia na Rua Porto Santo. Em um v\u00eddeo, gravado por populares logo ap\u00f3s o crime, \u00e9 poss\u00edvel ver a mulher deitada ao lado do ex-marido, que aparece ensanguentado e ca\u00eddo dentro de um banheiro. \u00c9 poss\u00edvel ver tamb\u00e9m a suspeita gritando e pedindo para que um servi\u00e7o de emerg\u00eancia seja acionado. <\/p>\n<p>Tiago chegou a ser socorrido e levado para o Hospital do Sub\u00farbio por uma equipe de param\u00e9dicos do Servi\u00e7o de Atendimento M\u00f3vel de Urg\u00eancia (Samu). J\u00e1 a mulher foi levada para uma delegacia. Em depoimento, ela teria dito que havia sido agredida outras vezes pelo ex-companheiro, que n\u00e3o aceitava o fim do relacionamento.<\/p>\n<p>A suspeita \u00e9 m\u00e3e de tr\u00eas crian\u00e7as, dois meninos de 10 e seis anos, e uma garota de tr\u00eas. Ela, que n\u00e3o possui antecedentes criminais, deve ser transferida para um pres\u00eddio na quinta-feira (2). O ex-companheiro j\u00e1 havia sido denunciado em uma delegacia de prote\u00e7\u00e3o \u00e0 mulher da capital baiana.<\/p>\n<p>Foto Reprodu\u00e7\u00e3o\/TV Record Itapoan<br \/>\nBnews<\/p>\n","protected":false},"excerpt":{"rendered":"<p>A mulher de 27, que foi presa em flagrante por matar o ex-companheiro a golpe de faca no bairro Paripe,<\/p>\n","protected":false},"author":1,"featured_media":4368,"comment_status":"open","ping_status":"open","sticky":false,"template":"","format":"standard","meta":{"colormag_page_container_layout":"default_layout","colormag_page_sidebar_layout":"default_layout","_FSMCFIC_featured_image_caption":"","_FSMCFIC_featured_image_nocaption":"","_FSMCFIC_featured_image_hide":"","footnotes":""},"categories":[2,1],"tags":[],"class_list":["post-4367","post","type-post","status-publish","format-standard","has-post-thumbnail","hentry","category-noticias","category-ultimas"],"yoast_head":"<!-- This site is optimized with the Yoast SEO plugin v27.1.1 - https:\/\/yoast.com\/product\/yoast-seo-wordpress\/ -->\n<title>Mulher que matou ex esfaqueado em Salvador tem \u00e1udio que pode livr\u00e1-la da pris\u00e3o - Brasil not\u00edcias<\/title>\n<meta name=\"robots\" content=\"index, follow, max-snippet:-1, max-image-preview:large, max-video-preview:-1\" \/>\n<link rel=\"canonical\" href=\"https:\/\/brasilnoticias.org\/site\/mulher-que-matou-ex-esfaqueado-em-salvador-tem-audio-que-pode-livra-la-da-prisao\/\" \/>\n<meta property=\"og:locale\" content=\"pt_PT\" \/>\n<meta property=\"og:type\" content=\"article\" \/>\n<meta property=\"og:title\" content=\"Mulher que matou ex esfaqueado em Salvador tem \u00e1udio que pode livr\u00e1-la da pris\u00e3o - Brasil not\u00edcias\" \/>\n<meta property=\"og:description\" content=\"A mulher de 27, que foi presa em flagrante por matar o ex-companheiro a golpe de faca no bairro Paripe,\" \/>\n<meta property=\"og:url\" content=\"https:\/\/brasilnoticias.org\/site\/mulher-que-matou-ex-esfaqueado-em-salvador-tem-audio-que-pode-livra-la-da-prisao\/\" \/>\n<meta property=\"og:site_name\" content=\"Brasil not\u00edcias\" \/>\n<meta property=\"article:published_time\" content=\"2023-02-28T21:10:39+00:00\" \/>\n<meta property=\"og:image\" content=\"https:\/\/brasilnoticias.org\/site\/wp-content\/uploads\/2023\/02\/mulher_mata_ex_facadas_salvador_widelg.jpg\" \/>\n\t<meta property=\"og:image:width\" content=\"800\" \/>\n\t<meta property=\"og:image:height\" content=\"400\" \/>\n\t<meta property=\"og:image:type\" content=\"image\/jpeg\" \/>\n<meta name=\"author\" content=\"Reda\u00e7\u00e3o\" \/>\n<meta name=\"twitter:card\" content=\"summary_large_image\" \/>\n<meta name=\"twitter:label1\" content=\"Escrito por\" \/>\n\t<meta name=\"twitter:data1\" content=\"Reda\u00e7\u00e3o\" \/>\n<script type=\"application\/ld+json\" class=\"yoast-schema-graph\">{\"@context\":\"https:\/\/schema.org\",\"@graph\":[{\"@type\":\"Article\",\"@id\":\"https:\/\/brasilnoticias.org\/site\/mulher-que-matou-ex-esfaqueado-em-salvador-tem-audio-que-pode-livra-la-da-prisao\/#article\",\"isPartOf\":{\"@id\":\"https:\/\/brasilnoticias.org\/site\/mulher-que-matou-ex-esfaqueado-em-salvador-tem-audio-que-pode-livra-la-da-prisao\/\"},\"author\":{\"name\":\"Reda\u00e7\u00e3o\",\"@id\":\"https:\/\/brasilnoticias.org\/site\/#\/schema\/person\/a0e05b973ec4d15c658d51911e53507b\"},\"headline\":\"Mulher que matou ex esfaqueado em Salvador tem \u00e1udio que pode livr\u00e1-la da pris\u00e3o\",\"datePublished\":\"2023-02-28T21:10:39+00:00\",\"mainEntityOfPage\":{\"@id\":\"https:\/\/brasilnoticias.org\/site\/mulher-que-matou-ex-esfaqueado-em-salvador-tem-audio-que-pode-livra-la-da-prisao\/\"},\"wordCount\":373,\"commentCount\":0,\"publisher\":{\"@id\":\"https:\/\/brasilnoticias.org\/site\/#organization\"},\"image\":{\"@id\":\"https:\/\/brasilnoticias.org\/site\/mulher-que-matou-ex-esfaqueado-em-salvador-tem-audio-que-pode-livra-la-da-prisao\/#primaryimage\"},\"thumbnailUrl\":\"https:\/\/brasilnoticias.org\/site\/wp-content\/uploads\/2023\/02\/mulher_mata_ex_facadas_salvador_widelg.jpg\",\"articleSection\":[\"Not\u00edcias\",\"\u00daltimas\"],\"inLanguage\":\"pt-PT\",\"potentialAction\":[{\"@type\":\"CommentAction\",\"name\":\"Comment\",\"target\":[\"https:\/\/brasilnoticias.org\/site\/mulher-que-matou-ex-esfaqueado-em-salvador-tem-audio-que-pode-livra-la-da-prisao\/#respond\"]}]},{\"@type\":\"WebPage\",\"@id\":\"https:\/\/brasilnoticias.org\/site\/mulher-que-matou-ex-esfaqueado-em-salvador-tem-audio-que-pode-livra-la-da-prisao\/\",\"url\":\"https:\/\/brasilnoticias.org\/site\/mulher-que-matou-ex-esfaqueado-em-salvador-tem-audio-que-pode-livra-la-da-prisao\/\",\"name\":\"Mulher que matou ex esfaqueado em Salvador tem \u00e1udio que pode livr\u00e1-la da pris\u00e3o - Brasil not\u00edcias\",\"isPartOf\":{\"@id\":\"https:\/\/brasilnoticias.org\/site\/#website\"},\"primaryImageOfPage\":{\"@id\":\"https:\/\/brasilnoticias.org\/site\/mulher-que-matou-ex-esfaqueado-em-salvador-tem-audio-que-pode-livra-la-da-prisao\/#primaryimage\"},\"image\":{\"@id\":\"https:\/\/brasilnoticias.org\/site\/mulher-que-matou-ex-esfaqueado-em-salvador-tem-audio-que-pode-livra-la-da-prisao\/#primaryimage\"},\"thumbnailUrl\":\"https:\/\/brasilnoticias.org\/site\/wp-content\/uploads\/2023\/02\/mulher_mata_ex_facadas_salvador_widelg.jpg\",\"datePublished\":\"2023-02-28T21:10:39+00:00\",\"breadcrumb\":{\"@id\":\"https:\/\/brasilnoticias.org\/site\/mulher-que-matou-ex-esfaqueado-em-salvador-tem-audio-que-pode-livra-la-da-prisao\/#breadcrumb\"},\"inLanguage\":\"pt-PT\",\"potentialAction\":[{\"@type\":\"ReadAction\",\"target\":[\"https:\/\/brasilnoticias.org\/site\/mulher-que-matou-ex-esfaqueado-em-salvador-tem-audio-que-pode-livra-la-da-prisao\/\"]}]},{\"@type\":\"ImageObject\",\"inLanguage\":\"pt-PT\",\"@id\":\"https:\/\/brasilnoticias.org\/site\/mulher-que-matou-ex-esfaqueado-em-salvador-tem-audio-que-pode-livra-la-da-prisao\/#primaryimage\",\"url\":\"https:\/\/brasilnoticias.org\/site\/wp-content\/uploads\/2023\/02\/mulher_mata_ex_facadas_salvador_widelg.jpg\",\"contentUrl\":\"https:\/\/brasilnoticias.org\/site\/wp-content\/uploads\/2023\/02\/mulher_mata_ex_facadas_salvador_widelg.jpg\",\"width\":800,\"height\":400},{\"@type\":\"BreadcrumbList\",\"@id\":\"https:\/\/brasilnoticias.org\/site\/mulher-que-matou-ex-esfaqueado-em-salvador-tem-audio-que-pode-livra-la-da-prisao\/#breadcrumb\",\"itemListElement\":[{\"@type\":\"ListItem\",\"position\":1,\"name\":\"In\u00edcio\",\"item\":\"https:\/\/brasilnoticias.org\/site\/\"},{\"@type\":\"ListItem\",\"position\":2,\"name\":\"Mulher que matou ex esfaqueado em Salvador tem \u00e1udio que pode livr\u00e1-la da pris\u00e3o\"}]},{\"@type\":\"WebSite\",\"@id\":\"https:\/\/brasilnoticias.org\/site\/#website\",\"url\":\"https:\/\/brasilnoticias.org\/site\/\",\"name\":\"Brasil not\u00edcias\",\"description\":\"Brasil not\u00edcias\",\"publisher\":{\"@id\":\"https:\/\/brasilnoticias.org\/site\/#organization\"},\"potentialAction\":[{\"@type\":\"SearchAction\",\"target\":{\"@type\":\"EntryPoint\",\"urlTemplate\":\"https:\/\/brasilnoticias.org\/site\/?s={search_term_string}\"},\"query-input\":{\"@type\":\"PropertyValueSpecification\",\"valueRequired\":true,\"valueName\":\"search_term_string\"}}],\"inLanguage\":\"pt-PT\"},{\"@type\":\"Organization\",\"@id\":\"https:\/\/brasilnoticias.org\/site\/#organization\",\"name\":\"Brasil not\u00edcias\",\"url\":\"https:\/\/brasilnoticias.org\/site\/\",\"logo\":{\"@type\":\"ImageObject\",\"inLanguage\":\"pt-PT\",\"@id\":\"https:\/\/brasilnoticias.org\/site\/#\/schema\/logo\/image\/\",\"url\":\"https:\/\/brasilnoticias.org\/site\/wp-content\/uploads\/2022\/05\/cropped-brasilnoticias-mini.jpg\",\"contentUrl\":\"https:\/\/brasilnoticias.org\/site\/wp-content\/uploads\/2022\/05\/cropped-brasilnoticias-mini.jpg\",\"width\":314,\"height\":86,\"caption\":\"Brasil not\u00edcias\"},\"image\":{\"@id\":\"https:\/\/brasilnoticias.org\/site\/#\/schema\/logo\/image\/\"}},{\"@type\":\"Person\",\"@id\":\"https:\/\/brasilnoticias.org\/site\/#\/schema\/person\/a0e05b973ec4d15c658d51911e53507b\",\"name\":\"Reda\u00e7\u00e3o\",\"image\":{\"@type\":\"ImageObject\",\"inLanguage\":\"pt-PT\",\"@id\":\"https:\/\/brasilnoticias.org\/site\/#\/schema\/person\/image\/\",\"url\":\"https:\/\/secure.gravatar.com\/avatar\/75d8b050df2de108b08ae78dfb8e374892df24a383c67db9c46a9c604f6aee9c?s=96&d=mm&r=g\",\"contentUrl\":\"https:\/\/secure.gravatar.com\/avatar\/75d8b050df2de108b08ae78dfb8e374892df24a383c67db9c46a9c604f6aee9c?s=96&d=mm&r=g\",\"caption\":\"Reda\u00e7\u00e3o\"},\"sameAs\":[\"https:\/\/brasilnoticias.org\/site\"],\"url\":\"https:\/\/brasilnoticias.org\/site\/author\/fernandozsngmail-com\/\"}]}<\/script>\n<!-- \/ Yoast SEO plugin. -->","yoast_head_json":{"title":"Mulher que matou ex esfaqueado em Salvador tem \u00e1udio que pode livr\u00e1-la da pris\u00e3o - Brasil not\u00edcias","robots":{"index":"index","follow":"follow","max-snippet":"max-snippet:-1","max-image-preview":"max-image-preview:large","max-video-preview":"max-video-preview:-1"},"canonical":"https:\/\/brasilnoticias.org\/site\/mulher-que-matou-ex-esfaqueado-em-salvador-tem-audio-que-pode-livra-la-da-prisao\/","og_locale":"pt_PT","og_type":"article","og_title":"Mulher que matou ex esfaqueado em Salvador tem \u00e1udio que pode livr\u00e1-la da pris\u00e3o - Brasil not\u00edcias","og_description":"A mulher de 27, que foi presa em flagrante por matar o ex-companheiro a golpe de faca no bairro Paripe,","og_url":"https:\/\/brasilnoticias.org\/site\/mulher-que-matou-ex-esfaqueado-em-salvador-tem-audio-que-pode-livra-la-da-prisao\/","og_site_name":"Brasil not\u00edcias","article_published_time":"2023-02-28T21:10:39+00:00","og_image":[{"width":800,"height":400,"url":"https:\/\/brasilnoticias.org\/site\/wp-content\/uploads\/2023\/02\/mulher_mata_ex_facadas_salvador_widelg.jpg","type":"image\/jpeg"}],"author":"Reda\u00e7\u00e3o","twitter_card":"summary_large_image","twitter_misc":{"Escrito por":"Reda\u00e7\u00e3o"},"schema":{"@context":"https:\/\/schema.org","@graph":[{"@type":"Article","@id":"https:\/\/brasilnoticias.org\/site\/mulher-que-matou-ex-esfaqueado-em-salvador-tem-audio-que-pode-livra-la-da-prisao\/#article","isPartOf":{"@id":"https:\/\/brasilnoticias.org\/site\/mulher-que-matou-ex-esfaqueado-em-salvador-tem-audio-que-pode-livra-la-da-prisao\/"},"author":{"name":"Reda\u00e7\u00e3o","@id":"https:\/\/brasilnoticias.org\/site\/#\/schema\/person\/a0e05b973ec4d15c658d51911e53507b"},"headline":"Mulher que matou ex esfaqueado em Salvador tem \u00e1udio que pode livr\u00e1-la da pris\u00e3o","datePublished":"2023-02-28T21:10:39+00:00","mainEntityOfPage":{"@id":"https:\/\/brasilnoticias.org\/site\/mulher-que-matou-ex-esfaqueado-em-salvador-tem-audio-que-pode-livra-la-da-prisao\/"},"wordCount":373,"commentCount":0,"publisher":{"@id":"https:\/\/brasilnoticias.org\/site\/#organization"},"image":{"@id":"https:\/\/brasilnoticias.org\/site\/mulher-que-matou-ex-esfaqueado-em-salvador-tem-audio-que-pode-livra-la-da-prisao\/#primaryimage"},"thumbnailUrl":"https:\/\/brasilnoticias.org\/site\/wp-content\/uploads\/2023\/02\/mulher_mata_ex_facadas_salvador_widelg.jpg","articleSection":["Not\u00edcias","\u00daltimas"],"inLanguage":"pt-PT","potentialAction":[{"@type":"CommentAction","name":"Comment","target":["https:\/\/brasilnoticias.org\/site\/mulher-que-matou-ex-esfaqueado-em-salvador-tem-audio-que-pode-livra-la-da-prisao\/#respond"]}]},{"@type":"WebPage","@id":"https:\/\/brasilnoticias.org\/site\/mulher-que-matou-ex-esfaqueado-em-salvador-tem-audio-que-pode-livra-la-da-prisao\/","url":"https:\/\/brasilnoticias.org\/site\/mulher-que-matou-ex-esfaqueado-em-salvador-tem-audio-que-pode-livra-la-da-prisao\/","name":"Mulher que matou ex esfaqueado em Salvador tem \u00e1udio que pode livr\u00e1-la da pris\u00e3o - Brasil not\u00edcias","isPartOf":{"@id":"https:\/\/brasilnoticias.org\/site\/#website"},"primaryImageOfPage":{"@id":"https:\/\/brasilnoticias.org\/site\/mulher-que-matou-ex-esfaqueado-em-salvador-tem-audio-que-pode-livra-la-da-prisao\/#primaryimage"},"image":{"@id":"https:\/\/brasilnoticias.org\/site\/mulher-que-matou-ex-esfaqueado-em-salvador-tem-audio-que-pode-livra-la-da-prisao\/#primaryimage"},"thumbnailUrl":"https:\/\/brasilnoticias.org\/site\/wp-content\/uploads\/2023\/02\/mulher_mata_ex_facadas_salvador_widelg.jpg","datePublished":"2023-02-28T21:10:39+00:00","breadcrumb":{"@id":"https:\/\/brasilnoticias.org\/site\/mulher-que-matou-ex-esfaqueado-em-salvador-tem-audio-que-pode-livra-la-da-prisao\/#breadcrumb"},"inLanguage":"pt-PT","potentialAction":[{"@type":"ReadAction","target":["https:\/\/brasilnoticias.org\/site\/mulher-que-matou-ex-esfaqueado-em-salvador-tem-audio-que-pode-livra-la-da-prisao\/"]}]},{"@type":"ImageObject","inLanguage":"pt-PT","@id":"https:\/\/brasilnoticias.org\/site\/mulher-que-matou-ex-esfaqueado-em-salvador-tem-audio-que-pode-livra-la-da-prisao\/#primaryimage","url":"https:\/\/brasilnoticias.org\/site\/wp-content\/uploads\/2023\/02\/mulher_mata_ex_facadas_salvador_widelg.jpg","contentUrl":"https:\/\/brasilnoticias.org\/site\/wp-content\/uploads\/2023\/02\/mulher_mata_ex_facadas_salvador_widelg.jpg","width":800,"height":400},{"@type":"BreadcrumbList","@id":"https:\/\/brasilnoticias.org\/site\/mulher-que-matou-ex-esfaqueado-em-salvador-tem-audio-que-pode-livra-la-da-prisao\/#breadcrumb","itemListElement":[{"@type":"ListItem","position":1,"name":"In\u00edcio","item":"https:\/\/brasilnoticias.org\/site\/"},{"@type":"ListItem","position":2,"name":"Mulher que matou ex esfaqueado em Salvador tem \u00e1udio que pode livr\u00e1-la da pris\u00e3o"}]},{"@type":"WebSite","@id":"https:\/\/brasilnoticias.org\/site\/#website","url":"https:\/\/brasilnoticias.org\/site\/","name":"Brasil not\u00edcias","description":"Brasil not\u00edcias","publisher":{"@id":"https:\/\/brasilnoticias.org\/site\/#organization"},"potentialAction":[{"@type":"SearchAction","target":{"@type":"EntryPoint","urlTemplate":"https:\/\/brasilnoticias.org\/site\/?s={search_term_string}"},"query-input":{"@type":"PropertyValueSpecification","valueRequired":true,"valueName":"search_term_string"}}],"inLanguage":"pt-PT"},{"@type":"Organization","@id":"https:\/\/brasilnoticias.org\/site\/#organization","name":"Brasil not\u00edcias","url":"https:\/\/brasilnoticias.org\/site\/","logo":{"@type":"ImageObject","inLanguage":"pt-PT","@id":"https:\/\/brasilnoticias.org\/site\/#\/schema\/logo\/image\/","url":"https:\/\/brasilnoticias.org\/site\/wp-content\/uploads\/2022\/05\/cropped-brasilnoticias-mini.jpg","contentUrl":"https:\/\/brasilnoticias.org\/site\/wp-content\/uploads\/2022\/05\/cropped-brasilnoticias-mini.jpg","width":314,"height":86,"caption":"Brasil not\u00edcias"},"image":{"@id":"https:\/\/brasilnoticias.org\/site\/#\/schema\/logo\/image\/"}},{"@type":"Person","@id":"https:\/\/brasilnoticias.org\/site\/#\/schema\/person\/a0e05b973ec4d15c658d51911e53507b","name":"Reda\u00e7\u00e3o","image":{"@type":"ImageObject","inLanguage":"pt-PT","@id":"https:\/\/brasilnoticias.org\/site\/#\/schema\/person\/image\/","url":"https:\/\/secure.gravatar.com\/avatar\/75d8b050df2de108b08ae78dfb8e374892df24a383c67db9c46a9c604f6aee9c?s=96&d=mm&r=g","contentUrl":"https:\/\/secure.gravatar.com\/avatar\/75d8b050df2de108b08ae78dfb8e374892df24a383c67db9c46a9c604f6aee9c?s=96&d=mm&r=g","caption":"Reda\u00e7\u00e3o"},"sameAs":["https:\/\/brasilnoticias.org\/site"],"url":"https:\/\/brasilnoticias.org\/site\/author\/fernandozsngmail-com\/"}]}},"_links":{"self":[{"href":"https:\/\/brasilnoticias.org\/site\/wp-json\/wp\/v2\/posts\/4367","targetHints":{"allow":["GET"]}}],"collection":[{"href":"https:\/\/brasilnoticias.org\/site\/wp-json\/wp\/v2\/posts"}],"about":[{"href":"https:\/\/brasilnoticias.org\/site\/wp-json\/wp\/v2\/types\/post"}],"author":[{"embeddable":true,"href":"https:\/\/brasilnoticias.org\/site\/wp-json\/wp\/v2\/users\/1"}],"replies":[{"embeddable":true,"href":"https:\/\/brasilnoticias.org\/site\/wp-json\/wp\/v2\/comments?post=4367"}],"version-history":[{"count":1,"href":"https:\/\/brasilnoticias.org\/site\/wp-json\/wp\/v2\/posts\/4367\/revisions"}],"predecessor-version":[{"id":4369,"href":"https:\/\/brasilnoticias.org\/site\/wp-json\/wp\/v2\/posts\/4367\/revisions\/4369"}],"wp:featuredmedia":[{"embeddable":true,"href":"https:\/\/brasilnoticias.org\/site\/wp-json\/wp\/v2\/media\/4368"}],"wp:attachment":[{"href":"https:\/\/brasilnoticias.org\/site\/wp-json\/wp\/v2\/media?parent=4367"}],"wp:term":[{"taxonomy":"category","embeddable":true,"href":"https:\/\/brasilnoticias.org\/site\/wp-json\/wp\/v2\/categories?post=4367"},{"taxonomy":"post_tag","embeddable":true,"href":"https:\/\/brasilnoticias.org\/site\/wp-json\/wp\/v2\/tags?post=4367"}],"curies":[{"name":"wp","href":"https:\/\/api.w.org\/{rel}","templated":true}]}}