{"id":4377,"date":"2023-03-01T06:14:11","date_gmt":"2023-03-01T09:14:11","guid":{"rendered":"https:\/\/brasilnoticias.org\/site\/?p=4377"},"modified":"2023-03-01T06:14:11","modified_gmt":"2023-03-01T09:14:11","slug":"americanas-recebe-aval-da-justica-para-pagar-funcionarios-e-pequenos-fornecedores","status":"publish","type":"post","link":"https:\/\/brasilnoticias.org\/site\/americanas-recebe-aval-da-justica-para-pagar-funcionarios-e-pequenos-fornecedores\/","title":{"rendered":"Americanas recebe aval da Justi\u00e7a para pagar funcion\u00e1rios e pequenos fornecedores"},"content":{"rendered":"<p>O juiz Paulo Assed Estefan, titular da 4\u00aa Vara Empresarial da Comarca da Capital do Rio de Janeiro, concedeu liminar \u00e0 Americanas para que a empresa pague os d\u00e9bitos trabalhistas (chamados de &#8216;classe 1&#8217; no processo de recupera\u00e7\u00e3o judicial) e com micro e pequenos fornecedores (&#8216;classe 4&#8217;) que constam da recupera\u00e7\u00e3o judicial, cuja soma chega a R$ 192,4 milh\u00f5es.<br \/>\nA varejista, que est\u00e1 em processo de recupera\u00e7\u00e3o judicial desde 19 de janeiro, com d\u00edvidas declaradas de R$ 43 bilh\u00f5es, havia feito em 16 de fevereiro o pedido \u00e0 Justi\u00e7a para pagamento das classes 1 e 4 de credores.<\/p>\n<p>Segundo a Americanas, a classe 1 concentra d\u00edvidas com verbas trabalhistas e equivalentes, como as de profissionais liberais, e re\u00fane um total de R$ 119,6 milh\u00f5es, enquanto na classe 4 est\u00e3o 650 credores que somam um total de R$ 72,8 milh\u00f5es.<\/p>\n<p>&#8220;Defiro a proposta de manuten\u00e7\u00e3o das condi\u00e7\u00f5es originais de pagamento dos credores alocados nas classes 1 e 4 da presente Recupera\u00e7\u00e3o Judicial, autorizando o seu imediato pagamento&#8221;, informou Paulo Assed, na decis\u00e3o.<\/p>\n<p>De acordo com o magistrado, &#8220;tal medida permitir\u00e1 diminuir o impacto degenerativo em seus pequenos fornecedores, que inclusive continuam contribuindo para a atividade econ\u00f4mica, fornecendo produtos que comp\u00f5em a sua linha de produ\u00e7\u00e3o, bem como atender\u00e1 as necessidades dos trabalhadores, muitos em situa\u00e7\u00e3o de extrema vulnerabilidade, tal como registrado pelo Secor -Sindicato dos Empregados no Com\u00e9rcio de Osasco e Regi\u00e3o.&#8221;<\/p>\n<p>Nas \u00faltimas semanas, os bancos Bradesco e Safra -que est\u00e3o entre os principais credores da empresa, com d\u00edvidas de R$ 5,1 bilh\u00f5es e R$ 2,5 bilh\u00f5es, respectivamente- entraram com a\u00e7\u00f5es na Justi\u00e7a contra a Americanas, pedindo que seja rejeitado o pagamento de qualquer credor sujeito \u00e0 recupera\u00e7\u00e3o judicial antes da aprova\u00e7\u00e3o do plano.<\/p>\n<p>A varejista tem at\u00e9 o dia 22 de mar\u00e7o para apresentar seu plano de recupera\u00e7\u00e3o judicial.<\/p>\n<p>Segundo a defesa do banco Safra, a proposta foi constru\u00edda em &#8220;reuni\u00e3o feita informalmente e a portas fechadas, pois sem qualquer ato de ci\u00eancia, tomada de anu\u00eancia ou convite de quaisquer dos credores&#8221; e que o objetivo da iniciativa \u00e9 &#8220;blindar o patrim\u00f4nio dos controladores das recuperandas contra o risco de eventual desconsidera\u00e7\u00e3o da personalidade jur\u00eddica e desequilibrar o qu\u00f3rum de instala\u00e7\u00e3o e aprova\u00e7\u00e3o da AGC [Assembleia Geral de Credores], eliminando duas classes de credores.&#8221;<\/p>\n<p>J\u00e1 a Oliveira Trust Distribuidora de T\u00edtulos e Valores Mobili\u00e1rios, tamb\u00e9m credora, manifestou-se igualmente contra o pagamento, argumentando que n\u00e3o se tem certeza do volume de cr\u00e9ditos alocados nas classes 1 e 4, uma vez que o plano n\u00e3o foi apresentado.<\/p>\n<p>O MP-RJ (Minist\u00e9rio P\u00fablico do Estado do Rio de Janeiro) tamb\u00e9m se manifestou contr\u00e1rio ao pagamento. Em comunica\u00e7\u00e3o enviada ao juiz Paulo Assed, o MP-RJ, afirma que &#8220;realizar o pagamento dessas classes concursais no bojo do processo recuperat\u00f3rio no atual est\u00e1gio procedimental embrion\u00e1rio em que se encontra o feito acarretaria tumulto, s\u00e9ria desorganiza\u00e7\u00e3o e deforma\u00e7\u00e3o do instrumento.&#8221;<\/p>\n<p>De acordo com a manifesta\u00e7\u00e3o, &#8220;os pagamentos se dariam de maneira prematura e adiantada, sem forma\u00e7\u00e3o do quadro geral de credores, sem apresenta\u00e7\u00e3o e aprova\u00e7\u00e3o do plano em assembleia, e, por conseguinte, sem a decis\u00e3o do \u00f3rg\u00e3o judici\u00e1rio de homologa\u00e7\u00e3o e concess\u00e3o da recupera\u00e7\u00e3o judicial.&#8221;<\/p>\n<p>Para o MP-RJ, o mais acertado seria retirar as classes 1 e 4 da recupera\u00e7\u00e3o judicial e pagar o que se deve a ambas imediatamente. &#8220;Com a exclus\u00e3o dessas classes de credores, o passivo sujeito \u00e0 recupera\u00e7\u00e3o se concentrar\u00e1 t\u00e3o somente sobre os cr\u00e9ditos da (\u00fanica) classe remanescente, a saber dos credores classe 3&#8221;, informa a institui\u00e7\u00e3o, referindo-se \u00e0 classe dos quirograf\u00e1rios, que n\u00e3o possuem garantias reais fornecidas pela empresa.<\/p>\n<p>Reportagem da Folha de S.Paulo revelou que a Americanas soma R$ 284,3 milh\u00f5es em a\u00e7\u00f5es na Justi\u00e7a do Trabalho, conforme levantamento feito pela Data Lawyer -plataforma que permite an\u00e1lise de dados estat\u00edsticos em rela\u00e7\u00e3o \u00e0s a\u00e7\u00f5es judiciais. Ao todo, s\u00e3o 2.331 processos ativos contra a varejista, que ficaram fora do pedido de recupera\u00e7\u00e3o judicial.<\/p>\n<p>A Americanas disse que apresentou no pedido apenas as d\u00edvidas trabalhistas l\u00edquidas -j\u00e1 julgadas e consolidadas.<\/p>\n<p>Foto Shutterstock<br \/>\nNot\u00edcias ao minuto<\/p>\n","protected":false},"excerpt":{"rendered":"<p>O juiz Paulo Assed Estefan, titular da 4\u00aa Vara Empresarial da Comarca da Capital do Rio de Janeiro, concedeu liminar<\/p>\n","protected":false},"author":1,"featured_media":4378,"comment_status":"open","ping_status":"open","sticky":false,"template":"","format":"standard","meta":{"colormag_page_container_layout":"default_layout","colormag_page_sidebar_layout":"default_layout","_FSMCFIC_featured_image_caption":"","_FSMCFIC_featured_image_nocaption":"","_FSMCFIC_featured_image_hide":"","footnotes":""},"categories":[2,1],"tags":[],"class_list":["post-4377","post","type-post","status-publish","format-standard","has-post-thumbnail","hentry","category-noticias","category-ultimas"],"yoast_head":"<!-- This site is optimized with the Yoast SEO plugin v27.1.1 - https:\/\/yoast.com\/product\/yoast-seo-wordpress\/ -->\n<title>Americanas recebe aval da Justi\u00e7a para pagar funcion\u00e1rios e pequenos fornecedores - Brasil not\u00edcias<\/title>\n<meta name=\"robots\" content=\"index, follow, max-snippet:-1, max-image-preview:large, max-video-preview:-1\" \/>\n<link rel=\"canonical\" href=\"https:\/\/brasilnoticias.org\/site\/americanas-recebe-aval-da-justica-para-pagar-funcionarios-e-pequenos-fornecedores\/\" \/>\n<meta property=\"og:locale\" content=\"pt_PT\" \/>\n<meta property=\"og:type\" content=\"article\" \/>\n<meta property=\"og:title\" content=\"Americanas recebe aval da Justi\u00e7a para pagar funcion\u00e1rios e pequenos fornecedores - Brasil not\u00edcias\" \/>\n<meta property=\"og:description\" content=\"O juiz Paulo Assed Estefan, titular da 4\u00aa Vara Empresarial da Comarca da Capital do Rio de Janeiro, concedeu liminar\" \/>\n<meta property=\"og:url\" content=\"https:\/\/brasilnoticias.org\/site\/americanas-recebe-aval-da-justica-para-pagar-funcionarios-e-pequenos-fornecedores\/\" \/>\n<meta property=\"og:site_name\" content=\"Brasil not\u00edcias\" \/>\n<meta property=\"article:published_time\" content=\"2023-03-01T09:14:11+00:00\" \/>\n<meta property=\"og:image\" content=\"https:\/\/brasilnoticias.org\/site\/wp-content\/uploads\/2023\/03\/naom_63ce547b18670.jpg\" \/>\n\t<meta property=\"og:image:width\" content=\"960\" \/>\n\t<meta property=\"og:image:height\" content=\"540\" \/>\n\t<meta property=\"og:image:type\" content=\"image\/jpeg\" \/>\n<meta name=\"author\" content=\"Reda\u00e7\u00e3o\" \/>\n<meta name=\"twitter:card\" content=\"summary_large_image\" \/>\n<meta name=\"twitter:label1\" content=\"Escrito por\" \/>\n\t<meta name=\"twitter:data1\" content=\"Reda\u00e7\u00e3o\" \/>\n<script type=\"application\/ld+json\" class=\"yoast-schema-graph\">{\"@context\":\"https:\/\/schema.org\",\"@graph\":[{\"@type\":\"Article\",\"@id\":\"https:\/\/brasilnoticias.org\/site\/americanas-recebe-aval-da-justica-para-pagar-funcionarios-e-pequenos-fornecedores\/#article\",\"isPartOf\":{\"@id\":\"https:\/\/brasilnoticias.org\/site\/americanas-recebe-aval-da-justica-para-pagar-funcionarios-e-pequenos-fornecedores\/\"},\"author\":{\"name\":\"Reda\u00e7\u00e3o\",\"@id\":\"https:\/\/brasilnoticias.org\/site\/#\/schema\/person\/a0e05b973ec4d15c658d51911e53507b\"},\"headline\":\"Americanas recebe aval da Justi\u00e7a para pagar funcion\u00e1rios e pequenos fornecedores\",\"datePublished\":\"2023-03-01T09:14:11+00:00\",\"mainEntityOfPage\":{\"@id\":\"https:\/\/brasilnoticias.org\/site\/americanas-recebe-aval-da-justica-para-pagar-funcionarios-e-pequenos-fornecedores\/\"},\"wordCount\":737,\"commentCount\":0,\"publisher\":{\"@id\":\"https:\/\/brasilnoticias.org\/site\/#organization\"},\"image\":{\"@id\":\"https:\/\/brasilnoticias.org\/site\/americanas-recebe-aval-da-justica-para-pagar-funcionarios-e-pequenos-fornecedores\/#primaryimage\"},\"thumbnailUrl\":\"https:\/\/brasilnoticias.org\/site\/wp-content\/uploads\/2023\/03\/naom_63ce547b18670.jpg\",\"articleSection\":[\"Not\u00edcias\",\"\u00daltimas\"],\"inLanguage\":\"pt-PT\",\"potentialAction\":[{\"@type\":\"CommentAction\",\"name\":\"Comment\",\"target\":[\"https:\/\/brasilnoticias.org\/site\/americanas-recebe-aval-da-justica-para-pagar-funcionarios-e-pequenos-fornecedores\/#respond\"]}]},{\"@type\":\"WebPage\",\"@id\":\"https:\/\/brasilnoticias.org\/site\/americanas-recebe-aval-da-justica-para-pagar-funcionarios-e-pequenos-fornecedores\/\",\"url\":\"https:\/\/brasilnoticias.org\/site\/americanas-recebe-aval-da-justica-para-pagar-funcionarios-e-pequenos-fornecedores\/\",\"name\":\"Americanas recebe aval da Justi\u00e7a para pagar funcion\u00e1rios e pequenos fornecedores - Brasil not\u00edcias\",\"isPartOf\":{\"@id\":\"https:\/\/brasilnoticias.org\/site\/#website\"},\"primaryImageOfPage\":{\"@id\":\"https:\/\/brasilnoticias.org\/site\/americanas-recebe-aval-da-justica-para-pagar-funcionarios-e-pequenos-fornecedores\/#primaryimage\"},\"image\":{\"@id\":\"https:\/\/brasilnoticias.org\/site\/americanas-recebe-aval-da-justica-para-pagar-funcionarios-e-pequenos-fornecedores\/#primaryimage\"},\"thumbnailUrl\":\"https:\/\/brasilnoticias.org\/site\/wp-content\/uploads\/2023\/03\/naom_63ce547b18670.jpg\",\"datePublished\":\"2023-03-01T09:14:11+00:00\",\"breadcrumb\":{\"@id\":\"https:\/\/brasilnoticias.org\/site\/americanas-recebe-aval-da-justica-para-pagar-funcionarios-e-pequenos-fornecedores\/#breadcrumb\"},\"inLanguage\":\"pt-PT\",\"potentialAction\":[{\"@type\":\"ReadAction\",\"target\":[\"https:\/\/brasilnoticias.org\/site\/americanas-recebe-aval-da-justica-para-pagar-funcionarios-e-pequenos-fornecedores\/\"]}]},{\"@type\":\"ImageObject\",\"inLanguage\":\"pt-PT\",\"@id\":\"https:\/\/brasilnoticias.org\/site\/americanas-recebe-aval-da-justica-para-pagar-funcionarios-e-pequenos-fornecedores\/#primaryimage\",\"url\":\"https:\/\/brasilnoticias.org\/site\/wp-content\/uploads\/2023\/03\/naom_63ce547b18670.jpg\",\"contentUrl\":\"https:\/\/brasilnoticias.org\/site\/wp-content\/uploads\/2023\/03\/naom_63ce547b18670.jpg\",\"width\":960,\"height\":540},{\"@type\":\"BreadcrumbList\",\"@id\":\"https:\/\/brasilnoticias.org\/site\/americanas-recebe-aval-da-justica-para-pagar-funcionarios-e-pequenos-fornecedores\/#breadcrumb\",\"itemListElement\":[{\"@type\":\"ListItem\",\"position\":1,\"name\":\"In\u00edcio\",\"item\":\"https:\/\/brasilnoticias.org\/site\/\"},{\"@type\":\"ListItem\",\"position\":2,\"name\":\"Americanas recebe aval da Justi\u00e7a para pagar funcion\u00e1rios e pequenos fornecedores\"}]},{\"@type\":\"WebSite\",\"@id\":\"https:\/\/brasilnoticias.org\/site\/#website\",\"url\":\"https:\/\/brasilnoticias.org\/site\/\",\"name\":\"Brasil not\u00edcias\",\"description\":\"Brasil not\u00edcias\",\"publisher\":{\"@id\":\"https:\/\/brasilnoticias.org\/site\/#organization\"},\"potentialAction\":[{\"@type\":\"SearchAction\",\"target\":{\"@type\":\"EntryPoint\",\"urlTemplate\":\"https:\/\/brasilnoticias.org\/site\/?s={search_term_string}\"},\"query-input\":{\"@type\":\"PropertyValueSpecification\",\"valueRequired\":true,\"valueName\":\"search_term_string\"}}],\"inLanguage\":\"pt-PT\"},{\"@type\":\"Organization\",\"@id\":\"https:\/\/brasilnoticias.org\/site\/#organization\",\"name\":\"Brasil not\u00edcias\",\"url\":\"https:\/\/brasilnoticias.org\/site\/\",\"logo\":{\"@type\":\"ImageObject\",\"inLanguage\":\"pt-PT\",\"@id\":\"https:\/\/brasilnoticias.org\/site\/#\/schema\/logo\/image\/\",\"url\":\"https:\/\/brasilnoticias.org\/site\/wp-content\/uploads\/2022\/05\/cropped-brasilnoticias-mini.jpg\",\"contentUrl\":\"https:\/\/brasilnoticias.org\/site\/wp-content\/uploads\/2022\/05\/cropped-brasilnoticias-mini.jpg\",\"width\":314,\"height\":86,\"caption\":\"Brasil not\u00edcias\"},\"image\":{\"@id\":\"https:\/\/brasilnoticias.org\/site\/#\/schema\/logo\/image\/\"}},{\"@type\":\"Person\",\"@id\":\"https:\/\/brasilnoticias.org\/site\/#\/schema\/person\/a0e05b973ec4d15c658d51911e53507b\",\"name\":\"Reda\u00e7\u00e3o\",\"image\":{\"@type\":\"ImageObject\",\"inLanguage\":\"pt-PT\",\"@id\":\"https:\/\/brasilnoticias.org\/site\/#\/schema\/person\/image\/\",\"url\":\"https:\/\/secure.gravatar.com\/avatar\/75d8b050df2de108b08ae78dfb8e374892df24a383c67db9c46a9c604f6aee9c?s=96&d=mm&r=g\",\"contentUrl\":\"https:\/\/secure.gravatar.com\/avatar\/75d8b050df2de108b08ae78dfb8e374892df24a383c67db9c46a9c604f6aee9c?s=96&d=mm&r=g\",\"caption\":\"Reda\u00e7\u00e3o\"},\"sameAs\":[\"https:\/\/brasilnoticias.org\/site\"],\"url\":\"https:\/\/brasilnoticias.org\/site\/author\/fernandozsngmail-com\/\"}]}<\/script>\n<!-- \/ Yoast SEO plugin. -->","yoast_head_json":{"title":"Americanas recebe aval da Justi\u00e7a para pagar funcion\u00e1rios e pequenos fornecedores - Brasil not\u00edcias","robots":{"index":"index","follow":"follow","max-snippet":"max-snippet:-1","max-image-preview":"max-image-preview:large","max-video-preview":"max-video-preview:-1"},"canonical":"https:\/\/brasilnoticias.org\/site\/americanas-recebe-aval-da-justica-para-pagar-funcionarios-e-pequenos-fornecedores\/","og_locale":"pt_PT","og_type":"article","og_title":"Americanas recebe aval da Justi\u00e7a para pagar funcion\u00e1rios e pequenos fornecedores - Brasil not\u00edcias","og_description":"O juiz Paulo Assed Estefan, titular da 4\u00aa Vara Empresarial da Comarca da Capital do Rio de Janeiro, concedeu liminar","og_url":"https:\/\/brasilnoticias.org\/site\/americanas-recebe-aval-da-justica-para-pagar-funcionarios-e-pequenos-fornecedores\/","og_site_name":"Brasil not\u00edcias","article_published_time":"2023-03-01T09:14:11+00:00","og_image":[{"width":960,"height":540,"url":"https:\/\/brasilnoticias.org\/site\/wp-content\/uploads\/2023\/03\/naom_63ce547b18670.jpg","type":"image\/jpeg"}],"author":"Reda\u00e7\u00e3o","twitter_card":"summary_large_image","twitter_misc":{"Escrito por":"Reda\u00e7\u00e3o"},"schema":{"@context":"https:\/\/schema.org","@graph":[{"@type":"Article","@id":"https:\/\/brasilnoticias.org\/site\/americanas-recebe-aval-da-justica-para-pagar-funcionarios-e-pequenos-fornecedores\/#article","isPartOf":{"@id":"https:\/\/brasilnoticias.org\/site\/americanas-recebe-aval-da-justica-para-pagar-funcionarios-e-pequenos-fornecedores\/"},"author":{"name":"Reda\u00e7\u00e3o","@id":"https:\/\/brasilnoticias.org\/site\/#\/schema\/person\/a0e05b973ec4d15c658d51911e53507b"},"headline":"Americanas recebe aval da Justi\u00e7a para pagar funcion\u00e1rios e pequenos fornecedores","datePublished":"2023-03-01T09:14:11+00:00","mainEntityOfPage":{"@id":"https:\/\/brasilnoticias.org\/site\/americanas-recebe-aval-da-justica-para-pagar-funcionarios-e-pequenos-fornecedores\/"},"wordCount":737,"commentCount":0,"publisher":{"@id":"https:\/\/brasilnoticias.org\/site\/#organization"},"image":{"@id":"https:\/\/brasilnoticias.org\/site\/americanas-recebe-aval-da-justica-para-pagar-funcionarios-e-pequenos-fornecedores\/#primaryimage"},"thumbnailUrl":"https:\/\/brasilnoticias.org\/site\/wp-content\/uploads\/2023\/03\/naom_63ce547b18670.jpg","articleSection":["Not\u00edcias","\u00daltimas"],"inLanguage":"pt-PT","potentialAction":[{"@type":"CommentAction","name":"Comment","target":["https:\/\/brasilnoticias.org\/site\/americanas-recebe-aval-da-justica-para-pagar-funcionarios-e-pequenos-fornecedores\/#respond"]}]},{"@type":"WebPage","@id":"https:\/\/brasilnoticias.org\/site\/americanas-recebe-aval-da-justica-para-pagar-funcionarios-e-pequenos-fornecedores\/","url":"https:\/\/brasilnoticias.org\/site\/americanas-recebe-aval-da-justica-para-pagar-funcionarios-e-pequenos-fornecedores\/","name":"Americanas recebe aval da Justi\u00e7a para pagar funcion\u00e1rios e pequenos fornecedores - Brasil not\u00edcias","isPartOf":{"@id":"https:\/\/brasilnoticias.org\/site\/#website"},"primaryImageOfPage":{"@id":"https:\/\/brasilnoticias.org\/site\/americanas-recebe-aval-da-justica-para-pagar-funcionarios-e-pequenos-fornecedores\/#primaryimage"},"image":{"@id":"https:\/\/brasilnoticias.org\/site\/americanas-recebe-aval-da-justica-para-pagar-funcionarios-e-pequenos-fornecedores\/#primaryimage"},"thumbnailUrl":"https:\/\/brasilnoticias.org\/site\/wp-content\/uploads\/2023\/03\/naom_63ce547b18670.jpg","datePublished":"2023-03-01T09:14:11+00:00","breadcrumb":{"@id":"https:\/\/brasilnoticias.org\/site\/americanas-recebe-aval-da-justica-para-pagar-funcionarios-e-pequenos-fornecedores\/#breadcrumb"},"inLanguage":"pt-PT","potentialAction":[{"@type":"ReadAction","target":["https:\/\/brasilnoticias.org\/site\/americanas-recebe-aval-da-justica-para-pagar-funcionarios-e-pequenos-fornecedores\/"]}]},{"@type":"ImageObject","inLanguage":"pt-PT","@id":"https:\/\/brasilnoticias.org\/site\/americanas-recebe-aval-da-justica-para-pagar-funcionarios-e-pequenos-fornecedores\/#primaryimage","url":"https:\/\/brasilnoticias.org\/site\/wp-content\/uploads\/2023\/03\/naom_63ce547b18670.jpg","contentUrl":"https:\/\/brasilnoticias.org\/site\/wp-content\/uploads\/2023\/03\/naom_63ce547b18670.jpg","width":960,"height":540},{"@type":"BreadcrumbList","@id":"https:\/\/brasilnoticias.org\/site\/americanas-recebe-aval-da-justica-para-pagar-funcionarios-e-pequenos-fornecedores\/#breadcrumb","itemListElement":[{"@type":"ListItem","position":1,"name":"In\u00edcio","item":"https:\/\/brasilnoticias.org\/site\/"},{"@type":"ListItem","position":2,"name":"Americanas recebe aval da Justi\u00e7a para pagar funcion\u00e1rios e pequenos fornecedores"}]},{"@type":"WebSite","@id":"https:\/\/brasilnoticias.org\/site\/#website","url":"https:\/\/brasilnoticias.org\/site\/","name":"Brasil not\u00edcias","description":"Brasil not\u00edcias","publisher":{"@id":"https:\/\/brasilnoticias.org\/site\/#organization"},"potentialAction":[{"@type":"SearchAction","target":{"@type":"EntryPoint","urlTemplate":"https:\/\/brasilnoticias.org\/site\/?s={search_term_string}"},"query-input":{"@type":"PropertyValueSpecification","valueRequired":true,"valueName":"search_term_string"}}],"inLanguage":"pt-PT"},{"@type":"Organization","@id":"https:\/\/brasilnoticias.org\/site\/#organization","name":"Brasil not\u00edcias","url":"https:\/\/brasilnoticias.org\/site\/","logo":{"@type":"ImageObject","inLanguage":"pt-PT","@id":"https:\/\/brasilnoticias.org\/site\/#\/schema\/logo\/image\/","url":"https:\/\/brasilnoticias.org\/site\/wp-content\/uploads\/2022\/05\/cropped-brasilnoticias-mini.jpg","contentUrl":"https:\/\/brasilnoticias.org\/site\/wp-content\/uploads\/2022\/05\/cropped-brasilnoticias-mini.jpg","width":314,"height":86,"caption":"Brasil not\u00edcias"},"image":{"@id":"https:\/\/brasilnoticias.org\/site\/#\/schema\/logo\/image\/"}},{"@type":"Person","@id":"https:\/\/brasilnoticias.org\/site\/#\/schema\/person\/a0e05b973ec4d15c658d51911e53507b","name":"Reda\u00e7\u00e3o","image":{"@type":"ImageObject","inLanguage":"pt-PT","@id":"https:\/\/brasilnoticias.org\/site\/#\/schema\/person\/image\/","url":"https:\/\/secure.gravatar.com\/avatar\/75d8b050df2de108b08ae78dfb8e374892df24a383c67db9c46a9c604f6aee9c?s=96&d=mm&r=g","contentUrl":"https:\/\/secure.gravatar.com\/avatar\/75d8b050df2de108b08ae78dfb8e374892df24a383c67db9c46a9c604f6aee9c?s=96&d=mm&r=g","caption":"Reda\u00e7\u00e3o"},"sameAs":["https:\/\/brasilnoticias.org\/site"],"url":"https:\/\/brasilnoticias.org\/site\/author\/fernandozsngmail-com\/"}]}},"_links":{"self":[{"href":"https:\/\/brasilnoticias.org\/site\/wp-json\/wp\/v2\/posts\/4377","targetHints":{"allow":["GET"]}}],"collection":[{"href":"https:\/\/brasilnoticias.org\/site\/wp-json\/wp\/v2\/posts"}],"about":[{"href":"https:\/\/brasilnoticias.org\/site\/wp-json\/wp\/v2\/types\/post"}],"author":[{"embeddable":true,"href":"https:\/\/brasilnoticias.org\/site\/wp-json\/wp\/v2\/users\/1"}],"replies":[{"embeddable":true,"href":"https:\/\/brasilnoticias.org\/site\/wp-json\/wp\/v2\/comments?post=4377"}],"version-history":[{"count":1,"href":"https:\/\/brasilnoticias.org\/site\/wp-json\/wp\/v2\/posts\/4377\/revisions"}],"predecessor-version":[{"id":4379,"href":"https:\/\/brasilnoticias.org\/site\/wp-json\/wp\/v2\/posts\/4377\/revisions\/4379"}],"wp:featuredmedia":[{"embeddable":true,"href":"https:\/\/brasilnoticias.org\/site\/wp-json\/wp\/v2\/media\/4378"}],"wp:attachment":[{"href":"https:\/\/brasilnoticias.org\/site\/wp-json\/wp\/v2\/media?parent=4377"}],"wp:term":[{"taxonomy":"category","embeddable":true,"href":"https:\/\/brasilnoticias.org\/site\/wp-json\/wp\/v2\/categories?post=4377"},{"taxonomy":"post_tag","embeddable":true,"href":"https:\/\/brasilnoticias.org\/site\/wp-json\/wp\/v2\/tags?post=4377"}],"curies":[{"name":"wp","href":"https:\/\/api.w.org\/{rel}","templated":true}]}}