{"id":4386,"date":"2023-03-01T06:27:27","date_gmt":"2023-03-01T09:27:27","guid":{"rendered":"https:\/\/brasilnoticias.org\/site\/?p=4386"},"modified":"2023-03-01T06:27:27","modified_gmt":"2023-03-01T09:27:27","slug":"flamengo-decepciona-e-perde-titulo-da-recopa-para-del-valle-no-maraca","status":"publish","type":"post","link":"https:\/\/brasilnoticias.org\/site\/flamengo-decepciona-e-perde-titulo-da-recopa-para-del-valle-no-maraca\/","title":{"rendered":"Flamengo decepciona e perde t\u00edtulo da Recopa para Del Valle no Maraca"},"content":{"rendered":"<p>O Flamengo at\u00e9 conseguiu tirar o preju\u00edzo de um gol de Quito ao vencer de maneira dram\u00e1tica o Del Valle por 1 a 0, mas foi derrotado nos p\u00eanaltis pelos equatorianos, na noite desta ter\u00e7a-feira (28), e ficou sem o t\u00edtulo da Recopa Sul-Americana.<\/p>\n<p>Arrascaeta, no \u00faltimo lance do tempo regulamentar, deixou a equipe brasileira viva na prorroga\u00e7\u00e3o ao balan\u00e7ar as redes depois de quatro meses de jejum.<br \/>\nNas penalidades, no entanto, os visitantes foram mais eficientes, ficaram com a ta\u00e7a e calaram os mais de 70 mil torcedores \u2014 o uruguaio foi o \u00fanico a desperdi\u00e7ar sua cobran\u00e7a.<\/p>\n<p>O time brasileiro pressionou o Del Valle principalmente pelos lados no 1\u00b0 tempo, mas parou na trave duas vezes e se enervou com as decis\u00f5es do \u00e1rbitro Andr\u00e9s Matonte.<\/p>\n<p>Na etapa final, os equatorianos mostraram for\u00e7a defensiva, seguraram o ritmo e neutralizaram as principais armas ofensivas do Flamengo&#8230; at\u00e9 os 30 \u00faltimos segundos, quando Arrascaeta superou Ram\u00edrez.<\/p>\n<p>O vice p\u00f5e uma press\u00e3o ainda maior sobre o trabalho de V\u00edtor Pereira, que havia perdido dois torneios em sequ\u00eancia no in\u00edcio da temporada: a Supercopa do Brasil e o Mundial de Clubes.<\/p>\n<p>O Flamengo volta a jogar no domingo e tem pela frente o cl\u00e1ssico contra o Vasco -o duelo, que come\u00e7a \u00e0s 18h10 (de Bras\u00edlia), \u00e9 v\u00e1lido pelo Campeonato Carioca.<\/p>\n<p>O JOGO<\/p>\n<p>Assim que entraram em campo, jogadores das duas equipes se depararam com um grande mosaico nas arquibancadas do Maracan\u00e3. O homenageado foi o \u00eddolo Zico, que completar\u00e1 70 anos na sexta-feira (3).<\/p>\n<p>O come\u00e7o do duelo foi de dificuldade para os mandantes, que tiveram pouqu\u00edssimo espa\u00e7o pelo meio em meio \u00e0 forte marca\u00e7\u00e3o equatoriana. As brechas pelos lados acabaram descobertas s\u00f3 depois dos 15 minutos e geraram perigo: Pedro at\u00e9 chegou a marcar ao aproveitar um desvio, mas estava impedido. Depois, Gabigol pediu um p\u00eanalti diante de um bate-rebate na \u00e1rea \u2014 a arbitragem, no entanto, n\u00e3o viu infra\u00e7\u00e3o.<\/p>\n<p>Em novas jogadas pelas laterais, os brasileiros carimbaram a trave de Ram\u00edrez duas vezes em dois minutos. Primeiro, o volante aproveitou passe pelo alto de David Luiz e ficou no quase. Pouco depois, o lateral apareceu em cruzamento de \u00c9verton Ribeiro e acertou o poste.<\/p>\n<p>As bolas na trave deixaram o Flamengo mais tenso (e o Del Valle menos apressado). \u00c9verton Ribeiro e Thiago Maia acertaram jogadores rivais e acabaram amarelados. Pouco depois, Vidal se envolveu em uma confus\u00e3o com Carabajal e, ao lado do zagueiro algoz no jogo de ida, tamb\u00e9m levou cart\u00e3o. Irritados com a lentid\u00e3o equatoriana nas bolas paradas e com as decis\u00f5es de Andr\u00e9s Matonte, os torcedores passaram a xingar o \u00e1rbitro uruguaio e viram o 1\u00b0 tempo acabar sem gols.<\/p>\n<p>Os visitantes voltaram para a etapa final cada vez mais fechados e segurando a bola o m\u00e1ximo poss\u00edvel. Deu certo: as chances do Flamengo diminu\u00edram, e a entrada do atacante Kevin Rodr\u00edguez deu mais muni\u00e7\u00e3o aos contra-ataques equatorianos, cada vez mais frequentes ao longo do tempo.<\/p>\n<p>Na tentativa de reeditar as chances perigosas, VP optou por Cebolinha e Gerson no lugar dos volantes Vidal e Thiago Maia. Quando se direcionava ao banco de reservas, o chileno tentou inflamar a torcida apontando para o pulso e pediu para os rubro-negros cantarem. O problema \u00e9 que um deles, que estava na chamada &#8220;Fla Mureta&#8221; \u2014 conhecida pela cornetagem \u2014 xingou o chileno. Vidal n\u00e3o gostou e rebateu os insultos.<\/p>\n<p>Desesperado, o Flamengo se lan\u00e7ou de vez ao ataque nos minutos finais. David Luiz, de cabe\u00e7a, e Matheus Gon\u00e7alves, em chute na entrada da \u00e1rea, erraram o alvo. Coube a Arrascaeta, no lance final, balan\u00e7ar as redes ap\u00f3s cruzamento rasteiro de Cebolinha e evitar o vice no tempo regulamentar: 1 a 0.<\/p>\n<p>A primeira metade do tempo extra foi bastante truncada e n\u00e3o contou com grandes lances de perigo aos gols de Santos e Ram\u00edrez. J\u00e1 a segunda parte teve um Flamengo martelando cada vez mais o Del Valle.<\/p>\n<p>Nos p\u00eanaltis, Arrascaeta iniciou a s\u00e9rie desperdi\u00e7ando sua cobran\u00e7a, enquanto Faravelli fez o 1 a 0. David Luiz, Cebolinha, Hoyos e Previtali converteram e deixaram a disputa em 3 a 2. Gerson e Schunke tamb\u00e9m marcaram. Gabigol n\u00e3o decepcionou e deslocou o goleiro rival, mas Landazuri fez o gol do t\u00edtulo.Est\u00e1dio: Maracan\u00e3, no Rio de Janeiro<\/p>\n<p>\u00c1rbitro: Andr\u00e9s Matonte (URU)<br \/>\nAssistentes: Nicolas Tar\u00e1n (URU) e Martin Soppi (URU)<br \/>\nVAR: Andr\u00e9s Cunha (URU)<br \/>\nCart\u00f5es amarelos: \u00c9verton Ribeiro, Thiago Maia, Vidal, Varela, David Luiz, Mateus\u00e3o (FLA); Pellerano, Carabajal, Alc\u00edvar, Faravelli (IDV)<br \/>\nP\u00fablico: 71.411 torcedores<br \/>\nRenda: R$ 5.693.362,50<br \/>\nGol: Arrascaeta (FLA), aos 51min do 2\u00b0 tempo<\/p>\n<p>FLAMENGO<br \/>\nSantos; Varela (Matheuzinho), Fabr\u00edcio Bruno, David Luiz e Ayrton Lucas (Marinho); Thiago Maia (Gerson), Vidal (\u00c9verton Cebolinha), \u00c9verton Ribeiro (Matheus Gon\u00e7alves) e Arrascaeta; Gabigol e Pedro (Mateus\u00e3o). T.: V\u00edtor Pereira<\/p>\n<p>INDEPENDIENTE DEL VALLE<br \/>\nRam\u00edrez; Carabajal, Schunke e Garc\u00eda-Basso; Fern\u00e1ndez (Mercado), Faravelli, Pellerano (Previtali), Alc\u00edvar (Kevin Rodr\u00edguez), Sornoza (Land\u00e1zuri) e Beder Caicedo (Cortez); Lautaro D\u00edaz (Hoyos). T.: Mart\u00edn Anselmi<\/p>\n<p>Foto Getty<br \/>\nNot\u00edcias ao minuto<\/p>\n","protected":false},"excerpt":{"rendered":"<p>O Flamengo at\u00e9 conseguiu tirar o preju\u00edzo de um gol de Quito ao vencer de maneira dram\u00e1tica o Del Valle<\/p>\n","protected":false},"author":1,"featured_media":4387,"comment_status":"open","ping_status":"open","sticky":false,"template":"","format":"standard","meta":{"colormag_page_container_layout":"default_layout","colormag_page_sidebar_layout":"default_layout","_FSMCFIC_featured_image_caption":"","_FSMCFIC_featured_image_nocaption":"","_FSMCFIC_featured_image_hide":"","footnotes":""},"categories":[2,1],"tags":[],"class_list":["post-4386","post","type-post","status-publish","format-standard","has-post-thumbnail","hentry","category-noticias","category-ultimas"],"yoast_head":"<!-- This site is optimized with the Yoast SEO plugin v27.1.1 - https:\/\/yoast.com\/product\/yoast-seo-wordpress\/ -->\n<title>Flamengo decepciona e perde t\u00edtulo da Recopa para Del Valle no Maraca - Brasil not\u00edcias<\/title>\n<meta name=\"robots\" content=\"index, follow, max-snippet:-1, max-image-preview:large, max-video-preview:-1\" \/>\n<link rel=\"canonical\" href=\"https:\/\/brasilnoticias.org\/site\/flamengo-decepciona-e-perde-titulo-da-recopa-para-del-valle-no-maraca\/\" \/>\n<meta property=\"og:locale\" content=\"pt_PT\" \/>\n<meta property=\"og:type\" content=\"article\" \/>\n<meta property=\"og:title\" content=\"Flamengo decepciona e perde t\u00edtulo da Recopa para Del Valle no Maraca - Brasil not\u00edcias\" \/>\n<meta property=\"og:description\" content=\"O Flamengo at\u00e9 conseguiu tirar o preju\u00edzo de um gol de Quito ao vencer de maneira dram\u00e1tica o Del Valle\" \/>\n<meta property=\"og:url\" content=\"https:\/\/brasilnoticias.org\/site\/flamengo-decepciona-e-perde-titulo-da-recopa-para-del-valle-no-maraca\/\" \/>\n<meta property=\"og:site_name\" content=\"Brasil not\u00edcias\" \/>\n<meta property=\"article:published_time\" content=\"2023-03-01T09:27:27+00:00\" \/>\n<meta property=\"og:image\" content=\"https:\/\/brasilnoticias.org\/site\/wp-content\/uploads\/2023\/03\/naom_63ff0c4baed53.jpg\" \/>\n\t<meta property=\"og:image:width\" content=\"960\" \/>\n\t<meta property=\"og:image:height\" content=\"540\" \/>\n\t<meta property=\"og:image:type\" content=\"image\/jpeg\" \/>\n<meta name=\"author\" content=\"Reda\u00e7\u00e3o\" \/>\n<meta name=\"twitter:card\" content=\"summary_large_image\" \/>\n<meta name=\"twitter:label1\" content=\"Escrito por\" \/>\n\t<meta name=\"twitter:data1\" content=\"Reda\u00e7\u00e3o\" \/>\n<script type=\"application\/ld+json\" class=\"yoast-schema-graph\">{\"@context\":\"https:\/\/schema.org\",\"@graph\":[{\"@type\":\"Article\",\"@id\":\"https:\/\/brasilnoticias.org\/site\/flamengo-decepciona-e-perde-titulo-da-recopa-para-del-valle-no-maraca\/#article\",\"isPartOf\":{\"@id\":\"https:\/\/brasilnoticias.org\/site\/flamengo-decepciona-e-perde-titulo-da-recopa-para-del-valle-no-maraca\/\"},\"author\":{\"name\":\"Reda\u00e7\u00e3o\",\"@id\":\"https:\/\/brasilnoticias.org\/site\/#\/schema\/person\/a0e05b973ec4d15c658d51911e53507b\"},\"headline\":\"Flamengo decepciona e perde t\u00edtulo da Recopa para Del Valle no Maraca\",\"datePublished\":\"2023-03-01T09:27:27+00:00\",\"mainEntityOfPage\":{\"@id\":\"https:\/\/brasilnoticias.org\/site\/flamengo-decepciona-e-perde-titulo-da-recopa-para-del-valle-no-maraca\/\"},\"wordCount\":883,\"commentCount\":0,\"publisher\":{\"@id\":\"https:\/\/brasilnoticias.org\/site\/#organization\"},\"image\":{\"@id\":\"https:\/\/brasilnoticias.org\/site\/flamengo-decepciona-e-perde-titulo-da-recopa-para-del-valle-no-maraca\/#primaryimage\"},\"thumbnailUrl\":\"https:\/\/brasilnoticias.org\/site\/wp-content\/uploads\/2023\/03\/naom_63ff0c4baed53.jpg\",\"articleSection\":[\"Not\u00edcias\",\"\u00daltimas\"],\"inLanguage\":\"pt-PT\",\"potentialAction\":[{\"@type\":\"CommentAction\",\"name\":\"Comment\",\"target\":[\"https:\/\/brasilnoticias.org\/site\/flamengo-decepciona-e-perde-titulo-da-recopa-para-del-valle-no-maraca\/#respond\"]}]},{\"@type\":\"WebPage\",\"@id\":\"https:\/\/brasilnoticias.org\/site\/flamengo-decepciona-e-perde-titulo-da-recopa-para-del-valle-no-maraca\/\",\"url\":\"https:\/\/brasilnoticias.org\/site\/flamengo-decepciona-e-perde-titulo-da-recopa-para-del-valle-no-maraca\/\",\"name\":\"Flamengo decepciona e perde t\u00edtulo da Recopa para Del Valle no Maraca - Brasil not\u00edcias\",\"isPartOf\":{\"@id\":\"https:\/\/brasilnoticias.org\/site\/#website\"},\"primaryImageOfPage\":{\"@id\":\"https:\/\/brasilnoticias.org\/site\/flamengo-decepciona-e-perde-titulo-da-recopa-para-del-valle-no-maraca\/#primaryimage\"},\"image\":{\"@id\":\"https:\/\/brasilnoticias.org\/site\/flamengo-decepciona-e-perde-titulo-da-recopa-para-del-valle-no-maraca\/#primaryimage\"},\"thumbnailUrl\":\"https:\/\/brasilnoticias.org\/site\/wp-content\/uploads\/2023\/03\/naom_63ff0c4baed53.jpg\",\"datePublished\":\"2023-03-01T09:27:27+00:00\",\"breadcrumb\":{\"@id\":\"https:\/\/brasilnoticias.org\/site\/flamengo-decepciona-e-perde-titulo-da-recopa-para-del-valle-no-maraca\/#breadcrumb\"},\"inLanguage\":\"pt-PT\",\"potentialAction\":[{\"@type\":\"ReadAction\",\"target\":[\"https:\/\/brasilnoticias.org\/site\/flamengo-decepciona-e-perde-titulo-da-recopa-para-del-valle-no-maraca\/\"]}]},{\"@type\":\"ImageObject\",\"inLanguage\":\"pt-PT\",\"@id\":\"https:\/\/brasilnoticias.org\/site\/flamengo-decepciona-e-perde-titulo-da-recopa-para-del-valle-no-maraca\/#primaryimage\",\"url\":\"https:\/\/brasilnoticias.org\/site\/wp-content\/uploads\/2023\/03\/naom_63ff0c4baed53.jpg\",\"contentUrl\":\"https:\/\/brasilnoticias.org\/site\/wp-content\/uploads\/2023\/03\/naom_63ff0c4baed53.jpg\",\"width\":960,\"height\":540},{\"@type\":\"BreadcrumbList\",\"@id\":\"https:\/\/brasilnoticias.org\/site\/flamengo-decepciona-e-perde-titulo-da-recopa-para-del-valle-no-maraca\/#breadcrumb\",\"itemListElement\":[{\"@type\":\"ListItem\",\"position\":1,\"name\":\"In\u00edcio\",\"item\":\"https:\/\/brasilnoticias.org\/site\/\"},{\"@type\":\"ListItem\",\"position\":2,\"name\":\"Flamengo decepciona e perde t\u00edtulo da Recopa para Del Valle no Maraca\"}]},{\"@type\":\"WebSite\",\"@id\":\"https:\/\/brasilnoticias.org\/site\/#website\",\"url\":\"https:\/\/brasilnoticias.org\/site\/\",\"name\":\"Brasil not\u00edcias\",\"description\":\"Brasil not\u00edcias\",\"publisher\":{\"@id\":\"https:\/\/brasilnoticias.org\/site\/#organization\"},\"potentialAction\":[{\"@type\":\"SearchAction\",\"target\":{\"@type\":\"EntryPoint\",\"urlTemplate\":\"https:\/\/brasilnoticias.org\/site\/?s={search_term_string}\"},\"query-input\":{\"@type\":\"PropertyValueSpecification\",\"valueRequired\":true,\"valueName\":\"search_term_string\"}}],\"inLanguage\":\"pt-PT\"},{\"@type\":\"Organization\",\"@id\":\"https:\/\/brasilnoticias.org\/site\/#organization\",\"name\":\"Brasil not\u00edcias\",\"url\":\"https:\/\/brasilnoticias.org\/site\/\",\"logo\":{\"@type\":\"ImageObject\",\"inLanguage\":\"pt-PT\",\"@id\":\"https:\/\/brasilnoticias.org\/site\/#\/schema\/logo\/image\/\",\"url\":\"https:\/\/brasilnoticias.org\/site\/wp-content\/uploads\/2022\/05\/cropped-brasilnoticias-mini.jpg\",\"contentUrl\":\"https:\/\/brasilnoticias.org\/site\/wp-content\/uploads\/2022\/05\/cropped-brasilnoticias-mini.jpg\",\"width\":314,\"height\":86,\"caption\":\"Brasil not\u00edcias\"},\"image\":{\"@id\":\"https:\/\/brasilnoticias.org\/site\/#\/schema\/logo\/image\/\"}},{\"@type\":\"Person\",\"@id\":\"https:\/\/brasilnoticias.org\/site\/#\/schema\/person\/a0e05b973ec4d15c658d51911e53507b\",\"name\":\"Reda\u00e7\u00e3o\",\"image\":{\"@type\":\"ImageObject\",\"inLanguage\":\"pt-PT\",\"@id\":\"https:\/\/brasilnoticias.org\/site\/#\/schema\/person\/image\/\",\"url\":\"https:\/\/secure.gravatar.com\/avatar\/75d8b050df2de108b08ae78dfb8e374892df24a383c67db9c46a9c604f6aee9c?s=96&d=mm&r=g\",\"contentUrl\":\"https:\/\/secure.gravatar.com\/avatar\/75d8b050df2de108b08ae78dfb8e374892df24a383c67db9c46a9c604f6aee9c?s=96&d=mm&r=g\",\"caption\":\"Reda\u00e7\u00e3o\"},\"sameAs\":[\"https:\/\/brasilnoticias.org\/site\"],\"url\":\"https:\/\/brasilnoticias.org\/site\/author\/fernandozsngmail-com\/\"}]}<\/script>\n<!-- \/ Yoast SEO plugin. -->","yoast_head_json":{"title":"Flamengo decepciona e perde t\u00edtulo da Recopa para Del Valle no Maraca - Brasil not\u00edcias","robots":{"index":"index","follow":"follow","max-snippet":"max-snippet:-1","max-image-preview":"max-image-preview:large","max-video-preview":"max-video-preview:-1"},"canonical":"https:\/\/brasilnoticias.org\/site\/flamengo-decepciona-e-perde-titulo-da-recopa-para-del-valle-no-maraca\/","og_locale":"pt_PT","og_type":"article","og_title":"Flamengo decepciona e perde t\u00edtulo da Recopa para Del Valle no Maraca - Brasil not\u00edcias","og_description":"O Flamengo at\u00e9 conseguiu tirar o preju\u00edzo de um gol de Quito ao vencer de maneira dram\u00e1tica o Del Valle","og_url":"https:\/\/brasilnoticias.org\/site\/flamengo-decepciona-e-perde-titulo-da-recopa-para-del-valle-no-maraca\/","og_site_name":"Brasil not\u00edcias","article_published_time":"2023-03-01T09:27:27+00:00","og_image":[{"width":960,"height":540,"url":"https:\/\/brasilnoticias.org\/site\/wp-content\/uploads\/2023\/03\/naom_63ff0c4baed53.jpg","type":"image\/jpeg"}],"author":"Reda\u00e7\u00e3o","twitter_card":"summary_large_image","twitter_misc":{"Escrito por":"Reda\u00e7\u00e3o"},"schema":{"@context":"https:\/\/schema.org","@graph":[{"@type":"Article","@id":"https:\/\/brasilnoticias.org\/site\/flamengo-decepciona-e-perde-titulo-da-recopa-para-del-valle-no-maraca\/#article","isPartOf":{"@id":"https:\/\/brasilnoticias.org\/site\/flamengo-decepciona-e-perde-titulo-da-recopa-para-del-valle-no-maraca\/"},"author":{"name":"Reda\u00e7\u00e3o","@id":"https:\/\/brasilnoticias.org\/site\/#\/schema\/person\/a0e05b973ec4d15c658d51911e53507b"},"headline":"Flamengo decepciona e perde t\u00edtulo da Recopa para Del Valle no Maraca","datePublished":"2023-03-01T09:27:27+00:00","mainEntityOfPage":{"@id":"https:\/\/brasilnoticias.org\/site\/flamengo-decepciona-e-perde-titulo-da-recopa-para-del-valle-no-maraca\/"},"wordCount":883,"commentCount":0,"publisher":{"@id":"https:\/\/brasilnoticias.org\/site\/#organization"},"image":{"@id":"https:\/\/brasilnoticias.org\/site\/flamengo-decepciona-e-perde-titulo-da-recopa-para-del-valle-no-maraca\/#primaryimage"},"thumbnailUrl":"https:\/\/brasilnoticias.org\/site\/wp-content\/uploads\/2023\/03\/naom_63ff0c4baed53.jpg","articleSection":["Not\u00edcias","\u00daltimas"],"inLanguage":"pt-PT","potentialAction":[{"@type":"CommentAction","name":"Comment","target":["https:\/\/brasilnoticias.org\/site\/flamengo-decepciona-e-perde-titulo-da-recopa-para-del-valle-no-maraca\/#respond"]}]},{"@type":"WebPage","@id":"https:\/\/brasilnoticias.org\/site\/flamengo-decepciona-e-perde-titulo-da-recopa-para-del-valle-no-maraca\/","url":"https:\/\/brasilnoticias.org\/site\/flamengo-decepciona-e-perde-titulo-da-recopa-para-del-valle-no-maraca\/","name":"Flamengo decepciona e perde t\u00edtulo da Recopa para Del Valle no Maraca - Brasil not\u00edcias","isPartOf":{"@id":"https:\/\/brasilnoticias.org\/site\/#website"},"primaryImageOfPage":{"@id":"https:\/\/brasilnoticias.org\/site\/flamengo-decepciona-e-perde-titulo-da-recopa-para-del-valle-no-maraca\/#primaryimage"},"image":{"@id":"https:\/\/brasilnoticias.org\/site\/flamengo-decepciona-e-perde-titulo-da-recopa-para-del-valle-no-maraca\/#primaryimage"},"thumbnailUrl":"https:\/\/brasilnoticias.org\/site\/wp-content\/uploads\/2023\/03\/naom_63ff0c4baed53.jpg","datePublished":"2023-03-01T09:27:27+00:00","breadcrumb":{"@id":"https:\/\/brasilnoticias.org\/site\/flamengo-decepciona-e-perde-titulo-da-recopa-para-del-valle-no-maraca\/#breadcrumb"},"inLanguage":"pt-PT","potentialAction":[{"@type":"ReadAction","target":["https:\/\/brasilnoticias.org\/site\/flamengo-decepciona-e-perde-titulo-da-recopa-para-del-valle-no-maraca\/"]}]},{"@type":"ImageObject","inLanguage":"pt-PT","@id":"https:\/\/brasilnoticias.org\/site\/flamengo-decepciona-e-perde-titulo-da-recopa-para-del-valle-no-maraca\/#primaryimage","url":"https:\/\/brasilnoticias.org\/site\/wp-content\/uploads\/2023\/03\/naom_63ff0c4baed53.jpg","contentUrl":"https:\/\/brasilnoticias.org\/site\/wp-content\/uploads\/2023\/03\/naom_63ff0c4baed53.jpg","width":960,"height":540},{"@type":"BreadcrumbList","@id":"https:\/\/brasilnoticias.org\/site\/flamengo-decepciona-e-perde-titulo-da-recopa-para-del-valle-no-maraca\/#breadcrumb","itemListElement":[{"@type":"ListItem","position":1,"name":"In\u00edcio","item":"https:\/\/brasilnoticias.org\/site\/"},{"@type":"ListItem","position":2,"name":"Flamengo decepciona e perde t\u00edtulo da Recopa para Del Valle no Maraca"}]},{"@type":"WebSite","@id":"https:\/\/brasilnoticias.org\/site\/#website","url":"https:\/\/brasilnoticias.org\/site\/","name":"Brasil not\u00edcias","description":"Brasil not\u00edcias","publisher":{"@id":"https:\/\/brasilnoticias.org\/site\/#organization"},"potentialAction":[{"@type":"SearchAction","target":{"@type":"EntryPoint","urlTemplate":"https:\/\/brasilnoticias.org\/site\/?s={search_term_string}"},"query-input":{"@type":"PropertyValueSpecification","valueRequired":true,"valueName":"search_term_string"}}],"inLanguage":"pt-PT"},{"@type":"Organization","@id":"https:\/\/brasilnoticias.org\/site\/#organization","name":"Brasil not\u00edcias","url":"https:\/\/brasilnoticias.org\/site\/","logo":{"@type":"ImageObject","inLanguage":"pt-PT","@id":"https:\/\/brasilnoticias.org\/site\/#\/schema\/logo\/image\/","url":"https:\/\/brasilnoticias.org\/site\/wp-content\/uploads\/2022\/05\/cropped-brasilnoticias-mini.jpg","contentUrl":"https:\/\/brasilnoticias.org\/site\/wp-content\/uploads\/2022\/05\/cropped-brasilnoticias-mini.jpg","width":314,"height":86,"caption":"Brasil not\u00edcias"},"image":{"@id":"https:\/\/brasilnoticias.org\/site\/#\/schema\/logo\/image\/"}},{"@type":"Person","@id":"https:\/\/brasilnoticias.org\/site\/#\/schema\/person\/a0e05b973ec4d15c658d51911e53507b","name":"Reda\u00e7\u00e3o","image":{"@type":"ImageObject","inLanguage":"pt-PT","@id":"https:\/\/brasilnoticias.org\/site\/#\/schema\/person\/image\/","url":"https:\/\/secure.gravatar.com\/avatar\/75d8b050df2de108b08ae78dfb8e374892df24a383c67db9c46a9c604f6aee9c?s=96&d=mm&r=g","contentUrl":"https:\/\/secure.gravatar.com\/avatar\/75d8b050df2de108b08ae78dfb8e374892df24a383c67db9c46a9c604f6aee9c?s=96&d=mm&r=g","caption":"Reda\u00e7\u00e3o"},"sameAs":["https:\/\/brasilnoticias.org\/site"],"url":"https:\/\/brasilnoticias.org\/site\/author\/fernandozsngmail-com\/"}]}},"_links":{"self":[{"href":"https:\/\/brasilnoticias.org\/site\/wp-json\/wp\/v2\/posts\/4386","targetHints":{"allow":["GET"]}}],"collection":[{"href":"https:\/\/brasilnoticias.org\/site\/wp-json\/wp\/v2\/posts"}],"about":[{"href":"https:\/\/brasilnoticias.org\/site\/wp-json\/wp\/v2\/types\/post"}],"author":[{"embeddable":true,"href":"https:\/\/brasilnoticias.org\/site\/wp-json\/wp\/v2\/users\/1"}],"replies":[{"embeddable":true,"href":"https:\/\/brasilnoticias.org\/site\/wp-json\/wp\/v2\/comments?post=4386"}],"version-history":[{"count":1,"href":"https:\/\/brasilnoticias.org\/site\/wp-json\/wp\/v2\/posts\/4386\/revisions"}],"predecessor-version":[{"id":4388,"href":"https:\/\/brasilnoticias.org\/site\/wp-json\/wp\/v2\/posts\/4386\/revisions\/4388"}],"wp:featuredmedia":[{"embeddable":true,"href":"https:\/\/brasilnoticias.org\/site\/wp-json\/wp\/v2\/media\/4387"}],"wp:attachment":[{"href":"https:\/\/brasilnoticias.org\/site\/wp-json\/wp\/v2\/media?parent=4386"}],"wp:term":[{"taxonomy":"category","embeddable":true,"href":"https:\/\/brasilnoticias.org\/site\/wp-json\/wp\/v2\/categories?post=4386"},{"taxonomy":"post_tag","embeddable":true,"href":"https:\/\/brasilnoticias.org\/site\/wp-json\/wp\/v2\/tags?post=4386"}],"curies":[{"name":"wp","href":"https:\/\/api.w.org\/{rel}","templated":true}]}}