{"id":4396,"date":"2023-03-01T18:00:32","date_gmt":"2023-03-01T21:00:32","guid":{"rendered":"https:\/\/brasilnoticias.org\/site\/?p=4396"},"modified":"2023-03-01T06:41:02","modified_gmt":"2023-03-01T09:41:02","slug":"petroreconcavo-conclui-a-aquisicao-da-maha-energy-brasil","status":"publish","type":"post","link":"https:\/\/brasilnoticias.org\/site\/petroreconcavo-conclui-a-aquisicao-da-maha-energy-brasil\/","title":{"rendered":"PetroReconcavo conclui a aquisi\u00e7\u00e3o da Maha Energy Brasil"},"content":{"rendered":"<p>A PetroReconcavo, produtora independente de \u00f3leo e g\u00e1s em bacias terrestres, com 23 anos de atua\u00e7\u00e3o no segmento, concluiu nesta ter\u00e7a-feira (28) a aquisi\u00e7\u00e3o de 100% das a\u00e7\u00f5es da Maha Energy Brasil, empresa de explora\u00e7\u00e3o e produ\u00e7\u00e3o com sede no Rio de Janeiro e opera\u00e7\u00f5es em terra na Bahia e em Sergipe.<\/p>\n<p>A nova aquisi\u00e7\u00e3o compreende ativos como a concess\u00e3o de Ti\u00ea (100%) e dos blocos explorat\u00f3rios na Bacia do Rec\u00f4ncavo, no estado da Bahia, al\u00e9m de 75% de participa\u00e7\u00e3o na concess\u00e3o de Tartaruga, em parceria com a Petrobras, na Bacia Sergipe-Alagoas (Sergipe).<\/p>\n<p>De acordo com o CEO da Companhia, Marcelo Magalh\u00e3es, o campo de Ti\u00ea e os blocos explorat\u00f3rios est\u00e3o localizados em \u00e1reas vizinhas \u00e0s opera\u00e7\u00f5es da PetroReconcavo, nos polos baianos de Remanso e Miranga, o que garante conhecimento da regi\u00e3o. \u201cA posi\u00e7\u00e3o geogr\u00e1fica dos ativos adquiridos ir\u00e1 possibilitar a futura integra\u00e7\u00e3o com as opera\u00e7\u00f5es da Companhia, visando capturar sinergias operacionais e otimiza\u00e7\u00e3o de recursos, com potencial de produ\u00e7\u00e3o somada \u00e0 nossa capacidade de execu\u00e7\u00e3o.  A nova aquisi\u00e7\u00e3o refor\u00e7a nosso plano de expans\u00e3o e consolida\u00e7\u00e3o no onshore brasileiro\u201d, explica o CEO.<\/p>\n<p>A produ\u00e7\u00e3o m\u00e9dia de participa\u00e7\u00e3o da Maha Energy nos campos de Ti\u00ea e Tartaruga no m\u00eas de janeiro deste ano foi de 2.018 barris de \u00f3leo por dia (bopd) e 48 mil m\u00b3\/dia de g\u00e1s natural. <\/p>\n<p>Com o closing, a Companhia passa operar, a partir desta data, 60 campos de petr\u00f3leo e g\u00e1s natural e a deter direitos sobre os contratos de concess\u00e3o de 6 blocos explorat\u00f3rios, al\u00e9m de participa\u00e7\u00e3o em uma concess\u00e3o operada por terceiros. <\/p>\n<p>Conforme dados reportados \u00e0 Ag\u00eancia Nacional do Petr\u00f3leo, G\u00e1s Natural e Biocombust\u00edveis (ANP) referentes a janeiro de 2023, a produ\u00e7\u00e3o m\u00e9dia di\u00e1ria das 61 concess\u00f5es foi de 25,9 mil barris de \u00f3leo equivalente por dia.<\/p>\n<p>Foto Divulga\u00e7\u00e3o<br \/>\nCorreio da Bahia<\/p>\n","protected":false},"excerpt":{"rendered":"<p>A PetroReconcavo, produtora independente de \u00f3leo e g\u00e1s em bacias terrestres, com 23 anos de atua\u00e7\u00e3o no segmento, concluiu nesta<\/p>\n","protected":false},"author":1,"featured_media":4397,"comment_status":"open","ping_status":"open","sticky":false,"template":"","format":"standard","meta":{"colormag_page_container_layout":"default_layout","colormag_page_sidebar_layout":"default_layout","_FSMCFIC_featured_image_caption":"","_FSMCFIC_featured_image_nocaption":"","_FSMCFIC_featured_image_hide":"","footnotes":""},"categories":[2,1],"tags":[],"class_list":["post-4396","post","type-post","status-publish","format-standard","has-post-thumbnail","hentry","category-noticias","category-ultimas"],"yoast_head":"<!-- This site is optimized with the Yoast SEO plugin v27.1.1 - https:\/\/yoast.com\/product\/yoast-seo-wordpress\/ -->\n<title>PetroReconcavo conclui a aquisi\u00e7\u00e3o da Maha Energy Brasil - Brasil not\u00edcias<\/title>\n<meta name=\"robots\" content=\"index, follow, max-snippet:-1, max-image-preview:large, max-video-preview:-1\" \/>\n<link rel=\"canonical\" href=\"https:\/\/brasilnoticias.org\/site\/petroreconcavo-conclui-a-aquisicao-da-maha-energy-brasil\/\" \/>\n<meta property=\"og:locale\" content=\"pt_PT\" \/>\n<meta property=\"og:type\" content=\"article\" \/>\n<meta property=\"og:title\" content=\"PetroReconcavo conclui a aquisi\u00e7\u00e3o da Maha Energy Brasil - Brasil not\u00edcias\" \/>\n<meta property=\"og:description\" content=\"A PetroReconcavo, produtora independente de \u00f3leo e g\u00e1s em bacias terrestres, com 23 anos de atua\u00e7\u00e3o no segmento, concluiu nesta\" \/>\n<meta property=\"og:url\" content=\"https:\/\/brasilnoticias.org\/site\/petroreconcavo-conclui-a-aquisicao-da-maha-energy-brasil\/\" \/>\n<meta property=\"og:site_name\" content=\"Brasil not\u00edcias\" \/>\n<meta property=\"article:published_time\" content=\"2023-03-01T21:00:32+00:00\" \/>\n<meta property=\"og:image\" content=\"https:\/\/brasilnoticias.org\/site\/wp-content\/uploads\/2023\/03\/csm_WhatsApp_Image_2023-01-18_at_14.07.20_626db5592a.jpeg\" \/>\n\t<meta property=\"og:image:width\" content=\"940\" \/>\n\t<meta property=\"og:image:height\" content=\"500\" \/>\n\t<meta property=\"og:image:type\" content=\"image\/jpeg\" \/>\n<meta name=\"author\" content=\"Reda\u00e7\u00e3o\" \/>\n<meta name=\"twitter:card\" content=\"summary_large_image\" \/>\n<meta name=\"twitter:label1\" content=\"Escrito por\" \/>\n\t<meta name=\"twitter:data1\" content=\"Reda\u00e7\u00e3o\" \/>\n<script type=\"application\/ld+json\" class=\"yoast-schema-graph\">{\"@context\":\"https:\/\/schema.org\",\"@graph\":[{\"@type\":\"Article\",\"@id\":\"https:\/\/brasilnoticias.org\/site\/petroreconcavo-conclui-a-aquisicao-da-maha-energy-brasil\/#article\",\"isPartOf\":{\"@id\":\"https:\/\/brasilnoticias.org\/site\/petroreconcavo-conclui-a-aquisicao-da-maha-energy-brasil\/\"},\"author\":{\"name\":\"Reda\u00e7\u00e3o\",\"@id\":\"https:\/\/brasilnoticias.org\/site\/#\/schema\/person\/a0e05b973ec4d15c658d51911e53507b\"},\"headline\":\"PetroReconcavo conclui a aquisi\u00e7\u00e3o da Maha Energy Brasil\",\"datePublished\":\"2023-03-01T21:00:32+00:00\",\"mainEntityOfPage\":{\"@id\":\"https:\/\/brasilnoticias.org\/site\/petroreconcavo-conclui-a-aquisicao-da-maha-energy-brasil\/\"},\"wordCount\":346,\"commentCount\":0,\"publisher\":{\"@id\":\"https:\/\/brasilnoticias.org\/site\/#organization\"},\"image\":{\"@id\":\"https:\/\/brasilnoticias.org\/site\/petroreconcavo-conclui-a-aquisicao-da-maha-energy-brasil\/#primaryimage\"},\"thumbnailUrl\":\"https:\/\/brasilnoticias.org\/site\/wp-content\/uploads\/2023\/03\/csm_WhatsApp_Image_2023-01-18_at_14.07.20_626db5592a.jpeg\",\"articleSection\":[\"Not\u00edcias\",\"\u00daltimas\"],\"inLanguage\":\"pt-PT\",\"potentialAction\":[{\"@type\":\"CommentAction\",\"name\":\"Comment\",\"target\":[\"https:\/\/brasilnoticias.org\/site\/petroreconcavo-conclui-a-aquisicao-da-maha-energy-brasil\/#respond\"]}]},{\"@type\":\"WebPage\",\"@id\":\"https:\/\/brasilnoticias.org\/site\/petroreconcavo-conclui-a-aquisicao-da-maha-energy-brasil\/\",\"url\":\"https:\/\/brasilnoticias.org\/site\/petroreconcavo-conclui-a-aquisicao-da-maha-energy-brasil\/\",\"name\":\"PetroReconcavo conclui a aquisi\u00e7\u00e3o da Maha Energy Brasil - Brasil not\u00edcias\",\"isPartOf\":{\"@id\":\"https:\/\/brasilnoticias.org\/site\/#website\"},\"primaryImageOfPage\":{\"@id\":\"https:\/\/brasilnoticias.org\/site\/petroreconcavo-conclui-a-aquisicao-da-maha-energy-brasil\/#primaryimage\"},\"image\":{\"@id\":\"https:\/\/brasilnoticias.org\/site\/petroreconcavo-conclui-a-aquisicao-da-maha-energy-brasil\/#primaryimage\"},\"thumbnailUrl\":\"https:\/\/brasilnoticias.org\/site\/wp-content\/uploads\/2023\/03\/csm_WhatsApp_Image_2023-01-18_at_14.07.20_626db5592a.jpeg\",\"datePublished\":\"2023-03-01T21:00:32+00:00\",\"breadcrumb\":{\"@id\":\"https:\/\/brasilnoticias.org\/site\/petroreconcavo-conclui-a-aquisicao-da-maha-energy-brasil\/#breadcrumb\"},\"inLanguage\":\"pt-PT\",\"potentialAction\":[{\"@type\":\"ReadAction\",\"target\":[\"https:\/\/brasilnoticias.org\/site\/petroreconcavo-conclui-a-aquisicao-da-maha-energy-brasil\/\"]}]},{\"@type\":\"ImageObject\",\"inLanguage\":\"pt-PT\",\"@id\":\"https:\/\/brasilnoticias.org\/site\/petroreconcavo-conclui-a-aquisicao-da-maha-energy-brasil\/#primaryimage\",\"url\":\"https:\/\/brasilnoticias.org\/site\/wp-content\/uploads\/2023\/03\/csm_WhatsApp_Image_2023-01-18_at_14.07.20_626db5592a.jpeg\",\"contentUrl\":\"https:\/\/brasilnoticias.org\/site\/wp-content\/uploads\/2023\/03\/csm_WhatsApp_Image_2023-01-18_at_14.07.20_626db5592a.jpeg\",\"width\":940,\"height\":500},{\"@type\":\"BreadcrumbList\",\"@id\":\"https:\/\/brasilnoticias.org\/site\/petroreconcavo-conclui-a-aquisicao-da-maha-energy-brasil\/#breadcrumb\",\"itemListElement\":[{\"@type\":\"ListItem\",\"position\":1,\"name\":\"In\u00edcio\",\"item\":\"https:\/\/brasilnoticias.org\/site\/\"},{\"@type\":\"ListItem\",\"position\":2,\"name\":\"PetroReconcavo conclui a aquisi\u00e7\u00e3o da Maha Energy Brasil\"}]},{\"@type\":\"WebSite\",\"@id\":\"https:\/\/brasilnoticias.org\/site\/#website\",\"url\":\"https:\/\/brasilnoticias.org\/site\/\",\"name\":\"Brasil not\u00edcias\",\"description\":\"Brasil not\u00edcias\",\"publisher\":{\"@id\":\"https:\/\/brasilnoticias.org\/site\/#organization\"},\"potentialAction\":[{\"@type\":\"SearchAction\",\"target\":{\"@type\":\"EntryPoint\",\"urlTemplate\":\"https:\/\/brasilnoticias.org\/site\/?s={search_term_string}\"},\"query-input\":{\"@type\":\"PropertyValueSpecification\",\"valueRequired\":true,\"valueName\":\"search_term_string\"}}],\"inLanguage\":\"pt-PT\"},{\"@type\":\"Organization\",\"@id\":\"https:\/\/brasilnoticias.org\/site\/#organization\",\"name\":\"Brasil not\u00edcias\",\"url\":\"https:\/\/brasilnoticias.org\/site\/\",\"logo\":{\"@type\":\"ImageObject\",\"inLanguage\":\"pt-PT\",\"@id\":\"https:\/\/brasilnoticias.org\/site\/#\/schema\/logo\/image\/\",\"url\":\"https:\/\/brasilnoticias.org\/site\/wp-content\/uploads\/2022\/05\/cropped-brasilnoticias-mini.jpg\",\"contentUrl\":\"https:\/\/brasilnoticias.org\/site\/wp-content\/uploads\/2022\/05\/cropped-brasilnoticias-mini.jpg\",\"width\":314,\"height\":86,\"caption\":\"Brasil not\u00edcias\"},\"image\":{\"@id\":\"https:\/\/brasilnoticias.org\/site\/#\/schema\/logo\/image\/\"}},{\"@type\":\"Person\",\"@id\":\"https:\/\/brasilnoticias.org\/site\/#\/schema\/person\/a0e05b973ec4d15c658d51911e53507b\",\"name\":\"Reda\u00e7\u00e3o\",\"image\":{\"@type\":\"ImageObject\",\"inLanguage\":\"pt-PT\",\"@id\":\"https:\/\/brasilnoticias.org\/site\/#\/schema\/person\/image\/\",\"url\":\"https:\/\/secure.gravatar.com\/avatar\/75d8b050df2de108b08ae78dfb8e374892df24a383c67db9c46a9c604f6aee9c?s=96&d=mm&r=g\",\"contentUrl\":\"https:\/\/secure.gravatar.com\/avatar\/75d8b050df2de108b08ae78dfb8e374892df24a383c67db9c46a9c604f6aee9c?s=96&d=mm&r=g\",\"caption\":\"Reda\u00e7\u00e3o\"},\"sameAs\":[\"https:\/\/brasilnoticias.org\/site\"],\"url\":\"https:\/\/brasilnoticias.org\/site\/author\/fernandozsngmail-com\/\"}]}<\/script>\n<!-- \/ Yoast SEO plugin. -->","yoast_head_json":{"title":"PetroReconcavo conclui a aquisi\u00e7\u00e3o da Maha Energy Brasil - Brasil not\u00edcias","robots":{"index":"index","follow":"follow","max-snippet":"max-snippet:-1","max-image-preview":"max-image-preview:large","max-video-preview":"max-video-preview:-1"},"canonical":"https:\/\/brasilnoticias.org\/site\/petroreconcavo-conclui-a-aquisicao-da-maha-energy-brasil\/","og_locale":"pt_PT","og_type":"article","og_title":"PetroReconcavo conclui a aquisi\u00e7\u00e3o da Maha Energy Brasil - Brasil not\u00edcias","og_description":"A PetroReconcavo, produtora independente de \u00f3leo e g\u00e1s em bacias terrestres, com 23 anos de atua\u00e7\u00e3o no segmento, concluiu nesta","og_url":"https:\/\/brasilnoticias.org\/site\/petroreconcavo-conclui-a-aquisicao-da-maha-energy-brasil\/","og_site_name":"Brasil not\u00edcias","article_published_time":"2023-03-01T21:00:32+00:00","og_image":[{"width":940,"height":500,"url":"https:\/\/brasilnoticias.org\/site\/wp-content\/uploads\/2023\/03\/csm_WhatsApp_Image_2023-01-18_at_14.07.20_626db5592a.jpeg","type":"image\/jpeg"}],"author":"Reda\u00e7\u00e3o","twitter_card":"summary_large_image","twitter_misc":{"Escrito por":"Reda\u00e7\u00e3o"},"schema":{"@context":"https:\/\/schema.org","@graph":[{"@type":"Article","@id":"https:\/\/brasilnoticias.org\/site\/petroreconcavo-conclui-a-aquisicao-da-maha-energy-brasil\/#article","isPartOf":{"@id":"https:\/\/brasilnoticias.org\/site\/petroreconcavo-conclui-a-aquisicao-da-maha-energy-brasil\/"},"author":{"name":"Reda\u00e7\u00e3o","@id":"https:\/\/brasilnoticias.org\/site\/#\/schema\/person\/a0e05b973ec4d15c658d51911e53507b"},"headline":"PetroReconcavo conclui a aquisi\u00e7\u00e3o da Maha Energy Brasil","datePublished":"2023-03-01T21:00:32+00:00","mainEntityOfPage":{"@id":"https:\/\/brasilnoticias.org\/site\/petroreconcavo-conclui-a-aquisicao-da-maha-energy-brasil\/"},"wordCount":346,"commentCount":0,"publisher":{"@id":"https:\/\/brasilnoticias.org\/site\/#organization"},"image":{"@id":"https:\/\/brasilnoticias.org\/site\/petroreconcavo-conclui-a-aquisicao-da-maha-energy-brasil\/#primaryimage"},"thumbnailUrl":"https:\/\/brasilnoticias.org\/site\/wp-content\/uploads\/2023\/03\/csm_WhatsApp_Image_2023-01-18_at_14.07.20_626db5592a.jpeg","articleSection":["Not\u00edcias","\u00daltimas"],"inLanguage":"pt-PT","potentialAction":[{"@type":"CommentAction","name":"Comment","target":["https:\/\/brasilnoticias.org\/site\/petroreconcavo-conclui-a-aquisicao-da-maha-energy-brasil\/#respond"]}]},{"@type":"WebPage","@id":"https:\/\/brasilnoticias.org\/site\/petroreconcavo-conclui-a-aquisicao-da-maha-energy-brasil\/","url":"https:\/\/brasilnoticias.org\/site\/petroreconcavo-conclui-a-aquisicao-da-maha-energy-brasil\/","name":"PetroReconcavo conclui a aquisi\u00e7\u00e3o da Maha Energy Brasil - Brasil not\u00edcias","isPartOf":{"@id":"https:\/\/brasilnoticias.org\/site\/#website"},"primaryImageOfPage":{"@id":"https:\/\/brasilnoticias.org\/site\/petroreconcavo-conclui-a-aquisicao-da-maha-energy-brasil\/#primaryimage"},"image":{"@id":"https:\/\/brasilnoticias.org\/site\/petroreconcavo-conclui-a-aquisicao-da-maha-energy-brasil\/#primaryimage"},"thumbnailUrl":"https:\/\/brasilnoticias.org\/site\/wp-content\/uploads\/2023\/03\/csm_WhatsApp_Image_2023-01-18_at_14.07.20_626db5592a.jpeg","datePublished":"2023-03-01T21:00:32+00:00","breadcrumb":{"@id":"https:\/\/brasilnoticias.org\/site\/petroreconcavo-conclui-a-aquisicao-da-maha-energy-brasil\/#breadcrumb"},"inLanguage":"pt-PT","potentialAction":[{"@type":"ReadAction","target":["https:\/\/brasilnoticias.org\/site\/petroreconcavo-conclui-a-aquisicao-da-maha-energy-brasil\/"]}]},{"@type":"ImageObject","inLanguage":"pt-PT","@id":"https:\/\/brasilnoticias.org\/site\/petroreconcavo-conclui-a-aquisicao-da-maha-energy-brasil\/#primaryimage","url":"https:\/\/brasilnoticias.org\/site\/wp-content\/uploads\/2023\/03\/csm_WhatsApp_Image_2023-01-18_at_14.07.20_626db5592a.jpeg","contentUrl":"https:\/\/brasilnoticias.org\/site\/wp-content\/uploads\/2023\/03\/csm_WhatsApp_Image_2023-01-18_at_14.07.20_626db5592a.jpeg","width":940,"height":500},{"@type":"BreadcrumbList","@id":"https:\/\/brasilnoticias.org\/site\/petroreconcavo-conclui-a-aquisicao-da-maha-energy-brasil\/#breadcrumb","itemListElement":[{"@type":"ListItem","position":1,"name":"In\u00edcio","item":"https:\/\/brasilnoticias.org\/site\/"},{"@type":"ListItem","position":2,"name":"PetroReconcavo conclui a aquisi\u00e7\u00e3o da Maha Energy Brasil"}]},{"@type":"WebSite","@id":"https:\/\/brasilnoticias.org\/site\/#website","url":"https:\/\/brasilnoticias.org\/site\/","name":"Brasil not\u00edcias","description":"Brasil not\u00edcias","publisher":{"@id":"https:\/\/brasilnoticias.org\/site\/#organization"},"potentialAction":[{"@type":"SearchAction","target":{"@type":"EntryPoint","urlTemplate":"https:\/\/brasilnoticias.org\/site\/?s={search_term_string}"},"query-input":{"@type":"PropertyValueSpecification","valueRequired":true,"valueName":"search_term_string"}}],"inLanguage":"pt-PT"},{"@type":"Organization","@id":"https:\/\/brasilnoticias.org\/site\/#organization","name":"Brasil not\u00edcias","url":"https:\/\/brasilnoticias.org\/site\/","logo":{"@type":"ImageObject","inLanguage":"pt-PT","@id":"https:\/\/brasilnoticias.org\/site\/#\/schema\/logo\/image\/","url":"https:\/\/brasilnoticias.org\/site\/wp-content\/uploads\/2022\/05\/cropped-brasilnoticias-mini.jpg","contentUrl":"https:\/\/brasilnoticias.org\/site\/wp-content\/uploads\/2022\/05\/cropped-brasilnoticias-mini.jpg","width":314,"height":86,"caption":"Brasil not\u00edcias"},"image":{"@id":"https:\/\/brasilnoticias.org\/site\/#\/schema\/logo\/image\/"}},{"@type":"Person","@id":"https:\/\/brasilnoticias.org\/site\/#\/schema\/person\/a0e05b973ec4d15c658d51911e53507b","name":"Reda\u00e7\u00e3o","image":{"@type":"ImageObject","inLanguage":"pt-PT","@id":"https:\/\/brasilnoticias.org\/site\/#\/schema\/person\/image\/","url":"https:\/\/secure.gravatar.com\/avatar\/75d8b050df2de108b08ae78dfb8e374892df24a383c67db9c46a9c604f6aee9c?s=96&d=mm&r=g","contentUrl":"https:\/\/secure.gravatar.com\/avatar\/75d8b050df2de108b08ae78dfb8e374892df24a383c67db9c46a9c604f6aee9c?s=96&d=mm&r=g","caption":"Reda\u00e7\u00e3o"},"sameAs":["https:\/\/brasilnoticias.org\/site"],"url":"https:\/\/brasilnoticias.org\/site\/author\/fernandozsngmail-com\/"}]}},"_links":{"self":[{"href":"https:\/\/brasilnoticias.org\/site\/wp-json\/wp\/v2\/posts\/4396","targetHints":{"allow":["GET"]}}],"collection":[{"href":"https:\/\/brasilnoticias.org\/site\/wp-json\/wp\/v2\/posts"}],"about":[{"href":"https:\/\/brasilnoticias.org\/site\/wp-json\/wp\/v2\/types\/post"}],"author":[{"embeddable":true,"href":"https:\/\/brasilnoticias.org\/site\/wp-json\/wp\/v2\/users\/1"}],"replies":[{"embeddable":true,"href":"https:\/\/brasilnoticias.org\/site\/wp-json\/wp\/v2\/comments?post=4396"}],"version-history":[{"count":1,"href":"https:\/\/brasilnoticias.org\/site\/wp-json\/wp\/v2\/posts\/4396\/revisions"}],"predecessor-version":[{"id":4398,"href":"https:\/\/brasilnoticias.org\/site\/wp-json\/wp\/v2\/posts\/4396\/revisions\/4398"}],"wp:featuredmedia":[{"embeddable":true,"href":"https:\/\/brasilnoticias.org\/site\/wp-json\/wp\/v2\/media\/4397"}],"wp:attachment":[{"href":"https:\/\/brasilnoticias.org\/site\/wp-json\/wp\/v2\/media?parent=4396"}],"wp:term":[{"taxonomy":"category","embeddable":true,"href":"https:\/\/brasilnoticias.org\/site\/wp-json\/wp\/v2\/categories?post=4396"},{"taxonomy":"post_tag","embeddable":true,"href":"https:\/\/brasilnoticias.org\/site\/wp-json\/wp\/v2\/tags?post=4396"}],"curies":[{"name":"wp","href":"https:\/\/api.w.org\/{rel}","templated":true}]}}