{"id":4408,"date":"2023-03-02T06:58:10","date_gmt":"2023-03-02T09:58:10","guid":{"rendered":"https:\/\/brasilnoticias.org\/site\/?p=4408"},"modified":"2023-03-02T06:58:10","modified_gmt":"2023-03-02T09:58:10","slug":"senadores-definem-que-trabalharao-so-tres-dias-por-semana-e-tres-semanas-por-mes","status":"publish","type":"post","link":"https:\/\/brasilnoticias.org\/site\/senadores-definem-que-trabalharao-so-tres-dias-por-semana-e-tres-semanas-por-mes\/","title":{"rendered":"Senadores definem que trabalhar\u00e3o s\u00f3 tr\u00eas dias por semana e tr\u00eas semanas por m\u00eas"},"content":{"rendered":"<p>Na primeira reuni\u00e3o ap\u00f3s terem emendado o feriado de carnaval, os senadores decidiram se autoconceder semanas reduzidas de trabalho. Com aval do presidente do Senado, Rodrigo Pacheco (PSD-MG), foi definido que s\u00f3 ser\u00e3o votados projetos \u00e0s ter\u00e7as, quartas e quintas-feiras. Segundas e sextas ter\u00e3o sess\u00f5es n\u00e3o deliberativas, o que significa que os parlamentares n\u00e3o precisar\u00e3o trabalhar nesses dois dias, pois n\u00e3o ser\u00e1 considerado falta.<br \/>\nOs senadores tamb\u00e9m institu\u00edram o m\u00eas de tr\u00eas semanas. Funcionar\u00e1 assim: na \u00faltima semana do m\u00eas, o trabalho ser\u00e1 remoto e &#8220;com pauta tranquila&#8221;. Na pr\u00e1tica, o senador s\u00f3 precisar\u00e1 trabalhar nove dias num m\u00eas em Bras\u00edlia. O sal\u00e1rio atual dos senadores \u00e9 R$ 39,2 mil, mas o valor ir\u00e1 saltar para R$ 41,6 mil a partir de abril. O reajuste foi definido no final do ano passado.<\/p>\n<p>O l\u00edder do Podemos no Senado, Oriovisto Guimar\u00e3es (PR), defendeu a medida. &#8220;Acho que foi um avan\u00e7o. Isto vai permitir um maior contato com a base de cada senador, uma semana por m\u00eas&#8221;, afirmou. Segundo o parlamentar, a decis\u00e3o foi un\u00e2nime entre os l\u00edderes partid\u00e1rios.<\/p>\n<p>A semana curta costumava ser um h\u00e1bito no Congresso para que os senadores e deputados pudessem voltar aos seus Estados. A pandemia, contudo, permitiu vota\u00e7\u00f5es remotas. Mesmo com esse recurso, o privil\u00e9gio de trabalhar apenas tr\u00eas dias na semana foi mantido.<\/p>\n<p>Na reuni\u00e3o desta ter\u00e7a-feira, 28, os senadores decidiram ainda que \u00e0s ter\u00e7a e quartas-feiras, o expediente come\u00e7a s\u00f3 \u00e0 tarde. O in\u00edcio programado \u00e9 \u00e0s 14h, mas vota\u00e7\u00e3o mesmo s\u00f3 a partir das 16h. Est\u00e3o liberadas no per\u00edodo da manh\u00e3, no entanto, sess\u00f5es nas comiss\u00f5es tem\u00e1ticas. Os senadores s\u00f3 t\u00eam desconto no sal\u00e1rio se faltarem nas vota\u00e7\u00f5es em plen\u00e1rio, sess\u00f5es que come\u00e7am \u00e0s 16h.<\/p>\n<p>Ap\u00f3s a publica\u00e7\u00e3o desta reportagem, o Senado enviou nota sustentando que a decis\u00e3o apenas buscou revogar delibera\u00e7\u00f5es anteriores da Mesa Diretora da Casa que valeram para o per\u00edodo da pandemia. O Senado alegou ainda que o regimento da Casa prev\u00ea que sess\u00f5es podem ocorrer de segunda a quinta-feira \u00e0 tarde e sexta pela manh\u00e3. A decis\u00e3o deste ano, no entanto, como mostrou o Estad\u00e3o, j\u00e1 define que n\u00e3o haver\u00e1 vota\u00e7\u00f5es \u00e0s segundas e sextas-feiras e ainda que as pautas da \u00faltima semana do m\u00eas devem ser &#8220;tranquilas&#8221;, evitando temas pol\u00eamicos que exijam quorum qualificado.<\/p>\n<p>Campe\u00e3o de despesas<\/p>\n<p>Como mostrou o Estad\u00e3o, o Brasil tem o segundo Congresso mais caro do mundo, em n\u00fameros absolutos. S\u00f3 o parlamento dos Estados Unidos &#8211; a maior economia do mundo &#8211; possui or\u00e7amento superior. \u00c9 como se cada um dos 513 deputados e 81 senadores brasileiros custasse pouco mais de US$ 5 milh\u00f5es por ano, o equivalente a R$ 23,8 milh\u00f5es na cota\u00e7\u00e3o da \u00faltima sexta-feira, 24. Os dados, aos quais o Estad\u00e3o teve acesso, s\u00e3o a conclus\u00e3o de um estudo de pesquisadores das universidades de Iowa e do Sul da Calif\u00f3rnia e da Universidade de Bras\u00edlia.<\/p>\n<p>O gasto com cada congressista corresponde a 528 vezes a renda m\u00e9dia dos brasileiros. O segundo lugar \u00e9 da Argentina. L\u00e1, cada congressista custa o equivalente a 228 vezes a renda m\u00e9dia local. Para chegar a esta conclus\u00e3o, os pesquisadores compararam o or\u00e7amento dos parlamentos e congressos de 33 pa\u00edses, compilados pela Uni\u00e3o Parlamentar Internacional (IPU, na sigla em ingl\u00eas), o Banco Mundial e o escrit\u00f3rio do FED (o Banco Central dos EUA) em St. Louis (no Estado do Missouri).<\/p>\n<p>Aumento<\/p>\n<p>Na terceira semana de fevereiro, o Senado aumentou o valor da cota parlamentar repassada aos senadores. Em 2023, senadores ter\u00e3o mais 6% no recurso; em 2024, 6% e em 2025, 6,13%. Os representantes do Distrito Federal e Goi\u00e1s recebem o menor repasse (R$ 22.307,91), enquanto os do Amazonas recebem o maior valor (R$ 46.933,20). Al\u00e9m disso, senadores ganharam um aumento no aux\u00edlio-moradia, antes de R$ 5,5 mil para at\u00e9 R$ 9 mil. As a\u00e7\u00f5es aconteceram ap\u00f3s a reelei\u00e7\u00e3o de Pacheco na Casa.<\/p>\n<p>Foto imagem ilustrativa<br \/>\nNot\u00edcias ao minuto<\/p>\n","protected":false},"excerpt":{"rendered":"<p>Na primeira reuni\u00e3o ap\u00f3s terem emendado o feriado de carnaval, os senadores decidiram se autoconceder semanas reduzidas de trabalho. Com<\/p>\n","protected":false},"author":1,"featured_media":4409,"comment_status":"open","ping_status":"open","sticky":false,"template":"","format":"standard","meta":{"colormag_page_container_layout":"default_layout","colormag_page_sidebar_layout":"default_layout","_FSMCFIC_featured_image_caption":"","_FSMCFIC_featured_image_nocaption":"","_FSMCFIC_featured_image_hide":"","footnotes":""},"categories":[5,1],"tags":[],"class_list":["post-4408","post","type-post","status-publish","format-standard","has-post-thumbnail","hentry","category-politica","category-ultimas"],"yoast_head":"<!-- This site is optimized with the Yoast SEO plugin v27.1.1 - https:\/\/yoast.com\/product\/yoast-seo-wordpress\/ -->\n<title>Senadores definem que trabalhar\u00e3o s\u00f3 tr\u00eas dias por semana e tr\u00eas semanas por m\u00eas - Brasil not\u00edcias<\/title>\n<meta name=\"robots\" content=\"index, follow, max-snippet:-1, max-image-preview:large, max-video-preview:-1\" \/>\n<link rel=\"canonical\" href=\"https:\/\/brasilnoticias.org\/site\/senadores-definem-que-trabalharao-so-tres-dias-por-semana-e-tres-semanas-por-mes\/\" \/>\n<meta property=\"og:locale\" content=\"pt_PT\" \/>\n<meta property=\"og:type\" content=\"article\" \/>\n<meta property=\"og:title\" content=\"Senadores definem que trabalhar\u00e3o s\u00f3 tr\u00eas dias por semana e tr\u00eas semanas por m\u00eas - Brasil not\u00edcias\" \/>\n<meta property=\"og:description\" content=\"Na primeira reuni\u00e3o ap\u00f3s terem emendado o feriado de carnaval, os senadores decidiram se autoconceder semanas reduzidas de trabalho. Com\" \/>\n<meta property=\"og:url\" content=\"https:\/\/brasilnoticias.org\/site\/senadores-definem-que-trabalharao-so-tres-dias-por-semana-e-tres-semanas-por-mes\/\" \/>\n<meta property=\"og:site_name\" content=\"Brasil not\u00edcias\" \/>\n<meta property=\"article:published_time\" content=\"2023-03-02T09:58:10+00:00\" \/>\n<meta property=\"og:image\" content=\"https:\/\/brasilnoticias.org\/site\/wp-content\/uploads\/2023\/03\/naom_639054dd7793a.jpg\" \/>\n\t<meta property=\"og:image:width\" content=\"960\" \/>\n\t<meta property=\"og:image:height\" content=\"540\" \/>\n\t<meta property=\"og:image:type\" content=\"image\/jpeg\" \/>\n<meta name=\"author\" content=\"Reda\u00e7\u00e3o\" \/>\n<meta name=\"twitter:card\" content=\"summary_large_image\" \/>\n<meta name=\"twitter:label1\" content=\"Escrito por\" \/>\n\t<meta name=\"twitter:data1\" content=\"Reda\u00e7\u00e3o\" \/>\n<script type=\"application\/ld+json\" class=\"yoast-schema-graph\">{\"@context\":\"https:\/\/schema.org\",\"@graph\":[{\"@type\":\"Article\",\"@id\":\"https:\/\/brasilnoticias.org\/site\/senadores-definem-que-trabalharao-so-tres-dias-por-semana-e-tres-semanas-por-mes\/#article\",\"isPartOf\":{\"@id\":\"https:\/\/brasilnoticias.org\/site\/senadores-definem-que-trabalharao-so-tres-dias-por-semana-e-tres-semanas-por-mes\/\"},\"author\":{\"name\":\"Reda\u00e7\u00e3o\",\"@id\":\"https:\/\/brasilnoticias.org\/site\/#\/schema\/person\/a0e05b973ec4d15c658d51911e53507b\"},\"headline\":\"Senadores definem que trabalhar\u00e3o s\u00f3 tr\u00eas dias por semana e tr\u00eas semanas por m\u00eas\",\"datePublished\":\"2023-03-02T09:58:10+00:00\",\"mainEntityOfPage\":{\"@id\":\"https:\/\/brasilnoticias.org\/site\/senadores-definem-que-trabalharao-so-tres-dias-por-semana-e-tres-semanas-por-mes\/\"},\"wordCount\":723,\"commentCount\":0,\"publisher\":{\"@id\":\"https:\/\/brasilnoticias.org\/site\/#organization\"},\"image\":{\"@id\":\"https:\/\/brasilnoticias.org\/site\/senadores-definem-que-trabalharao-so-tres-dias-por-semana-e-tres-semanas-por-mes\/#primaryimage\"},\"thumbnailUrl\":\"https:\/\/brasilnoticias.org\/site\/wp-content\/uploads\/2023\/03\/naom_639054dd7793a.jpg\",\"articleSection\":[\"Pol\u00edtica\",\"\u00daltimas\"],\"inLanguage\":\"pt-PT\",\"potentialAction\":[{\"@type\":\"CommentAction\",\"name\":\"Comment\",\"target\":[\"https:\/\/brasilnoticias.org\/site\/senadores-definem-que-trabalharao-so-tres-dias-por-semana-e-tres-semanas-por-mes\/#respond\"]}]},{\"@type\":\"WebPage\",\"@id\":\"https:\/\/brasilnoticias.org\/site\/senadores-definem-que-trabalharao-so-tres-dias-por-semana-e-tres-semanas-por-mes\/\",\"url\":\"https:\/\/brasilnoticias.org\/site\/senadores-definem-que-trabalharao-so-tres-dias-por-semana-e-tres-semanas-por-mes\/\",\"name\":\"Senadores definem que trabalhar\u00e3o s\u00f3 tr\u00eas dias por semana e tr\u00eas semanas por m\u00eas - Brasil not\u00edcias\",\"isPartOf\":{\"@id\":\"https:\/\/brasilnoticias.org\/site\/#website\"},\"primaryImageOfPage\":{\"@id\":\"https:\/\/brasilnoticias.org\/site\/senadores-definem-que-trabalharao-so-tres-dias-por-semana-e-tres-semanas-por-mes\/#primaryimage\"},\"image\":{\"@id\":\"https:\/\/brasilnoticias.org\/site\/senadores-definem-que-trabalharao-so-tres-dias-por-semana-e-tres-semanas-por-mes\/#primaryimage\"},\"thumbnailUrl\":\"https:\/\/brasilnoticias.org\/site\/wp-content\/uploads\/2023\/03\/naom_639054dd7793a.jpg\",\"datePublished\":\"2023-03-02T09:58:10+00:00\",\"breadcrumb\":{\"@id\":\"https:\/\/brasilnoticias.org\/site\/senadores-definem-que-trabalharao-so-tres-dias-por-semana-e-tres-semanas-por-mes\/#breadcrumb\"},\"inLanguage\":\"pt-PT\",\"potentialAction\":[{\"@type\":\"ReadAction\",\"target\":[\"https:\/\/brasilnoticias.org\/site\/senadores-definem-que-trabalharao-so-tres-dias-por-semana-e-tres-semanas-por-mes\/\"]}]},{\"@type\":\"ImageObject\",\"inLanguage\":\"pt-PT\",\"@id\":\"https:\/\/brasilnoticias.org\/site\/senadores-definem-que-trabalharao-so-tres-dias-por-semana-e-tres-semanas-por-mes\/#primaryimage\",\"url\":\"https:\/\/brasilnoticias.org\/site\/wp-content\/uploads\/2023\/03\/naom_639054dd7793a.jpg\",\"contentUrl\":\"https:\/\/brasilnoticias.org\/site\/wp-content\/uploads\/2023\/03\/naom_639054dd7793a.jpg\",\"width\":960,\"height\":540},{\"@type\":\"BreadcrumbList\",\"@id\":\"https:\/\/brasilnoticias.org\/site\/senadores-definem-que-trabalharao-so-tres-dias-por-semana-e-tres-semanas-por-mes\/#breadcrumb\",\"itemListElement\":[{\"@type\":\"ListItem\",\"position\":1,\"name\":\"In\u00edcio\",\"item\":\"https:\/\/brasilnoticias.org\/site\/\"},{\"@type\":\"ListItem\",\"position\":2,\"name\":\"Senadores definem que trabalhar\u00e3o s\u00f3 tr\u00eas dias por semana e tr\u00eas semanas por m\u00eas\"}]},{\"@type\":\"WebSite\",\"@id\":\"https:\/\/brasilnoticias.org\/site\/#website\",\"url\":\"https:\/\/brasilnoticias.org\/site\/\",\"name\":\"Brasil not\u00edcias\",\"description\":\"Brasil not\u00edcias\",\"publisher\":{\"@id\":\"https:\/\/brasilnoticias.org\/site\/#organization\"},\"potentialAction\":[{\"@type\":\"SearchAction\",\"target\":{\"@type\":\"EntryPoint\",\"urlTemplate\":\"https:\/\/brasilnoticias.org\/site\/?s={search_term_string}\"},\"query-input\":{\"@type\":\"PropertyValueSpecification\",\"valueRequired\":true,\"valueName\":\"search_term_string\"}}],\"inLanguage\":\"pt-PT\"},{\"@type\":\"Organization\",\"@id\":\"https:\/\/brasilnoticias.org\/site\/#organization\",\"name\":\"Brasil not\u00edcias\",\"url\":\"https:\/\/brasilnoticias.org\/site\/\",\"logo\":{\"@type\":\"ImageObject\",\"inLanguage\":\"pt-PT\",\"@id\":\"https:\/\/brasilnoticias.org\/site\/#\/schema\/logo\/image\/\",\"url\":\"https:\/\/brasilnoticias.org\/site\/wp-content\/uploads\/2022\/05\/cropped-brasilnoticias-mini.jpg\",\"contentUrl\":\"https:\/\/brasilnoticias.org\/site\/wp-content\/uploads\/2022\/05\/cropped-brasilnoticias-mini.jpg\",\"width\":314,\"height\":86,\"caption\":\"Brasil not\u00edcias\"},\"image\":{\"@id\":\"https:\/\/brasilnoticias.org\/site\/#\/schema\/logo\/image\/\"}},{\"@type\":\"Person\",\"@id\":\"https:\/\/brasilnoticias.org\/site\/#\/schema\/person\/a0e05b973ec4d15c658d51911e53507b\",\"name\":\"Reda\u00e7\u00e3o\",\"image\":{\"@type\":\"ImageObject\",\"inLanguage\":\"pt-PT\",\"@id\":\"https:\/\/brasilnoticias.org\/site\/#\/schema\/person\/image\/\",\"url\":\"https:\/\/secure.gravatar.com\/avatar\/75d8b050df2de108b08ae78dfb8e374892df24a383c67db9c46a9c604f6aee9c?s=96&d=mm&r=g\",\"contentUrl\":\"https:\/\/secure.gravatar.com\/avatar\/75d8b050df2de108b08ae78dfb8e374892df24a383c67db9c46a9c604f6aee9c?s=96&d=mm&r=g\",\"caption\":\"Reda\u00e7\u00e3o\"},\"sameAs\":[\"https:\/\/brasilnoticias.org\/site\"],\"url\":\"https:\/\/brasilnoticias.org\/site\/author\/fernandozsngmail-com\/\"}]}<\/script>\n<!-- \/ Yoast SEO plugin. -->","yoast_head_json":{"title":"Senadores definem que trabalhar\u00e3o s\u00f3 tr\u00eas dias por semana e tr\u00eas semanas por m\u00eas - Brasil not\u00edcias","robots":{"index":"index","follow":"follow","max-snippet":"max-snippet:-1","max-image-preview":"max-image-preview:large","max-video-preview":"max-video-preview:-1"},"canonical":"https:\/\/brasilnoticias.org\/site\/senadores-definem-que-trabalharao-so-tres-dias-por-semana-e-tres-semanas-por-mes\/","og_locale":"pt_PT","og_type":"article","og_title":"Senadores definem que trabalhar\u00e3o s\u00f3 tr\u00eas dias por semana e tr\u00eas semanas por m\u00eas - Brasil not\u00edcias","og_description":"Na primeira reuni\u00e3o ap\u00f3s terem emendado o feriado de carnaval, os senadores decidiram se autoconceder semanas reduzidas de trabalho. Com","og_url":"https:\/\/brasilnoticias.org\/site\/senadores-definem-que-trabalharao-so-tres-dias-por-semana-e-tres-semanas-por-mes\/","og_site_name":"Brasil not\u00edcias","article_published_time":"2023-03-02T09:58:10+00:00","og_image":[{"width":960,"height":540,"url":"https:\/\/brasilnoticias.org\/site\/wp-content\/uploads\/2023\/03\/naom_639054dd7793a.jpg","type":"image\/jpeg"}],"author":"Reda\u00e7\u00e3o","twitter_card":"summary_large_image","twitter_misc":{"Escrito por":"Reda\u00e7\u00e3o"},"schema":{"@context":"https:\/\/schema.org","@graph":[{"@type":"Article","@id":"https:\/\/brasilnoticias.org\/site\/senadores-definem-que-trabalharao-so-tres-dias-por-semana-e-tres-semanas-por-mes\/#article","isPartOf":{"@id":"https:\/\/brasilnoticias.org\/site\/senadores-definem-que-trabalharao-so-tres-dias-por-semana-e-tres-semanas-por-mes\/"},"author":{"name":"Reda\u00e7\u00e3o","@id":"https:\/\/brasilnoticias.org\/site\/#\/schema\/person\/a0e05b973ec4d15c658d51911e53507b"},"headline":"Senadores definem que trabalhar\u00e3o s\u00f3 tr\u00eas dias por semana e tr\u00eas semanas por m\u00eas","datePublished":"2023-03-02T09:58:10+00:00","mainEntityOfPage":{"@id":"https:\/\/brasilnoticias.org\/site\/senadores-definem-que-trabalharao-so-tres-dias-por-semana-e-tres-semanas-por-mes\/"},"wordCount":723,"commentCount":0,"publisher":{"@id":"https:\/\/brasilnoticias.org\/site\/#organization"},"image":{"@id":"https:\/\/brasilnoticias.org\/site\/senadores-definem-que-trabalharao-so-tres-dias-por-semana-e-tres-semanas-por-mes\/#primaryimage"},"thumbnailUrl":"https:\/\/brasilnoticias.org\/site\/wp-content\/uploads\/2023\/03\/naom_639054dd7793a.jpg","articleSection":["Pol\u00edtica","\u00daltimas"],"inLanguage":"pt-PT","potentialAction":[{"@type":"CommentAction","name":"Comment","target":["https:\/\/brasilnoticias.org\/site\/senadores-definem-que-trabalharao-so-tres-dias-por-semana-e-tres-semanas-por-mes\/#respond"]}]},{"@type":"WebPage","@id":"https:\/\/brasilnoticias.org\/site\/senadores-definem-que-trabalharao-so-tres-dias-por-semana-e-tres-semanas-por-mes\/","url":"https:\/\/brasilnoticias.org\/site\/senadores-definem-que-trabalharao-so-tres-dias-por-semana-e-tres-semanas-por-mes\/","name":"Senadores definem que trabalhar\u00e3o s\u00f3 tr\u00eas dias por semana e tr\u00eas semanas por m\u00eas - Brasil not\u00edcias","isPartOf":{"@id":"https:\/\/brasilnoticias.org\/site\/#website"},"primaryImageOfPage":{"@id":"https:\/\/brasilnoticias.org\/site\/senadores-definem-que-trabalharao-so-tres-dias-por-semana-e-tres-semanas-por-mes\/#primaryimage"},"image":{"@id":"https:\/\/brasilnoticias.org\/site\/senadores-definem-que-trabalharao-so-tres-dias-por-semana-e-tres-semanas-por-mes\/#primaryimage"},"thumbnailUrl":"https:\/\/brasilnoticias.org\/site\/wp-content\/uploads\/2023\/03\/naom_639054dd7793a.jpg","datePublished":"2023-03-02T09:58:10+00:00","breadcrumb":{"@id":"https:\/\/brasilnoticias.org\/site\/senadores-definem-que-trabalharao-so-tres-dias-por-semana-e-tres-semanas-por-mes\/#breadcrumb"},"inLanguage":"pt-PT","potentialAction":[{"@type":"ReadAction","target":["https:\/\/brasilnoticias.org\/site\/senadores-definem-que-trabalharao-so-tres-dias-por-semana-e-tres-semanas-por-mes\/"]}]},{"@type":"ImageObject","inLanguage":"pt-PT","@id":"https:\/\/brasilnoticias.org\/site\/senadores-definem-que-trabalharao-so-tres-dias-por-semana-e-tres-semanas-por-mes\/#primaryimage","url":"https:\/\/brasilnoticias.org\/site\/wp-content\/uploads\/2023\/03\/naom_639054dd7793a.jpg","contentUrl":"https:\/\/brasilnoticias.org\/site\/wp-content\/uploads\/2023\/03\/naom_639054dd7793a.jpg","width":960,"height":540},{"@type":"BreadcrumbList","@id":"https:\/\/brasilnoticias.org\/site\/senadores-definem-que-trabalharao-so-tres-dias-por-semana-e-tres-semanas-por-mes\/#breadcrumb","itemListElement":[{"@type":"ListItem","position":1,"name":"In\u00edcio","item":"https:\/\/brasilnoticias.org\/site\/"},{"@type":"ListItem","position":2,"name":"Senadores definem que trabalhar\u00e3o s\u00f3 tr\u00eas dias por semana e tr\u00eas semanas por m\u00eas"}]},{"@type":"WebSite","@id":"https:\/\/brasilnoticias.org\/site\/#website","url":"https:\/\/brasilnoticias.org\/site\/","name":"Brasil not\u00edcias","description":"Brasil not\u00edcias","publisher":{"@id":"https:\/\/brasilnoticias.org\/site\/#organization"},"potentialAction":[{"@type":"SearchAction","target":{"@type":"EntryPoint","urlTemplate":"https:\/\/brasilnoticias.org\/site\/?s={search_term_string}"},"query-input":{"@type":"PropertyValueSpecification","valueRequired":true,"valueName":"search_term_string"}}],"inLanguage":"pt-PT"},{"@type":"Organization","@id":"https:\/\/brasilnoticias.org\/site\/#organization","name":"Brasil not\u00edcias","url":"https:\/\/brasilnoticias.org\/site\/","logo":{"@type":"ImageObject","inLanguage":"pt-PT","@id":"https:\/\/brasilnoticias.org\/site\/#\/schema\/logo\/image\/","url":"https:\/\/brasilnoticias.org\/site\/wp-content\/uploads\/2022\/05\/cropped-brasilnoticias-mini.jpg","contentUrl":"https:\/\/brasilnoticias.org\/site\/wp-content\/uploads\/2022\/05\/cropped-brasilnoticias-mini.jpg","width":314,"height":86,"caption":"Brasil not\u00edcias"},"image":{"@id":"https:\/\/brasilnoticias.org\/site\/#\/schema\/logo\/image\/"}},{"@type":"Person","@id":"https:\/\/brasilnoticias.org\/site\/#\/schema\/person\/a0e05b973ec4d15c658d51911e53507b","name":"Reda\u00e7\u00e3o","image":{"@type":"ImageObject","inLanguage":"pt-PT","@id":"https:\/\/brasilnoticias.org\/site\/#\/schema\/person\/image\/","url":"https:\/\/secure.gravatar.com\/avatar\/75d8b050df2de108b08ae78dfb8e374892df24a383c67db9c46a9c604f6aee9c?s=96&d=mm&r=g","contentUrl":"https:\/\/secure.gravatar.com\/avatar\/75d8b050df2de108b08ae78dfb8e374892df24a383c67db9c46a9c604f6aee9c?s=96&d=mm&r=g","caption":"Reda\u00e7\u00e3o"},"sameAs":["https:\/\/brasilnoticias.org\/site"],"url":"https:\/\/brasilnoticias.org\/site\/author\/fernandozsngmail-com\/"}]}},"_links":{"self":[{"href":"https:\/\/brasilnoticias.org\/site\/wp-json\/wp\/v2\/posts\/4408","targetHints":{"allow":["GET"]}}],"collection":[{"href":"https:\/\/brasilnoticias.org\/site\/wp-json\/wp\/v2\/posts"}],"about":[{"href":"https:\/\/brasilnoticias.org\/site\/wp-json\/wp\/v2\/types\/post"}],"author":[{"embeddable":true,"href":"https:\/\/brasilnoticias.org\/site\/wp-json\/wp\/v2\/users\/1"}],"replies":[{"embeddable":true,"href":"https:\/\/brasilnoticias.org\/site\/wp-json\/wp\/v2\/comments?post=4408"}],"version-history":[{"count":1,"href":"https:\/\/brasilnoticias.org\/site\/wp-json\/wp\/v2\/posts\/4408\/revisions"}],"predecessor-version":[{"id":4410,"href":"https:\/\/brasilnoticias.org\/site\/wp-json\/wp\/v2\/posts\/4408\/revisions\/4410"}],"wp:featuredmedia":[{"embeddable":true,"href":"https:\/\/brasilnoticias.org\/site\/wp-json\/wp\/v2\/media\/4409"}],"wp:attachment":[{"href":"https:\/\/brasilnoticias.org\/site\/wp-json\/wp\/v2\/media?parent=4408"}],"wp:term":[{"taxonomy":"category","embeddable":true,"href":"https:\/\/brasilnoticias.org\/site\/wp-json\/wp\/v2\/categories?post=4408"},{"taxonomy":"post_tag","embeddable":true,"href":"https:\/\/brasilnoticias.org\/site\/wp-json\/wp\/v2\/tags?post=4408"}],"curies":[{"name":"wp","href":"https:\/\/api.w.org\/{rel}","templated":true}]}}