{"id":4411,"date":"2023-03-02T07:07:28","date_gmt":"2023-03-02T10:07:28","guid":{"rendered":"https:\/\/brasilnoticias.org\/site\/?p=4411"},"modified":"2023-03-02T07:07:28","modified_gmt":"2023-03-02T10:07:28","slug":"branqueamento-dentario-mitos-em-que-tem-de-deixar-de-acreditar","status":"publish","type":"post","link":"https:\/\/brasilnoticias.org\/site\/branqueamento-dentario-mitos-em-que-tem-de-deixar-de-acreditar\/","title":{"rendered":"Branqueamento dent\u00e1rio. Mitos em que tem de deixar de acreditar"},"content":{"rendered":"<p>A preocupa\u00e7\u00e3o com o sorriso \u00e9 um tema que leva cada vez mais os pacientes a visitar o seu m\u00e9dico dentista ou higienista oral. Existem tratamentos que provocam mudan\u00e7as ao n\u00edvel do bem-estar que n\u00e3o s\u00e3o vis\u00edveis aos olhos de cada pessoa, mas h\u00e1 outros que de fato podem influenciar bastante a imagem que temos de n\u00f3s mesmos, levando mesmo a uma melhoria da autoestima &#8211; \u00e9 o caso do branqueamento dent\u00e1rio.<\/p>\n<p>Em comunicado, o Instituto de Implantologia explica que existem dois tipos de branqueamento: &#8220;Aquele que \u00e9 feito em casa, com recurso de moldeiras personalizadas, e o que \u00e9 feito em consult\u00f3rio&#8221;. Contudo, &#8220;antes do paciente avan\u00e7ar, \u00e9 sempre necess\u00e1rio realizar primeiro uma consulta de avalia\u00e7\u00e3o cl\u00ednica, onde s\u00e3o feitos diferentes exames que asseguram a aus\u00eancia de qualquer tipo de problema na cavidade oral, como a c\u00e1rie ou doen\u00e7a periodontal&#8221;, acrescenta, destacando que, &#8220;como este \u00e9 um tema bastante popular, a desinforma\u00e7\u00e3o associada ao mesmo tamb\u00e9m \u00e9 muita&#8221;.<\/p>\n<p>Como tal, a equipe do Instituto de Implantologia compartilha alguns mitos a que deve estar atento: <\/p>\n<p>1- O branqueamento dent\u00e1rio enfraquece os dentes<\/p>\n<p>&#8220;Quando realizado por profissionais de sa\u00fade oral e de forma segura, o branqueamento dent\u00e1rio n\u00e3o afeta estruturalmente os dentes. Os produtos atuam apenas no pigmento intr\u00ednseco presente nos dentes, sendo que a rea\u00e7\u00e3o qu\u00edmica resultante destes n\u00e3o \u00e9 abrasiva. Isto significa que a estrutura do dente fica ilesa. Apesar da facilidade que existe em se encomendar branqueamentos online, n\u00e3o o aconselhamos a fazer: o risco de estar a colocar produtos que podem ser prejudiciais \u00e0 sua cavidade oral \u00e9 bastante elevado.&#8221;<\/p>\n<p>2- O branqueamento dent\u00e1rio produz efeitos semelhantes em qualquer pessoa<\/p>\n<p>&#8220;A colora\u00e7\u00e3o intr\u00ednseca (inicial) de cada paciente, a espessura e a transpar\u00eancia dos dentes, aliado aos h\u00e1bitos alimentares e ao consumo de tabaco, s\u00e3o vari\u00e1veis. Ou seja: os resultados tamb\u00e9m ser\u00e3o diferentes. A \u00fanica semelhan\u00e7a que existe \u00e9 que este procedimento permite sempre alcan\u00e7ar uma tonalidade dos dentes mais branca, mas que inevitavelmente ir\u00e1 variar de paciente para paciente.&#8221;<\/p>\n<p>3- As pastas branqueadoras do supermercado produzem o mesmo efeito que o branqueamento dent\u00e1rio com moldeiras ou em consult\u00f3rio<\/p>\n<p>&#8220;A maioria das pastas branqueadoras do supermercado t\u00eam na sua composi\u00e7\u00e3o agentes abrasivos, como a s\u00edlica hidratada, carbonato de c\u00e1lcio e bicarbonato de s\u00f3dio, que danificam a camada superficial do esmalte presente nos dentes. A combina\u00e7\u00e3o destes produtos culmina num efeito ilus\u00f3rio de branqueamento quando na verdade isto n\u00e3o acontece.&#8221;<\/p>\n<p>4- O branqueamento dent\u00e1rio tem curta dura\u00e7\u00e3o<\/p>\n<p>&#8220;A durabilidade do efeito deste tratamento \u00e9 vari\u00e1vel de paciente para paciente, uma vez que est\u00e1 relacionado com h\u00e1bitos de higiene oral, alimentares e at\u00e9 mesmo o consumo de tabaco. Existem casos em que o branqueamento se mant\u00e9m durante muito tempo e outros em que \u00e9 necess\u00e1rio realizar um refor\u00e7o adicional, de forma a manter o tom dent\u00e1rio desejado.&#8221;<\/p>\n<p>5- Qualquer pessoa pode realizar um branqueamento dent\u00e1rio<\/p>\n<p>&#8220;Mais uma vez refor\u00e7amos: um acompanhamento profissional \u00e9 essencial para garantir que est\u00e1 a fazer o tratamento mais adequado para o seu caso. Pacientes com sensibilidade dent\u00e1ria muito acentuada, mulheres gr\u00e1vidas ou em amamenta\u00e7\u00e3o ou ainda pacientes que t\u00eam uma doen\u00e7a periodontal ativa, n\u00e3o podem realizar um branqueamento dent\u00e1rio.&#8221;<\/p>\n<p>Not\u00edcias ao minuto<br \/>\nFoto Shutterstock<\/p>\n","protected":false},"excerpt":{"rendered":"<p>A preocupa\u00e7\u00e3o com o sorriso \u00e9 um tema que leva cada vez mais os pacientes a visitar o seu m\u00e9dico<\/p>\n","protected":false},"author":1,"featured_media":4412,"comment_status":"open","ping_status":"open","sticky":false,"template":"","format":"standard","meta":{"colormag_page_container_layout":"default_layout","colormag_page_sidebar_layout":"default_layout","_FSMCFIC_featured_image_caption":"","_FSMCFIC_featured_image_nocaption":"","_FSMCFIC_featured_image_hide":"","footnotes":""},"categories":[2,1],"tags":[],"class_list":["post-4411","post","type-post","status-publish","format-standard","has-post-thumbnail","hentry","category-noticias","category-ultimas"],"yoast_head":"<!-- This site is optimized with the Yoast SEO plugin v27.1.1 - https:\/\/yoast.com\/product\/yoast-seo-wordpress\/ -->\n<title>Branqueamento dent\u00e1rio. Mitos em que tem de deixar de acreditar - Brasil not\u00edcias<\/title>\n<meta name=\"robots\" content=\"index, follow, max-snippet:-1, max-image-preview:large, max-video-preview:-1\" \/>\n<link rel=\"canonical\" href=\"https:\/\/brasilnoticias.org\/site\/branqueamento-dentario-mitos-em-que-tem-de-deixar-de-acreditar\/\" \/>\n<meta property=\"og:locale\" content=\"pt_PT\" \/>\n<meta property=\"og:type\" content=\"article\" \/>\n<meta property=\"og:title\" content=\"Branqueamento dent\u00e1rio. Mitos em que tem de deixar de acreditar - Brasil not\u00edcias\" \/>\n<meta property=\"og:description\" content=\"A preocupa\u00e7\u00e3o com o sorriso \u00e9 um tema que leva cada vez mais os pacientes a visitar o seu m\u00e9dico\" \/>\n<meta property=\"og:url\" content=\"https:\/\/brasilnoticias.org\/site\/branqueamento-dentario-mitos-em-que-tem-de-deixar-de-acreditar\/\" \/>\n<meta property=\"og:site_name\" content=\"Brasil not\u00edcias\" \/>\n<meta property=\"article:published_time\" content=\"2023-03-02T10:07:28+00:00\" \/>\n<meta property=\"og:image\" content=\"https:\/\/brasilnoticias.org\/site\/wp-content\/uploads\/2023\/03\/naom_63532cbc2b943.jpg\" \/>\n\t<meta property=\"og:image:width\" content=\"960\" \/>\n\t<meta property=\"og:image:height\" content=\"540\" \/>\n\t<meta property=\"og:image:type\" content=\"image\/jpeg\" \/>\n<meta name=\"author\" content=\"Reda\u00e7\u00e3o\" \/>\n<meta name=\"twitter:card\" content=\"summary_large_image\" \/>\n<meta name=\"twitter:label1\" content=\"Escrito por\" \/>\n\t<meta name=\"twitter:data1\" content=\"Reda\u00e7\u00e3o\" \/>\n<script type=\"application\/ld+json\" class=\"yoast-schema-graph\">{\"@context\":\"https:\/\/schema.org\",\"@graph\":[{\"@type\":\"Article\",\"@id\":\"https:\/\/brasilnoticias.org\/site\/branqueamento-dentario-mitos-em-que-tem-de-deixar-de-acreditar\/#article\",\"isPartOf\":{\"@id\":\"https:\/\/brasilnoticias.org\/site\/branqueamento-dentario-mitos-em-que-tem-de-deixar-de-acreditar\/\"},\"author\":{\"name\":\"Reda\u00e7\u00e3o\",\"@id\":\"https:\/\/brasilnoticias.org\/site\/#\/schema\/person\/a0e05b973ec4d15c658d51911e53507b\"},\"headline\":\"Branqueamento dent\u00e1rio. Mitos em que tem de deixar de acreditar\",\"datePublished\":\"2023-03-02T10:07:28+00:00\",\"mainEntityOfPage\":{\"@id\":\"https:\/\/brasilnoticias.org\/site\/branqueamento-dentario-mitos-em-que-tem-de-deixar-de-acreditar\/\"},\"wordCount\":594,\"commentCount\":0,\"publisher\":{\"@id\":\"https:\/\/brasilnoticias.org\/site\/#organization\"},\"image\":{\"@id\":\"https:\/\/brasilnoticias.org\/site\/branqueamento-dentario-mitos-em-que-tem-de-deixar-de-acreditar\/#primaryimage\"},\"thumbnailUrl\":\"https:\/\/brasilnoticias.org\/site\/wp-content\/uploads\/2023\/03\/naom_63532cbc2b943.jpg\",\"articleSection\":[\"Not\u00edcias\",\"\u00daltimas\"],\"inLanguage\":\"pt-PT\",\"potentialAction\":[{\"@type\":\"CommentAction\",\"name\":\"Comment\",\"target\":[\"https:\/\/brasilnoticias.org\/site\/branqueamento-dentario-mitos-em-que-tem-de-deixar-de-acreditar\/#respond\"]}]},{\"@type\":\"WebPage\",\"@id\":\"https:\/\/brasilnoticias.org\/site\/branqueamento-dentario-mitos-em-que-tem-de-deixar-de-acreditar\/\",\"url\":\"https:\/\/brasilnoticias.org\/site\/branqueamento-dentario-mitos-em-que-tem-de-deixar-de-acreditar\/\",\"name\":\"Branqueamento dent\u00e1rio. Mitos em que tem de deixar de acreditar - Brasil not\u00edcias\",\"isPartOf\":{\"@id\":\"https:\/\/brasilnoticias.org\/site\/#website\"},\"primaryImageOfPage\":{\"@id\":\"https:\/\/brasilnoticias.org\/site\/branqueamento-dentario-mitos-em-que-tem-de-deixar-de-acreditar\/#primaryimage\"},\"image\":{\"@id\":\"https:\/\/brasilnoticias.org\/site\/branqueamento-dentario-mitos-em-que-tem-de-deixar-de-acreditar\/#primaryimage\"},\"thumbnailUrl\":\"https:\/\/brasilnoticias.org\/site\/wp-content\/uploads\/2023\/03\/naom_63532cbc2b943.jpg\",\"datePublished\":\"2023-03-02T10:07:28+00:00\",\"breadcrumb\":{\"@id\":\"https:\/\/brasilnoticias.org\/site\/branqueamento-dentario-mitos-em-que-tem-de-deixar-de-acreditar\/#breadcrumb\"},\"inLanguage\":\"pt-PT\",\"potentialAction\":[{\"@type\":\"ReadAction\",\"target\":[\"https:\/\/brasilnoticias.org\/site\/branqueamento-dentario-mitos-em-que-tem-de-deixar-de-acreditar\/\"]}]},{\"@type\":\"ImageObject\",\"inLanguage\":\"pt-PT\",\"@id\":\"https:\/\/brasilnoticias.org\/site\/branqueamento-dentario-mitos-em-que-tem-de-deixar-de-acreditar\/#primaryimage\",\"url\":\"https:\/\/brasilnoticias.org\/site\/wp-content\/uploads\/2023\/03\/naom_63532cbc2b943.jpg\",\"contentUrl\":\"https:\/\/brasilnoticias.org\/site\/wp-content\/uploads\/2023\/03\/naom_63532cbc2b943.jpg\",\"width\":960,\"height\":540},{\"@type\":\"BreadcrumbList\",\"@id\":\"https:\/\/brasilnoticias.org\/site\/branqueamento-dentario-mitos-em-que-tem-de-deixar-de-acreditar\/#breadcrumb\",\"itemListElement\":[{\"@type\":\"ListItem\",\"position\":1,\"name\":\"In\u00edcio\",\"item\":\"https:\/\/brasilnoticias.org\/site\/\"},{\"@type\":\"ListItem\",\"position\":2,\"name\":\"Branqueamento dent\u00e1rio. Mitos em que tem de deixar de acreditar\"}]},{\"@type\":\"WebSite\",\"@id\":\"https:\/\/brasilnoticias.org\/site\/#website\",\"url\":\"https:\/\/brasilnoticias.org\/site\/\",\"name\":\"Brasil not\u00edcias\",\"description\":\"Brasil not\u00edcias\",\"publisher\":{\"@id\":\"https:\/\/brasilnoticias.org\/site\/#organization\"},\"potentialAction\":[{\"@type\":\"SearchAction\",\"target\":{\"@type\":\"EntryPoint\",\"urlTemplate\":\"https:\/\/brasilnoticias.org\/site\/?s={search_term_string}\"},\"query-input\":{\"@type\":\"PropertyValueSpecification\",\"valueRequired\":true,\"valueName\":\"search_term_string\"}}],\"inLanguage\":\"pt-PT\"},{\"@type\":\"Organization\",\"@id\":\"https:\/\/brasilnoticias.org\/site\/#organization\",\"name\":\"Brasil not\u00edcias\",\"url\":\"https:\/\/brasilnoticias.org\/site\/\",\"logo\":{\"@type\":\"ImageObject\",\"inLanguage\":\"pt-PT\",\"@id\":\"https:\/\/brasilnoticias.org\/site\/#\/schema\/logo\/image\/\",\"url\":\"https:\/\/brasilnoticias.org\/site\/wp-content\/uploads\/2022\/05\/cropped-brasilnoticias-mini.jpg\",\"contentUrl\":\"https:\/\/brasilnoticias.org\/site\/wp-content\/uploads\/2022\/05\/cropped-brasilnoticias-mini.jpg\",\"width\":314,\"height\":86,\"caption\":\"Brasil not\u00edcias\"},\"image\":{\"@id\":\"https:\/\/brasilnoticias.org\/site\/#\/schema\/logo\/image\/\"}},{\"@type\":\"Person\",\"@id\":\"https:\/\/brasilnoticias.org\/site\/#\/schema\/person\/a0e05b973ec4d15c658d51911e53507b\",\"name\":\"Reda\u00e7\u00e3o\",\"image\":{\"@type\":\"ImageObject\",\"inLanguage\":\"pt-PT\",\"@id\":\"https:\/\/brasilnoticias.org\/site\/#\/schema\/person\/image\/\",\"url\":\"https:\/\/secure.gravatar.com\/avatar\/75d8b050df2de108b08ae78dfb8e374892df24a383c67db9c46a9c604f6aee9c?s=96&d=mm&r=g\",\"contentUrl\":\"https:\/\/secure.gravatar.com\/avatar\/75d8b050df2de108b08ae78dfb8e374892df24a383c67db9c46a9c604f6aee9c?s=96&d=mm&r=g\",\"caption\":\"Reda\u00e7\u00e3o\"},\"sameAs\":[\"https:\/\/brasilnoticias.org\/site\"],\"url\":\"https:\/\/brasilnoticias.org\/site\/author\/fernandozsngmail-com\/\"}]}<\/script>\n<!-- \/ Yoast SEO plugin. -->","yoast_head_json":{"title":"Branqueamento dent\u00e1rio. Mitos em que tem de deixar de acreditar - Brasil not\u00edcias","robots":{"index":"index","follow":"follow","max-snippet":"max-snippet:-1","max-image-preview":"max-image-preview:large","max-video-preview":"max-video-preview:-1"},"canonical":"https:\/\/brasilnoticias.org\/site\/branqueamento-dentario-mitos-em-que-tem-de-deixar-de-acreditar\/","og_locale":"pt_PT","og_type":"article","og_title":"Branqueamento dent\u00e1rio. Mitos em que tem de deixar de acreditar - Brasil not\u00edcias","og_description":"A preocupa\u00e7\u00e3o com o sorriso \u00e9 um tema que leva cada vez mais os pacientes a visitar o seu m\u00e9dico","og_url":"https:\/\/brasilnoticias.org\/site\/branqueamento-dentario-mitos-em-que-tem-de-deixar-de-acreditar\/","og_site_name":"Brasil not\u00edcias","article_published_time":"2023-03-02T10:07:28+00:00","og_image":[{"width":960,"height":540,"url":"https:\/\/brasilnoticias.org\/site\/wp-content\/uploads\/2023\/03\/naom_63532cbc2b943.jpg","type":"image\/jpeg"}],"author":"Reda\u00e7\u00e3o","twitter_card":"summary_large_image","twitter_misc":{"Escrito por":"Reda\u00e7\u00e3o"},"schema":{"@context":"https:\/\/schema.org","@graph":[{"@type":"Article","@id":"https:\/\/brasilnoticias.org\/site\/branqueamento-dentario-mitos-em-que-tem-de-deixar-de-acreditar\/#article","isPartOf":{"@id":"https:\/\/brasilnoticias.org\/site\/branqueamento-dentario-mitos-em-que-tem-de-deixar-de-acreditar\/"},"author":{"name":"Reda\u00e7\u00e3o","@id":"https:\/\/brasilnoticias.org\/site\/#\/schema\/person\/a0e05b973ec4d15c658d51911e53507b"},"headline":"Branqueamento dent\u00e1rio. Mitos em que tem de deixar de acreditar","datePublished":"2023-03-02T10:07:28+00:00","mainEntityOfPage":{"@id":"https:\/\/brasilnoticias.org\/site\/branqueamento-dentario-mitos-em-que-tem-de-deixar-de-acreditar\/"},"wordCount":594,"commentCount":0,"publisher":{"@id":"https:\/\/brasilnoticias.org\/site\/#organization"},"image":{"@id":"https:\/\/brasilnoticias.org\/site\/branqueamento-dentario-mitos-em-que-tem-de-deixar-de-acreditar\/#primaryimage"},"thumbnailUrl":"https:\/\/brasilnoticias.org\/site\/wp-content\/uploads\/2023\/03\/naom_63532cbc2b943.jpg","articleSection":["Not\u00edcias","\u00daltimas"],"inLanguage":"pt-PT","potentialAction":[{"@type":"CommentAction","name":"Comment","target":["https:\/\/brasilnoticias.org\/site\/branqueamento-dentario-mitos-em-que-tem-de-deixar-de-acreditar\/#respond"]}]},{"@type":"WebPage","@id":"https:\/\/brasilnoticias.org\/site\/branqueamento-dentario-mitos-em-que-tem-de-deixar-de-acreditar\/","url":"https:\/\/brasilnoticias.org\/site\/branqueamento-dentario-mitos-em-que-tem-de-deixar-de-acreditar\/","name":"Branqueamento dent\u00e1rio. Mitos em que tem de deixar de acreditar - Brasil not\u00edcias","isPartOf":{"@id":"https:\/\/brasilnoticias.org\/site\/#website"},"primaryImageOfPage":{"@id":"https:\/\/brasilnoticias.org\/site\/branqueamento-dentario-mitos-em-que-tem-de-deixar-de-acreditar\/#primaryimage"},"image":{"@id":"https:\/\/brasilnoticias.org\/site\/branqueamento-dentario-mitos-em-que-tem-de-deixar-de-acreditar\/#primaryimage"},"thumbnailUrl":"https:\/\/brasilnoticias.org\/site\/wp-content\/uploads\/2023\/03\/naom_63532cbc2b943.jpg","datePublished":"2023-03-02T10:07:28+00:00","breadcrumb":{"@id":"https:\/\/brasilnoticias.org\/site\/branqueamento-dentario-mitos-em-que-tem-de-deixar-de-acreditar\/#breadcrumb"},"inLanguage":"pt-PT","potentialAction":[{"@type":"ReadAction","target":["https:\/\/brasilnoticias.org\/site\/branqueamento-dentario-mitos-em-que-tem-de-deixar-de-acreditar\/"]}]},{"@type":"ImageObject","inLanguage":"pt-PT","@id":"https:\/\/brasilnoticias.org\/site\/branqueamento-dentario-mitos-em-que-tem-de-deixar-de-acreditar\/#primaryimage","url":"https:\/\/brasilnoticias.org\/site\/wp-content\/uploads\/2023\/03\/naom_63532cbc2b943.jpg","contentUrl":"https:\/\/brasilnoticias.org\/site\/wp-content\/uploads\/2023\/03\/naom_63532cbc2b943.jpg","width":960,"height":540},{"@type":"BreadcrumbList","@id":"https:\/\/brasilnoticias.org\/site\/branqueamento-dentario-mitos-em-que-tem-de-deixar-de-acreditar\/#breadcrumb","itemListElement":[{"@type":"ListItem","position":1,"name":"In\u00edcio","item":"https:\/\/brasilnoticias.org\/site\/"},{"@type":"ListItem","position":2,"name":"Branqueamento dent\u00e1rio. Mitos em que tem de deixar de acreditar"}]},{"@type":"WebSite","@id":"https:\/\/brasilnoticias.org\/site\/#website","url":"https:\/\/brasilnoticias.org\/site\/","name":"Brasil not\u00edcias","description":"Brasil not\u00edcias","publisher":{"@id":"https:\/\/brasilnoticias.org\/site\/#organization"},"potentialAction":[{"@type":"SearchAction","target":{"@type":"EntryPoint","urlTemplate":"https:\/\/brasilnoticias.org\/site\/?s={search_term_string}"},"query-input":{"@type":"PropertyValueSpecification","valueRequired":true,"valueName":"search_term_string"}}],"inLanguage":"pt-PT"},{"@type":"Organization","@id":"https:\/\/brasilnoticias.org\/site\/#organization","name":"Brasil not\u00edcias","url":"https:\/\/brasilnoticias.org\/site\/","logo":{"@type":"ImageObject","inLanguage":"pt-PT","@id":"https:\/\/brasilnoticias.org\/site\/#\/schema\/logo\/image\/","url":"https:\/\/brasilnoticias.org\/site\/wp-content\/uploads\/2022\/05\/cropped-brasilnoticias-mini.jpg","contentUrl":"https:\/\/brasilnoticias.org\/site\/wp-content\/uploads\/2022\/05\/cropped-brasilnoticias-mini.jpg","width":314,"height":86,"caption":"Brasil not\u00edcias"},"image":{"@id":"https:\/\/brasilnoticias.org\/site\/#\/schema\/logo\/image\/"}},{"@type":"Person","@id":"https:\/\/brasilnoticias.org\/site\/#\/schema\/person\/a0e05b973ec4d15c658d51911e53507b","name":"Reda\u00e7\u00e3o","image":{"@type":"ImageObject","inLanguage":"pt-PT","@id":"https:\/\/brasilnoticias.org\/site\/#\/schema\/person\/image\/","url":"https:\/\/secure.gravatar.com\/avatar\/75d8b050df2de108b08ae78dfb8e374892df24a383c67db9c46a9c604f6aee9c?s=96&d=mm&r=g","contentUrl":"https:\/\/secure.gravatar.com\/avatar\/75d8b050df2de108b08ae78dfb8e374892df24a383c67db9c46a9c604f6aee9c?s=96&d=mm&r=g","caption":"Reda\u00e7\u00e3o"},"sameAs":["https:\/\/brasilnoticias.org\/site"],"url":"https:\/\/brasilnoticias.org\/site\/author\/fernandozsngmail-com\/"}]}},"_links":{"self":[{"href":"https:\/\/brasilnoticias.org\/site\/wp-json\/wp\/v2\/posts\/4411","targetHints":{"allow":["GET"]}}],"collection":[{"href":"https:\/\/brasilnoticias.org\/site\/wp-json\/wp\/v2\/posts"}],"about":[{"href":"https:\/\/brasilnoticias.org\/site\/wp-json\/wp\/v2\/types\/post"}],"author":[{"embeddable":true,"href":"https:\/\/brasilnoticias.org\/site\/wp-json\/wp\/v2\/users\/1"}],"replies":[{"embeddable":true,"href":"https:\/\/brasilnoticias.org\/site\/wp-json\/wp\/v2\/comments?post=4411"}],"version-history":[{"count":1,"href":"https:\/\/brasilnoticias.org\/site\/wp-json\/wp\/v2\/posts\/4411\/revisions"}],"predecessor-version":[{"id":4413,"href":"https:\/\/brasilnoticias.org\/site\/wp-json\/wp\/v2\/posts\/4411\/revisions\/4413"}],"wp:featuredmedia":[{"embeddable":true,"href":"https:\/\/brasilnoticias.org\/site\/wp-json\/wp\/v2\/media\/4412"}],"wp:attachment":[{"href":"https:\/\/brasilnoticias.org\/site\/wp-json\/wp\/v2\/media?parent=4411"}],"wp:term":[{"taxonomy":"category","embeddable":true,"href":"https:\/\/brasilnoticias.org\/site\/wp-json\/wp\/v2\/categories?post=4411"},{"taxonomy":"post_tag","embeddable":true,"href":"https:\/\/brasilnoticias.org\/site\/wp-json\/wp\/v2\/tags?post=4411"}],"curies":[{"name":"wp","href":"https:\/\/api.w.org\/{rel}","templated":true}]}}