{"id":4414,"date":"2023-03-02T07:35:43","date_gmt":"2023-03-02T10:35:43","guid":{"rendered":"https:\/\/brasilnoticias.org\/site\/?p=4414"},"modified":"2023-03-02T07:35:43","modified_gmt":"2023-03-02T10:35:43","slug":"selecao-brasileira-comeca-novo-ciclo-para-copa-do-mundo-com-problemas-no-gol","status":"publish","type":"post","link":"https:\/\/brasilnoticias.org\/site\/selecao-brasileira-comeca-novo-ciclo-para-copa-do-mundo-com-problemas-no-gol\/","title":{"rendered":"Sele\u00e7\u00e3o brasileira come\u00e7a novo ciclo para Copa do Mundo com problemas no gol"},"content":{"rendered":"<p>Setor com menor preocupa\u00e7\u00e3o ao longo dos mais de seis anos de Era Tite, o gol da sele\u00e7\u00e3o brasileira inicia o ciclo para a Copa do Mundo de 2026 em crise. Titular absoluto desde 2016, Alisson cometeu duas falhas gritantes pelo Liverpool nos \u00faltimos dois meses. Ederson, seu reserva imediato na sele\u00e7\u00e3o, tamb\u00e9m passa por m\u00e1 fase e falhou na semana passada no gol de empate do RB Leipzig diante de seu Manchester City, pela Liga dos Campe\u00f5es da Europa. Assim, caber\u00e1 ao interino Ramon Menezes decidir se banca a perman\u00eancia da dupla para o amistoso com o Marrocos, no fim do m\u00eas, ou se come\u00e7a a abrir caminho para o futuro t\u00e9cnico da sele\u00e7\u00e3o eleger o novo camisa 1 do Brasil.<br \/>\nRamon, t\u00e9cnico campe\u00e3o do Sul-Americano sub-20, foi escolhido pela CBF para comandar a sele\u00e7\u00e3o principal no dia 25, uma vez que a entidade n\u00e3o conseguiu ainda contratar seu novo treinador &#8211; o favorito \u00e9 Carlo Ancelloti, do Real Madrid. \u00c9 prov\u00e1vel que para esse amistoso ele mantenha a base de Tite, e at\u00e9 por isso a manuten\u00e7\u00e3o dos goleiros parecia \u00f3bvia. Mas o retrospecto recente deles acendeu o sinal amarelo.<\/p>\n<p>Chamado mais de uma vez por Taffarel como &#8220;o melhor goleiro do mundo&#8221;, Alisson cometeu num intervalo de 45 dias dois erros que dificilmente goleiros menos cotados cometem em anos. Em janeiro, ele tentou sair jogando ap\u00f3s uma bola recuada e a entregou nos p\u00e9s de Gon\u00e7alo Guedes, atacante do Wolverhampton, que aproveitou para marcar o gol de empate de sua equipe com o Liverpool pela Copa da Inglaterra. &#8220;N\u00e3o pode acontecer&#8221;, disse o t\u00e9cnico J\u00fcrgen Klopp ap\u00f3s o jogo.<\/p>\n<p>Na semana passada, Alisson falhou de maneira parecida na goleada por 5 a 2 sofrida pelo seu time diante do Real Madrid, pela Champions League. Ap\u00f3s bola recuada, ele tentou afastar com um chute para o ataque, mas mandou em cima de Vinicius Jr. A bola entrou direto no gol.<\/p>\n<p>Reserva imediato na sele\u00e7\u00e3o, Ederson tamb\u00e9m vem sendo criticado no Manchester City. Entre as cr\u00edticas mais \u00e1cidas das redes sociais, h\u00e1 quem diga que ele joga melhor com os p\u00e9s do que com as m\u00e3os. Isso porque, diante do RB Leipzig, o goleiro ficou no meio do caminho numa cobran\u00e7a de escanteio e permitiu que Gvardiol marcasse de cabe\u00e7a o gol de empate. A indefini\u00e7\u00e3o na sa\u00edda do gol \u00e9 erro b\u00e1sico, impens\u00e1vel para um goleiro de sele\u00e7\u00e3o.<\/p>\n<p>FALTA DE OP\u00c7\u00d5ES<\/p>\n<p>Diante do Marrocos, Ramon Menezes pode dar um voto de confian\u00e7a e manter Alisson e Ederson entre os convocados. Ele tamb\u00e9m pode optar por Weverton, terceiro goleiro da equipe com Tite e que mant\u00e9m respeit\u00e1vel regularidade.<\/p>\n<p>A quest\u00e3o \u00e9 que o titular do Palmeiras dificilmente estar\u00e1 no grupo que disputar\u00e1 a Copa do Mundo de 2026 &#8211; \u00e9 impens\u00e1vel que o Brasil n\u00e3o se classifique, considerando que para o pr\u00f3ximo Mundial ser\u00e3o seis vagas diretas e uma de repescagem, com dez sele\u00e7\u00f5es em disputa. Afinal, em 2026 Weverton ter\u00e1 38 anos.<\/p>\n<p>Entre as alternativas, poucos no futebol brasileiro parecem em condi\u00e7\u00f5es. C\u00e1ssio \u00e9 o nome sempre citado, mas \u00e9 ainda mais velho que Weverton \u0097 ter\u00e1 39 na pr\u00f3xima Copa. Everson, do Atl\u00e9tico, e Santos, do Flamengo, ter\u00e3o 35 e 36, respectivamente. Al\u00e9m disso, a dupla tem sido inst\u00e1vel em seus clubes.<\/p>\n<p>Uma possibilidade \u00e9 Ramon Menezes escolher dois deles por seguran\u00e7a e convocar um terceiro goleiro jovem para compor o grupo. Uma op\u00e7\u00e3o seria Mycael, do Athl\u00e9tico. O jogador foi destaque na campanha do t\u00edtulo Sul-Americano sub-20, dever\u00e1 disputar o Mundial em maio. Ele ter\u00e1 22 anos em 2026.<\/p>\n<p>Foto Divulga\u00e7\u00e3o<br \/>\nNot\u00edcias ao minuto<\/p>\n","protected":false},"excerpt":{"rendered":"<p>Setor com menor preocupa\u00e7\u00e3o ao longo dos mais de seis anos de Era Tite, o gol da sele\u00e7\u00e3o brasileira inicia<\/p>\n","protected":false},"author":1,"featured_media":4415,"comment_status":"open","ping_status":"open","sticky":false,"template":"","format":"standard","meta":{"colormag_page_container_layout":"default_layout","colormag_page_sidebar_layout":"default_layout","_FSMCFIC_featured_image_caption":"","_FSMCFIC_featured_image_nocaption":"","_FSMCFIC_featured_image_hide":"","footnotes":""},"categories":[4,1],"tags":[],"class_list":["post-4414","post","type-post","status-publish","format-standard","has-post-thumbnail","hentry","category-esporte","category-ultimas"],"yoast_head":"<!-- This site is optimized with the Yoast SEO plugin v27.1.1 - https:\/\/yoast.com\/product\/yoast-seo-wordpress\/ -->\n<title>Sele\u00e7\u00e3o brasileira come\u00e7a novo ciclo para Copa do Mundo com problemas no gol - Brasil not\u00edcias<\/title>\n<meta name=\"robots\" content=\"index, follow, max-snippet:-1, max-image-preview:large, max-video-preview:-1\" \/>\n<link rel=\"canonical\" href=\"https:\/\/brasilnoticias.org\/site\/selecao-brasileira-comeca-novo-ciclo-para-copa-do-mundo-com-problemas-no-gol\/\" \/>\n<meta property=\"og:locale\" content=\"pt_PT\" \/>\n<meta property=\"og:type\" content=\"article\" \/>\n<meta property=\"og:title\" content=\"Sele\u00e7\u00e3o brasileira come\u00e7a novo ciclo para Copa do Mundo com problemas no gol - Brasil not\u00edcias\" \/>\n<meta property=\"og:description\" content=\"Setor com menor preocupa\u00e7\u00e3o ao longo dos mais de seis anos de Era Tite, o gol da sele\u00e7\u00e3o brasileira inicia\" \/>\n<meta property=\"og:url\" content=\"https:\/\/brasilnoticias.org\/site\/selecao-brasileira-comeca-novo-ciclo-para-copa-do-mundo-com-problemas-no-gol\/\" \/>\n<meta property=\"og:site_name\" content=\"Brasil not\u00edcias\" \/>\n<meta property=\"article:published_time\" content=\"2023-03-02T10:35:43+00:00\" \/>\n<meta property=\"og:image\" content=\"https:\/\/brasilnoticias.org\/site\/wp-content\/uploads\/2023\/03\/naom_62efffd1c25f3.jpg\" \/>\n\t<meta property=\"og:image:width\" content=\"960\" \/>\n\t<meta property=\"og:image:height\" content=\"540\" \/>\n\t<meta property=\"og:image:type\" content=\"image\/jpeg\" \/>\n<meta name=\"author\" content=\"Reda\u00e7\u00e3o\" \/>\n<meta name=\"twitter:card\" content=\"summary_large_image\" \/>\n<meta name=\"twitter:label1\" content=\"Escrito por\" \/>\n\t<meta name=\"twitter:data1\" content=\"Reda\u00e7\u00e3o\" \/>\n<script type=\"application\/ld+json\" class=\"yoast-schema-graph\">{\"@context\":\"https:\/\/schema.org\",\"@graph\":[{\"@type\":\"Article\",\"@id\":\"https:\/\/brasilnoticias.org\/site\/selecao-brasileira-comeca-novo-ciclo-para-copa-do-mundo-com-problemas-no-gol\/#article\",\"isPartOf\":{\"@id\":\"https:\/\/brasilnoticias.org\/site\/selecao-brasileira-comeca-novo-ciclo-para-copa-do-mundo-com-problemas-no-gol\/\"},\"author\":{\"name\":\"Reda\u00e7\u00e3o\",\"@id\":\"https:\/\/brasilnoticias.org\/site\/#\/schema\/person\/a0e05b973ec4d15c658d51911e53507b\"},\"headline\":\"Sele\u00e7\u00e3o brasileira come\u00e7a novo ciclo para Copa do Mundo com problemas no gol\",\"datePublished\":\"2023-03-02T10:35:43+00:00\",\"mainEntityOfPage\":{\"@id\":\"https:\/\/brasilnoticias.org\/site\/selecao-brasileira-comeca-novo-ciclo-para-copa-do-mundo-com-problemas-no-gol\/\"},\"wordCount\":649,\"commentCount\":0,\"publisher\":{\"@id\":\"https:\/\/brasilnoticias.org\/site\/#organization\"},\"image\":{\"@id\":\"https:\/\/brasilnoticias.org\/site\/selecao-brasileira-comeca-novo-ciclo-para-copa-do-mundo-com-problemas-no-gol\/#primaryimage\"},\"thumbnailUrl\":\"https:\/\/brasilnoticias.org\/site\/wp-content\/uploads\/2023\/03\/naom_62efffd1c25f3.jpg\",\"articleSection\":[\"Esporte\",\"\u00daltimas\"],\"inLanguage\":\"pt-PT\",\"potentialAction\":[{\"@type\":\"CommentAction\",\"name\":\"Comment\",\"target\":[\"https:\/\/brasilnoticias.org\/site\/selecao-brasileira-comeca-novo-ciclo-para-copa-do-mundo-com-problemas-no-gol\/#respond\"]}]},{\"@type\":\"WebPage\",\"@id\":\"https:\/\/brasilnoticias.org\/site\/selecao-brasileira-comeca-novo-ciclo-para-copa-do-mundo-com-problemas-no-gol\/\",\"url\":\"https:\/\/brasilnoticias.org\/site\/selecao-brasileira-comeca-novo-ciclo-para-copa-do-mundo-com-problemas-no-gol\/\",\"name\":\"Sele\u00e7\u00e3o brasileira come\u00e7a novo ciclo para Copa do Mundo com problemas no gol - Brasil not\u00edcias\",\"isPartOf\":{\"@id\":\"https:\/\/brasilnoticias.org\/site\/#website\"},\"primaryImageOfPage\":{\"@id\":\"https:\/\/brasilnoticias.org\/site\/selecao-brasileira-comeca-novo-ciclo-para-copa-do-mundo-com-problemas-no-gol\/#primaryimage\"},\"image\":{\"@id\":\"https:\/\/brasilnoticias.org\/site\/selecao-brasileira-comeca-novo-ciclo-para-copa-do-mundo-com-problemas-no-gol\/#primaryimage\"},\"thumbnailUrl\":\"https:\/\/brasilnoticias.org\/site\/wp-content\/uploads\/2023\/03\/naom_62efffd1c25f3.jpg\",\"datePublished\":\"2023-03-02T10:35:43+00:00\",\"breadcrumb\":{\"@id\":\"https:\/\/brasilnoticias.org\/site\/selecao-brasileira-comeca-novo-ciclo-para-copa-do-mundo-com-problemas-no-gol\/#breadcrumb\"},\"inLanguage\":\"pt-PT\",\"potentialAction\":[{\"@type\":\"ReadAction\",\"target\":[\"https:\/\/brasilnoticias.org\/site\/selecao-brasileira-comeca-novo-ciclo-para-copa-do-mundo-com-problemas-no-gol\/\"]}]},{\"@type\":\"ImageObject\",\"inLanguage\":\"pt-PT\",\"@id\":\"https:\/\/brasilnoticias.org\/site\/selecao-brasileira-comeca-novo-ciclo-para-copa-do-mundo-com-problemas-no-gol\/#primaryimage\",\"url\":\"https:\/\/brasilnoticias.org\/site\/wp-content\/uploads\/2023\/03\/naom_62efffd1c25f3.jpg\",\"contentUrl\":\"https:\/\/brasilnoticias.org\/site\/wp-content\/uploads\/2023\/03\/naom_62efffd1c25f3.jpg\",\"width\":960,\"height\":540},{\"@type\":\"BreadcrumbList\",\"@id\":\"https:\/\/brasilnoticias.org\/site\/selecao-brasileira-comeca-novo-ciclo-para-copa-do-mundo-com-problemas-no-gol\/#breadcrumb\",\"itemListElement\":[{\"@type\":\"ListItem\",\"position\":1,\"name\":\"In\u00edcio\",\"item\":\"https:\/\/brasilnoticias.org\/site\/\"},{\"@type\":\"ListItem\",\"position\":2,\"name\":\"Sele\u00e7\u00e3o brasileira come\u00e7a novo ciclo para Copa do Mundo com problemas no gol\"}]},{\"@type\":\"WebSite\",\"@id\":\"https:\/\/brasilnoticias.org\/site\/#website\",\"url\":\"https:\/\/brasilnoticias.org\/site\/\",\"name\":\"Brasil not\u00edcias\",\"description\":\"Brasil not\u00edcias\",\"publisher\":{\"@id\":\"https:\/\/brasilnoticias.org\/site\/#organization\"},\"potentialAction\":[{\"@type\":\"SearchAction\",\"target\":{\"@type\":\"EntryPoint\",\"urlTemplate\":\"https:\/\/brasilnoticias.org\/site\/?s={search_term_string}\"},\"query-input\":{\"@type\":\"PropertyValueSpecification\",\"valueRequired\":true,\"valueName\":\"search_term_string\"}}],\"inLanguage\":\"pt-PT\"},{\"@type\":\"Organization\",\"@id\":\"https:\/\/brasilnoticias.org\/site\/#organization\",\"name\":\"Brasil not\u00edcias\",\"url\":\"https:\/\/brasilnoticias.org\/site\/\",\"logo\":{\"@type\":\"ImageObject\",\"inLanguage\":\"pt-PT\",\"@id\":\"https:\/\/brasilnoticias.org\/site\/#\/schema\/logo\/image\/\",\"url\":\"https:\/\/brasilnoticias.org\/site\/wp-content\/uploads\/2022\/05\/cropped-brasilnoticias-mini.jpg\",\"contentUrl\":\"https:\/\/brasilnoticias.org\/site\/wp-content\/uploads\/2022\/05\/cropped-brasilnoticias-mini.jpg\",\"width\":314,\"height\":86,\"caption\":\"Brasil not\u00edcias\"},\"image\":{\"@id\":\"https:\/\/brasilnoticias.org\/site\/#\/schema\/logo\/image\/\"}},{\"@type\":\"Person\",\"@id\":\"https:\/\/brasilnoticias.org\/site\/#\/schema\/person\/a0e05b973ec4d15c658d51911e53507b\",\"name\":\"Reda\u00e7\u00e3o\",\"image\":{\"@type\":\"ImageObject\",\"inLanguage\":\"pt-PT\",\"@id\":\"https:\/\/brasilnoticias.org\/site\/#\/schema\/person\/image\/\",\"url\":\"https:\/\/secure.gravatar.com\/avatar\/75d8b050df2de108b08ae78dfb8e374892df24a383c67db9c46a9c604f6aee9c?s=96&d=mm&r=g\",\"contentUrl\":\"https:\/\/secure.gravatar.com\/avatar\/75d8b050df2de108b08ae78dfb8e374892df24a383c67db9c46a9c604f6aee9c?s=96&d=mm&r=g\",\"caption\":\"Reda\u00e7\u00e3o\"},\"sameAs\":[\"https:\/\/brasilnoticias.org\/site\"],\"url\":\"https:\/\/brasilnoticias.org\/site\/author\/fernandozsngmail-com\/\"}]}<\/script>\n<!-- \/ Yoast SEO plugin. -->","yoast_head_json":{"title":"Sele\u00e7\u00e3o brasileira come\u00e7a novo ciclo para Copa do Mundo com problemas no gol - Brasil not\u00edcias","robots":{"index":"index","follow":"follow","max-snippet":"max-snippet:-1","max-image-preview":"max-image-preview:large","max-video-preview":"max-video-preview:-1"},"canonical":"https:\/\/brasilnoticias.org\/site\/selecao-brasileira-comeca-novo-ciclo-para-copa-do-mundo-com-problemas-no-gol\/","og_locale":"pt_PT","og_type":"article","og_title":"Sele\u00e7\u00e3o brasileira come\u00e7a novo ciclo para Copa do Mundo com problemas no gol - Brasil not\u00edcias","og_description":"Setor com menor preocupa\u00e7\u00e3o ao longo dos mais de seis anos de Era Tite, o gol da sele\u00e7\u00e3o brasileira inicia","og_url":"https:\/\/brasilnoticias.org\/site\/selecao-brasileira-comeca-novo-ciclo-para-copa-do-mundo-com-problemas-no-gol\/","og_site_name":"Brasil not\u00edcias","article_published_time":"2023-03-02T10:35:43+00:00","og_image":[{"width":960,"height":540,"url":"https:\/\/brasilnoticias.org\/site\/wp-content\/uploads\/2023\/03\/naom_62efffd1c25f3.jpg","type":"image\/jpeg"}],"author":"Reda\u00e7\u00e3o","twitter_card":"summary_large_image","twitter_misc":{"Escrito por":"Reda\u00e7\u00e3o"},"schema":{"@context":"https:\/\/schema.org","@graph":[{"@type":"Article","@id":"https:\/\/brasilnoticias.org\/site\/selecao-brasileira-comeca-novo-ciclo-para-copa-do-mundo-com-problemas-no-gol\/#article","isPartOf":{"@id":"https:\/\/brasilnoticias.org\/site\/selecao-brasileira-comeca-novo-ciclo-para-copa-do-mundo-com-problemas-no-gol\/"},"author":{"name":"Reda\u00e7\u00e3o","@id":"https:\/\/brasilnoticias.org\/site\/#\/schema\/person\/a0e05b973ec4d15c658d51911e53507b"},"headline":"Sele\u00e7\u00e3o brasileira come\u00e7a novo ciclo para Copa do Mundo com problemas no gol","datePublished":"2023-03-02T10:35:43+00:00","mainEntityOfPage":{"@id":"https:\/\/brasilnoticias.org\/site\/selecao-brasileira-comeca-novo-ciclo-para-copa-do-mundo-com-problemas-no-gol\/"},"wordCount":649,"commentCount":0,"publisher":{"@id":"https:\/\/brasilnoticias.org\/site\/#organization"},"image":{"@id":"https:\/\/brasilnoticias.org\/site\/selecao-brasileira-comeca-novo-ciclo-para-copa-do-mundo-com-problemas-no-gol\/#primaryimage"},"thumbnailUrl":"https:\/\/brasilnoticias.org\/site\/wp-content\/uploads\/2023\/03\/naom_62efffd1c25f3.jpg","articleSection":["Esporte","\u00daltimas"],"inLanguage":"pt-PT","potentialAction":[{"@type":"CommentAction","name":"Comment","target":["https:\/\/brasilnoticias.org\/site\/selecao-brasileira-comeca-novo-ciclo-para-copa-do-mundo-com-problemas-no-gol\/#respond"]}]},{"@type":"WebPage","@id":"https:\/\/brasilnoticias.org\/site\/selecao-brasileira-comeca-novo-ciclo-para-copa-do-mundo-com-problemas-no-gol\/","url":"https:\/\/brasilnoticias.org\/site\/selecao-brasileira-comeca-novo-ciclo-para-copa-do-mundo-com-problemas-no-gol\/","name":"Sele\u00e7\u00e3o brasileira come\u00e7a novo ciclo para Copa do Mundo com problemas no gol - Brasil not\u00edcias","isPartOf":{"@id":"https:\/\/brasilnoticias.org\/site\/#website"},"primaryImageOfPage":{"@id":"https:\/\/brasilnoticias.org\/site\/selecao-brasileira-comeca-novo-ciclo-para-copa-do-mundo-com-problemas-no-gol\/#primaryimage"},"image":{"@id":"https:\/\/brasilnoticias.org\/site\/selecao-brasileira-comeca-novo-ciclo-para-copa-do-mundo-com-problemas-no-gol\/#primaryimage"},"thumbnailUrl":"https:\/\/brasilnoticias.org\/site\/wp-content\/uploads\/2023\/03\/naom_62efffd1c25f3.jpg","datePublished":"2023-03-02T10:35:43+00:00","breadcrumb":{"@id":"https:\/\/brasilnoticias.org\/site\/selecao-brasileira-comeca-novo-ciclo-para-copa-do-mundo-com-problemas-no-gol\/#breadcrumb"},"inLanguage":"pt-PT","potentialAction":[{"@type":"ReadAction","target":["https:\/\/brasilnoticias.org\/site\/selecao-brasileira-comeca-novo-ciclo-para-copa-do-mundo-com-problemas-no-gol\/"]}]},{"@type":"ImageObject","inLanguage":"pt-PT","@id":"https:\/\/brasilnoticias.org\/site\/selecao-brasileira-comeca-novo-ciclo-para-copa-do-mundo-com-problemas-no-gol\/#primaryimage","url":"https:\/\/brasilnoticias.org\/site\/wp-content\/uploads\/2023\/03\/naom_62efffd1c25f3.jpg","contentUrl":"https:\/\/brasilnoticias.org\/site\/wp-content\/uploads\/2023\/03\/naom_62efffd1c25f3.jpg","width":960,"height":540},{"@type":"BreadcrumbList","@id":"https:\/\/brasilnoticias.org\/site\/selecao-brasileira-comeca-novo-ciclo-para-copa-do-mundo-com-problemas-no-gol\/#breadcrumb","itemListElement":[{"@type":"ListItem","position":1,"name":"In\u00edcio","item":"https:\/\/brasilnoticias.org\/site\/"},{"@type":"ListItem","position":2,"name":"Sele\u00e7\u00e3o brasileira come\u00e7a novo ciclo para Copa do Mundo com problemas no gol"}]},{"@type":"WebSite","@id":"https:\/\/brasilnoticias.org\/site\/#website","url":"https:\/\/brasilnoticias.org\/site\/","name":"Brasil not\u00edcias","description":"Brasil not\u00edcias","publisher":{"@id":"https:\/\/brasilnoticias.org\/site\/#organization"},"potentialAction":[{"@type":"SearchAction","target":{"@type":"EntryPoint","urlTemplate":"https:\/\/brasilnoticias.org\/site\/?s={search_term_string}"},"query-input":{"@type":"PropertyValueSpecification","valueRequired":true,"valueName":"search_term_string"}}],"inLanguage":"pt-PT"},{"@type":"Organization","@id":"https:\/\/brasilnoticias.org\/site\/#organization","name":"Brasil not\u00edcias","url":"https:\/\/brasilnoticias.org\/site\/","logo":{"@type":"ImageObject","inLanguage":"pt-PT","@id":"https:\/\/brasilnoticias.org\/site\/#\/schema\/logo\/image\/","url":"https:\/\/brasilnoticias.org\/site\/wp-content\/uploads\/2022\/05\/cropped-brasilnoticias-mini.jpg","contentUrl":"https:\/\/brasilnoticias.org\/site\/wp-content\/uploads\/2022\/05\/cropped-brasilnoticias-mini.jpg","width":314,"height":86,"caption":"Brasil not\u00edcias"},"image":{"@id":"https:\/\/brasilnoticias.org\/site\/#\/schema\/logo\/image\/"}},{"@type":"Person","@id":"https:\/\/brasilnoticias.org\/site\/#\/schema\/person\/a0e05b973ec4d15c658d51911e53507b","name":"Reda\u00e7\u00e3o","image":{"@type":"ImageObject","inLanguage":"pt-PT","@id":"https:\/\/brasilnoticias.org\/site\/#\/schema\/person\/image\/","url":"https:\/\/secure.gravatar.com\/avatar\/75d8b050df2de108b08ae78dfb8e374892df24a383c67db9c46a9c604f6aee9c?s=96&d=mm&r=g","contentUrl":"https:\/\/secure.gravatar.com\/avatar\/75d8b050df2de108b08ae78dfb8e374892df24a383c67db9c46a9c604f6aee9c?s=96&d=mm&r=g","caption":"Reda\u00e7\u00e3o"},"sameAs":["https:\/\/brasilnoticias.org\/site"],"url":"https:\/\/brasilnoticias.org\/site\/author\/fernandozsngmail-com\/"}]}},"_links":{"self":[{"href":"https:\/\/brasilnoticias.org\/site\/wp-json\/wp\/v2\/posts\/4414","targetHints":{"allow":["GET"]}}],"collection":[{"href":"https:\/\/brasilnoticias.org\/site\/wp-json\/wp\/v2\/posts"}],"about":[{"href":"https:\/\/brasilnoticias.org\/site\/wp-json\/wp\/v2\/types\/post"}],"author":[{"embeddable":true,"href":"https:\/\/brasilnoticias.org\/site\/wp-json\/wp\/v2\/users\/1"}],"replies":[{"embeddable":true,"href":"https:\/\/brasilnoticias.org\/site\/wp-json\/wp\/v2\/comments?post=4414"}],"version-history":[{"count":1,"href":"https:\/\/brasilnoticias.org\/site\/wp-json\/wp\/v2\/posts\/4414\/revisions"}],"predecessor-version":[{"id":4416,"href":"https:\/\/brasilnoticias.org\/site\/wp-json\/wp\/v2\/posts\/4414\/revisions\/4416"}],"wp:featuredmedia":[{"embeddable":true,"href":"https:\/\/brasilnoticias.org\/site\/wp-json\/wp\/v2\/media\/4415"}],"wp:attachment":[{"href":"https:\/\/brasilnoticias.org\/site\/wp-json\/wp\/v2\/media?parent=4414"}],"wp:term":[{"taxonomy":"category","embeddable":true,"href":"https:\/\/brasilnoticias.org\/site\/wp-json\/wp\/v2\/categories?post=4414"},{"taxonomy":"post_tag","embeddable":true,"href":"https:\/\/brasilnoticias.org\/site\/wp-json\/wp\/v2\/tags?post=4414"}],"curies":[{"name":"wp","href":"https:\/\/api.w.org\/{rel}","templated":true}]}}