{"id":443,"date":"2022-05-21T19:35:56","date_gmt":"2022-05-21T22:35:56","guid":{"rendered":"https:\/\/brasilnoticias.org\/site\/?p=443"},"modified":"2022-05-21T19:35:56","modified_gmt":"2022-05-21T22:35:56","slug":"oposicao-vence-na-australia-e-conservadores-deixarao-poder-apos-9-anos","status":"publish","type":"post","link":"https:\/\/brasilnoticias.org\/site\/oposicao-vence-na-australia-e-conservadores-deixarao-poder-apos-9-anos\/","title":{"rendered":"OPOSI\u00c7\u00c3O VENCE NA AUSTR\u00c1LIA, E CONSERVADORES DEIXAR\u00c3O PODER AP\u00d3S 9 ANOS"},"content":{"rendered":"<p>O primeiro-ministro da Austr\u00e1lia, Scott Morrison, reconheceu neste s\u00e1bado (21) a vit\u00f3ria do Partido Trabalhista, de oposi\u00e7\u00e3o, nas elei\u00e7\u00f5es gerais do pa\u00eds. Horas antes, proje\u00e7\u00f5es da m\u00eddia local j\u00e1 indicavam que Anthony Albanese, 59, dever\u00e1 se tornar o pr\u00f3ximo premi\u00ea.<\/p>\n<p>Morrison, assim, fracassa em sua tentativa de conquistar um quarto mandato consecutivo para a Coaliz\u00e3o Liberal, de centro-direita, e encerra nove anos de per\u00edodo dos conservadores no poder. Os governistas tiveram um resultado ruim principalmente na regi\u00e3o oeste do pa\u00eds e em regi\u00f5es urbanas mais ricas.<\/p>\n<p>At\u00e9 a publica\u00e7\u00e3o deste texto n\u00e3o estava claro se os trabalhistas, de centro-esquerda, obter\u00e3o a maioria absoluta das 151 cadeiras no Parlamento ou se precisar\u00e3o formar uma alian\u00e7a com partidos menores. Com 60% dos votos apurados, a coaliz\u00e3o de Albanese tinha 72 assentos, contra 55 da de Morrison e 11 dos Verdes, segundo a emissora ABC. Outros 13 postos estavam indefinidos, e a apura\u00e7\u00e3o pode demorar por causa de votos enviados pelo correio, que atingiram um volume recorde neste pleito.<\/p>\n<p>\u201c[O Partido] Trabalhista precisa de 76 assentos para governar. H\u00e1 11 membros independentes, cuja maioria apoia a\u00e7\u00e3o contra as mudan\u00e7as clim\u00e1ticas\u201d, disse o analista Antony Green. \u201cSe os trabalhistas n\u00e3o conseguirem maioria, podem conversar com os Verdes ou com os independentes\u201d.<\/p>\n<p>Mesmo com a indefini\u00e7\u00e3o, Morrison, 54, disse a apoiadores em Sydney que telefonou ao rival trabalhista e o parabenizou pela vit\u00f3ria. \u201cNosso governo entrega esse pa\u00eds em uma posi\u00e7\u00e3o mais forte do que quando o recebemos\u201d, disse o atual premi\u00ea, no poder desde 2018.<\/p>\n<p>Albanese, por sua vez, afirmou que pretende unir o pa\u00eds e, a jornalistas, destacou o compromisso ambiental ao falar em \u201cencerrar as guerras clim\u00e1ticas\u201d.<\/p>\n<p>\u201cEstou pronto para servir. Acho que as pessoas querem estar juntas, procurar por interesses comuns. Elas est\u00e3o cansadas da divis\u00e3o, o que elas querem \u00e9 se unir enquanto na\u00e7\u00e3o e eu pretendo liderar esse processo\u201d, afirmou.<\/p>\n<p>A apoiadores o pol\u00edtico de ascend\u00eancia italiana destacou ainda que se sentia honrado em representar um voto por mudan\u00e7a. \u201cPodemos tirar vantagem dessa oportunidade para que a Austr\u00e1lia se converta em uma superpot\u00eancia da energia renov\u00e1vel.\u201d<\/p>\n<p>O l\u00edder dos Verdes, que devem ser a terceira maior for\u00e7a no Parlamento, indicou a disposi\u00e7\u00e3o de formar uma alian\u00e7a. \u201cQueremos trabalhar com o [Partido] Trabalhista para enfrentar a grande crise que estamos vivendo. Nossa prioridade \u00e9 um governo progressista, eficaz e est\u00e1vel\u201d, afirmou Adam Bandt.<\/p>\n<p>O premi\u00ea brit\u00e2nico, Boris Johnson, tamb\u00e9m parabenizou Albanese. Al\u00e9m dos 151 deputados, a elei\u00e7\u00e3o deve renovar 40 dos 76 senadores. O voto na Austr\u00e1lia \u00e9 obrigat\u00f3rio.<\/p>\n<p>O virtual futuro premi\u00ea disse ainda que espera assumir logo, para que possa comparecer a uma reuni\u00e3o do chamado Quad -grupo que re\u00fane Austr\u00e1lia, EUA, Jap\u00e3o e \u00cdndia e tem como objetivo principal conter a presen\u00e7a chinesa na regi\u00e3o do Indo-Pac\u00edfico- programada para a ter\u00e7a-feira (24) em T\u00f3quio. Ele ainda prometeu criar uma comiss\u00e3o anticorrup\u00e7\u00e3o e garantir reconhecimento constitucional e representa\u00e7\u00e3o parlamentar para os povos abor\u00edgenes.<\/p>\n<p>O resultado deste s\u00e1bado repetiu 2019 no descompasso em rela\u00e7\u00e3o ao que mostravam as pesquisas eleitorais. No \u00faltimo pleito no pa\u00eds, os levantamentos indicavam uma vit\u00f3ria trabalhista, mas quem acabou levando a disputa foi o conservador Morrison.<\/p>\n<p>Desta vez, as sondagens feitas a poucos dias da vota\u00e7\u00e3o indicavam uma disputa apertada e um avan\u00e7o gradual dos liberais, ainda que os trabalhistas mantivessem uma ligeira vantagem.<\/p>\n<p>As primeiras declara\u00e7\u00f5es de Albanese, destacando quest\u00f5es ambientais e o encontro do Quad, real\u00e7am os temas centrais da campanha. De forma in\u00e9dita, a pol\u00edtica externa chinesa e seu l\u00edder, Xi Jinping, deram o tom, evidenciando a rela\u00e7\u00e3o estremecida entre os dois pa\u00edses.<\/p>\n<p>No m\u00eas passado, na mais recente crise diplom\u00e1tica, o regime de Pequim formalizou acordo de seguran\u00e7a com as Ilhas Salom\u00e3o, pa\u00eds na regi\u00e3o do Pac\u00edfico Sul a apenas 1.600 quil\u00f4metros da costa nordeste da Austr\u00e1lia. O tratado coloca as for\u00e7as militares chinesas \u00e0 disposi\u00e7\u00e3o do governo salom\u00f4nico e eleva a tens\u00e3o em torno de ambi\u00e7\u00f5es de Pequim no quintal australiano, preocupa\u00e7\u00e3o crescente nos \u00faltimos anos com avan\u00e7os de Xi sobre o mar do Sul da China.<\/p>\n<p>Antes mesmo de a campanha come\u00e7ar, correligion\u00e1rios do Partido Liberal j\u00e1 diziam, sem provas, que a China atuava pelo \u00eaxito de Albanese e que os trabalhistas, no poder, ser\u00e3o subservientes ao regime comunista.<\/p>\n<p>Correligion\u00e1rios do virtual futuro premi\u00ea, por sua vez, acusaram o governo Morrison de falhas na seguran\u00e7a nacional devido aos impasses com a China. O distanciamento entre o pol\u00edtico conservador e Pequim, por\u00e9m, foi sacramentado no ano passado com a assinatura de um pacto com EUA e Reino Unido para armar a Austr\u00e1lia com submarinos de propuls\u00e3o nuclear.<\/p>\n<p>Enchentes e inc\u00eandios florestais que assolaram a Austr\u00e1lia nos \u00faltimos anos tamb\u00e9m s\u00e3o motivos de cr\u00edticas a Morrison. O premi\u00ea sofre press\u00e3o por mais investimentos na \u00e1rea de energia limpa, mas tem prometido apoio \u00e0 ind\u00fastria de minera\u00e7\u00e3o de carv\u00e3o.<\/p>\n<p>O voto do eleitorado feminino parece ter sido outro fator decisivo na elei\u00e7\u00e3o deste s\u00e1bado. Nos \u00faltimos meses, o pa\u00eds registrou uma onda de protestos que reuniram milhares de pessoas ap\u00f3s den\u00fancias de abusos e ass\u00e9dios que teriam sido cometidos por membros do governo.<\/p>\n<p>Morrison chegou a pedir desculpas p\u00fablicas \u00e0 ex-funcion\u00e1ria do governo Brittany Higgins, que denunciou ter sido estuprada por um colega de trabalho em um gabinete ministerial em 2019. N\u00e3o \u00e0 toa, a campanha de Albanese refor\u00e7ou promessa pela igualdade salarial entre homens e mulheres para atrair votos de eleitoras da classe m\u00e9dia, grupo considerado fundamental para uma eventual vit\u00f3ria dos trabalhistas.<\/p>\n<p>&nbsp;<\/p>\n<p><span class=\"assinatura_exclusiva\">Folhapress<\/span><\/p>\n","protected":false},"excerpt":{"rendered":"<p>O primeiro-ministro da Austr\u00e1lia, Scott Morrison, reconheceu neste s\u00e1bado (21) a vit\u00f3ria do Partido Trabalhista, de oposi\u00e7\u00e3o, nas elei\u00e7\u00f5es gerais<\/p>\n","protected":false},"author":2,"featured_media":444,"comment_status":"open","ping_status":"open","sticky":false,"template":"","format":"standard","meta":{"colormag_page_container_layout":"default_layout","colormag_page_sidebar_layout":"default_layout","_FSMCFIC_featured_image_caption":"","_FSMCFIC_featured_image_nocaption":"","_FSMCFIC_featured_image_hide":"","footnotes":""},"categories":[6,1],"tags":[],"class_list":["post-443","post","type-post","status-publish","format-standard","has-post-thumbnail","hentry","category-mundo","category-ultimas"],"yoast_head":"<!-- This site is optimized with the Yoast SEO plugin v27.1.1 - https:\/\/yoast.com\/product\/yoast-seo-wordpress\/ -->\n<title>OPOSI\u00c7\u00c3O VENCE NA AUSTR\u00c1LIA, E CONSERVADORES DEIXAR\u00c3O PODER AP\u00d3S 9 ANOS - Brasil not\u00edcias<\/title>\n<meta name=\"robots\" content=\"index, follow, max-snippet:-1, max-image-preview:large, max-video-preview:-1\" \/>\n<link rel=\"canonical\" href=\"https:\/\/brasilnoticias.org\/site\/oposicao-vence-na-australia-e-conservadores-deixarao-poder-apos-9-anos\/\" \/>\n<meta property=\"og:locale\" content=\"pt_PT\" \/>\n<meta property=\"og:type\" content=\"article\" \/>\n<meta property=\"og:title\" content=\"OPOSI\u00c7\u00c3O VENCE NA AUSTR\u00c1LIA, E CONSERVADORES DEIXAR\u00c3O PODER AP\u00d3S 9 ANOS - Brasil not\u00edcias\" \/>\n<meta property=\"og:description\" content=\"O primeiro-ministro da Austr\u00e1lia, Scott Morrison, reconheceu neste s\u00e1bado (21) a vit\u00f3ria do Partido Trabalhista, de oposi\u00e7\u00e3o, nas elei\u00e7\u00f5es gerais\" \/>\n<meta property=\"og:url\" content=\"https:\/\/brasilnoticias.org\/site\/oposicao-vence-na-australia-e-conservadores-deixarao-poder-apos-9-anos\/\" \/>\n<meta property=\"og:site_name\" content=\"Brasil not\u00edcias\" \/>\n<meta property=\"article:published_time\" content=\"2022-05-21T22:35:56+00:00\" \/>\n<meta property=\"og:image\" content=\"https:\/\/brasilnoticias.org\/site\/wp-content\/uploads\/2022\/05\/Screenshot_20220521-191623-958.png\" \/>\n\t<meta property=\"og:image:width\" content=\"720\" \/>\n\t<meta property=\"og:image:height\" content=\"605\" \/>\n\t<meta property=\"og:image:type\" content=\"image\/png\" \/>\n<meta name=\"author\" content=\"Reda\u00e7\u00e3o\" \/>\n<meta name=\"twitter:card\" content=\"summary_large_image\" \/>\n<meta name=\"twitter:label1\" content=\"Escrito por\" \/>\n\t<meta name=\"twitter:data1\" content=\"Reda\u00e7\u00e3o\" \/>\n\t<meta name=\"twitter:label2\" content=\"Tempo estimado de leitura\" \/>\n\t<meta name=\"twitter:data2\" content=\"5 minutos\" \/>\n<script type=\"application\/ld+json\" class=\"yoast-schema-graph\">{\"@context\":\"https:\/\/schema.org\",\"@graph\":[{\"@type\":\"Article\",\"@id\":\"https:\/\/brasilnoticias.org\/site\/oposicao-vence-na-australia-e-conservadores-deixarao-poder-apos-9-anos\/#article\",\"isPartOf\":{\"@id\":\"https:\/\/brasilnoticias.org\/site\/oposicao-vence-na-australia-e-conservadores-deixarao-poder-apos-9-anos\/\"},\"author\":{\"name\":\"Reda\u00e7\u00e3o\",\"@id\":\"https:\/\/brasilnoticias.org\/site\/#\/schema\/person\/f609fa847b5314f1c8b983342f34c798\"},\"headline\":\"OPOSI\u00c7\u00c3O VENCE NA AUSTR\u00c1LIA, E CONSERVADORES DEIXAR\u00c3O PODER AP\u00d3S 9 ANOS\",\"datePublished\":\"2022-05-21T22:35:56+00:00\",\"mainEntityOfPage\":{\"@id\":\"https:\/\/brasilnoticias.org\/site\/oposicao-vence-na-australia-e-conservadores-deixarao-poder-apos-9-anos\/\"},\"wordCount\":1017,\"commentCount\":0,\"publisher\":{\"@id\":\"https:\/\/brasilnoticias.org\/site\/#organization\"},\"image\":{\"@id\":\"https:\/\/brasilnoticias.org\/site\/oposicao-vence-na-australia-e-conservadores-deixarao-poder-apos-9-anos\/#primaryimage\"},\"thumbnailUrl\":\"https:\/\/brasilnoticias.org\/site\/wp-content\/uploads\/2022\/05\/Screenshot_20220521-191623-958.png\",\"articleSection\":[\"Mundo\",\"\u00daltimas\"],\"inLanguage\":\"pt-PT\",\"potentialAction\":[{\"@type\":\"CommentAction\",\"name\":\"Comment\",\"target\":[\"https:\/\/brasilnoticias.org\/site\/oposicao-vence-na-australia-e-conservadores-deixarao-poder-apos-9-anos\/#respond\"]}]},{\"@type\":\"WebPage\",\"@id\":\"https:\/\/brasilnoticias.org\/site\/oposicao-vence-na-australia-e-conservadores-deixarao-poder-apos-9-anos\/\",\"url\":\"https:\/\/brasilnoticias.org\/site\/oposicao-vence-na-australia-e-conservadores-deixarao-poder-apos-9-anos\/\",\"name\":\"OPOSI\u00c7\u00c3O VENCE NA AUSTR\u00c1LIA, E CONSERVADORES DEIXAR\u00c3O PODER AP\u00d3S 9 ANOS - Brasil not\u00edcias\",\"isPartOf\":{\"@id\":\"https:\/\/brasilnoticias.org\/site\/#website\"},\"primaryImageOfPage\":{\"@id\":\"https:\/\/brasilnoticias.org\/site\/oposicao-vence-na-australia-e-conservadores-deixarao-poder-apos-9-anos\/#primaryimage\"},\"image\":{\"@id\":\"https:\/\/brasilnoticias.org\/site\/oposicao-vence-na-australia-e-conservadores-deixarao-poder-apos-9-anos\/#primaryimage\"},\"thumbnailUrl\":\"https:\/\/brasilnoticias.org\/site\/wp-content\/uploads\/2022\/05\/Screenshot_20220521-191623-958.png\",\"datePublished\":\"2022-05-21T22:35:56+00:00\",\"breadcrumb\":{\"@id\":\"https:\/\/brasilnoticias.org\/site\/oposicao-vence-na-australia-e-conservadores-deixarao-poder-apos-9-anos\/#breadcrumb\"},\"inLanguage\":\"pt-PT\",\"potentialAction\":[{\"@type\":\"ReadAction\",\"target\":[\"https:\/\/brasilnoticias.org\/site\/oposicao-vence-na-australia-e-conservadores-deixarao-poder-apos-9-anos\/\"]}]},{\"@type\":\"ImageObject\",\"inLanguage\":\"pt-PT\",\"@id\":\"https:\/\/brasilnoticias.org\/site\/oposicao-vence-na-australia-e-conservadores-deixarao-poder-apos-9-anos\/#primaryimage\",\"url\":\"https:\/\/brasilnoticias.org\/site\/wp-content\/uploads\/2022\/05\/Screenshot_20220521-191623-958.png\",\"contentUrl\":\"https:\/\/brasilnoticias.org\/site\/wp-content\/uploads\/2022\/05\/Screenshot_20220521-191623-958.png\",\"width\":720,\"height\":605},{\"@type\":\"BreadcrumbList\",\"@id\":\"https:\/\/brasilnoticias.org\/site\/oposicao-vence-na-australia-e-conservadores-deixarao-poder-apos-9-anos\/#breadcrumb\",\"itemListElement\":[{\"@type\":\"ListItem\",\"position\":1,\"name\":\"In\u00edcio\",\"item\":\"https:\/\/brasilnoticias.org\/site\/\"},{\"@type\":\"ListItem\",\"position\":2,\"name\":\"OPOSI\u00c7\u00c3O VENCE NA AUSTR\u00c1LIA, E CONSERVADORES DEIXAR\u00c3O PODER AP\u00d3S 9 ANOS\"}]},{\"@type\":\"WebSite\",\"@id\":\"https:\/\/brasilnoticias.org\/site\/#website\",\"url\":\"https:\/\/brasilnoticias.org\/site\/\",\"name\":\"Brasil not\u00edcias\",\"description\":\"Brasil not\u00edcias\",\"publisher\":{\"@id\":\"https:\/\/brasilnoticias.org\/site\/#organization\"},\"potentialAction\":[{\"@type\":\"SearchAction\",\"target\":{\"@type\":\"EntryPoint\",\"urlTemplate\":\"https:\/\/brasilnoticias.org\/site\/?s={search_term_string}\"},\"query-input\":{\"@type\":\"PropertyValueSpecification\",\"valueRequired\":true,\"valueName\":\"search_term_string\"}}],\"inLanguage\":\"pt-PT\"},{\"@type\":\"Organization\",\"@id\":\"https:\/\/brasilnoticias.org\/site\/#organization\",\"name\":\"Brasil not\u00edcias\",\"url\":\"https:\/\/brasilnoticias.org\/site\/\",\"logo\":{\"@type\":\"ImageObject\",\"inLanguage\":\"pt-PT\",\"@id\":\"https:\/\/brasilnoticias.org\/site\/#\/schema\/logo\/image\/\",\"url\":\"https:\/\/brasilnoticias.org\/site\/wp-content\/uploads\/2022\/05\/cropped-brasilnoticias-mini.jpg\",\"contentUrl\":\"https:\/\/brasilnoticias.org\/site\/wp-content\/uploads\/2022\/05\/cropped-brasilnoticias-mini.jpg\",\"width\":314,\"height\":86,\"caption\":\"Brasil not\u00edcias\"},\"image\":{\"@id\":\"https:\/\/brasilnoticias.org\/site\/#\/schema\/logo\/image\/\"}},{\"@type\":\"Person\",\"@id\":\"https:\/\/brasilnoticias.org\/site\/#\/schema\/person\/f609fa847b5314f1c8b983342f34c798\",\"name\":\"Reda\u00e7\u00e3o\",\"image\":{\"@type\":\"ImageObject\",\"inLanguage\":\"pt-PT\",\"@id\":\"https:\/\/brasilnoticias.org\/site\/#\/schema\/person\/image\/\",\"url\":\"https:\/\/secure.gravatar.com\/avatar\/447284c06c1ad8b46465a36de9cd0d8326b73387a22799b8b1ffb1fbcff2ed0c?s=96&d=mm&r=g\",\"contentUrl\":\"https:\/\/secure.gravatar.com\/avatar\/447284c06c1ad8b46465a36de9cd0d8326b73387a22799b8b1ffb1fbcff2ed0c?s=96&d=mm&r=g\",\"caption\":\"Reda\u00e7\u00e3o\"},\"url\":\"https:\/\/brasilnoticias.org\/site\/author\/redacao\/\"}]}<\/script>\n<!-- \/ Yoast SEO plugin. -->","yoast_head_json":{"title":"OPOSI\u00c7\u00c3O VENCE NA AUSTR\u00c1LIA, E CONSERVADORES DEIXAR\u00c3O PODER AP\u00d3S 9 ANOS - Brasil not\u00edcias","robots":{"index":"index","follow":"follow","max-snippet":"max-snippet:-1","max-image-preview":"max-image-preview:large","max-video-preview":"max-video-preview:-1"},"canonical":"https:\/\/brasilnoticias.org\/site\/oposicao-vence-na-australia-e-conservadores-deixarao-poder-apos-9-anos\/","og_locale":"pt_PT","og_type":"article","og_title":"OPOSI\u00c7\u00c3O VENCE NA AUSTR\u00c1LIA, E CONSERVADORES DEIXAR\u00c3O PODER AP\u00d3S 9 ANOS - Brasil not\u00edcias","og_description":"O primeiro-ministro da Austr\u00e1lia, Scott Morrison, reconheceu neste s\u00e1bado (21) a vit\u00f3ria do Partido Trabalhista, de oposi\u00e7\u00e3o, nas elei\u00e7\u00f5es gerais","og_url":"https:\/\/brasilnoticias.org\/site\/oposicao-vence-na-australia-e-conservadores-deixarao-poder-apos-9-anos\/","og_site_name":"Brasil not\u00edcias","article_published_time":"2022-05-21T22:35:56+00:00","og_image":[{"width":720,"height":605,"url":"https:\/\/brasilnoticias.org\/site\/wp-content\/uploads\/2022\/05\/Screenshot_20220521-191623-958.png","type":"image\/png"}],"author":"Reda\u00e7\u00e3o","twitter_card":"summary_large_image","twitter_misc":{"Escrito por":"Reda\u00e7\u00e3o","Tempo estimado de leitura":"5 minutos"},"schema":{"@context":"https:\/\/schema.org","@graph":[{"@type":"Article","@id":"https:\/\/brasilnoticias.org\/site\/oposicao-vence-na-australia-e-conservadores-deixarao-poder-apos-9-anos\/#article","isPartOf":{"@id":"https:\/\/brasilnoticias.org\/site\/oposicao-vence-na-australia-e-conservadores-deixarao-poder-apos-9-anos\/"},"author":{"name":"Reda\u00e7\u00e3o","@id":"https:\/\/brasilnoticias.org\/site\/#\/schema\/person\/f609fa847b5314f1c8b983342f34c798"},"headline":"OPOSI\u00c7\u00c3O VENCE NA AUSTR\u00c1LIA, E CONSERVADORES DEIXAR\u00c3O PODER AP\u00d3S 9 ANOS","datePublished":"2022-05-21T22:35:56+00:00","mainEntityOfPage":{"@id":"https:\/\/brasilnoticias.org\/site\/oposicao-vence-na-australia-e-conservadores-deixarao-poder-apos-9-anos\/"},"wordCount":1017,"commentCount":0,"publisher":{"@id":"https:\/\/brasilnoticias.org\/site\/#organization"},"image":{"@id":"https:\/\/brasilnoticias.org\/site\/oposicao-vence-na-australia-e-conservadores-deixarao-poder-apos-9-anos\/#primaryimage"},"thumbnailUrl":"https:\/\/brasilnoticias.org\/site\/wp-content\/uploads\/2022\/05\/Screenshot_20220521-191623-958.png","articleSection":["Mundo","\u00daltimas"],"inLanguage":"pt-PT","potentialAction":[{"@type":"CommentAction","name":"Comment","target":["https:\/\/brasilnoticias.org\/site\/oposicao-vence-na-australia-e-conservadores-deixarao-poder-apos-9-anos\/#respond"]}]},{"@type":"WebPage","@id":"https:\/\/brasilnoticias.org\/site\/oposicao-vence-na-australia-e-conservadores-deixarao-poder-apos-9-anos\/","url":"https:\/\/brasilnoticias.org\/site\/oposicao-vence-na-australia-e-conservadores-deixarao-poder-apos-9-anos\/","name":"OPOSI\u00c7\u00c3O VENCE NA AUSTR\u00c1LIA, E CONSERVADORES DEIXAR\u00c3O PODER AP\u00d3S 9 ANOS - Brasil not\u00edcias","isPartOf":{"@id":"https:\/\/brasilnoticias.org\/site\/#website"},"primaryImageOfPage":{"@id":"https:\/\/brasilnoticias.org\/site\/oposicao-vence-na-australia-e-conservadores-deixarao-poder-apos-9-anos\/#primaryimage"},"image":{"@id":"https:\/\/brasilnoticias.org\/site\/oposicao-vence-na-australia-e-conservadores-deixarao-poder-apos-9-anos\/#primaryimage"},"thumbnailUrl":"https:\/\/brasilnoticias.org\/site\/wp-content\/uploads\/2022\/05\/Screenshot_20220521-191623-958.png","datePublished":"2022-05-21T22:35:56+00:00","breadcrumb":{"@id":"https:\/\/brasilnoticias.org\/site\/oposicao-vence-na-australia-e-conservadores-deixarao-poder-apos-9-anos\/#breadcrumb"},"inLanguage":"pt-PT","potentialAction":[{"@type":"ReadAction","target":["https:\/\/brasilnoticias.org\/site\/oposicao-vence-na-australia-e-conservadores-deixarao-poder-apos-9-anos\/"]}]},{"@type":"ImageObject","inLanguage":"pt-PT","@id":"https:\/\/brasilnoticias.org\/site\/oposicao-vence-na-australia-e-conservadores-deixarao-poder-apos-9-anos\/#primaryimage","url":"https:\/\/brasilnoticias.org\/site\/wp-content\/uploads\/2022\/05\/Screenshot_20220521-191623-958.png","contentUrl":"https:\/\/brasilnoticias.org\/site\/wp-content\/uploads\/2022\/05\/Screenshot_20220521-191623-958.png","width":720,"height":605},{"@type":"BreadcrumbList","@id":"https:\/\/brasilnoticias.org\/site\/oposicao-vence-na-australia-e-conservadores-deixarao-poder-apos-9-anos\/#breadcrumb","itemListElement":[{"@type":"ListItem","position":1,"name":"In\u00edcio","item":"https:\/\/brasilnoticias.org\/site\/"},{"@type":"ListItem","position":2,"name":"OPOSI\u00c7\u00c3O VENCE NA AUSTR\u00c1LIA, E CONSERVADORES DEIXAR\u00c3O PODER AP\u00d3S 9 ANOS"}]},{"@type":"WebSite","@id":"https:\/\/brasilnoticias.org\/site\/#website","url":"https:\/\/brasilnoticias.org\/site\/","name":"Brasil not\u00edcias","description":"Brasil not\u00edcias","publisher":{"@id":"https:\/\/brasilnoticias.org\/site\/#organization"},"potentialAction":[{"@type":"SearchAction","target":{"@type":"EntryPoint","urlTemplate":"https:\/\/brasilnoticias.org\/site\/?s={search_term_string}"},"query-input":{"@type":"PropertyValueSpecification","valueRequired":true,"valueName":"search_term_string"}}],"inLanguage":"pt-PT"},{"@type":"Organization","@id":"https:\/\/brasilnoticias.org\/site\/#organization","name":"Brasil not\u00edcias","url":"https:\/\/brasilnoticias.org\/site\/","logo":{"@type":"ImageObject","inLanguage":"pt-PT","@id":"https:\/\/brasilnoticias.org\/site\/#\/schema\/logo\/image\/","url":"https:\/\/brasilnoticias.org\/site\/wp-content\/uploads\/2022\/05\/cropped-brasilnoticias-mini.jpg","contentUrl":"https:\/\/brasilnoticias.org\/site\/wp-content\/uploads\/2022\/05\/cropped-brasilnoticias-mini.jpg","width":314,"height":86,"caption":"Brasil not\u00edcias"},"image":{"@id":"https:\/\/brasilnoticias.org\/site\/#\/schema\/logo\/image\/"}},{"@type":"Person","@id":"https:\/\/brasilnoticias.org\/site\/#\/schema\/person\/f609fa847b5314f1c8b983342f34c798","name":"Reda\u00e7\u00e3o","image":{"@type":"ImageObject","inLanguage":"pt-PT","@id":"https:\/\/brasilnoticias.org\/site\/#\/schema\/person\/image\/","url":"https:\/\/secure.gravatar.com\/avatar\/447284c06c1ad8b46465a36de9cd0d8326b73387a22799b8b1ffb1fbcff2ed0c?s=96&d=mm&r=g","contentUrl":"https:\/\/secure.gravatar.com\/avatar\/447284c06c1ad8b46465a36de9cd0d8326b73387a22799b8b1ffb1fbcff2ed0c?s=96&d=mm&r=g","caption":"Reda\u00e7\u00e3o"},"url":"https:\/\/brasilnoticias.org\/site\/author\/redacao\/"}]}},"_links":{"self":[{"href":"https:\/\/brasilnoticias.org\/site\/wp-json\/wp\/v2\/posts\/443","targetHints":{"allow":["GET"]}}],"collection":[{"href":"https:\/\/brasilnoticias.org\/site\/wp-json\/wp\/v2\/posts"}],"about":[{"href":"https:\/\/brasilnoticias.org\/site\/wp-json\/wp\/v2\/types\/post"}],"author":[{"embeddable":true,"href":"https:\/\/brasilnoticias.org\/site\/wp-json\/wp\/v2\/users\/2"}],"replies":[{"embeddable":true,"href":"https:\/\/brasilnoticias.org\/site\/wp-json\/wp\/v2\/comments?post=443"}],"version-history":[{"count":1,"href":"https:\/\/brasilnoticias.org\/site\/wp-json\/wp\/v2\/posts\/443\/revisions"}],"predecessor-version":[{"id":445,"href":"https:\/\/brasilnoticias.org\/site\/wp-json\/wp\/v2\/posts\/443\/revisions\/445"}],"wp:featuredmedia":[{"embeddable":true,"href":"https:\/\/brasilnoticias.org\/site\/wp-json\/wp\/v2\/media\/444"}],"wp:attachment":[{"href":"https:\/\/brasilnoticias.org\/site\/wp-json\/wp\/v2\/media?parent=443"}],"wp:term":[{"taxonomy":"category","embeddable":true,"href":"https:\/\/brasilnoticias.org\/site\/wp-json\/wp\/v2\/categories?post=443"},{"taxonomy":"post_tag","embeddable":true,"href":"https:\/\/brasilnoticias.org\/site\/wp-json\/wp\/v2\/tags?post=443"}],"curies":[{"name":"wp","href":"https:\/\/api.w.org\/{rel}","templated":true}]}}