{"id":4431,"date":"2023-03-02T18:15:17","date_gmt":"2023-03-02T21:15:17","guid":{"rendered":"https:\/\/brasilnoticias.org\/site\/?p=4431"},"modified":"2023-03-02T18:15:17","modified_gmt":"2023-03-02T21:15:17","slug":"ex-modelo-e-encontrada-morta-e-com-o-corpo-carbonizado-em-cotia","status":"publish","type":"post","link":"https:\/\/brasilnoticias.org\/site\/ex-modelo-e-encontrada-morta-e-com-o-corpo-carbonizado-em-cotia\/","title":{"rendered":"Ex-modelo \u00e9 encontrada morta e com o corpo carbonizado em Cotia"},"content":{"rendered":"<p>Uma mulher de 34 anos, identificada como Aline Lais Lopes, foi encontrada morta no \u00faltimo s\u00e1bado, 25, em Cotia, na Grande S\u00e3o Paulo, embaixo de uma passarela na Avenida Professor Jos\u00e9 Barreto e com o corpo todo carbonizado. Segundo a pol\u00edcia, a v\u00edtima estava dentro de um carrinho de supermercado. Na tarde desta ter\u00e7a-feira, 28, mais partes do corpo foram localizadas pr\u00f3ximas a um pr\u00e9dio abandonado.<br \/>\nDe acordo com as investiga\u00e7\u00f5es feitas pelas Delegacia Central de Cotia, que apura o caso, Aline teria ca\u00eddo em uma armadilha armada por outra mulher, identificada como Michele Andrade Ferraz. A v\u00edtima, que j\u00e1 tinha trabalhado como modelo, estaria se relacionando sexualmente com o marido de Michele em troca de drogas.<\/p>\n<p>Segundo a pol\u00edcia, uma pessoa, que est\u00e1 foragida, atraiu Aline para o local do crime, uma antiga casa de shows chamada Cotia Hall, atualmente abandonada. Neste espa\u00e7o, a ex-modelo teria sido enforcada e morta. Depois do enforcamento, a v\u00edtima teve o corpo incendiado e colocado no carrinho de supermercado antes de ser transportado para o local onde foi encontrado.<\/p>\n<p>Um homem identificado como Igor Santos de Moraes foi o respons\u00e1vel, segundo as investiga\u00e7\u00f5es, por levar a v\u00edtima \u00e0 passarela. \u00c0 pol\u00edcia, ele disse que n\u00e3o sabia que se tratava de um corpo de uma mulher &#8211; pensou que fosse de um cachorro &#8211; e afirmou que desovou Aline em troca de duas pedras de crack oferecidas por Michele.<\/p>\n<p>Familiares reconhecerem alguns dos pertences da v\u00edtimas que estavam no local do crime, e que tinham sido localizados pela investiga\u00e7\u00e3o e per\u00edcia t\u00e9cnica. Na delegacia, os parentes relataram que Aline trabalhava como modelo, mas que acabou se tornando dependente qu\u00edmica h\u00e1 seis anos.<\/p>\n<p>Michele, principal suspeita do assassinato, tamb\u00e9m foi interrogada pela pol\u00edcia. N\u00e3o h\u00e1 informa\u00e7\u00f5es, no entanto, se ela est\u00e1 presa.<\/p>\n<p>Ainda de acordo com a Secretaria da Seguran\u00e7a P\u00fablica do Estado de S\u00e3o Paulo (SSP), foram solicitados exames junto ao Instituto de Criminal\u00edstica (IC) e ao Instituto M\u00e9dico Legal (IML).<\/p>\n<p>O jornal O Estado de S. Paulo n\u00e3o conseguiu contato com a defesa dos envolvidos.<\/p>\n<p>Dados da SSP, divulgados na segunda-feira, 27, mostram que o Estado teve um aumento de homic\u00eddios em 5,9% em janeiro deste ano na compara\u00e7\u00e3o com o mesmo per\u00edodo de 2022. No primeiro m\u00eas de 2023, foram registrados 250 casos ante 236 ocorr\u00eancia deste tipo de crime no ano passado.<\/p>\n<p>Foto Reprodu\u00e7\u00e3o- redes sociais<br \/>\nNot\u00edcias ao minuto<\/p>\n","protected":false},"excerpt":{"rendered":"<p>Uma mulher de 34 anos, identificada como Aline Lais Lopes, foi encontrada morta no \u00faltimo s\u00e1bado, 25, em Cotia, na<\/p>\n","protected":false},"author":1,"featured_media":4432,"comment_status":"open","ping_status":"open","sticky":false,"template":"","format":"standard","meta":{"colormag_page_container_layout":"default_layout","colormag_page_sidebar_layout":"default_layout","_FSMCFIC_featured_image_caption":"","_FSMCFIC_featured_image_nocaption":"","_FSMCFIC_featured_image_hide":"","footnotes":""},"categories":[2,1],"tags":[],"class_list":["post-4431","post","type-post","status-publish","format-standard","has-post-thumbnail","hentry","category-noticias","category-ultimas"],"yoast_head":"<!-- This site is optimized with the Yoast SEO plugin v27.1.1 - https:\/\/yoast.com\/product\/yoast-seo-wordpress\/ -->\n<title>Ex-modelo \u00e9 encontrada morta e com o corpo carbonizado em Cotia - Brasil not\u00edcias<\/title>\n<meta name=\"robots\" content=\"index, follow, max-snippet:-1, max-image-preview:large, max-video-preview:-1\" \/>\n<link rel=\"canonical\" href=\"https:\/\/brasilnoticias.org\/site\/ex-modelo-e-encontrada-morta-e-com-o-corpo-carbonizado-em-cotia\/\" \/>\n<meta property=\"og:locale\" content=\"pt_PT\" \/>\n<meta property=\"og:type\" content=\"article\" \/>\n<meta property=\"og:title\" content=\"Ex-modelo \u00e9 encontrada morta e com o corpo carbonizado em Cotia - Brasil not\u00edcias\" \/>\n<meta property=\"og:description\" content=\"Uma mulher de 34 anos, identificada como Aline Lais Lopes, foi encontrada morta no \u00faltimo s\u00e1bado, 25, em Cotia, na\" \/>\n<meta property=\"og:url\" content=\"https:\/\/brasilnoticias.org\/site\/ex-modelo-e-encontrada-morta-e-com-o-corpo-carbonizado-em-cotia\/\" \/>\n<meta property=\"og:site_name\" content=\"Brasil not\u00edcias\" \/>\n<meta property=\"article:published_time\" content=\"2023-03-02T21:15:17+00:00\" \/>\n<meta property=\"og:image\" content=\"https:\/\/brasilnoticias.org\/site\/wp-content\/uploads\/2023\/03\/naom_63ff4b6f1584c.jpg\" \/>\n\t<meta property=\"og:image:width\" content=\"960\" \/>\n\t<meta property=\"og:image:height\" content=\"540\" \/>\n\t<meta property=\"og:image:type\" content=\"image\/jpeg\" \/>\n<meta name=\"author\" content=\"Reda\u00e7\u00e3o\" \/>\n<meta name=\"twitter:card\" content=\"summary_large_image\" \/>\n<meta name=\"twitter:label1\" content=\"Escrito por\" \/>\n\t<meta name=\"twitter:data1\" content=\"Reda\u00e7\u00e3o\" \/>\n<script type=\"application\/ld+json\" class=\"yoast-schema-graph\">{\"@context\":\"https:\/\/schema.org\",\"@graph\":[{\"@type\":\"Article\",\"@id\":\"https:\/\/brasilnoticias.org\/site\/ex-modelo-e-encontrada-morta-e-com-o-corpo-carbonizado-em-cotia\/#article\",\"isPartOf\":{\"@id\":\"https:\/\/brasilnoticias.org\/site\/ex-modelo-e-encontrada-morta-e-com-o-corpo-carbonizado-em-cotia\/\"},\"author\":{\"name\":\"Reda\u00e7\u00e3o\",\"@id\":\"https:\/\/brasilnoticias.org\/site\/#\/schema\/person\/a0e05b973ec4d15c658d51911e53507b\"},\"headline\":\"Ex-modelo \u00e9 encontrada morta e com o corpo carbonizado em Cotia\",\"datePublished\":\"2023-03-02T21:15:17+00:00\",\"mainEntityOfPage\":{\"@id\":\"https:\/\/brasilnoticias.org\/site\/ex-modelo-e-encontrada-morta-e-com-o-corpo-carbonizado-em-cotia\/\"},\"wordCount\":437,\"commentCount\":0,\"publisher\":{\"@id\":\"https:\/\/brasilnoticias.org\/site\/#organization\"},\"image\":{\"@id\":\"https:\/\/brasilnoticias.org\/site\/ex-modelo-e-encontrada-morta-e-com-o-corpo-carbonizado-em-cotia\/#primaryimage\"},\"thumbnailUrl\":\"https:\/\/brasilnoticias.org\/site\/wp-content\/uploads\/2023\/03\/naom_63ff4b6f1584c.jpg\",\"articleSection\":[\"Not\u00edcias\",\"\u00daltimas\"],\"inLanguage\":\"pt-PT\",\"potentialAction\":[{\"@type\":\"CommentAction\",\"name\":\"Comment\",\"target\":[\"https:\/\/brasilnoticias.org\/site\/ex-modelo-e-encontrada-morta-e-com-o-corpo-carbonizado-em-cotia\/#respond\"]}]},{\"@type\":\"WebPage\",\"@id\":\"https:\/\/brasilnoticias.org\/site\/ex-modelo-e-encontrada-morta-e-com-o-corpo-carbonizado-em-cotia\/\",\"url\":\"https:\/\/brasilnoticias.org\/site\/ex-modelo-e-encontrada-morta-e-com-o-corpo-carbonizado-em-cotia\/\",\"name\":\"Ex-modelo \u00e9 encontrada morta e com o corpo carbonizado em Cotia - Brasil not\u00edcias\",\"isPartOf\":{\"@id\":\"https:\/\/brasilnoticias.org\/site\/#website\"},\"primaryImageOfPage\":{\"@id\":\"https:\/\/brasilnoticias.org\/site\/ex-modelo-e-encontrada-morta-e-com-o-corpo-carbonizado-em-cotia\/#primaryimage\"},\"image\":{\"@id\":\"https:\/\/brasilnoticias.org\/site\/ex-modelo-e-encontrada-morta-e-com-o-corpo-carbonizado-em-cotia\/#primaryimage\"},\"thumbnailUrl\":\"https:\/\/brasilnoticias.org\/site\/wp-content\/uploads\/2023\/03\/naom_63ff4b6f1584c.jpg\",\"datePublished\":\"2023-03-02T21:15:17+00:00\",\"breadcrumb\":{\"@id\":\"https:\/\/brasilnoticias.org\/site\/ex-modelo-e-encontrada-morta-e-com-o-corpo-carbonizado-em-cotia\/#breadcrumb\"},\"inLanguage\":\"pt-PT\",\"potentialAction\":[{\"@type\":\"ReadAction\",\"target\":[\"https:\/\/brasilnoticias.org\/site\/ex-modelo-e-encontrada-morta-e-com-o-corpo-carbonizado-em-cotia\/\"]}]},{\"@type\":\"ImageObject\",\"inLanguage\":\"pt-PT\",\"@id\":\"https:\/\/brasilnoticias.org\/site\/ex-modelo-e-encontrada-morta-e-com-o-corpo-carbonizado-em-cotia\/#primaryimage\",\"url\":\"https:\/\/brasilnoticias.org\/site\/wp-content\/uploads\/2023\/03\/naom_63ff4b6f1584c.jpg\",\"contentUrl\":\"https:\/\/brasilnoticias.org\/site\/wp-content\/uploads\/2023\/03\/naom_63ff4b6f1584c.jpg\",\"width\":960,\"height\":540},{\"@type\":\"BreadcrumbList\",\"@id\":\"https:\/\/brasilnoticias.org\/site\/ex-modelo-e-encontrada-morta-e-com-o-corpo-carbonizado-em-cotia\/#breadcrumb\",\"itemListElement\":[{\"@type\":\"ListItem\",\"position\":1,\"name\":\"In\u00edcio\",\"item\":\"https:\/\/brasilnoticias.org\/site\/\"},{\"@type\":\"ListItem\",\"position\":2,\"name\":\"Ex-modelo \u00e9 encontrada morta e com o corpo carbonizado em Cotia\"}]},{\"@type\":\"WebSite\",\"@id\":\"https:\/\/brasilnoticias.org\/site\/#website\",\"url\":\"https:\/\/brasilnoticias.org\/site\/\",\"name\":\"Brasil not\u00edcias\",\"description\":\"Brasil not\u00edcias\",\"publisher\":{\"@id\":\"https:\/\/brasilnoticias.org\/site\/#organization\"},\"potentialAction\":[{\"@type\":\"SearchAction\",\"target\":{\"@type\":\"EntryPoint\",\"urlTemplate\":\"https:\/\/brasilnoticias.org\/site\/?s={search_term_string}\"},\"query-input\":{\"@type\":\"PropertyValueSpecification\",\"valueRequired\":true,\"valueName\":\"search_term_string\"}}],\"inLanguage\":\"pt-PT\"},{\"@type\":\"Organization\",\"@id\":\"https:\/\/brasilnoticias.org\/site\/#organization\",\"name\":\"Brasil not\u00edcias\",\"url\":\"https:\/\/brasilnoticias.org\/site\/\",\"logo\":{\"@type\":\"ImageObject\",\"inLanguage\":\"pt-PT\",\"@id\":\"https:\/\/brasilnoticias.org\/site\/#\/schema\/logo\/image\/\",\"url\":\"https:\/\/brasilnoticias.org\/site\/wp-content\/uploads\/2022\/05\/cropped-brasilnoticias-mini.jpg\",\"contentUrl\":\"https:\/\/brasilnoticias.org\/site\/wp-content\/uploads\/2022\/05\/cropped-brasilnoticias-mini.jpg\",\"width\":314,\"height\":86,\"caption\":\"Brasil not\u00edcias\"},\"image\":{\"@id\":\"https:\/\/brasilnoticias.org\/site\/#\/schema\/logo\/image\/\"}},{\"@type\":\"Person\",\"@id\":\"https:\/\/brasilnoticias.org\/site\/#\/schema\/person\/a0e05b973ec4d15c658d51911e53507b\",\"name\":\"Reda\u00e7\u00e3o\",\"image\":{\"@type\":\"ImageObject\",\"inLanguage\":\"pt-PT\",\"@id\":\"https:\/\/brasilnoticias.org\/site\/#\/schema\/person\/image\/\",\"url\":\"https:\/\/secure.gravatar.com\/avatar\/75d8b050df2de108b08ae78dfb8e374892df24a383c67db9c46a9c604f6aee9c?s=96&d=mm&r=g\",\"contentUrl\":\"https:\/\/secure.gravatar.com\/avatar\/75d8b050df2de108b08ae78dfb8e374892df24a383c67db9c46a9c604f6aee9c?s=96&d=mm&r=g\",\"caption\":\"Reda\u00e7\u00e3o\"},\"sameAs\":[\"https:\/\/brasilnoticias.org\/site\"],\"url\":\"https:\/\/brasilnoticias.org\/site\/author\/fernandozsngmail-com\/\"}]}<\/script>\n<!-- \/ Yoast SEO plugin. -->","yoast_head_json":{"title":"Ex-modelo \u00e9 encontrada morta e com o corpo carbonizado em Cotia - Brasil not\u00edcias","robots":{"index":"index","follow":"follow","max-snippet":"max-snippet:-1","max-image-preview":"max-image-preview:large","max-video-preview":"max-video-preview:-1"},"canonical":"https:\/\/brasilnoticias.org\/site\/ex-modelo-e-encontrada-morta-e-com-o-corpo-carbonizado-em-cotia\/","og_locale":"pt_PT","og_type":"article","og_title":"Ex-modelo \u00e9 encontrada morta e com o corpo carbonizado em Cotia - Brasil not\u00edcias","og_description":"Uma mulher de 34 anos, identificada como Aline Lais Lopes, foi encontrada morta no \u00faltimo s\u00e1bado, 25, em Cotia, na","og_url":"https:\/\/brasilnoticias.org\/site\/ex-modelo-e-encontrada-morta-e-com-o-corpo-carbonizado-em-cotia\/","og_site_name":"Brasil not\u00edcias","article_published_time":"2023-03-02T21:15:17+00:00","og_image":[{"width":960,"height":540,"url":"https:\/\/brasilnoticias.org\/site\/wp-content\/uploads\/2023\/03\/naom_63ff4b6f1584c.jpg","type":"image\/jpeg"}],"author":"Reda\u00e7\u00e3o","twitter_card":"summary_large_image","twitter_misc":{"Escrito por":"Reda\u00e7\u00e3o"},"schema":{"@context":"https:\/\/schema.org","@graph":[{"@type":"Article","@id":"https:\/\/brasilnoticias.org\/site\/ex-modelo-e-encontrada-morta-e-com-o-corpo-carbonizado-em-cotia\/#article","isPartOf":{"@id":"https:\/\/brasilnoticias.org\/site\/ex-modelo-e-encontrada-morta-e-com-o-corpo-carbonizado-em-cotia\/"},"author":{"name":"Reda\u00e7\u00e3o","@id":"https:\/\/brasilnoticias.org\/site\/#\/schema\/person\/a0e05b973ec4d15c658d51911e53507b"},"headline":"Ex-modelo \u00e9 encontrada morta e com o corpo carbonizado em Cotia","datePublished":"2023-03-02T21:15:17+00:00","mainEntityOfPage":{"@id":"https:\/\/brasilnoticias.org\/site\/ex-modelo-e-encontrada-morta-e-com-o-corpo-carbonizado-em-cotia\/"},"wordCount":437,"commentCount":0,"publisher":{"@id":"https:\/\/brasilnoticias.org\/site\/#organization"},"image":{"@id":"https:\/\/brasilnoticias.org\/site\/ex-modelo-e-encontrada-morta-e-com-o-corpo-carbonizado-em-cotia\/#primaryimage"},"thumbnailUrl":"https:\/\/brasilnoticias.org\/site\/wp-content\/uploads\/2023\/03\/naom_63ff4b6f1584c.jpg","articleSection":["Not\u00edcias","\u00daltimas"],"inLanguage":"pt-PT","potentialAction":[{"@type":"CommentAction","name":"Comment","target":["https:\/\/brasilnoticias.org\/site\/ex-modelo-e-encontrada-morta-e-com-o-corpo-carbonizado-em-cotia\/#respond"]}]},{"@type":"WebPage","@id":"https:\/\/brasilnoticias.org\/site\/ex-modelo-e-encontrada-morta-e-com-o-corpo-carbonizado-em-cotia\/","url":"https:\/\/brasilnoticias.org\/site\/ex-modelo-e-encontrada-morta-e-com-o-corpo-carbonizado-em-cotia\/","name":"Ex-modelo \u00e9 encontrada morta e com o corpo carbonizado em Cotia - Brasil not\u00edcias","isPartOf":{"@id":"https:\/\/brasilnoticias.org\/site\/#website"},"primaryImageOfPage":{"@id":"https:\/\/brasilnoticias.org\/site\/ex-modelo-e-encontrada-morta-e-com-o-corpo-carbonizado-em-cotia\/#primaryimage"},"image":{"@id":"https:\/\/brasilnoticias.org\/site\/ex-modelo-e-encontrada-morta-e-com-o-corpo-carbonizado-em-cotia\/#primaryimage"},"thumbnailUrl":"https:\/\/brasilnoticias.org\/site\/wp-content\/uploads\/2023\/03\/naom_63ff4b6f1584c.jpg","datePublished":"2023-03-02T21:15:17+00:00","breadcrumb":{"@id":"https:\/\/brasilnoticias.org\/site\/ex-modelo-e-encontrada-morta-e-com-o-corpo-carbonizado-em-cotia\/#breadcrumb"},"inLanguage":"pt-PT","potentialAction":[{"@type":"ReadAction","target":["https:\/\/brasilnoticias.org\/site\/ex-modelo-e-encontrada-morta-e-com-o-corpo-carbonizado-em-cotia\/"]}]},{"@type":"ImageObject","inLanguage":"pt-PT","@id":"https:\/\/brasilnoticias.org\/site\/ex-modelo-e-encontrada-morta-e-com-o-corpo-carbonizado-em-cotia\/#primaryimage","url":"https:\/\/brasilnoticias.org\/site\/wp-content\/uploads\/2023\/03\/naom_63ff4b6f1584c.jpg","contentUrl":"https:\/\/brasilnoticias.org\/site\/wp-content\/uploads\/2023\/03\/naom_63ff4b6f1584c.jpg","width":960,"height":540},{"@type":"BreadcrumbList","@id":"https:\/\/brasilnoticias.org\/site\/ex-modelo-e-encontrada-morta-e-com-o-corpo-carbonizado-em-cotia\/#breadcrumb","itemListElement":[{"@type":"ListItem","position":1,"name":"In\u00edcio","item":"https:\/\/brasilnoticias.org\/site\/"},{"@type":"ListItem","position":2,"name":"Ex-modelo \u00e9 encontrada morta e com o corpo carbonizado em Cotia"}]},{"@type":"WebSite","@id":"https:\/\/brasilnoticias.org\/site\/#website","url":"https:\/\/brasilnoticias.org\/site\/","name":"Brasil not\u00edcias","description":"Brasil not\u00edcias","publisher":{"@id":"https:\/\/brasilnoticias.org\/site\/#organization"},"potentialAction":[{"@type":"SearchAction","target":{"@type":"EntryPoint","urlTemplate":"https:\/\/brasilnoticias.org\/site\/?s={search_term_string}"},"query-input":{"@type":"PropertyValueSpecification","valueRequired":true,"valueName":"search_term_string"}}],"inLanguage":"pt-PT"},{"@type":"Organization","@id":"https:\/\/brasilnoticias.org\/site\/#organization","name":"Brasil not\u00edcias","url":"https:\/\/brasilnoticias.org\/site\/","logo":{"@type":"ImageObject","inLanguage":"pt-PT","@id":"https:\/\/brasilnoticias.org\/site\/#\/schema\/logo\/image\/","url":"https:\/\/brasilnoticias.org\/site\/wp-content\/uploads\/2022\/05\/cropped-brasilnoticias-mini.jpg","contentUrl":"https:\/\/brasilnoticias.org\/site\/wp-content\/uploads\/2022\/05\/cropped-brasilnoticias-mini.jpg","width":314,"height":86,"caption":"Brasil not\u00edcias"},"image":{"@id":"https:\/\/brasilnoticias.org\/site\/#\/schema\/logo\/image\/"}},{"@type":"Person","@id":"https:\/\/brasilnoticias.org\/site\/#\/schema\/person\/a0e05b973ec4d15c658d51911e53507b","name":"Reda\u00e7\u00e3o","image":{"@type":"ImageObject","inLanguage":"pt-PT","@id":"https:\/\/brasilnoticias.org\/site\/#\/schema\/person\/image\/","url":"https:\/\/secure.gravatar.com\/avatar\/75d8b050df2de108b08ae78dfb8e374892df24a383c67db9c46a9c604f6aee9c?s=96&d=mm&r=g","contentUrl":"https:\/\/secure.gravatar.com\/avatar\/75d8b050df2de108b08ae78dfb8e374892df24a383c67db9c46a9c604f6aee9c?s=96&d=mm&r=g","caption":"Reda\u00e7\u00e3o"},"sameAs":["https:\/\/brasilnoticias.org\/site"],"url":"https:\/\/brasilnoticias.org\/site\/author\/fernandozsngmail-com\/"}]}},"_links":{"self":[{"href":"https:\/\/brasilnoticias.org\/site\/wp-json\/wp\/v2\/posts\/4431","targetHints":{"allow":["GET"]}}],"collection":[{"href":"https:\/\/brasilnoticias.org\/site\/wp-json\/wp\/v2\/posts"}],"about":[{"href":"https:\/\/brasilnoticias.org\/site\/wp-json\/wp\/v2\/types\/post"}],"author":[{"embeddable":true,"href":"https:\/\/brasilnoticias.org\/site\/wp-json\/wp\/v2\/users\/1"}],"replies":[{"embeddable":true,"href":"https:\/\/brasilnoticias.org\/site\/wp-json\/wp\/v2\/comments?post=4431"}],"version-history":[{"count":1,"href":"https:\/\/brasilnoticias.org\/site\/wp-json\/wp\/v2\/posts\/4431\/revisions"}],"predecessor-version":[{"id":4433,"href":"https:\/\/brasilnoticias.org\/site\/wp-json\/wp\/v2\/posts\/4431\/revisions\/4433"}],"wp:featuredmedia":[{"embeddable":true,"href":"https:\/\/brasilnoticias.org\/site\/wp-json\/wp\/v2\/media\/4432"}],"wp:attachment":[{"href":"https:\/\/brasilnoticias.org\/site\/wp-json\/wp\/v2\/media?parent=4431"}],"wp:term":[{"taxonomy":"category","embeddable":true,"href":"https:\/\/brasilnoticias.org\/site\/wp-json\/wp\/v2\/categories?post=4431"},{"taxonomy":"post_tag","embeddable":true,"href":"https:\/\/brasilnoticias.org\/site\/wp-json\/wp\/v2\/tags?post=4431"}],"curies":[{"name":"wp","href":"https:\/\/api.w.org\/{rel}","templated":true}]}}