{"id":4434,"date":"2023-03-03T06:20:23","date_gmt":"2023-03-03T09:20:23","guid":{"rendered":"https:\/\/brasilnoticias.org\/site\/?p=4434"},"modified":"2023-03-03T06:20:23","modified_gmt":"2023-03-03T09:20:23","slug":"pib-do-brasil-cresce-29-em-2022-diz-ibge","status":"publish","type":"post","link":"https:\/\/brasilnoticias.org\/site\/pib-do-brasil-cresce-29-em-2022-diz-ibge\/","title":{"rendered":"PIB do Brasil cresce 2,9% em 2022, diz IBGE"},"content":{"rendered":"<p>A economia brasileira fechou o ano de 2022 com crescimento acumulado de 2,9%, conforme dados do PIB (Produto Interno Bruto) divulgados nesta quinta-feira (2) pelo IBGE (Instituto Brasileiro de Geografia e Estat\u00edstica).<\/p>\n<p>Analistas consultados pela ag\u00eancia Bloomberg projetavam alta de 3% para o indicador.<\/p>\n<p>No recorte do quarto trimestre de 2022, o PIB recuou 0,2% em rela\u00e7\u00e3o aos tr\u00eas meses imediatamente anteriores, segundo o IBGE. Nessa compara\u00e7\u00e3o, analistas consultados pela Bloomberg esperavam varia\u00e7\u00e3o negativa de 0,2%.<\/p>\n<p>O ano passado foi marcado pelo fim das restri\u00e7\u00f5es da pandemia de Covid-19, o que estimulou a circula\u00e7\u00e3o de pessoas e o consumo de servi\u00e7os. Tamb\u00e9m houve sinais de retomada do mercado de trabalho.<\/p>\n<p>Al\u00e9m disso, o governo do ent\u00e3o presidente Jair Bolsonaro (PL) adotou medidas de est\u00edmulo \u00e0 atividade econ\u00f4mica \u00e0s v\u00e9speras das elei\u00e7\u00f5es. Amplia\u00e7\u00e3o do Aux\u00edlio Brasil e cortes tribut\u00e1rios sobre combust\u00edveis fazem parte da lista.<\/p>\n<p>Por outro lado, a eleva\u00e7\u00e3o dos juros para conter a infla\u00e7\u00e3o criou uma trava para o crescimento econ\u00f4mico, sobretudo no segundo semestre, j\u00e1 que o cr\u00e9dito ficou mais caro a fam\u00edlias e empresas.<\/p>\n<p>Nesse cen\u00e1rio, analistas passaram a prever uma desacelera\u00e7\u00e3o do PIB a partir da reta final do ano passado. O movimento, dizem, tende a prosseguir em 2023, o primeiro ano do governo Luiz In\u00e1cio Lula da Silva (PT).<\/p>\n<p>Al\u00e9m dos juros elevados, o f\u00f4lego menor da economia global e a infla\u00e7\u00e3o persistente s\u00e3o apontadas como quest\u00f5es que devem inibir a atividade. A agropecu\u00e1ria, por sua vez, caminha para uma safra maior do que em 2022, o que tende a gerar al\u00edvio no PIB.<\/p>\n<p>No acumulado de 2023, a alta esperada para a economia brasileira \u00e9 de 0,84%, conforme a edi\u00e7\u00e3o mais recente do boletim Focus, divulgada pelo BC (Banco Central) na segunda-feira (27). A publica\u00e7\u00e3o re\u00fane estimativas de institui\u00e7\u00f5es financeiras.<\/p>\n<p>Em fevereiro, a decis\u00e3o do BC de manter a taxa b\u00e1sica de juros (Selic) em 13,75% ao ano motivou uma ofensiva de Lula contra o presidente da institui\u00e7\u00e3o, Roberto Campos Neto. O petista chegou a dizer que o patamar da Selic \u00e9 uma &#8220;vergonha&#8221;.<\/p>\n<p>C\u00c1LCULO DO PIB<\/p>\n<p>Produtos, servi\u00e7os, alugu\u00e9is, servi\u00e7os p\u00fablicos, impostos e at\u00e9 contrabando. Esses s\u00e3o alguns dos componentes do PIB, calculado pelo IBGE, de acordo com padr\u00f5es internacionais. O objetivo \u00e9 medir a produ\u00e7\u00e3o de bens e servi\u00e7os no pa\u00eds em determinado per\u00edodo.<\/p>\n<p>O indicador mostra quem produz, quem consome e a renda gerada a partir dessa produ\u00e7\u00e3o. O crescimento do PIB (descontada a infla\u00e7\u00e3o) \u00e9 usualmente chamado de crescimento econ\u00f4mico.<\/p>\n<p>O levantamento \u00e9 apresentado pela \u00f3tica da oferta (o que \u00e9 produzido) e da demanda (como esses produtos e servi\u00e7os s\u00e3o consumidos). O PIB trimestral \u00e9 divulgado cerca de 60 dias ap\u00f3s o fim do per\u00edodo em quest\u00e3o.<\/p>\n<p>Foto Shutterstock<br \/>\nNot\u00edcias ao minuto<\/p>\n","protected":false},"excerpt":{"rendered":"<p>A economia brasileira fechou o ano de 2022 com crescimento acumulado de 2,9%, conforme dados do PIB (Produto Interno Bruto)<\/p>\n","protected":false},"author":1,"featured_media":4435,"comment_status":"open","ping_status":"open","sticky":false,"template":"","format":"standard","meta":{"colormag_page_container_layout":"default_layout","colormag_page_sidebar_layout":"default_layout","_FSMCFIC_featured_image_caption":"","_FSMCFIC_featured_image_nocaption":"","_FSMCFIC_featured_image_hide":"","footnotes":""},"categories":[2,1],"tags":[],"class_list":["post-4434","post","type-post","status-publish","format-standard","has-post-thumbnail","hentry","category-noticias","category-ultimas"],"yoast_head":"<!-- This site is optimized with the Yoast SEO plugin v27.1.1 - https:\/\/yoast.com\/product\/yoast-seo-wordpress\/ -->\n<title>PIB do Brasil cresce 2,9% em 2022, diz IBGE - Brasil not\u00edcias<\/title>\n<meta name=\"robots\" content=\"index, follow, max-snippet:-1, max-image-preview:large, max-video-preview:-1\" \/>\n<link rel=\"canonical\" href=\"https:\/\/brasilnoticias.org\/site\/pib-do-brasil-cresce-29-em-2022-diz-ibge\/\" \/>\n<meta property=\"og:locale\" content=\"pt_PT\" \/>\n<meta property=\"og:type\" content=\"article\" \/>\n<meta property=\"og:title\" content=\"PIB do Brasil cresce 2,9% em 2022, diz IBGE - Brasil not\u00edcias\" \/>\n<meta property=\"og:description\" content=\"A economia brasileira fechou o ano de 2022 com crescimento acumulado de 2,9%, conforme dados do PIB (Produto Interno Bruto)\" \/>\n<meta property=\"og:url\" content=\"https:\/\/brasilnoticias.org\/site\/pib-do-brasil-cresce-29-em-2022-diz-ibge\/\" \/>\n<meta property=\"og:site_name\" content=\"Brasil not\u00edcias\" \/>\n<meta property=\"article:published_time\" content=\"2023-03-03T09:20:23+00:00\" \/>\n<meta property=\"og:image\" content=\"https:\/\/brasilnoticias.org\/site\/wp-content\/uploads\/2023\/03\/naom_5ebc08546d284.jpg\" \/>\n\t<meta property=\"og:image:width\" content=\"960\" \/>\n\t<meta property=\"og:image:height\" content=\"540\" \/>\n\t<meta property=\"og:image:type\" content=\"image\/jpeg\" \/>\n<meta name=\"author\" content=\"Reda\u00e7\u00e3o\" \/>\n<meta name=\"twitter:card\" content=\"summary_large_image\" \/>\n<meta name=\"twitter:label1\" content=\"Escrito por\" \/>\n\t<meta name=\"twitter:data1\" content=\"Reda\u00e7\u00e3o\" \/>\n<script type=\"application\/ld+json\" class=\"yoast-schema-graph\">{\"@context\":\"https:\/\/schema.org\",\"@graph\":[{\"@type\":\"Article\",\"@id\":\"https:\/\/brasilnoticias.org\/site\/pib-do-brasil-cresce-29-em-2022-diz-ibge\/#article\",\"isPartOf\":{\"@id\":\"https:\/\/brasilnoticias.org\/site\/pib-do-brasil-cresce-29-em-2022-diz-ibge\/\"},\"author\":{\"name\":\"Reda\u00e7\u00e3o\",\"@id\":\"https:\/\/brasilnoticias.org\/site\/#\/schema\/person\/a0e05b973ec4d15c658d51911e53507b\"},\"headline\":\"PIB do Brasil cresce 2,9% em 2022, diz IBGE\",\"datePublished\":\"2023-03-03T09:20:23+00:00\",\"mainEntityOfPage\":{\"@id\":\"https:\/\/brasilnoticias.org\/site\/pib-do-brasil-cresce-29-em-2022-diz-ibge\/\"},\"wordCount\":500,\"commentCount\":0,\"publisher\":{\"@id\":\"https:\/\/brasilnoticias.org\/site\/#organization\"},\"image\":{\"@id\":\"https:\/\/brasilnoticias.org\/site\/pib-do-brasil-cresce-29-em-2022-diz-ibge\/#primaryimage\"},\"thumbnailUrl\":\"https:\/\/brasilnoticias.org\/site\/wp-content\/uploads\/2023\/03\/naom_5ebc08546d284.jpg\",\"articleSection\":[\"Not\u00edcias\",\"\u00daltimas\"],\"inLanguage\":\"pt-PT\",\"potentialAction\":[{\"@type\":\"CommentAction\",\"name\":\"Comment\",\"target\":[\"https:\/\/brasilnoticias.org\/site\/pib-do-brasil-cresce-29-em-2022-diz-ibge\/#respond\"]}]},{\"@type\":\"WebPage\",\"@id\":\"https:\/\/brasilnoticias.org\/site\/pib-do-brasil-cresce-29-em-2022-diz-ibge\/\",\"url\":\"https:\/\/brasilnoticias.org\/site\/pib-do-brasil-cresce-29-em-2022-diz-ibge\/\",\"name\":\"PIB do Brasil cresce 2,9% em 2022, diz IBGE - Brasil not\u00edcias\",\"isPartOf\":{\"@id\":\"https:\/\/brasilnoticias.org\/site\/#website\"},\"primaryImageOfPage\":{\"@id\":\"https:\/\/brasilnoticias.org\/site\/pib-do-brasil-cresce-29-em-2022-diz-ibge\/#primaryimage\"},\"image\":{\"@id\":\"https:\/\/brasilnoticias.org\/site\/pib-do-brasil-cresce-29-em-2022-diz-ibge\/#primaryimage\"},\"thumbnailUrl\":\"https:\/\/brasilnoticias.org\/site\/wp-content\/uploads\/2023\/03\/naom_5ebc08546d284.jpg\",\"datePublished\":\"2023-03-03T09:20:23+00:00\",\"breadcrumb\":{\"@id\":\"https:\/\/brasilnoticias.org\/site\/pib-do-brasil-cresce-29-em-2022-diz-ibge\/#breadcrumb\"},\"inLanguage\":\"pt-PT\",\"potentialAction\":[{\"@type\":\"ReadAction\",\"target\":[\"https:\/\/brasilnoticias.org\/site\/pib-do-brasil-cresce-29-em-2022-diz-ibge\/\"]}]},{\"@type\":\"ImageObject\",\"inLanguage\":\"pt-PT\",\"@id\":\"https:\/\/brasilnoticias.org\/site\/pib-do-brasil-cresce-29-em-2022-diz-ibge\/#primaryimage\",\"url\":\"https:\/\/brasilnoticias.org\/site\/wp-content\/uploads\/2023\/03\/naom_5ebc08546d284.jpg\",\"contentUrl\":\"https:\/\/brasilnoticias.org\/site\/wp-content\/uploads\/2023\/03\/naom_5ebc08546d284.jpg\",\"width\":960,\"height\":540},{\"@type\":\"BreadcrumbList\",\"@id\":\"https:\/\/brasilnoticias.org\/site\/pib-do-brasil-cresce-29-em-2022-diz-ibge\/#breadcrumb\",\"itemListElement\":[{\"@type\":\"ListItem\",\"position\":1,\"name\":\"In\u00edcio\",\"item\":\"https:\/\/brasilnoticias.org\/site\/\"},{\"@type\":\"ListItem\",\"position\":2,\"name\":\"PIB do Brasil cresce 2,9% em 2022, diz IBGE\"}]},{\"@type\":\"WebSite\",\"@id\":\"https:\/\/brasilnoticias.org\/site\/#website\",\"url\":\"https:\/\/brasilnoticias.org\/site\/\",\"name\":\"Brasil not\u00edcias\",\"description\":\"Brasil not\u00edcias\",\"publisher\":{\"@id\":\"https:\/\/brasilnoticias.org\/site\/#organization\"},\"potentialAction\":[{\"@type\":\"SearchAction\",\"target\":{\"@type\":\"EntryPoint\",\"urlTemplate\":\"https:\/\/brasilnoticias.org\/site\/?s={search_term_string}\"},\"query-input\":{\"@type\":\"PropertyValueSpecification\",\"valueRequired\":true,\"valueName\":\"search_term_string\"}}],\"inLanguage\":\"pt-PT\"},{\"@type\":\"Organization\",\"@id\":\"https:\/\/brasilnoticias.org\/site\/#organization\",\"name\":\"Brasil not\u00edcias\",\"url\":\"https:\/\/brasilnoticias.org\/site\/\",\"logo\":{\"@type\":\"ImageObject\",\"inLanguage\":\"pt-PT\",\"@id\":\"https:\/\/brasilnoticias.org\/site\/#\/schema\/logo\/image\/\",\"url\":\"https:\/\/brasilnoticias.org\/site\/wp-content\/uploads\/2022\/05\/cropped-brasilnoticias-mini.jpg\",\"contentUrl\":\"https:\/\/brasilnoticias.org\/site\/wp-content\/uploads\/2022\/05\/cropped-brasilnoticias-mini.jpg\",\"width\":314,\"height\":86,\"caption\":\"Brasil not\u00edcias\"},\"image\":{\"@id\":\"https:\/\/brasilnoticias.org\/site\/#\/schema\/logo\/image\/\"}},{\"@type\":\"Person\",\"@id\":\"https:\/\/brasilnoticias.org\/site\/#\/schema\/person\/a0e05b973ec4d15c658d51911e53507b\",\"name\":\"Reda\u00e7\u00e3o\",\"image\":{\"@type\":\"ImageObject\",\"inLanguage\":\"pt-PT\",\"@id\":\"https:\/\/brasilnoticias.org\/site\/#\/schema\/person\/image\/\",\"url\":\"https:\/\/secure.gravatar.com\/avatar\/75d8b050df2de108b08ae78dfb8e374892df24a383c67db9c46a9c604f6aee9c?s=96&d=mm&r=g\",\"contentUrl\":\"https:\/\/secure.gravatar.com\/avatar\/75d8b050df2de108b08ae78dfb8e374892df24a383c67db9c46a9c604f6aee9c?s=96&d=mm&r=g\",\"caption\":\"Reda\u00e7\u00e3o\"},\"sameAs\":[\"https:\/\/brasilnoticias.org\/site\"],\"url\":\"https:\/\/brasilnoticias.org\/site\/author\/fernandozsngmail-com\/\"}]}<\/script>\n<!-- \/ Yoast SEO plugin. -->","yoast_head_json":{"title":"PIB do Brasil cresce 2,9% em 2022, diz IBGE - Brasil not\u00edcias","robots":{"index":"index","follow":"follow","max-snippet":"max-snippet:-1","max-image-preview":"max-image-preview:large","max-video-preview":"max-video-preview:-1"},"canonical":"https:\/\/brasilnoticias.org\/site\/pib-do-brasil-cresce-29-em-2022-diz-ibge\/","og_locale":"pt_PT","og_type":"article","og_title":"PIB do Brasil cresce 2,9% em 2022, diz IBGE - Brasil not\u00edcias","og_description":"A economia brasileira fechou o ano de 2022 com crescimento acumulado de 2,9%, conforme dados do PIB (Produto Interno Bruto)","og_url":"https:\/\/brasilnoticias.org\/site\/pib-do-brasil-cresce-29-em-2022-diz-ibge\/","og_site_name":"Brasil not\u00edcias","article_published_time":"2023-03-03T09:20:23+00:00","og_image":[{"width":960,"height":540,"url":"https:\/\/brasilnoticias.org\/site\/wp-content\/uploads\/2023\/03\/naom_5ebc08546d284.jpg","type":"image\/jpeg"}],"author":"Reda\u00e7\u00e3o","twitter_card":"summary_large_image","twitter_misc":{"Escrito por":"Reda\u00e7\u00e3o"},"schema":{"@context":"https:\/\/schema.org","@graph":[{"@type":"Article","@id":"https:\/\/brasilnoticias.org\/site\/pib-do-brasil-cresce-29-em-2022-diz-ibge\/#article","isPartOf":{"@id":"https:\/\/brasilnoticias.org\/site\/pib-do-brasil-cresce-29-em-2022-diz-ibge\/"},"author":{"name":"Reda\u00e7\u00e3o","@id":"https:\/\/brasilnoticias.org\/site\/#\/schema\/person\/a0e05b973ec4d15c658d51911e53507b"},"headline":"PIB do Brasil cresce 2,9% em 2022, diz IBGE","datePublished":"2023-03-03T09:20:23+00:00","mainEntityOfPage":{"@id":"https:\/\/brasilnoticias.org\/site\/pib-do-brasil-cresce-29-em-2022-diz-ibge\/"},"wordCount":500,"commentCount":0,"publisher":{"@id":"https:\/\/brasilnoticias.org\/site\/#organization"},"image":{"@id":"https:\/\/brasilnoticias.org\/site\/pib-do-brasil-cresce-29-em-2022-diz-ibge\/#primaryimage"},"thumbnailUrl":"https:\/\/brasilnoticias.org\/site\/wp-content\/uploads\/2023\/03\/naom_5ebc08546d284.jpg","articleSection":["Not\u00edcias","\u00daltimas"],"inLanguage":"pt-PT","potentialAction":[{"@type":"CommentAction","name":"Comment","target":["https:\/\/brasilnoticias.org\/site\/pib-do-brasil-cresce-29-em-2022-diz-ibge\/#respond"]}]},{"@type":"WebPage","@id":"https:\/\/brasilnoticias.org\/site\/pib-do-brasil-cresce-29-em-2022-diz-ibge\/","url":"https:\/\/brasilnoticias.org\/site\/pib-do-brasil-cresce-29-em-2022-diz-ibge\/","name":"PIB do Brasil cresce 2,9% em 2022, diz IBGE - Brasil not\u00edcias","isPartOf":{"@id":"https:\/\/brasilnoticias.org\/site\/#website"},"primaryImageOfPage":{"@id":"https:\/\/brasilnoticias.org\/site\/pib-do-brasil-cresce-29-em-2022-diz-ibge\/#primaryimage"},"image":{"@id":"https:\/\/brasilnoticias.org\/site\/pib-do-brasil-cresce-29-em-2022-diz-ibge\/#primaryimage"},"thumbnailUrl":"https:\/\/brasilnoticias.org\/site\/wp-content\/uploads\/2023\/03\/naom_5ebc08546d284.jpg","datePublished":"2023-03-03T09:20:23+00:00","breadcrumb":{"@id":"https:\/\/brasilnoticias.org\/site\/pib-do-brasil-cresce-29-em-2022-diz-ibge\/#breadcrumb"},"inLanguage":"pt-PT","potentialAction":[{"@type":"ReadAction","target":["https:\/\/brasilnoticias.org\/site\/pib-do-brasil-cresce-29-em-2022-diz-ibge\/"]}]},{"@type":"ImageObject","inLanguage":"pt-PT","@id":"https:\/\/brasilnoticias.org\/site\/pib-do-brasil-cresce-29-em-2022-diz-ibge\/#primaryimage","url":"https:\/\/brasilnoticias.org\/site\/wp-content\/uploads\/2023\/03\/naom_5ebc08546d284.jpg","contentUrl":"https:\/\/brasilnoticias.org\/site\/wp-content\/uploads\/2023\/03\/naom_5ebc08546d284.jpg","width":960,"height":540},{"@type":"BreadcrumbList","@id":"https:\/\/brasilnoticias.org\/site\/pib-do-brasil-cresce-29-em-2022-diz-ibge\/#breadcrumb","itemListElement":[{"@type":"ListItem","position":1,"name":"In\u00edcio","item":"https:\/\/brasilnoticias.org\/site\/"},{"@type":"ListItem","position":2,"name":"PIB do Brasil cresce 2,9% em 2022, diz IBGE"}]},{"@type":"WebSite","@id":"https:\/\/brasilnoticias.org\/site\/#website","url":"https:\/\/brasilnoticias.org\/site\/","name":"Brasil not\u00edcias","description":"Brasil not\u00edcias","publisher":{"@id":"https:\/\/brasilnoticias.org\/site\/#organization"},"potentialAction":[{"@type":"SearchAction","target":{"@type":"EntryPoint","urlTemplate":"https:\/\/brasilnoticias.org\/site\/?s={search_term_string}"},"query-input":{"@type":"PropertyValueSpecification","valueRequired":true,"valueName":"search_term_string"}}],"inLanguage":"pt-PT"},{"@type":"Organization","@id":"https:\/\/brasilnoticias.org\/site\/#organization","name":"Brasil not\u00edcias","url":"https:\/\/brasilnoticias.org\/site\/","logo":{"@type":"ImageObject","inLanguage":"pt-PT","@id":"https:\/\/brasilnoticias.org\/site\/#\/schema\/logo\/image\/","url":"https:\/\/brasilnoticias.org\/site\/wp-content\/uploads\/2022\/05\/cropped-brasilnoticias-mini.jpg","contentUrl":"https:\/\/brasilnoticias.org\/site\/wp-content\/uploads\/2022\/05\/cropped-brasilnoticias-mini.jpg","width":314,"height":86,"caption":"Brasil not\u00edcias"},"image":{"@id":"https:\/\/brasilnoticias.org\/site\/#\/schema\/logo\/image\/"}},{"@type":"Person","@id":"https:\/\/brasilnoticias.org\/site\/#\/schema\/person\/a0e05b973ec4d15c658d51911e53507b","name":"Reda\u00e7\u00e3o","image":{"@type":"ImageObject","inLanguage":"pt-PT","@id":"https:\/\/brasilnoticias.org\/site\/#\/schema\/person\/image\/","url":"https:\/\/secure.gravatar.com\/avatar\/75d8b050df2de108b08ae78dfb8e374892df24a383c67db9c46a9c604f6aee9c?s=96&d=mm&r=g","contentUrl":"https:\/\/secure.gravatar.com\/avatar\/75d8b050df2de108b08ae78dfb8e374892df24a383c67db9c46a9c604f6aee9c?s=96&d=mm&r=g","caption":"Reda\u00e7\u00e3o"},"sameAs":["https:\/\/brasilnoticias.org\/site"],"url":"https:\/\/brasilnoticias.org\/site\/author\/fernandozsngmail-com\/"}]}},"_links":{"self":[{"href":"https:\/\/brasilnoticias.org\/site\/wp-json\/wp\/v2\/posts\/4434","targetHints":{"allow":["GET"]}}],"collection":[{"href":"https:\/\/brasilnoticias.org\/site\/wp-json\/wp\/v2\/posts"}],"about":[{"href":"https:\/\/brasilnoticias.org\/site\/wp-json\/wp\/v2\/types\/post"}],"author":[{"embeddable":true,"href":"https:\/\/brasilnoticias.org\/site\/wp-json\/wp\/v2\/users\/1"}],"replies":[{"embeddable":true,"href":"https:\/\/brasilnoticias.org\/site\/wp-json\/wp\/v2\/comments?post=4434"}],"version-history":[{"count":1,"href":"https:\/\/brasilnoticias.org\/site\/wp-json\/wp\/v2\/posts\/4434\/revisions"}],"predecessor-version":[{"id":4436,"href":"https:\/\/brasilnoticias.org\/site\/wp-json\/wp\/v2\/posts\/4434\/revisions\/4436"}],"wp:featuredmedia":[{"embeddable":true,"href":"https:\/\/brasilnoticias.org\/site\/wp-json\/wp\/v2\/media\/4435"}],"wp:attachment":[{"href":"https:\/\/brasilnoticias.org\/site\/wp-json\/wp\/v2\/media?parent=4434"}],"wp:term":[{"taxonomy":"category","embeddable":true,"href":"https:\/\/brasilnoticias.org\/site\/wp-json\/wp\/v2\/categories?post=4434"},{"taxonomy":"post_tag","embeddable":true,"href":"https:\/\/brasilnoticias.org\/site\/wp-json\/wp\/v2\/tags?post=4434"}],"curies":[{"name":"wp","href":"https:\/\/api.w.org\/{rel}","templated":true}]}}