{"id":4444,"date":"2023-03-03T06:24:56","date_gmt":"2023-03-03T09:24:56","guid":{"rendered":"https:\/\/brasilnoticias.org\/site\/?p=4444"},"modified":"2023-03-03T06:24:56","modified_gmt":"2023-03-03T09:24:56","slug":"novo-bolsa-familia-comeca-ser-pago-no-dia-20-veja-calendario","status":"publish","type":"post","link":"https:\/\/brasilnoticias.org\/site\/novo-bolsa-familia-comeca-ser-pago-no-dia-20-veja-calendario\/","title":{"rendered":"Novo Bolsa Fam\u00edlia come\u00e7a ser pago no dia 20; veja calend\u00e1rio"},"content":{"rendered":"<p>O novo Bolsa Fam\u00edlia, relan\u00e7ado pelo governo federal em substitui\u00e7\u00e3o ao Aux\u00edlio Brasil, come\u00e7a a pagar benef\u00edcios m\u00e9dios de R$ 715 para 20,8 milh\u00f5es de benefici\u00e1rios a partir do dia 20 deste m\u00eas. Atualmente, o valor m\u00e9dio \u00e9 de pouco mais de R$ 600.<\/p>\n<p>O programa foi relan\u00e7ado em cerim\u00f4nia no Pal\u00e1cio do Planalto pelo presidente Luiz In\u00e1cio Lula da Silva (PT), na manh\u00e3 desta quinta-feira (2). O valor m\u00ednimo a ser liberado \u00e9 de R$ 600. Haver\u00e1 ainda um adicional de R$ 150 por crian\u00e7a at\u00e9 seis anos na escola, al\u00e9m de adicional para quem filhos entre seis e 18 anos.<\/p>\n<p>CALEND\u00c1RIO DO BOLSA FAM\u00cdLIA 2023 EM MAR\u00c7O<\/p>\n<p>Final do NIS &#8211; Data de pagamento<br \/>\n1 &#8211; 20\/mar<br \/>\n2 &#8211; 21\/mar<br \/>\n3 &#8211; 22\/mar<br \/>\n4 &#8211; 23\/mar<br \/>\n5 &#8211; 24\/mar<br \/>\n6 &#8211; 27\/mar<br \/>\n7 &#8211; 28\/mar<br \/>\n8 &#8211; 29\/mar<br \/>\n9 &#8211; 30\/mar<br \/>\n0 &#8211; 31\/mar<\/p>\n<p>Segundo a presidente da Caixa Econ\u00f4mica Federal, Maria Rita Serrano, o programa distribuir\u00e1 cart\u00e3o de d\u00e9bito a todos os usu\u00e1rios, que poder\u00e3o utiliz\u00e1-los em compras e demais pagamentos.<\/p>\n<p>Ainda n\u00e3o foi divulgado como ser\u00e1 feita essa substitui\u00e7\u00e3o, mas a presidente da Caixa informou que o banco se prepara para, a partir do dia 20, fornecer atendimento para o p\u00fablico em todas as ag\u00eancias e correspondentes banc\u00e1rios da Caixa.<\/p>\n<p>Segundo ela, em 2003, quando o programa come\u00e7ou, atendia a 3 milh\u00f5es de brasileiros. Hoje, chega a quase 21 milh\u00f5es. No \u00faltimo m\u00eas, o Bolsa Fam\u00edlia, ainda com nome de Aux\u00edlio Brasil, pagou benef\u00edcios a cerca de 21 milh\u00f5es de brasileiros. A diminui\u00e7\u00e3o no total de benefici\u00e1rios se d\u00e1 por causa de cortes ap\u00f3s investiga\u00e7\u00e3o de irregularidades no cadastro.<\/p>\n<p>REGRAS PARA RECEBER O BOLSA FAM\u00cdLIA<\/p>\n<p>Segundo o ministro Wellington Dias, do Desenvolvimento e Assist\u00eancia Social, Fam\u00edlia e Combate \u00e0 Fome, ser\u00e1 pago um valor maior de benef\u00edcio porque o governo leva em considera\u00e7\u00e3o a quantidade de membros da fam\u00edlia. No entanto, fam\u00edlias de uma \u00fanica pessoa devem seguir com os R$ 600, j\u00e1 que, segundo ele, n\u00e3o haver\u00e1 redu\u00e7\u00e3o no valor m\u00ednimo.<\/p>\n<p>&#8220;Bolsa Fam\u00edlia n\u00e3o \u00e9 s\u00f3 transfer\u00eancia de renda, o Bolsa Fam\u00edlia \u00e9 uma pol\u00edtica de vida, de uma vida melhor&#8221;, disse Dias em seu discurso.<\/p>\n<p>QUEM PODER\u00c1 RECEBER:<\/p>\n<p>&#8211; Para ter o Bolsa Fam\u00edlia, \u00e9 preciso estar no Cad\u00danico<br \/>\n&#8211; Entram no Cad\u00danico todas as fam\u00edlias com renda de at\u00e9 meio sal\u00e1rio m\u00ednimo (R$ 651 hoje, mas deve subir para R$ 660 com o reajuste do sal\u00e1rio m\u00ednimo prometido para maio)<br \/>\n&#8211; Fam\u00edlias com renda per capita (por pessoa) de R$ 218 t\u00eam direito ao Bolsa Fam\u00edlia<br \/>\nEm seu discurso, o presidente Lula pediu que haja fiscaliza\u00e7\u00e3o de toda a sociedade para que sejam retirados do programa os cidad\u00e3os que n\u00e3o atendem \u00e0s regras e n\u00e3o t\u00eam direito ao benef\u00edcio. &#8220;Porque se tiver algu\u00e9m que n\u00e3o mere\u00e7a, esse algu\u00e9m n\u00e3o vai receber&#8221;, disse.<\/p>\n<p>REAJUSTE NO VALOR POR PESSOA DA FAM\u00cdLIA<\/p>\n<p>O governo anunciou que o novo programa vai incluir fam\u00edlias com renda de at\u00e9 R$ 218 por pessoa \u2013uma amplia\u00e7\u00e3o em rela\u00e7\u00e3o \u00e0 faixa de pobreza, que era de at\u00e9 R$ 210 por pessoa da fam\u00edlia.<\/p>\n<p>O reajuste de 3,81% fica abaixo da infla\u00e7\u00e3o de 7,12% acumulada desde dezembro de 2021, quando foi sancionada a lei que criou o Aux\u00edlio Brasil e instituiu os R$ 210 por pessoa.<\/p>\n<p>A medida vai permitir que mais fam\u00edlias sejam eleg\u00edveis para receber o benef\u00edcio. H\u00e1, no entanto, expectativa de manter a fila zerada at\u00e9 o fim do ano.<\/p>\n<p>Para este ano, o governo federal ter\u00e1 um teto de R$ 175 bilh\u00f5es para destinar ao novo Bolsa Fam\u00edlia. O valor \u00e9 superior ao or\u00e7amento aprovado no ano passado, mas tornou-se poss\u00edvel ap\u00f3s a aprova\u00e7\u00e3o de uma PEC (Proposta de Emenda \u00e0 Constitui\u00e7\u00e3o) articulada pela equipe de Lula, ainda no per\u00edodo de transi\u00e7\u00e3o.<\/p>\n<p>Foto Shutterstock<br \/>\nNot\u00edcias ao minuto<\/p>\n","protected":false},"excerpt":{"rendered":"<p>O novo Bolsa Fam\u00edlia, relan\u00e7ado pelo governo federal em substitui\u00e7\u00e3o ao Aux\u00edlio Brasil, come\u00e7a a pagar benef\u00edcios m\u00e9dios de R$<\/p>\n","protected":false},"author":1,"featured_media":4445,"comment_status":"open","ping_status":"open","sticky":false,"template":"","format":"standard","meta":{"colormag_page_container_layout":"default_layout","colormag_page_sidebar_layout":"default_layout","_FSMCFIC_featured_image_caption":"","_FSMCFIC_featured_image_nocaption":"","_FSMCFIC_featured_image_hide":"","footnotes":""},"categories":[2,1],"tags":[],"class_list":["post-4444","post","type-post","status-publish","format-standard","has-post-thumbnail","hentry","category-noticias","category-ultimas"],"yoast_head":"<!-- This site is optimized with the Yoast SEO plugin v27.1.1 - https:\/\/yoast.com\/product\/yoast-seo-wordpress\/ -->\n<title>Novo Bolsa Fam\u00edlia come\u00e7a ser pago no dia 20; veja calend\u00e1rio - Brasil not\u00edcias<\/title>\n<meta name=\"robots\" content=\"index, follow, max-snippet:-1, max-image-preview:large, max-video-preview:-1\" \/>\n<link rel=\"canonical\" href=\"https:\/\/brasilnoticias.org\/site\/novo-bolsa-familia-comeca-ser-pago-no-dia-20-veja-calendario\/\" \/>\n<meta property=\"og:locale\" content=\"pt_PT\" \/>\n<meta property=\"og:type\" content=\"article\" \/>\n<meta property=\"og:title\" content=\"Novo Bolsa Fam\u00edlia come\u00e7a ser pago no dia 20; veja calend\u00e1rio - Brasil not\u00edcias\" \/>\n<meta property=\"og:description\" content=\"O novo Bolsa Fam\u00edlia, relan\u00e7ado pelo governo federal em substitui\u00e7\u00e3o ao Aux\u00edlio Brasil, come\u00e7a a pagar benef\u00edcios m\u00e9dios de R$\" \/>\n<meta property=\"og:url\" content=\"https:\/\/brasilnoticias.org\/site\/novo-bolsa-familia-comeca-ser-pago-no-dia-20-veja-calendario\/\" \/>\n<meta property=\"og:site_name\" content=\"Brasil not\u00edcias\" \/>\n<meta property=\"article:published_time\" content=\"2023-03-03T09:24:56+00:00\" \/>\n<meta property=\"og:image\" content=\"https:\/\/brasilnoticias.org\/site\/wp-content\/uploads\/2023\/03\/naom_61122e2fad4f8.jpg\" \/>\n\t<meta property=\"og:image:width\" content=\"960\" \/>\n\t<meta property=\"og:image:height\" content=\"540\" \/>\n\t<meta property=\"og:image:type\" content=\"image\/jpeg\" \/>\n<meta name=\"author\" content=\"Reda\u00e7\u00e3o\" \/>\n<meta name=\"twitter:card\" content=\"summary_large_image\" \/>\n<meta name=\"twitter:label1\" content=\"Escrito por\" \/>\n\t<meta name=\"twitter:data1\" content=\"Reda\u00e7\u00e3o\" \/>\n<script type=\"application\/ld+json\" class=\"yoast-schema-graph\">{\"@context\":\"https:\/\/schema.org\",\"@graph\":[{\"@type\":\"Article\",\"@id\":\"https:\/\/brasilnoticias.org\/site\/novo-bolsa-familia-comeca-ser-pago-no-dia-20-veja-calendario\/#article\",\"isPartOf\":{\"@id\":\"https:\/\/brasilnoticias.org\/site\/novo-bolsa-familia-comeca-ser-pago-no-dia-20-veja-calendario\/\"},\"author\":{\"name\":\"Reda\u00e7\u00e3o\",\"@id\":\"https:\/\/brasilnoticias.org\/site\/#\/schema\/person\/a0e05b973ec4d15c658d51911e53507b\"},\"headline\":\"Novo Bolsa Fam\u00edlia come\u00e7a ser pago no dia 20; veja calend\u00e1rio\",\"datePublished\":\"2023-03-03T09:24:56+00:00\",\"mainEntityOfPage\":{\"@id\":\"https:\/\/brasilnoticias.org\/site\/novo-bolsa-familia-comeca-ser-pago-no-dia-20-veja-calendario\/\"},\"wordCount\":699,\"commentCount\":0,\"publisher\":{\"@id\":\"https:\/\/brasilnoticias.org\/site\/#organization\"},\"image\":{\"@id\":\"https:\/\/brasilnoticias.org\/site\/novo-bolsa-familia-comeca-ser-pago-no-dia-20-veja-calendario\/#primaryimage\"},\"thumbnailUrl\":\"https:\/\/brasilnoticias.org\/site\/wp-content\/uploads\/2023\/03\/naom_61122e2fad4f8.jpg\",\"articleSection\":[\"Not\u00edcias\",\"\u00daltimas\"],\"inLanguage\":\"pt-PT\",\"potentialAction\":[{\"@type\":\"CommentAction\",\"name\":\"Comment\",\"target\":[\"https:\/\/brasilnoticias.org\/site\/novo-bolsa-familia-comeca-ser-pago-no-dia-20-veja-calendario\/#respond\"]}]},{\"@type\":\"WebPage\",\"@id\":\"https:\/\/brasilnoticias.org\/site\/novo-bolsa-familia-comeca-ser-pago-no-dia-20-veja-calendario\/\",\"url\":\"https:\/\/brasilnoticias.org\/site\/novo-bolsa-familia-comeca-ser-pago-no-dia-20-veja-calendario\/\",\"name\":\"Novo Bolsa Fam\u00edlia come\u00e7a ser pago no dia 20; veja calend\u00e1rio - Brasil not\u00edcias\",\"isPartOf\":{\"@id\":\"https:\/\/brasilnoticias.org\/site\/#website\"},\"primaryImageOfPage\":{\"@id\":\"https:\/\/brasilnoticias.org\/site\/novo-bolsa-familia-comeca-ser-pago-no-dia-20-veja-calendario\/#primaryimage\"},\"image\":{\"@id\":\"https:\/\/brasilnoticias.org\/site\/novo-bolsa-familia-comeca-ser-pago-no-dia-20-veja-calendario\/#primaryimage\"},\"thumbnailUrl\":\"https:\/\/brasilnoticias.org\/site\/wp-content\/uploads\/2023\/03\/naom_61122e2fad4f8.jpg\",\"datePublished\":\"2023-03-03T09:24:56+00:00\",\"breadcrumb\":{\"@id\":\"https:\/\/brasilnoticias.org\/site\/novo-bolsa-familia-comeca-ser-pago-no-dia-20-veja-calendario\/#breadcrumb\"},\"inLanguage\":\"pt-PT\",\"potentialAction\":[{\"@type\":\"ReadAction\",\"target\":[\"https:\/\/brasilnoticias.org\/site\/novo-bolsa-familia-comeca-ser-pago-no-dia-20-veja-calendario\/\"]}]},{\"@type\":\"ImageObject\",\"inLanguage\":\"pt-PT\",\"@id\":\"https:\/\/brasilnoticias.org\/site\/novo-bolsa-familia-comeca-ser-pago-no-dia-20-veja-calendario\/#primaryimage\",\"url\":\"https:\/\/brasilnoticias.org\/site\/wp-content\/uploads\/2023\/03\/naom_61122e2fad4f8.jpg\",\"contentUrl\":\"https:\/\/brasilnoticias.org\/site\/wp-content\/uploads\/2023\/03\/naom_61122e2fad4f8.jpg\",\"width\":960,\"height\":540},{\"@type\":\"BreadcrumbList\",\"@id\":\"https:\/\/brasilnoticias.org\/site\/novo-bolsa-familia-comeca-ser-pago-no-dia-20-veja-calendario\/#breadcrumb\",\"itemListElement\":[{\"@type\":\"ListItem\",\"position\":1,\"name\":\"In\u00edcio\",\"item\":\"https:\/\/brasilnoticias.org\/site\/\"},{\"@type\":\"ListItem\",\"position\":2,\"name\":\"Novo Bolsa Fam\u00edlia come\u00e7a ser pago no dia 20; veja calend\u00e1rio\"}]},{\"@type\":\"WebSite\",\"@id\":\"https:\/\/brasilnoticias.org\/site\/#website\",\"url\":\"https:\/\/brasilnoticias.org\/site\/\",\"name\":\"Brasil not\u00edcias\",\"description\":\"Brasil not\u00edcias\",\"publisher\":{\"@id\":\"https:\/\/brasilnoticias.org\/site\/#organization\"},\"potentialAction\":[{\"@type\":\"SearchAction\",\"target\":{\"@type\":\"EntryPoint\",\"urlTemplate\":\"https:\/\/brasilnoticias.org\/site\/?s={search_term_string}\"},\"query-input\":{\"@type\":\"PropertyValueSpecification\",\"valueRequired\":true,\"valueName\":\"search_term_string\"}}],\"inLanguage\":\"pt-PT\"},{\"@type\":\"Organization\",\"@id\":\"https:\/\/brasilnoticias.org\/site\/#organization\",\"name\":\"Brasil not\u00edcias\",\"url\":\"https:\/\/brasilnoticias.org\/site\/\",\"logo\":{\"@type\":\"ImageObject\",\"inLanguage\":\"pt-PT\",\"@id\":\"https:\/\/brasilnoticias.org\/site\/#\/schema\/logo\/image\/\",\"url\":\"https:\/\/brasilnoticias.org\/site\/wp-content\/uploads\/2022\/05\/cropped-brasilnoticias-mini.jpg\",\"contentUrl\":\"https:\/\/brasilnoticias.org\/site\/wp-content\/uploads\/2022\/05\/cropped-brasilnoticias-mini.jpg\",\"width\":314,\"height\":86,\"caption\":\"Brasil not\u00edcias\"},\"image\":{\"@id\":\"https:\/\/brasilnoticias.org\/site\/#\/schema\/logo\/image\/\"}},{\"@type\":\"Person\",\"@id\":\"https:\/\/brasilnoticias.org\/site\/#\/schema\/person\/a0e05b973ec4d15c658d51911e53507b\",\"name\":\"Reda\u00e7\u00e3o\",\"image\":{\"@type\":\"ImageObject\",\"inLanguage\":\"pt-PT\",\"@id\":\"https:\/\/brasilnoticias.org\/site\/#\/schema\/person\/image\/\",\"url\":\"https:\/\/secure.gravatar.com\/avatar\/75d8b050df2de108b08ae78dfb8e374892df24a383c67db9c46a9c604f6aee9c?s=96&d=mm&r=g\",\"contentUrl\":\"https:\/\/secure.gravatar.com\/avatar\/75d8b050df2de108b08ae78dfb8e374892df24a383c67db9c46a9c604f6aee9c?s=96&d=mm&r=g\",\"caption\":\"Reda\u00e7\u00e3o\"},\"sameAs\":[\"https:\/\/brasilnoticias.org\/site\"],\"url\":\"https:\/\/brasilnoticias.org\/site\/author\/fernandozsngmail-com\/\"}]}<\/script>\n<!-- \/ Yoast SEO plugin. -->","yoast_head_json":{"title":"Novo Bolsa Fam\u00edlia come\u00e7a ser pago no dia 20; veja calend\u00e1rio - Brasil not\u00edcias","robots":{"index":"index","follow":"follow","max-snippet":"max-snippet:-1","max-image-preview":"max-image-preview:large","max-video-preview":"max-video-preview:-1"},"canonical":"https:\/\/brasilnoticias.org\/site\/novo-bolsa-familia-comeca-ser-pago-no-dia-20-veja-calendario\/","og_locale":"pt_PT","og_type":"article","og_title":"Novo Bolsa Fam\u00edlia come\u00e7a ser pago no dia 20; veja calend\u00e1rio - Brasil not\u00edcias","og_description":"O novo Bolsa Fam\u00edlia, relan\u00e7ado pelo governo federal em substitui\u00e7\u00e3o ao Aux\u00edlio Brasil, come\u00e7a a pagar benef\u00edcios m\u00e9dios de R$","og_url":"https:\/\/brasilnoticias.org\/site\/novo-bolsa-familia-comeca-ser-pago-no-dia-20-veja-calendario\/","og_site_name":"Brasil not\u00edcias","article_published_time":"2023-03-03T09:24:56+00:00","og_image":[{"width":960,"height":540,"url":"https:\/\/brasilnoticias.org\/site\/wp-content\/uploads\/2023\/03\/naom_61122e2fad4f8.jpg","type":"image\/jpeg"}],"author":"Reda\u00e7\u00e3o","twitter_card":"summary_large_image","twitter_misc":{"Escrito por":"Reda\u00e7\u00e3o"},"schema":{"@context":"https:\/\/schema.org","@graph":[{"@type":"Article","@id":"https:\/\/brasilnoticias.org\/site\/novo-bolsa-familia-comeca-ser-pago-no-dia-20-veja-calendario\/#article","isPartOf":{"@id":"https:\/\/brasilnoticias.org\/site\/novo-bolsa-familia-comeca-ser-pago-no-dia-20-veja-calendario\/"},"author":{"name":"Reda\u00e7\u00e3o","@id":"https:\/\/brasilnoticias.org\/site\/#\/schema\/person\/a0e05b973ec4d15c658d51911e53507b"},"headline":"Novo Bolsa Fam\u00edlia come\u00e7a ser pago no dia 20; veja calend\u00e1rio","datePublished":"2023-03-03T09:24:56+00:00","mainEntityOfPage":{"@id":"https:\/\/brasilnoticias.org\/site\/novo-bolsa-familia-comeca-ser-pago-no-dia-20-veja-calendario\/"},"wordCount":699,"commentCount":0,"publisher":{"@id":"https:\/\/brasilnoticias.org\/site\/#organization"},"image":{"@id":"https:\/\/brasilnoticias.org\/site\/novo-bolsa-familia-comeca-ser-pago-no-dia-20-veja-calendario\/#primaryimage"},"thumbnailUrl":"https:\/\/brasilnoticias.org\/site\/wp-content\/uploads\/2023\/03\/naom_61122e2fad4f8.jpg","articleSection":["Not\u00edcias","\u00daltimas"],"inLanguage":"pt-PT","potentialAction":[{"@type":"CommentAction","name":"Comment","target":["https:\/\/brasilnoticias.org\/site\/novo-bolsa-familia-comeca-ser-pago-no-dia-20-veja-calendario\/#respond"]}]},{"@type":"WebPage","@id":"https:\/\/brasilnoticias.org\/site\/novo-bolsa-familia-comeca-ser-pago-no-dia-20-veja-calendario\/","url":"https:\/\/brasilnoticias.org\/site\/novo-bolsa-familia-comeca-ser-pago-no-dia-20-veja-calendario\/","name":"Novo Bolsa Fam\u00edlia come\u00e7a ser pago no dia 20; veja calend\u00e1rio - Brasil not\u00edcias","isPartOf":{"@id":"https:\/\/brasilnoticias.org\/site\/#website"},"primaryImageOfPage":{"@id":"https:\/\/brasilnoticias.org\/site\/novo-bolsa-familia-comeca-ser-pago-no-dia-20-veja-calendario\/#primaryimage"},"image":{"@id":"https:\/\/brasilnoticias.org\/site\/novo-bolsa-familia-comeca-ser-pago-no-dia-20-veja-calendario\/#primaryimage"},"thumbnailUrl":"https:\/\/brasilnoticias.org\/site\/wp-content\/uploads\/2023\/03\/naom_61122e2fad4f8.jpg","datePublished":"2023-03-03T09:24:56+00:00","breadcrumb":{"@id":"https:\/\/brasilnoticias.org\/site\/novo-bolsa-familia-comeca-ser-pago-no-dia-20-veja-calendario\/#breadcrumb"},"inLanguage":"pt-PT","potentialAction":[{"@type":"ReadAction","target":["https:\/\/brasilnoticias.org\/site\/novo-bolsa-familia-comeca-ser-pago-no-dia-20-veja-calendario\/"]}]},{"@type":"ImageObject","inLanguage":"pt-PT","@id":"https:\/\/brasilnoticias.org\/site\/novo-bolsa-familia-comeca-ser-pago-no-dia-20-veja-calendario\/#primaryimage","url":"https:\/\/brasilnoticias.org\/site\/wp-content\/uploads\/2023\/03\/naom_61122e2fad4f8.jpg","contentUrl":"https:\/\/brasilnoticias.org\/site\/wp-content\/uploads\/2023\/03\/naom_61122e2fad4f8.jpg","width":960,"height":540},{"@type":"BreadcrumbList","@id":"https:\/\/brasilnoticias.org\/site\/novo-bolsa-familia-comeca-ser-pago-no-dia-20-veja-calendario\/#breadcrumb","itemListElement":[{"@type":"ListItem","position":1,"name":"In\u00edcio","item":"https:\/\/brasilnoticias.org\/site\/"},{"@type":"ListItem","position":2,"name":"Novo Bolsa Fam\u00edlia come\u00e7a ser pago no dia 20; veja calend\u00e1rio"}]},{"@type":"WebSite","@id":"https:\/\/brasilnoticias.org\/site\/#website","url":"https:\/\/brasilnoticias.org\/site\/","name":"Brasil not\u00edcias","description":"Brasil not\u00edcias","publisher":{"@id":"https:\/\/brasilnoticias.org\/site\/#organization"},"potentialAction":[{"@type":"SearchAction","target":{"@type":"EntryPoint","urlTemplate":"https:\/\/brasilnoticias.org\/site\/?s={search_term_string}"},"query-input":{"@type":"PropertyValueSpecification","valueRequired":true,"valueName":"search_term_string"}}],"inLanguage":"pt-PT"},{"@type":"Organization","@id":"https:\/\/brasilnoticias.org\/site\/#organization","name":"Brasil not\u00edcias","url":"https:\/\/brasilnoticias.org\/site\/","logo":{"@type":"ImageObject","inLanguage":"pt-PT","@id":"https:\/\/brasilnoticias.org\/site\/#\/schema\/logo\/image\/","url":"https:\/\/brasilnoticias.org\/site\/wp-content\/uploads\/2022\/05\/cropped-brasilnoticias-mini.jpg","contentUrl":"https:\/\/brasilnoticias.org\/site\/wp-content\/uploads\/2022\/05\/cropped-brasilnoticias-mini.jpg","width":314,"height":86,"caption":"Brasil not\u00edcias"},"image":{"@id":"https:\/\/brasilnoticias.org\/site\/#\/schema\/logo\/image\/"}},{"@type":"Person","@id":"https:\/\/brasilnoticias.org\/site\/#\/schema\/person\/a0e05b973ec4d15c658d51911e53507b","name":"Reda\u00e7\u00e3o","image":{"@type":"ImageObject","inLanguage":"pt-PT","@id":"https:\/\/brasilnoticias.org\/site\/#\/schema\/person\/image\/","url":"https:\/\/secure.gravatar.com\/avatar\/75d8b050df2de108b08ae78dfb8e374892df24a383c67db9c46a9c604f6aee9c?s=96&d=mm&r=g","contentUrl":"https:\/\/secure.gravatar.com\/avatar\/75d8b050df2de108b08ae78dfb8e374892df24a383c67db9c46a9c604f6aee9c?s=96&d=mm&r=g","caption":"Reda\u00e7\u00e3o"},"sameAs":["https:\/\/brasilnoticias.org\/site"],"url":"https:\/\/brasilnoticias.org\/site\/author\/fernandozsngmail-com\/"}]}},"_links":{"self":[{"href":"https:\/\/brasilnoticias.org\/site\/wp-json\/wp\/v2\/posts\/4444","targetHints":{"allow":["GET"]}}],"collection":[{"href":"https:\/\/brasilnoticias.org\/site\/wp-json\/wp\/v2\/posts"}],"about":[{"href":"https:\/\/brasilnoticias.org\/site\/wp-json\/wp\/v2\/types\/post"}],"author":[{"embeddable":true,"href":"https:\/\/brasilnoticias.org\/site\/wp-json\/wp\/v2\/users\/1"}],"replies":[{"embeddable":true,"href":"https:\/\/brasilnoticias.org\/site\/wp-json\/wp\/v2\/comments?post=4444"}],"version-history":[{"count":1,"href":"https:\/\/brasilnoticias.org\/site\/wp-json\/wp\/v2\/posts\/4444\/revisions"}],"predecessor-version":[{"id":4446,"href":"https:\/\/brasilnoticias.org\/site\/wp-json\/wp\/v2\/posts\/4444\/revisions\/4446"}],"wp:featuredmedia":[{"embeddable":true,"href":"https:\/\/brasilnoticias.org\/site\/wp-json\/wp\/v2\/media\/4445"}],"wp:attachment":[{"href":"https:\/\/brasilnoticias.org\/site\/wp-json\/wp\/v2\/media?parent=4444"}],"wp:term":[{"taxonomy":"category","embeddable":true,"href":"https:\/\/brasilnoticias.org\/site\/wp-json\/wp\/v2\/categories?post=4444"},{"taxonomy":"post_tag","embeddable":true,"href":"https:\/\/brasilnoticias.org\/site\/wp-json\/wp\/v2\/tags?post=4444"}],"curies":[{"name":"wp","href":"https:\/\/api.w.org\/{rel}","templated":true}]}}