{"id":4447,"date":"2023-03-03T18:13:20","date_gmt":"2023-03-03T21:13:20","guid":{"rendered":"https:\/\/brasilnoticias.org\/site\/?p=4447"},"modified":"2023-03-03T18:13:20","modified_gmt":"2023-03-03T21:13:20","slug":"bebe-encontrada-sozinha-em-casa-e-resgatada-por-policiais-voltara-para-os-pais","status":"publish","type":"post","link":"https:\/\/brasilnoticias.org\/site\/bebe-encontrada-sozinha-em-casa-e-resgatada-por-policiais-voltara-para-os-pais\/","title":{"rendered":"Beb\u00ea encontrada sozinha em casa e resgatada por policiais voltar\u00e1 para os pais"},"content":{"rendered":"<p>A beb\u00ea que foi encontrada sozinha em casa e foi resgatada por policiais militares no bairro do Uruguai, em Salvador, voltar\u00e1 para os pais, conforme informado pela Primeira Vara da Inf\u00e2ncia e da Juventude.<\/p>\n<p>Em decis\u00e3o proferida pelo Magistrado Dr. Walter Ribeiro Costa Junior, a crian\u00e7a dever\u00e1 voltar ao conv\u00edvio com os pais com os devidos acompanhamentos, de forma gradual [confira a nota completa no final da mat\u00e9ria]. <\/p>\n<p>A pequena Thaila Vit\u00f3ria, de apenas um m\u00eas, foi encontrada, na quarta-feira (1\u00ba), por policiais militares, que foram acionados por vizinhos. A m\u00e3e alega que deixou a menina sozinha porque precisou visitar um apartamento que pretendia alugar. De acordo com a mulher, a crian\u00e7a estava dormindo e ficou no local por cerca de 1h30.<\/p>\n<p>No mesmo dia do fato ocorrido, os pais e a av\u00f3 da beb\u00ea foram ouvidos em uma delegacia de Salvador e foram liberados. A beb\u00ea foi levada para a Organiza\u00e7\u00e3o de Aux\u00edlio Fraterno (OAF), mesma institui\u00e7\u00e3o que a jornalista Gl\u00f3ria Maria adotou as filhas na Bahia. <\/p>\n<p>Confira, na \u00edntegra, a nota do Tribunal de Justi\u00e7a da Bahia (TJBA):<\/p>\n<p>&#8220;Em decis\u00e3o proferida pelo Magistrado Titular da 1\u00aa Vara da Inf\u00e2ncia e da Juventude, Dr. Dr. Walter Ribeiro Costa Junior, a crian\u00e7a Taila Vitoria Souza Concei\u00e7\u00e3o, ir\u00e1 retornar ao conv\u00edvio dos genitores, com os acompanhamentos devidos, ou seja, pela reintegra\u00e7\u00e3o familiar da crian\u00e7a aos pais. Demais informa\u00e7\u00f5es correm em segredo de justi\u00e7a&#8221;.<\/p>\n<p>Foto Reprodu\u00e7\u00e3o\/TV Bahia<br \/>\nBnews<\/p>\n","protected":false},"excerpt":{"rendered":"<p>A beb\u00ea que foi encontrada sozinha em casa e foi resgatada por policiais militares no bairro do Uruguai, em Salvador,<\/p>\n","protected":false},"author":1,"featured_media":4448,"comment_status":"open","ping_status":"open","sticky":false,"template":"","format":"standard","meta":{"colormag_page_container_layout":"default_layout","colormag_page_sidebar_layout":"default_layout","_FSMCFIC_featured_image_caption":"","_FSMCFIC_featured_image_nocaption":"","_FSMCFIC_featured_image_hide":"","footnotes":""},"categories":[2,1],"tags":[],"class_list":["post-4447","post","type-post","status-publish","format-standard","has-post-thumbnail","hentry","category-noticias","category-ultimas"],"yoast_head":"<!-- This site is optimized with the Yoast SEO plugin v27.1.1 - https:\/\/yoast.com\/product\/yoast-seo-wordpress\/ -->\n<title>Beb\u00ea encontrada sozinha em casa e resgatada por policiais voltar\u00e1 para os pais - Brasil not\u00edcias<\/title>\n<meta name=\"robots\" content=\"index, follow, max-snippet:-1, max-image-preview:large, max-video-preview:-1\" \/>\n<link rel=\"canonical\" href=\"https:\/\/brasilnoticias.org\/site\/bebe-encontrada-sozinha-em-casa-e-resgatada-por-policiais-voltara-para-os-pais\/\" \/>\n<meta property=\"og:locale\" content=\"pt_PT\" \/>\n<meta property=\"og:type\" content=\"article\" \/>\n<meta property=\"og:title\" content=\"Beb\u00ea encontrada sozinha em casa e resgatada por policiais voltar\u00e1 para os pais - Brasil not\u00edcias\" \/>\n<meta property=\"og:description\" content=\"A beb\u00ea que foi encontrada sozinha em casa e foi resgatada por policiais militares no bairro do Uruguai, em Salvador,\" \/>\n<meta property=\"og:url\" content=\"https:\/\/brasilnoticias.org\/site\/bebe-encontrada-sozinha-em-casa-e-resgatada-por-policiais-voltara-para-os-pais\/\" \/>\n<meta property=\"og:site_name\" content=\"Brasil not\u00edcias\" \/>\n<meta property=\"article:published_time\" content=\"2023-03-03T21:13:20+00:00\" \/>\n<meta property=\"og:image\" content=\"https:\/\/brasilnoticias.org\/site\/wp-content\/uploads\/2023\/03\/whatsapp_image_2023-03-03_at_17.16.34_widelg.jpeg\" \/>\n\t<meta property=\"og:image:width\" content=\"800\" \/>\n\t<meta property=\"og:image:height\" content=\"450\" \/>\n\t<meta property=\"og:image:type\" content=\"image\/jpeg\" \/>\n<meta name=\"author\" content=\"Reda\u00e7\u00e3o\" \/>\n<meta name=\"twitter:card\" content=\"summary_large_image\" \/>\n<meta name=\"twitter:label1\" content=\"Escrito por\" \/>\n\t<meta name=\"twitter:data1\" content=\"Reda\u00e7\u00e3o\" \/>\n<script type=\"application\/ld+json\" class=\"yoast-schema-graph\">{\"@context\":\"https:\/\/schema.org\",\"@graph\":[{\"@type\":\"Article\",\"@id\":\"https:\/\/brasilnoticias.org\/site\/bebe-encontrada-sozinha-em-casa-e-resgatada-por-policiais-voltara-para-os-pais\/#article\",\"isPartOf\":{\"@id\":\"https:\/\/brasilnoticias.org\/site\/bebe-encontrada-sozinha-em-casa-e-resgatada-por-policiais-voltara-para-os-pais\/\"},\"author\":{\"name\":\"Reda\u00e7\u00e3o\",\"@id\":\"https:\/\/brasilnoticias.org\/site\/#\/schema\/person\/a0e05b973ec4d15c658d51911e53507b\"},\"headline\":\"Beb\u00ea encontrada sozinha em casa e resgatada por policiais voltar\u00e1 para os pais\",\"datePublished\":\"2023-03-03T21:13:20+00:00\",\"mainEntityOfPage\":{\"@id\":\"https:\/\/brasilnoticias.org\/site\/bebe-encontrada-sozinha-em-casa-e-resgatada-por-policiais-voltara-para-os-pais\/\"},\"wordCount\":272,\"commentCount\":0,\"publisher\":{\"@id\":\"https:\/\/brasilnoticias.org\/site\/#organization\"},\"image\":{\"@id\":\"https:\/\/brasilnoticias.org\/site\/bebe-encontrada-sozinha-em-casa-e-resgatada-por-policiais-voltara-para-os-pais\/#primaryimage\"},\"thumbnailUrl\":\"https:\/\/brasilnoticias.org\/site\/wp-content\/uploads\/2023\/03\/whatsapp_image_2023-03-03_at_17.16.34_widelg.jpeg\",\"articleSection\":[\"Not\u00edcias\",\"\u00daltimas\"],\"inLanguage\":\"pt-PT\",\"potentialAction\":[{\"@type\":\"CommentAction\",\"name\":\"Comment\",\"target\":[\"https:\/\/brasilnoticias.org\/site\/bebe-encontrada-sozinha-em-casa-e-resgatada-por-policiais-voltara-para-os-pais\/#respond\"]}]},{\"@type\":\"WebPage\",\"@id\":\"https:\/\/brasilnoticias.org\/site\/bebe-encontrada-sozinha-em-casa-e-resgatada-por-policiais-voltara-para-os-pais\/\",\"url\":\"https:\/\/brasilnoticias.org\/site\/bebe-encontrada-sozinha-em-casa-e-resgatada-por-policiais-voltara-para-os-pais\/\",\"name\":\"Beb\u00ea encontrada sozinha em casa e resgatada por policiais voltar\u00e1 para os pais - Brasil not\u00edcias\",\"isPartOf\":{\"@id\":\"https:\/\/brasilnoticias.org\/site\/#website\"},\"primaryImageOfPage\":{\"@id\":\"https:\/\/brasilnoticias.org\/site\/bebe-encontrada-sozinha-em-casa-e-resgatada-por-policiais-voltara-para-os-pais\/#primaryimage\"},\"image\":{\"@id\":\"https:\/\/brasilnoticias.org\/site\/bebe-encontrada-sozinha-em-casa-e-resgatada-por-policiais-voltara-para-os-pais\/#primaryimage\"},\"thumbnailUrl\":\"https:\/\/brasilnoticias.org\/site\/wp-content\/uploads\/2023\/03\/whatsapp_image_2023-03-03_at_17.16.34_widelg.jpeg\",\"datePublished\":\"2023-03-03T21:13:20+00:00\",\"breadcrumb\":{\"@id\":\"https:\/\/brasilnoticias.org\/site\/bebe-encontrada-sozinha-em-casa-e-resgatada-por-policiais-voltara-para-os-pais\/#breadcrumb\"},\"inLanguage\":\"pt-PT\",\"potentialAction\":[{\"@type\":\"ReadAction\",\"target\":[\"https:\/\/brasilnoticias.org\/site\/bebe-encontrada-sozinha-em-casa-e-resgatada-por-policiais-voltara-para-os-pais\/\"]}]},{\"@type\":\"ImageObject\",\"inLanguage\":\"pt-PT\",\"@id\":\"https:\/\/brasilnoticias.org\/site\/bebe-encontrada-sozinha-em-casa-e-resgatada-por-policiais-voltara-para-os-pais\/#primaryimage\",\"url\":\"https:\/\/brasilnoticias.org\/site\/wp-content\/uploads\/2023\/03\/whatsapp_image_2023-03-03_at_17.16.34_widelg.jpeg\",\"contentUrl\":\"https:\/\/brasilnoticias.org\/site\/wp-content\/uploads\/2023\/03\/whatsapp_image_2023-03-03_at_17.16.34_widelg.jpeg\",\"width\":800,\"height\":450},{\"@type\":\"BreadcrumbList\",\"@id\":\"https:\/\/brasilnoticias.org\/site\/bebe-encontrada-sozinha-em-casa-e-resgatada-por-policiais-voltara-para-os-pais\/#breadcrumb\",\"itemListElement\":[{\"@type\":\"ListItem\",\"position\":1,\"name\":\"In\u00edcio\",\"item\":\"https:\/\/brasilnoticias.org\/site\/\"},{\"@type\":\"ListItem\",\"position\":2,\"name\":\"Beb\u00ea encontrada sozinha em casa e resgatada por policiais voltar\u00e1 para os pais\"}]},{\"@type\":\"WebSite\",\"@id\":\"https:\/\/brasilnoticias.org\/site\/#website\",\"url\":\"https:\/\/brasilnoticias.org\/site\/\",\"name\":\"Brasil not\u00edcias\",\"description\":\"Brasil not\u00edcias\",\"publisher\":{\"@id\":\"https:\/\/brasilnoticias.org\/site\/#organization\"},\"potentialAction\":[{\"@type\":\"SearchAction\",\"target\":{\"@type\":\"EntryPoint\",\"urlTemplate\":\"https:\/\/brasilnoticias.org\/site\/?s={search_term_string}\"},\"query-input\":{\"@type\":\"PropertyValueSpecification\",\"valueRequired\":true,\"valueName\":\"search_term_string\"}}],\"inLanguage\":\"pt-PT\"},{\"@type\":\"Organization\",\"@id\":\"https:\/\/brasilnoticias.org\/site\/#organization\",\"name\":\"Brasil not\u00edcias\",\"url\":\"https:\/\/brasilnoticias.org\/site\/\",\"logo\":{\"@type\":\"ImageObject\",\"inLanguage\":\"pt-PT\",\"@id\":\"https:\/\/brasilnoticias.org\/site\/#\/schema\/logo\/image\/\",\"url\":\"https:\/\/brasilnoticias.org\/site\/wp-content\/uploads\/2022\/05\/cropped-brasilnoticias-mini.jpg\",\"contentUrl\":\"https:\/\/brasilnoticias.org\/site\/wp-content\/uploads\/2022\/05\/cropped-brasilnoticias-mini.jpg\",\"width\":314,\"height\":86,\"caption\":\"Brasil not\u00edcias\"},\"image\":{\"@id\":\"https:\/\/brasilnoticias.org\/site\/#\/schema\/logo\/image\/\"}},{\"@type\":\"Person\",\"@id\":\"https:\/\/brasilnoticias.org\/site\/#\/schema\/person\/a0e05b973ec4d15c658d51911e53507b\",\"name\":\"Reda\u00e7\u00e3o\",\"image\":{\"@type\":\"ImageObject\",\"inLanguage\":\"pt-PT\",\"@id\":\"https:\/\/brasilnoticias.org\/site\/#\/schema\/person\/image\/\",\"url\":\"https:\/\/secure.gravatar.com\/avatar\/75d8b050df2de108b08ae78dfb8e374892df24a383c67db9c46a9c604f6aee9c?s=96&d=mm&r=g\",\"contentUrl\":\"https:\/\/secure.gravatar.com\/avatar\/75d8b050df2de108b08ae78dfb8e374892df24a383c67db9c46a9c604f6aee9c?s=96&d=mm&r=g\",\"caption\":\"Reda\u00e7\u00e3o\"},\"sameAs\":[\"https:\/\/brasilnoticias.org\/site\"],\"url\":\"https:\/\/brasilnoticias.org\/site\/author\/fernandozsngmail-com\/\"}]}<\/script>\n<!-- \/ Yoast SEO plugin. -->","yoast_head_json":{"title":"Beb\u00ea encontrada sozinha em casa e resgatada por policiais voltar\u00e1 para os pais - Brasil not\u00edcias","robots":{"index":"index","follow":"follow","max-snippet":"max-snippet:-1","max-image-preview":"max-image-preview:large","max-video-preview":"max-video-preview:-1"},"canonical":"https:\/\/brasilnoticias.org\/site\/bebe-encontrada-sozinha-em-casa-e-resgatada-por-policiais-voltara-para-os-pais\/","og_locale":"pt_PT","og_type":"article","og_title":"Beb\u00ea encontrada sozinha em casa e resgatada por policiais voltar\u00e1 para os pais - Brasil not\u00edcias","og_description":"A beb\u00ea que foi encontrada sozinha em casa e foi resgatada por policiais militares no bairro do Uruguai, em Salvador,","og_url":"https:\/\/brasilnoticias.org\/site\/bebe-encontrada-sozinha-em-casa-e-resgatada-por-policiais-voltara-para-os-pais\/","og_site_name":"Brasil not\u00edcias","article_published_time":"2023-03-03T21:13:20+00:00","og_image":[{"width":800,"height":450,"url":"https:\/\/brasilnoticias.org\/site\/wp-content\/uploads\/2023\/03\/whatsapp_image_2023-03-03_at_17.16.34_widelg.jpeg","type":"image\/jpeg"}],"author":"Reda\u00e7\u00e3o","twitter_card":"summary_large_image","twitter_misc":{"Escrito por":"Reda\u00e7\u00e3o"},"schema":{"@context":"https:\/\/schema.org","@graph":[{"@type":"Article","@id":"https:\/\/brasilnoticias.org\/site\/bebe-encontrada-sozinha-em-casa-e-resgatada-por-policiais-voltara-para-os-pais\/#article","isPartOf":{"@id":"https:\/\/brasilnoticias.org\/site\/bebe-encontrada-sozinha-em-casa-e-resgatada-por-policiais-voltara-para-os-pais\/"},"author":{"name":"Reda\u00e7\u00e3o","@id":"https:\/\/brasilnoticias.org\/site\/#\/schema\/person\/a0e05b973ec4d15c658d51911e53507b"},"headline":"Beb\u00ea encontrada sozinha em casa e resgatada por policiais voltar\u00e1 para os pais","datePublished":"2023-03-03T21:13:20+00:00","mainEntityOfPage":{"@id":"https:\/\/brasilnoticias.org\/site\/bebe-encontrada-sozinha-em-casa-e-resgatada-por-policiais-voltara-para-os-pais\/"},"wordCount":272,"commentCount":0,"publisher":{"@id":"https:\/\/brasilnoticias.org\/site\/#organization"},"image":{"@id":"https:\/\/brasilnoticias.org\/site\/bebe-encontrada-sozinha-em-casa-e-resgatada-por-policiais-voltara-para-os-pais\/#primaryimage"},"thumbnailUrl":"https:\/\/brasilnoticias.org\/site\/wp-content\/uploads\/2023\/03\/whatsapp_image_2023-03-03_at_17.16.34_widelg.jpeg","articleSection":["Not\u00edcias","\u00daltimas"],"inLanguage":"pt-PT","potentialAction":[{"@type":"CommentAction","name":"Comment","target":["https:\/\/brasilnoticias.org\/site\/bebe-encontrada-sozinha-em-casa-e-resgatada-por-policiais-voltara-para-os-pais\/#respond"]}]},{"@type":"WebPage","@id":"https:\/\/brasilnoticias.org\/site\/bebe-encontrada-sozinha-em-casa-e-resgatada-por-policiais-voltara-para-os-pais\/","url":"https:\/\/brasilnoticias.org\/site\/bebe-encontrada-sozinha-em-casa-e-resgatada-por-policiais-voltara-para-os-pais\/","name":"Beb\u00ea encontrada sozinha em casa e resgatada por policiais voltar\u00e1 para os pais - Brasil not\u00edcias","isPartOf":{"@id":"https:\/\/brasilnoticias.org\/site\/#website"},"primaryImageOfPage":{"@id":"https:\/\/brasilnoticias.org\/site\/bebe-encontrada-sozinha-em-casa-e-resgatada-por-policiais-voltara-para-os-pais\/#primaryimage"},"image":{"@id":"https:\/\/brasilnoticias.org\/site\/bebe-encontrada-sozinha-em-casa-e-resgatada-por-policiais-voltara-para-os-pais\/#primaryimage"},"thumbnailUrl":"https:\/\/brasilnoticias.org\/site\/wp-content\/uploads\/2023\/03\/whatsapp_image_2023-03-03_at_17.16.34_widelg.jpeg","datePublished":"2023-03-03T21:13:20+00:00","breadcrumb":{"@id":"https:\/\/brasilnoticias.org\/site\/bebe-encontrada-sozinha-em-casa-e-resgatada-por-policiais-voltara-para-os-pais\/#breadcrumb"},"inLanguage":"pt-PT","potentialAction":[{"@type":"ReadAction","target":["https:\/\/brasilnoticias.org\/site\/bebe-encontrada-sozinha-em-casa-e-resgatada-por-policiais-voltara-para-os-pais\/"]}]},{"@type":"ImageObject","inLanguage":"pt-PT","@id":"https:\/\/brasilnoticias.org\/site\/bebe-encontrada-sozinha-em-casa-e-resgatada-por-policiais-voltara-para-os-pais\/#primaryimage","url":"https:\/\/brasilnoticias.org\/site\/wp-content\/uploads\/2023\/03\/whatsapp_image_2023-03-03_at_17.16.34_widelg.jpeg","contentUrl":"https:\/\/brasilnoticias.org\/site\/wp-content\/uploads\/2023\/03\/whatsapp_image_2023-03-03_at_17.16.34_widelg.jpeg","width":800,"height":450},{"@type":"BreadcrumbList","@id":"https:\/\/brasilnoticias.org\/site\/bebe-encontrada-sozinha-em-casa-e-resgatada-por-policiais-voltara-para-os-pais\/#breadcrumb","itemListElement":[{"@type":"ListItem","position":1,"name":"In\u00edcio","item":"https:\/\/brasilnoticias.org\/site\/"},{"@type":"ListItem","position":2,"name":"Beb\u00ea encontrada sozinha em casa e resgatada por policiais voltar\u00e1 para os pais"}]},{"@type":"WebSite","@id":"https:\/\/brasilnoticias.org\/site\/#website","url":"https:\/\/brasilnoticias.org\/site\/","name":"Brasil not\u00edcias","description":"Brasil not\u00edcias","publisher":{"@id":"https:\/\/brasilnoticias.org\/site\/#organization"},"potentialAction":[{"@type":"SearchAction","target":{"@type":"EntryPoint","urlTemplate":"https:\/\/brasilnoticias.org\/site\/?s={search_term_string}"},"query-input":{"@type":"PropertyValueSpecification","valueRequired":true,"valueName":"search_term_string"}}],"inLanguage":"pt-PT"},{"@type":"Organization","@id":"https:\/\/brasilnoticias.org\/site\/#organization","name":"Brasil not\u00edcias","url":"https:\/\/brasilnoticias.org\/site\/","logo":{"@type":"ImageObject","inLanguage":"pt-PT","@id":"https:\/\/brasilnoticias.org\/site\/#\/schema\/logo\/image\/","url":"https:\/\/brasilnoticias.org\/site\/wp-content\/uploads\/2022\/05\/cropped-brasilnoticias-mini.jpg","contentUrl":"https:\/\/brasilnoticias.org\/site\/wp-content\/uploads\/2022\/05\/cropped-brasilnoticias-mini.jpg","width":314,"height":86,"caption":"Brasil not\u00edcias"},"image":{"@id":"https:\/\/brasilnoticias.org\/site\/#\/schema\/logo\/image\/"}},{"@type":"Person","@id":"https:\/\/brasilnoticias.org\/site\/#\/schema\/person\/a0e05b973ec4d15c658d51911e53507b","name":"Reda\u00e7\u00e3o","image":{"@type":"ImageObject","inLanguage":"pt-PT","@id":"https:\/\/brasilnoticias.org\/site\/#\/schema\/person\/image\/","url":"https:\/\/secure.gravatar.com\/avatar\/75d8b050df2de108b08ae78dfb8e374892df24a383c67db9c46a9c604f6aee9c?s=96&d=mm&r=g","contentUrl":"https:\/\/secure.gravatar.com\/avatar\/75d8b050df2de108b08ae78dfb8e374892df24a383c67db9c46a9c604f6aee9c?s=96&d=mm&r=g","caption":"Reda\u00e7\u00e3o"},"sameAs":["https:\/\/brasilnoticias.org\/site"],"url":"https:\/\/brasilnoticias.org\/site\/author\/fernandozsngmail-com\/"}]}},"_links":{"self":[{"href":"https:\/\/brasilnoticias.org\/site\/wp-json\/wp\/v2\/posts\/4447","targetHints":{"allow":["GET"]}}],"collection":[{"href":"https:\/\/brasilnoticias.org\/site\/wp-json\/wp\/v2\/posts"}],"about":[{"href":"https:\/\/brasilnoticias.org\/site\/wp-json\/wp\/v2\/types\/post"}],"author":[{"embeddable":true,"href":"https:\/\/brasilnoticias.org\/site\/wp-json\/wp\/v2\/users\/1"}],"replies":[{"embeddable":true,"href":"https:\/\/brasilnoticias.org\/site\/wp-json\/wp\/v2\/comments?post=4447"}],"version-history":[{"count":1,"href":"https:\/\/brasilnoticias.org\/site\/wp-json\/wp\/v2\/posts\/4447\/revisions"}],"predecessor-version":[{"id":4449,"href":"https:\/\/brasilnoticias.org\/site\/wp-json\/wp\/v2\/posts\/4447\/revisions\/4449"}],"wp:featuredmedia":[{"embeddable":true,"href":"https:\/\/brasilnoticias.org\/site\/wp-json\/wp\/v2\/media\/4448"}],"wp:attachment":[{"href":"https:\/\/brasilnoticias.org\/site\/wp-json\/wp\/v2\/media?parent=4447"}],"wp:term":[{"taxonomy":"category","embeddable":true,"href":"https:\/\/brasilnoticias.org\/site\/wp-json\/wp\/v2\/categories?post=4447"},{"taxonomy":"post_tag","embeddable":true,"href":"https:\/\/brasilnoticias.org\/site\/wp-json\/wp\/v2\/tags?post=4447"}],"curies":[{"name":"wp","href":"https:\/\/api.w.org\/{rel}","templated":true}]}}