{"id":4450,"date":"2023-03-03T18:14:59","date_gmt":"2023-03-03T21:14:59","guid":{"rendered":"https:\/\/brasilnoticias.org\/site\/?p=4450"},"modified":"2023-03-03T18:14:59","modified_gmt":"2023-03-03T21:14:59","slug":"idoso-de-73-anos-e-preso-apos-engravidar-e-viver-como-marido-da-filha-de-12-anos","status":"publish","type":"post","link":"https:\/\/brasilnoticias.org\/site\/idoso-de-73-anos-e-preso-apos-engravidar-e-viver-como-marido-da-filha-de-12-anos\/","title":{"rendered":"Idoso de 73 anos \u00e9 preso ap\u00f3s engravidar e viver como &#8220;marido&#8221; da filha, de 12 anos"},"content":{"rendered":"<p>Um idoso foi preso, na ter\u00e7a-feira (28), por suspeita de estuprar, engravidar e viver como &#8220;marido&#8221; da pr\u00f3pria filha, de 12 anos. O caso aconteceu em Amambai, cidade do Mato Grosso do Sul.<\/p>\n<p>De acordo com a Pol\u00edcia Civil, a jovem, que est\u00e1 gr\u00e1vida do pai, passou por exames, que constataram diversas les\u00f5es.<\/p>\n<p>Um relat\u00f3rio fornecido pelo Conselho Tutelar de Amambai aponta que a menina era violentada pelo pai h\u00e1 anos e que o suspeito obrigou a adolescente a viver com ele como um &#8220;casal&#8221; desde que a m\u00e3e da v\u00edtima saiu de casa.<\/p>\n<p>Nas investiga\u00e7\u00f5es tamb\u00e9m foi descoberto que, mesmo gr\u00e1vida, a v\u00edtima continuava sofrendo os abusos.<\/p>\n<p>O suspeito foi preso preventivamente e o caso segue em investiga\u00e7\u00e3o.<\/p>\n<p>Foto Pol\u00edcia Civil\/Divulga\u00e7\u00e3o<br \/>\nBnews<\/p>\n","protected":false},"excerpt":{"rendered":"<p>Um idoso foi preso, na ter\u00e7a-feira (28), por suspeita de estuprar, engravidar e viver como &#8220;marido&#8221; da pr\u00f3pria filha, de<\/p>\n","protected":false},"author":1,"featured_media":4451,"comment_status":"open","ping_status":"open","sticky":false,"template":"","format":"standard","meta":{"colormag_page_container_layout":"default_layout","colormag_page_sidebar_layout":"default_layout","_FSMCFIC_featured_image_caption":"","_FSMCFIC_featured_image_nocaption":"","_FSMCFIC_featured_image_hide":"","footnotes":""},"categories":[3,1],"tags":[],"class_list":["post-4450","post","type-post","status-publish","format-standard","has-post-thumbnail","hentry","category-policia","category-ultimas"],"yoast_head":"<!-- This site is optimized with the Yoast SEO plugin v27.1.1 - https:\/\/yoast.com\/product\/yoast-seo-wordpress\/ -->\n<title>Idoso de 73 anos \u00e9 preso ap\u00f3s engravidar e viver como &quot;marido&quot; da filha, de 12 anos - Brasil not\u00edcias<\/title>\n<meta name=\"robots\" content=\"index, follow, max-snippet:-1, max-image-preview:large, max-video-preview:-1\" \/>\n<link rel=\"canonical\" href=\"https:\/\/brasilnoticias.org\/site\/idoso-de-73-anos-e-preso-apos-engravidar-e-viver-como-marido-da-filha-de-12-anos\/\" \/>\n<meta property=\"og:locale\" content=\"pt_PT\" \/>\n<meta property=\"og:type\" content=\"article\" \/>\n<meta property=\"og:title\" content=\"Idoso de 73 anos \u00e9 preso ap\u00f3s engravidar e viver como &quot;marido&quot; da filha, de 12 anos - Brasil not\u00edcias\" \/>\n<meta property=\"og:description\" content=\"Um idoso foi preso, na ter\u00e7a-feira (28), por suspeita de estuprar, engravidar e viver como &#8220;marido&#8221; da pr\u00f3pria filha, de\" \/>\n<meta property=\"og:url\" content=\"https:\/\/brasilnoticias.org\/site\/idoso-de-73-anos-e-preso-apos-engravidar-e-viver-como-marido-da-filha-de-12-anos\/\" \/>\n<meta property=\"og:site_name\" content=\"Brasil not\u00edcias\" \/>\n<meta property=\"article:published_time\" content=\"2023-03-03T21:14:59+00:00\" \/>\n<meta property=\"og:image\" content=\"https:\/\/brasilnoticias.org\/site\/wp-content\/uploads\/2023\/03\/csm_collage_maker-03-mar-2023-03-25-pm-4275_206a1f73f3_4z42LWw_widelg.jpg\" \/>\n\t<meta property=\"og:image:width\" content=\"800\" \/>\n\t<meta property=\"og:image:height\" content=\"450\" \/>\n\t<meta property=\"og:image:type\" content=\"image\/jpeg\" \/>\n<meta name=\"author\" content=\"Reda\u00e7\u00e3o\" \/>\n<meta name=\"twitter:card\" content=\"summary_large_image\" \/>\n<meta name=\"twitter:label1\" content=\"Escrito por\" \/>\n\t<meta name=\"twitter:data1\" content=\"Reda\u00e7\u00e3o\" \/>\n<script type=\"application\/ld+json\" class=\"yoast-schema-graph\">{\"@context\":\"https:\/\/schema.org\",\"@graph\":[{\"@type\":\"Article\",\"@id\":\"https:\/\/brasilnoticias.org\/site\/idoso-de-73-anos-e-preso-apos-engravidar-e-viver-como-marido-da-filha-de-12-anos\/#article\",\"isPartOf\":{\"@id\":\"https:\/\/brasilnoticias.org\/site\/idoso-de-73-anos-e-preso-apos-engravidar-e-viver-como-marido-da-filha-de-12-anos\/\"},\"author\":{\"name\":\"Reda\u00e7\u00e3o\",\"@id\":\"https:\/\/brasilnoticias.org\/site\/#\/schema\/person\/a0e05b973ec4d15c658d51911e53507b\"},\"headline\":\"Idoso de 73 anos \u00e9 preso ap\u00f3s engravidar e viver como &#8220;marido&#8221; da filha, de 12 anos\",\"datePublished\":\"2023-03-03T21:14:59+00:00\",\"mainEntityOfPage\":{\"@id\":\"https:\/\/brasilnoticias.org\/site\/idoso-de-73-anos-e-preso-apos-engravidar-e-viver-como-marido-da-filha-de-12-anos\/\"},\"wordCount\":152,\"commentCount\":0,\"publisher\":{\"@id\":\"https:\/\/brasilnoticias.org\/site\/#organization\"},\"image\":{\"@id\":\"https:\/\/brasilnoticias.org\/site\/idoso-de-73-anos-e-preso-apos-engravidar-e-viver-como-marido-da-filha-de-12-anos\/#primaryimage\"},\"thumbnailUrl\":\"https:\/\/brasilnoticias.org\/site\/wp-content\/uploads\/2023\/03\/csm_collage_maker-03-mar-2023-03-25-pm-4275_206a1f73f3_4z42LWw_widelg.jpg\",\"articleSection\":[\"Pol\u00edcia\",\"\u00daltimas\"],\"inLanguage\":\"pt-PT\",\"potentialAction\":[{\"@type\":\"CommentAction\",\"name\":\"Comment\",\"target\":[\"https:\/\/brasilnoticias.org\/site\/idoso-de-73-anos-e-preso-apos-engravidar-e-viver-como-marido-da-filha-de-12-anos\/#respond\"]}]},{\"@type\":\"WebPage\",\"@id\":\"https:\/\/brasilnoticias.org\/site\/idoso-de-73-anos-e-preso-apos-engravidar-e-viver-como-marido-da-filha-de-12-anos\/\",\"url\":\"https:\/\/brasilnoticias.org\/site\/idoso-de-73-anos-e-preso-apos-engravidar-e-viver-como-marido-da-filha-de-12-anos\/\",\"name\":\"Idoso de 73 anos \u00e9 preso ap\u00f3s engravidar e viver como \\\"marido\\\" da filha, de 12 anos - Brasil not\u00edcias\",\"isPartOf\":{\"@id\":\"https:\/\/brasilnoticias.org\/site\/#website\"},\"primaryImageOfPage\":{\"@id\":\"https:\/\/brasilnoticias.org\/site\/idoso-de-73-anos-e-preso-apos-engravidar-e-viver-como-marido-da-filha-de-12-anos\/#primaryimage\"},\"image\":{\"@id\":\"https:\/\/brasilnoticias.org\/site\/idoso-de-73-anos-e-preso-apos-engravidar-e-viver-como-marido-da-filha-de-12-anos\/#primaryimage\"},\"thumbnailUrl\":\"https:\/\/brasilnoticias.org\/site\/wp-content\/uploads\/2023\/03\/csm_collage_maker-03-mar-2023-03-25-pm-4275_206a1f73f3_4z42LWw_widelg.jpg\",\"datePublished\":\"2023-03-03T21:14:59+00:00\",\"breadcrumb\":{\"@id\":\"https:\/\/brasilnoticias.org\/site\/idoso-de-73-anos-e-preso-apos-engravidar-e-viver-como-marido-da-filha-de-12-anos\/#breadcrumb\"},\"inLanguage\":\"pt-PT\",\"potentialAction\":[{\"@type\":\"ReadAction\",\"target\":[\"https:\/\/brasilnoticias.org\/site\/idoso-de-73-anos-e-preso-apos-engravidar-e-viver-como-marido-da-filha-de-12-anos\/\"]}]},{\"@type\":\"ImageObject\",\"inLanguage\":\"pt-PT\",\"@id\":\"https:\/\/brasilnoticias.org\/site\/idoso-de-73-anos-e-preso-apos-engravidar-e-viver-como-marido-da-filha-de-12-anos\/#primaryimage\",\"url\":\"https:\/\/brasilnoticias.org\/site\/wp-content\/uploads\/2023\/03\/csm_collage_maker-03-mar-2023-03-25-pm-4275_206a1f73f3_4z42LWw_widelg.jpg\",\"contentUrl\":\"https:\/\/brasilnoticias.org\/site\/wp-content\/uploads\/2023\/03\/csm_collage_maker-03-mar-2023-03-25-pm-4275_206a1f73f3_4z42LWw_widelg.jpg\",\"width\":800,\"height\":450},{\"@type\":\"BreadcrumbList\",\"@id\":\"https:\/\/brasilnoticias.org\/site\/idoso-de-73-anos-e-preso-apos-engravidar-e-viver-como-marido-da-filha-de-12-anos\/#breadcrumb\",\"itemListElement\":[{\"@type\":\"ListItem\",\"position\":1,\"name\":\"In\u00edcio\",\"item\":\"https:\/\/brasilnoticias.org\/site\/\"},{\"@type\":\"ListItem\",\"position\":2,\"name\":\"Idoso de 73 anos \u00e9 preso ap\u00f3s engravidar e viver como &#8220;marido&#8221; da filha, de 12 anos\"}]},{\"@type\":\"WebSite\",\"@id\":\"https:\/\/brasilnoticias.org\/site\/#website\",\"url\":\"https:\/\/brasilnoticias.org\/site\/\",\"name\":\"Brasil not\u00edcias\",\"description\":\"Brasil not\u00edcias\",\"publisher\":{\"@id\":\"https:\/\/brasilnoticias.org\/site\/#organization\"},\"potentialAction\":[{\"@type\":\"SearchAction\",\"target\":{\"@type\":\"EntryPoint\",\"urlTemplate\":\"https:\/\/brasilnoticias.org\/site\/?s={search_term_string}\"},\"query-input\":{\"@type\":\"PropertyValueSpecification\",\"valueRequired\":true,\"valueName\":\"search_term_string\"}}],\"inLanguage\":\"pt-PT\"},{\"@type\":\"Organization\",\"@id\":\"https:\/\/brasilnoticias.org\/site\/#organization\",\"name\":\"Brasil not\u00edcias\",\"url\":\"https:\/\/brasilnoticias.org\/site\/\",\"logo\":{\"@type\":\"ImageObject\",\"inLanguage\":\"pt-PT\",\"@id\":\"https:\/\/brasilnoticias.org\/site\/#\/schema\/logo\/image\/\",\"url\":\"https:\/\/brasilnoticias.org\/site\/wp-content\/uploads\/2022\/05\/cropped-brasilnoticias-mini.jpg\",\"contentUrl\":\"https:\/\/brasilnoticias.org\/site\/wp-content\/uploads\/2022\/05\/cropped-brasilnoticias-mini.jpg\",\"width\":314,\"height\":86,\"caption\":\"Brasil not\u00edcias\"},\"image\":{\"@id\":\"https:\/\/brasilnoticias.org\/site\/#\/schema\/logo\/image\/\"}},{\"@type\":\"Person\",\"@id\":\"https:\/\/brasilnoticias.org\/site\/#\/schema\/person\/a0e05b973ec4d15c658d51911e53507b\",\"name\":\"Reda\u00e7\u00e3o\",\"image\":{\"@type\":\"ImageObject\",\"inLanguage\":\"pt-PT\",\"@id\":\"https:\/\/brasilnoticias.org\/site\/#\/schema\/person\/image\/\",\"url\":\"https:\/\/secure.gravatar.com\/avatar\/75d8b050df2de108b08ae78dfb8e374892df24a383c67db9c46a9c604f6aee9c?s=96&d=mm&r=g\",\"contentUrl\":\"https:\/\/secure.gravatar.com\/avatar\/75d8b050df2de108b08ae78dfb8e374892df24a383c67db9c46a9c604f6aee9c?s=96&d=mm&r=g\",\"caption\":\"Reda\u00e7\u00e3o\"},\"sameAs\":[\"https:\/\/brasilnoticias.org\/site\"],\"url\":\"https:\/\/brasilnoticias.org\/site\/author\/fernandozsngmail-com\/\"}]}<\/script>\n<!-- \/ Yoast SEO plugin. -->","yoast_head_json":{"title":"Idoso de 73 anos \u00e9 preso ap\u00f3s engravidar e viver como \"marido\" da filha, de 12 anos - Brasil not\u00edcias","robots":{"index":"index","follow":"follow","max-snippet":"max-snippet:-1","max-image-preview":"max-image-preview:large","max-video-preview":"max-video-preview:-1"},"canonical":"https:\/\/brasilnoticias.org\/site\/idoso-de-73-anos-e-preso-apos-engravidar-e-viver-como-marido-da-filha-de-12-anos\/","og_locale":"pt_PT","og_type":"article","og_title":"Idoso de 73 anos \u00e9 preso ap\u00f3s engravidar e viver como \"marido\" da filha, de 12 anos - Brasil not\u00edcias","og_description":"Um idoso foi preso, na ter\u00e7a-feira (28), por suspeita de estuprar, engravidar e viver como &#8220;marido&#8221; da pr\u00f3pria filha, de","og_url":"https:\/\/brasilnoticias.org\/site\/idoso-de-73-anos-e-preso-apos-engravidar-e-viver-como-marido-da-filha-de-12-anos\/","og_site_name":"Brasil not\u00edcias","article_published_time":"2023-03-03T21:14:59+00:00","og_image":[{"width":800,"height":450,"url":"https:\/\/brasilnoticias.org\/site\/wp-content\/uploads\/2023\/03\/csm_collage_maker-03-mar-2023-03-25-pm-4275_206a1f73f3_4z42LWw_widelg.jpg","type":"image\/jpeg"}],"author":"Reda\u00e7\u00e3o","twitter_card":"summary_large_image","twitter_misc":{"Escrito por":"Reda\u00e7\u00e3o"},"schema":{"@context":"https:\/\/schema.org","@graph":[{"@type":"Article","@id":"https:\/\/brasilnoticias.org\/site\/idoso-de-73-anos-e-preso-apos-engravidar-e-viver-como-marido-da-filha-de-12-anos\/#article","isPartOf":{"@id":"https:\/\/brasilnoticias.org\/site\/idoso-de-73-anos-e-preso-apos-engravidar-e-viver-como-marido-da-filha-de-12-anos\/"},"author":{"name":"Reda\u00e7\u00e3o","@id":"https:\/\/brasilnoticias.org\/site\/#\/schema\/person\/a0e05b973ec4d15c658d51911e53507b"},"headline":"Idoso de 73 anos \u00e9 preso ap\u00f3s engravidar e viver como &#8220;marido&#8221; da filha, de 12 anos","datePublished":"2023-03-03T21:14:59+00:00","mainEntityOfPage":{"@id":"https:\/\/brasilnoticias.org\/site\/idoso-de-73-anos-e-preso-apos-engravidar-e-viver-como-marido-da-filha-de-12-anos\/"},"wordCount":152,"commentCount":0,"publisher":{"@id":"https:\/\/brasilnoticias.org\/site\/#organization"},"image":{"@id":"https:\/\/brasilnoticias.org\/site\/idoso-de-73-anos-e-preso-apos-engravidar-e-viver-como-marido-da-filha-de-12-anos\/#primaryimage"},"thumbnailUrl":"https:\/\/brasilnoticias.org\/site\/wp-content\/uploads\/2023\/03\/csm_collage_maker-03-mar-2023-03-25-pm-4275_206a1f73f3_4z42LWw_widelg.jpg","articleSection":["Pol\u00edcia","\u00daltimas"],"inLanguage":"pt-PT","potentialAction":[{"@type":"CommentAction","name":"Comment","target":["https:\/\/brasilnoticias.org\/site\/idoso-de-73-anos-e-preso-apos-engravidar-e-viver-como-marido-da-filha-de-12-anos\/#respond"]}]},{"@type":"WebPage","@id":"https:\/\/brasilnoticias.org\/site\/idoso-de-73-anos-e-preso-apos-engravidar-e-viver-como-marido-da-filha-de-12-anos\/","url":"https:\/\/brasilnoticias.org\/site\/idoso-de-73-anos-e-preso-apos-engravidar-e-viver-como-marido-da-filha-de-12-anos\/","name":"Idoso de 73 anos \u00e9 preso ap\u00f3s engravidar e viver como \"marido\" da filha, de 12 anos - Brasil not\u00edcias","isPartOf":{"@id":"https:\/\/brasilnoticias.org\/site\/#website"},"primaryImageOfPage":{"@id":"https:\/\/brasilnoticias.org\/site\/idoso-de-73-anos-e-preso-apos-engravidar-e-viver-como-marido-da-filha-de-12-anos\/#primaryimage"},"image":{"@id":"https:\/\/brasilnoticias.org\/site\/idoso-de-73-anos-e-preso-apos-engravidar-e-viver-como-marido-da-filha-de-12-anos\/#primaryimage"},"thumbnailUrl":"https:\/\/brasilnoticias.org\/site\/wp-content\/uploads\/2023\/03\/csm_collage_maker-03-mar-2023-03-25-pm-4275_206a1f73f3_4z42LWw_widelg.jpg","datePublished":"2023-03-03T21:14:59+00:00","breadcrumb":{"@id":"https:\/\/brasilnoticias.org\/site\/idoso-de-73-anos-e-preso-apos-engravidar-e-viver-como-marido-da-filha-de-12-anos\/#breadcrumb"},"inLanguage":"pt-PT","potentialAction":[{"@type":"ReadAction","target":["https:\/\/brasilnoticias.org\/site\/idoso-de-73-anos-e-preso-apos-engravidar-e-viver-como-marido-da-filha-de-12-anos\/"]}]},{"@type":"ImageObject","inLanguage":"pt-PT","@id":"https:\/\/brasilnoticias.org\/site\/idoso-de-73-anos-e-preso-apos-engravidar-e-viver-como-marido-da-filha-de-12-anos\/#primaryimage","url":"https:\/\/brasilnoticias.org\/site\/wp-content\/uploads\/2023\/03\/csm_collage_maker-03-mar-2023-03-25-pm-4275_206a1f73f3_4z42LWw_widelg.jpg","contentUrl":"https:\/\/brasilnoticias.org\/site\/wp-content\/uploads\/2023\/03\/csm_collage_maker-03-mar-2023-03-25-pm-4275_206a1f73f3_4z42LWw_widelg.jpg","width":800,"height":450},{"@type":"BreadcrumbList","@id":"https:\/\/brasilnoticias.org\/site\/idoso-de-73-anos-e-preso-apos-engravidar-e-viver-como-marido-da-filha-de-12-anos\/#breadcrumb","itemListElement":[{"@type":"ListItem","position":1,"name":"In\u00edcio","item":"https:\/\/brasilnoticias.org\/site\/"},{"@type":"ListItem","position":2,"name":"Idoso de 73 anos \u00e9 preso ap\u00f3s engravidar e viver como &#8220;marido&#8221; da filha, de 12 anos"}]},{"@type":"WebSite","@id":"https:\/\/brasilnoticias.org\/site\/#website","url":"https:\/\/brasilnoticias.org\/site\/","name":"Brasil not\u00edcias","description":"Brasil not\u00edcias","publisher":{"@id":"https:\/\/brasilnoticias.org\/site\/#organization"},"potentialAction":[{"@type":"SearchAction","target":{"@type":"EntryPoint","urlTemplate":"https:\/\/brasilnoticias.org\/site\/?s={search_term_string}"},"query-input":{"@type":"PropertyValueSpecification","valueRequired":true,"valueName":"search_term_string"}}],"inLanguage":"pt-PT"},{"@type":"Organization","@id":"https:\/\/brasilnoticias.org\/site\/#organization","name":"Brasil not\u00edcias","url":"https:\/\/brasilnoticias.org\/site\/","logo":{"@type":"ImageObject","inLanguage":"pt-PT","@id":"https:\/\/brasilnoticias.org\/site\/#\/schema\/logo\/image\/","url":"https:\/\/brasilnoticias.org\/site\/wp-content\/uploads\/2022\/05\/cropped-brasilnoticias-mini.jpg","contentUrl":"https:\/\/brasilnoticias.org\/site\/wp-content\/uploads\/2022\/05\/cropped-brasilnoticias-mini.jpg","width":314,"height":86,"caption":"Brasil not\u00edcias"},"image":{"@id":"https:\/\/brasilnoticias.org\/site\/#\/schema\/logo\/image\/"}},{"@type":"Person","@id":"https:\/\/brasilnoticias.org\/site\/#\/schema\/person\/a0e05b973ec4d15c658d51911e53507b","name":"Reda\u00e7\u00e3o","image":{"@type":"ImageObject","inLanguage":"pt-PT","@id":"https:\/\/brasilnoticias.org\/site\/#\/schema\/person\/image\/","url":"https:\/\/secure.gravatar.com\/avatar\/75d8b050df2de108b08ae78dfb8e374892df24a383c67db9c46a9c604f6aee9c?s=96&d=mm&r=g","contentUrl":"https:\/\/secure.gravatar.com\/avatar\/75d8b050df2de108b08ae78dfb8e374892df24a383c67db9c46a9c604f6aee9c?s=96&d=mm&r=g","caption":"Reda\u00e7\u00e3o"},"sameAs":["https:\/\/brasilnoticias.org\/site"],"url":"https:\/\/brasilnoticias.org\/site\/author\/fernandozsngmail-com\/"}]}},"_links":{"self":[{"href":"https:\/\/brasilnoticias.org\/site\/wp-json\/wp\/v2\/posts\/4450","targetHints":{"allow":["GET"]}}],"collection":[{"href":"https:\/\/brasilnoticias.org\/site\/wp-json\/wp\/v2\/posts"}],"about":[{"href":"https:\/\/brasilnoticias.org\/site\/wp-json\/wp\/v2\/types\/post"}],"author":[{"embeddable":true,"href":"https:\/\/brasilnoticias.org\/site\/wp-json\/wp\/v2\/users\/1"}],"replies":[{"embeddable":true,"href":"https:\/\/brasilnoticias.org\/site\/wp-json\/wp\/v2\/comments?post=4450"}],"version-history":[{"count":1,"href":"https:\/\/brasilnoticias.org\/site\/wp-json\/wp\/v2\/posts\/4450\/revisions"}],"predecessor-version":[{"id":4452,"href":"https:\/\/brasilnoticias.org\/site\/wp-json\/wp\/v2\/posts\/4450\/revisions\/4452"}],"wp:featuredmedia":[{"embeddable":true,"href":"https:\/\/brasilnoticias.org\/site\/wp-json\/wp\/v2\/media\/4451"}],"wp:attachment":[{"href":"https:\/\/brasilnoticias.org\/site\/wp-json\/wp\/v2\/media?parent=4450"}],"wp:term":[{"taxonomy":"category","embeddable":true,"href":"https:\/\/brasilnoticias.org\/site\/wp-json\/wp\/v2\/categories?post=4450"},{"taxonomy":"post_tag","embeddable":true,"href":"https:\/\/brasilnoticias.org\/site\/wp-json\/wp\/v2\/tags?post=4450"}],"curies":[{"name":"wp","href":"https:\/\/api.w.org\/{rel}","templated":true}]}}