{"id":4475,"date":"2023-03-05T07:00:26","date_gmt":"2023-03-05T10:00:26","guid":{"rendered":"https:\/\/brasilnoticias.org\/site\/?p=4475"},"modified":"2023-03-04T07:57:33","modified_gmt":"2023-03-04T10:57:33","slug":"panela-explode-em-creche-e-deixa-duas-cozinheiras-feridas","status":"publish","type":"post","link":"https:\/\/brasilnoticias.org\/site\/panela-explode-em-creche-e-deixa-duas-cozinheiras-feridas\/","title":{"rendered":"Panela explode em creche e deixa duas cozinheiras feridas"},"content":{"rendered":"<p>Uma panela de press\u00e3o explodiu em uma creche na cidade de Lu\u00eds Eduardo Magalh\u00e3es, no oeste da Bahia. Duas cozinheiras sofreram queimaduras de segundo grau.<\/p>\n<p>O incidente aconteceu no Centro Municipal de Educa\u00e7\u00e3o Infantil Patr\u00edcia Oshiro Brentan, localizado no bairro Mimoso I. As aulas foram suspensas no local e s\u00f3 devem voltar ao normal na segunda-feira, 6. <\/p>\n<p>De acordo com o g1, as cozinheiras foram socorridas pelo Servi\u00e7o de Atendimento M\u00f3vel de Urg\u00eancia (Samu), encaminhadas para a Unidade de Pronto Atendimento e depois dos curativos, foram liberadas. <\/p>\n<p>Segundo apura\u00e7\u00e3o da TV Oeste, a alimenta\u00e7\u00e3o do col\u00e9gio \u00e9 feita por uma empresa terceirizada e a panela que explodiu era nova.<\/p>\n<p>A causa da explos\u00e3o n\u00e3o foi identificada. Uma empresa foi contratada para realizar uma per\u00edcia.<\/p>\n<p>Foto: Reprodu\u00e7\u00e3o | TV Oeste<br \/>\nA tarde<\/p>\n","protected":false},"excerpt":{"rendered":"<p>Uma panela de press\u00e3o explodiu em uma creche na cidade de Lu\u00eds Eduardo Magalh\u00e3es, no oeste da Bahia. Duas cozinheiras<\/p>\n","protected":false},"author":1,"featured_media":4478,"comment_status":"open","ping_status":"open","sticky":false,"template":"","format":"standard","meta":{"colormag_page_container_layout":"default_layout","colormag_page_sidebar_layout":"default_layout","_FSMCFIC_featured_image_caption":"","_FSMCFIC_featured_image_nocaption":"","_FSMCFIC_featured_image_hide":"","footnotes":""},"categories":[2,1],"tags":[],"class_list":["post-4475","post","type-post","status-publish","format-standard","has-post-thumbnail","hentry","category-noticias","category-ultimas"],"yoast_head":"<!-- This site is optimized with the Yoast SEO plugin v27.1.1 - https:\/\/yoast.com\/product\/yoast-seo-wordpress\/ -->\n<title>Panela explode em creche e deixa duas cozinheiras feridas - Brasil not\u00edcias<\/title>\n<meta name=\"robots\" content=\"index, follow, max-snippet:-1, max-image-preview:large, max-video-preview:-1\" \/>\n<link rel=\"canonical\" href=\"https:\/\/brasilnoticias.org\/site\/panela-explode-em-creche-e-deixa-duas-cozinheiras-feridas\/\" \/>\n<meta property=\"og:locale\" content=\"pt_PT\" \/>\n<meta property=\"og:type\" content=\"article\" \/>\n<meta property=\"og:title\" content=\"Panela explode em creche e deixa duas cozinheiras feridas - Brasil not\u00edcias\" \/>\n<meta property=\"og:description\" content=\"Uma panela de press\u00e3o explodiu em uma creche na cidade de Lu\u00eds Eduardo Magalh\u00e3es, no oeste da Bahia. Duas cozinheiras\" \/>\n<meta property=\"og:url\" content=\"https:\/\/brasilnoticias.org\/site\/panela-explode-em-creche-e-deixa-duas-cozinheiras-feridas\/\" \/>\n<meta property=\"og:site_name\" content=\"Brasil not\u00edcias\" \/>\n<meta property=\"article:published_time\" content=\"2023-03-05T10:00:26+00:00\" \/>\n<meta property=\"og:image\" content=\"https:\/\/brasilnoticias.org\/site\/wp-content\/uploads\/2023\/03\/Artigo-Destaque_01221311_00.jpg\" \/>\n\t<meta property=\"og:image:width\" content=\"940\" \/>\n\t<meta property=\"og:image:height\" content=\"529\" \/>\n\t<meta property=\"og:image:type\" content=\"image\/jpeg\" \/>\n<meta name=\"author\" content=\"Reda\u00e7\u00e3o\" \/>\n<meta name=\"twitter:card\" content=\"summary_large_image\" \/>\n<meta name=\"twitter:label1\" content=\"Escrito por\" \/>\n\t<meta name=\"twitter:data1\" content=\"Reda\u00e7\u00e3o\" \/>\n<script type=\"application\/ld+json\" class=\"yoast-schema-graph\">{\"@context\":\"https:\/\/schema.org\",\"@graph\":[{\"@type\":\"Article\",\"@id\":\"https:\/\/brasilnoticias.org\/site\/panela-explode-em-creche-e-deixa-duas-cozinheiras-feridas\/#article\",\"isPartOf\":{\"@id\":\"https:\/\/brasilnoticias.org\/site\/panela-explode-em-creche-e-deixa-duas-cozinheiras-feridas\/\"},\"author\":{\"name\":\"Reda\u00e7\u00e3o\",\"@id\":\"https:\/\/brasilnoticias.org\/site\/#\/schema\/person\/a0e05b973ec4d15c658d51911e53507b\"},\"headline\":\"Panela explode em creche e deixa duas cozinheiras feridas\",\"datePublished\":\"2023-03-05T10:00:26+00:00\",\"mainEntityOfPage\":{\"@id\":\"https:\/\/brasilnoticias.org\/site\/panela-explode-em-creche-e-deixa-duas-cozinheiras-feridas\/\"},\"wordCount\":152,\"commentCount\":0,\"publisher\":{\"@id\":\"https:\/\/brasilnoticias.org\/site\/#organization\"},\"image\":{\"@id\":\"https:\/\/brasilnoticias.org\/site\/panela-explode-em-creche-e-deixa-duas-cozinheiras-feridas\/#primaryimage\"},\"thumbnailUrl\":\"https:\/\/brasilnoticias.org\/site\/wp-content\/uploads\/2023\/03\/Artigo-Destaque_01221311_00.jpg\",\"articleSection\":[\"Not\u00edcias\",\"\u00daltimas\"],\"inLanguage\":\"pt-PT\",\"potentialAction\":[{\"@type\":\"CommentAction\",\"name\":\"Comment\",\"target\":[\"https:\/\/brasilnoticias.org\/site\/panela-explode-em-creche-e-deixa-duas-cozinheiras-feridas\/#respond\"]}]},{\"@type\":\"WebPage\",\"@id\":\"https:\/\/brasilnoticias.org\/site\/panela-explode-em-creche-e-deixa-duas-cozinheiras-feridas\/\",\"url\":\"https:\/\/brasilnoticias.org\/site\/panela-explode-em-creche-e-deixa-duas-cozinheiras-feridas\/\",\"name\":\"Panela explode em creche e deixa duas cozinheiras feridas - Brasil not\u00edcias\",\"isPartOf\":{\"@id\":\"https:\/\/brasilnoticias.org\/site\/#website\"},\"primaryImageOfPage\":{\"@id\":\"https:\/\/brasilnoticias.org\/site\/panela-explode-em-creche-e-deixa-duas-cozinheiras-feridas\/#primaryimage\"},\"image\":{\"@id\":\"https:\/\/brasilnoticias.org\/site\/panela-explode-em-creche-e-deixa-duas-cozinheiras-feridas\/#primaryimage\"},\"thumbnailUrl\":\"https:\/\/brasilnoticias.org\/site\/wp-content\/uploads\/2023\/03\/Artigo-Destaque_01221311_00.jpg\",\"datePublished\":\"2023-03-05T10:00:26+00:00\",\"breadcrumb\":{\"@id\":\"https:\/\/brasilnoticias.org\/site\/panela-explode-em-creche-e-deixa-duas-cozinheiras-feridas\/#breadcrumb\"},\"inLanguage\":\"pt-PT\",\"potentialAction\":[{\"@type\":\"ReadAction\",\"target\":[\"https:\/\/brasilnoticias.org\/site\/panela-explode-em-creche-e-deixa-duas-cozinheiras-feridas\/\"]}]},{\"@type\":\"ImageObject\",\"inLanguage\":\"pt-PT\",\"@id\":\"https:\/\/brasilnoticias.org\/site\/panela-explode-em-creche-e-deixa-duas-cozinheiras-feridas\/#primaryimage\",\"url\":\"https:\/\/brasilnoticias.org\/site\/wp-content\/uploads\/2023\/03\/Artigo-Destaque_01221311_00.jpg\",\"contentUrl\":\"https:\/\/brasilnoticias.org\/site\/wp-content\/uploads\/2023\/03\/Artigo-Destaque_01221311_00.jpg\",\"width\":940,\"height\":529},{\"@type\":\"BreadcrumbList\",\"@id\":\"https:\/\/brasilnoticias.org\/site\/panela-explode-em-creche-e-deixa-duas-cozinheiras-feridas\/#breadcrumb\",\"itemListElement\":[{\"@type\":\"ListItem\",\"position\":1,\"name\":\"In\u00edcio\",\"item\":\"https:\/\/brasilnoticias.org\/site\/\"},{\"@type\":\"ListItem\",\"position\":2,\"name\":\"Panela explode em creche e deixa duas cozinheiras feridas\"}]},{\"@type\":\"WebSite\",\"@id\":\"https:\/\/brasilnoticias.org\/site\/#website\",\"url\":\"https:\/\/brasilnoticias.org\/site\/\",\"name\":\"Brasil not\u00edcias\",\"description\":\"Brasil not\u00edcias\",\"publisher\":{\"@id\":\"https:\/\/brasilnoticias.org\/site\/#organization\"},\"potentialAction\":[{\"@type\":\"SearchAction\",\"target\":{\"@type\":\"EntryPoint\",\"urlTemplate\":\"https:\/\/brasilnoticias.org\/site\/?s={search_term_string}\"},\"query-input\":{\"@type\":\"PropertyValueSpecification\",\"valueRequired\":true,\"valueName\":\"search_term_string\"}}],\"inLanguage\":\"pt-PT\"},{\"@type\":\"Organization\",\"@id\":\"https:\/\/brasilnoticias.org\/site\/#organization\",\"name\":\"Brasil not\u00edcias\",\"url\":\"https:\/\/brasilnoticias.org\/site\/\",\"logo\":{\"@type\":\"ImageObject\",\"inLanguage\":\"pt-PT\",\"@id\":\"https:\/\/brasilnoticias.org\/site\/#\/schema\/logo\/image\/\",\"url\":\"https:\/\/brasilnoticias.org\/site\/wp-content\/uploads\/2022\/05\/cropped-brasilnoticias-mini.jpg\",\"contentUrl\":\"https:\/\/brasilnoticias.org\/site\/wp-content\/uploads\/2022\/05\/cropped-brasilnoticias-mini.jpg\",\"width\":314,\"height\":86,\"caption\":\"Brasil not\u00edcias\"},\"image\":{\"@id\":\"https:\/\/brasilnoticias.org\/site\/#\/schema\/logo\/image\/\"}},{\"@type\":\"Person\",\"@id\":\"https:\/\/brasilnoticias.org\/site\/#\/schema\/person\/a0e05b973ec4d15c658d51911e53507b\",\"name\":\"Reda\u00e7\u00e3o\",\"image\":{\"@type\":\"ImageObject\",\"inLanguage\":\"pt-PT\",\"@id\":\"https:\/\/brasilnoticias.org\/site\/#\/schema\/person\/image\/\",\"url\":\"https:\/\/secure.gravatar.com\/avatar\/75d8b050df2de108b08ae78dfb8e374892df24a383c67db9c46a9c604f6aee9c?s=96&d=mm&r=g\",\"contentUrl\":\"https:\/\/secure.gravatar.com\/avatar\/75d8b050df2de108b08ae78dfb8e374892df24a383c67db9c46a9c604f6aee9c?s=96&d=mm&r=g\",\"caption\":\"Reda\u00e7\u00e3o\"},\"sameAs\":[\"https:\/\/brasilnoticias.org\/site\"],\"url\":\"https:\/\/brasilnoticias.org\/site\/author\/fernandozsngmail-com\/\"}]}<\/script>\n<!-- \/ Yoast SEO plugin. -->","yoast_head_json":{"title":"Panela explode em creche e deixa duas cozinheiras feridas - Brasil not\u00edcias","robots":{"index":"index","follow":"follow","max-snippet":"max-snippet:-1","max-image-preview":"max-image-preview:large","max-video-preview":"max-video-preview:-1"},"canonical":"https:\/\/brasilnoticias.org\/site\/panela-explode-em-creche-e-deixa-duas-cozinheiras-feridas\/","og_locale":"pt_PT","og_type":"article","og_title":"Panela explode em creche e deixa duas cozinheiras feridas - Brasil not\u00edcias","og_description":"Uma panela de press\u00e3o explodiu em uma creche na cidade de Lu\u00eds Eduardo Magalh\u00e3es, no oeste da Bahia. Duas cozinheiras","og_url":"https:\/\/brasilnoticias.org\/site\/panela-explode-em-creche-e-deixa-duas-cozinheiras-feridas\/","og_site_name":"Brasil not\u00edcias","article_published_time":"2023-03-05T10:00:26+00:00","og_image":[{"width":940,"height":529,"url":"https:\/\/brasilnoticias.org\/site\/wp-content\/uploads\/2023\/03\/Artigo-Destaque_01221311_00.jpg","type":"image\/jpeg"}],"author":"Reda\u00e7\u00e3o","twitter_card":"summary_large_image","twitter_misc":{"Escrito por":"Reda\u00e7\u00e3o"},"schema":{"@context":"https:\/\/schema.org","@graph":[{"@type":"Article","@id":"https:\/\/brasilnoticias.org\/site\/panela-explode-em-creche-e-deixa-duas-cozinheiras-feridas\/#article","isPartOf":{"@id":"https:\/\/brasilnoticias.org\/site\/panela-explode-em-creche-e-deixa-duas-cozinheiras-feridas\/"},"author":{"name":"Reda\u00e7\u00e3o","@id":"https:\/\/brasilnoticias.org\/site\/#\/schema\/person\/a0e05b973ec4d15c658d51911e53507b"},"headline":"Panela explode em creche e deixa duas cozinheiras feridas","datePublished":"2023-03-05T10:00:26+00:00","mainEntityOfPage":{"@id":"https:\/\/brasilnoticias.org\/site\/panela-explode-em-creche-e-deixa-duas-cozinheiras-feridas\/"},"wordCount":152,"commentCount":0,"publisher":{"@id":"https:\/\/brasilnoticias.org\/site\/#organization"},"image":{"@id":"https:\/\/brasilnoticias.org\/site\/panela-explode-em-creche-e-deixa-duas-cozinheiras-feridas\/#primaryimage"},"thumbnailUrl":"https:\/\/brasilnoticias.org\/site\/wp-content\/uploads\/2023\/03\/Artigo-Destaque_01221311_00.jpg","articleSection":["Not\u00edcias","\u00daltimas"],"inLanguage":"pt-PT","potentialAction":[{"@type":"CommentAction","name":"Comment","target":["https:\/\/brasilnoticias.org\/site\/panela-explode-em-creche-e-deixa-duas-cozinheiras-feridas\/#respond"]}]},{"@type":"WebPage","@id":"https:\/\/brasilnoticias.org\/site\/panela-explode-em-creche-e-deixa-duas-cozinheiras-feridas\/","url":"https:\/\/brasilnoticias.org\/site\/panela-explode-em-creche-e-deixa-duas-cozinheiras-feridas\/","name":"Panela explode em creche e deixa duas cozinheiras feridas - Brasil not\u00edcias","isPartOf":{"@id":"https:\/\/brasilnoticias.org\/site\/#website"},"primaryImageOfPage":{"@id":"https:\/\/brasilnoticias.org\/site\/panela-explode-em-creche-e-deixa-duas-cozinheiras-feridas\/#primaryimage"},"image":{"@id":"https:\/\/brasilnoticias.org\/site\/panela-explode-em-creche-e-deixa-duas-cozinheiras-feridas\/#primaryimage"},"thumbnailUrl":"https:\/\/brasilnoticias.org\/site\/wp-content\/uploads\/2023\/03\/Artigo-Destaque_01221311_00.jpg","datePublished":"2023-03-05T10:00:26+00:00","breadcrumb":{"@id":"https:\/\/brasilnoticias.org\/site\/panela-explode-em-creche-e-deixa-duas-cozinheiras-feridas\/#breadcrumb"},"inLanguage":"pt-PT","potentialAction":[{"@type":"ReadAction","target":["https:\/\/brasilnoticias.org\/site\/panela-explode-em-creche-e-deixa-duas-cozinheiras-feridas\/"]}]},{"@type":"ImageObject","inLanguage":"pt-PT","@id":"https:\/\/brasilnoticias.org\/site\/panela-explode-em-creche-e-deixa-duas-cozinheiras-feridas\/#primaryimage","url":"https:\/\/brasilnoticias.org\/site\/wp-content\/uploads\/2023\/03\/Artigo-Destaque_01221311_00.jpg","contentUrl":"https:\/\/brasilnoticias.org\/site\/wp-content\/uploads\/2023\/03\/Artigo-Destaque_01221311_00.jpg","width":940,"height":529},{"@type":"BreadcrumbList","@id":"https:\/\/brasilnoticias.org\/site\/panela-explode-em-creche-e-deixa-duas-cozinheiras-feridas\/#breadcrumb","itemListElement":[{"@type":"ListItem","position":1,"name":"In\u00edcio","item":"https:\/\/brasilnoticias.org\/site\/"},{"@type":"ListItem","position":2,"name":"Panela explode em creche e deixa duas cozinheiras feridas"}]},{"@type":"WebSite","@id":"https:\/\/brasilnoticias.org\/site\/#website","url":"https:\/\/brasilnoticias.org\/site\/","name":"Brasil not\u00edcias","description":"Brasil not\u00edcias","publisher":{"@id":"https:\/\/brasilnoticias.org\/site\/#organization"},"potentialAction":[{"@type":"SearchAction","target":{"@type":"EntryPoint","urlTemplate":"https:\/\/brasilnoticias.org\/site\/?s={search_term_string}"},"query-input":{"@type":"PropertyValueSpecification","valueRequired":true,"valueName":"search_term_string"}}],"inLanguage":"pt-PT"},{"@type":"Organization","@id":"https:\/\/brasilnoticias.org\/site\/#organization","name":"Brasil not\u00edcias","url":"https:\/\/brasilnoticias.org\/site\/","logo":{"@type":"ImageObject","inLanguage":"pt-PT","@id":"https:\/\/brasilnoticias.org\/site\/#\/schema\/logo\/image\/","url":"https:\/\/brasilnoticias.org\/site\/wp-content\/uploads\/2022\/05\/cropped-brasilnoticias-mini.jpg","contentUrl":"https:\/\/brasilnoticias.org\/site\/wp-content\/uploads\/2022\/05\/cropped-brasilnoticias-mini.jpg","width":314,"height":86,"caption":"Brasil not\u00edcias"},"image":{"@id":"https:\/\/brasilnoticias.org\/site\/#\/schema\/logo\/image\/"}},{"@type":"Person","@id":"https:\/\/brasilnoticias.org\/site\/#\/schema\/person\/a0e05b973ec4d15c658d51911e53507b","name":"Reda\u00e7\u00e3o","image":{"@type":"ImageObject","inLanguage":"pt-PT","@id":"https:\/\/brasilnoticias.org\/site\/#\/schema\/person\/image\/","url":"https:\/\/secure.gravatar.com\/avatar\/75d8b050df2de108b08ae78dfb8e374892df24a383c67db9c46a9c604f6aee9c?s=96&d=mm&r=g","contentUrl":"https:\/\/secure.gravatar.com\/avatar\/75d8b050df2de108b08ae78dfb8e374892df24a383c67db9c46a9c604f6aee9c?s=96&d=mm&r=g","caption":"Reda\u00e7\u00e3o"},"sameAs":["https:\/\/brasilnoticias.org\/site"],"url":"https:\/\/brasilnoticias.org\/site\/author\/fernandozsngmail-com\/"}]}},"_links":{"self":[{"href":"https:\/\/brasilnoticias.org\/site\/wp-json\/wp\/v2\/posts\/4475","targetHints":{"allow":["GET"]}}],"collection":[{"href":"https:\/\/brasilnoticias.org\/site\/wp-json\/wp\/v2\/posts"}],"about":[{"href":"https:\/\/brasilnoticias.org\/site\/wp-json\/wp\/v2\/types\/post"}],"author":[{"embeddable":true,"href":"https:\/\/brasilnoticias.org\/site\/wp-json\/wp\/v2\/users\/1"}],"replies":[{"embeddable":true,"href":"https:\/\/brasilnoticias.org\/site\/wp-json\/wp\/v2\/comments?post=4475"}],"version-history":[{"count":1,"href":"https:\/\/brasilnoticias.org\/site\/wp-json\/wp\/v2\/posts\/4475\/revisions"}],"predecessor-version":[{"id":4479,"href":"https:\/\/brasilnoticias.org\/site\/wp-json\/wp\/v2\/posts\/4475\/revisions\/4479"}],"wp:featuredmedia":[{"embeddable":true,"href":"https:\/\/brasilnoticias.org\/site\/wp-json\/wp\/v2\/media\/4478"}],"wp:attachment":[{"href":"https:\/\/brasilnoticias.org\/site\/wp-json\/wp\/v2\/media?parent=4475"}],"wp:term":[{"taxonomy":"category","embeddable":true,"href":"https:\/\/brasilnoticias.org\/site\/wp-json\/wp\/v2\/categories?post=4475"},{"taxonomy":"post_tag","embeddable":true,"href":"https:\/\/brasilnoticias.org\/site\/wp-json\/wp\/v2\/tags?post=4475"}],"curies":[{"name":"wp","href":"https:\/\/api.w.org\/{rel}","templated":true}]}}