{"id":4483,"date":"2023-03-05T07:20:25","date_gmt":"2023-03-05T10:20:25","guid":{"rendered":"https:\/\/brasilnoticias.org\/site\/?p=4483"},"modified":"2023-03-04T08:26:18","modified_gmt":"2023-03-04T11:26:18","slug":"suspeito-de-furtar-cabos-eletricos-ameaca-policiais-com-faca","status":"publish","type":"post","link":"https:\/\/brasilnoticias.org\/site\/suspeito-de-furtar-cabos-eletricos-ameaca-policiais-com-faca\/","title":{"rendered":"Suspeito de furtar cabos el\u00e9tricos amea\u00e7a policiais com faca"},"content":{"rendered":"<p>Investigadores da Delegacia de Repress\u00e3o a Furtos e Roubos (DRFR) de Feira de Santana prenderam um homem suspeito de furtar fios da rede el\u00e9trica. Ele foi flagrado em frente ao Complexo Policial Investigador Bandeira com um rolo de cabos e uma faca.<\/p>\n<p>De acordo com o titular da unidade especializada, delegado Andr\u00e9 Ribeiro, o homem tentou fugir e quando foi alcan\u00e7ado pelos policiais reagiu \u00e0 pris\u00e3o. \u201cEle partiu em dire\u00e7\u00e3o aos investigadores com a faca empunhada e para cessar a amea\u00e7a a equipe precisou efetuar um disparo\u201d, ressaltou Andr\u00e9 Ribeiro.<\/p>\n<p>O flagranteado foi atingido na perna e socorrido para o Hospital Cleriston Andrade, onde est\u00e1 custodiado \u00e0 disposi\u00e7\u00e3o da Justi\u00e7a. Outra faca foi apreendida com ele e encaminhada \u00e0 per\u00edcia.<\/p>\n<p>Foto: Ascom-PC | Divulga\u00e7\u00e3o<br \/>\nA tarde<\/p>\n","protected":false},"excerpt":{"rendered":"<p>Investigadores da Delegacia de Repress\u00e3o a Furtos e Roubos (DRFR) de Feira de Santana prenderam um homem suspeito de furtar<\/p>\n","protected":false},"author":1,"featured_media":4484,"comment_status":"open","ping_status":"open","sticky":false,"template":"","format":"standard","meta":{"colormag_page_container_layout":"default_layout","colormag_page_sidebar_layout":"default_layout","_FSMCFIC_featured_image_caption":"","_FSMCFIC_featured_image_nocaption":"","_FSMCFIC_featured_image_hide":"","footnotes":""},"categories":[3,1],"tags":[],"class_list":["post-4483","post","type-post","status-publish","format-standard","has-post-thumbnail","hentry","category-policia","category-ultimas"],"yoast_head":"<!-- This site is optimized with the Yoast SEO plugin v27.1.1 - https:\/\/yoast.com\/product\/yoast-seo-wordpress\/ -->\n<title>Suspeito de furtar cabos el\u00e9tricos amea\u00e7a policiais com faca - Brasil not\u00edcias<\/title>\n<meta name=\"robots\" content=\"index, follow, max-snippet:-1, max-image-preview:large, max-video-preview:-1\" \/>\n<link rel=\"canonical\" href=\"https:\/\/brasilnoticias.org\/site\/suspeito-de-furtar-cabos-eletricos-ameaca-policiais-com-faca\/\" \/>\n<meta property=\"og:locale\" content=\"pt_PT\" \/>\n<meta property=\"og:type\" content=\"article\" \/>\n<meta property=\"og:title\" content=\"Suspeito de furtar cabos el\u00e9tricos amea\u00e7a policiais com faca - Brasil not\u00edcias\" \/>\n<meta property=\"og:description\" content=\"Investigadores da Delegacia de Repress\u00e3o a Furtos e Roubos (DRFR) de Feira de Santana prenderam um homem suspeito de furtar\" \/>\n<meta property=\"og:url\" content=\"https:\/\/brasilnoticias.org\/site\/suspeito-de-furtar-cabos-eletricos-ameaca-policiais-com-faca\/\" \/>\n<meta property=\"og:site_name\" content=\"Brasil not\u00edcias\" \/>\n<meta property=\"article:published_time\" content=\"2023-03-05T10:20:25+00:00\" \/>\n<meta property=\"og:image\" content=\"https:\/\/brasilnoticias.org\/site\/wp-content\/uploads\/2023\/03\/Artigo-Destaque_01221296_00.jpg\" \/>\n\t<meta property=\"og:image:width\" content=\"1599\" \/>\n\t<meta property=\"og:image:height\" content=\"899\" \/>\n\t<meta property=\"og:image:type\" content=\"image\/jpeg\" \/>\n<meta name=\"author\" content=\"Reda\u00e7\u00e3o\" \/>\n<meta name=\"twitter:card\" content=\"summary_large_image\" \/>\n<meta name=\"twitter:label1\" content=\"Escrito por\" \/>\n\t<meta name=\"twitter:data1\" content=\"Reda\u00e7\u00e3o\" \/>\n<script type=\"application\/ld+json\" class=\"yoast-schema-graph\">{\"@context\":\"https:\/\/schema.org\",\"@graph\":[{\"@type\":\"Article\",\"@id\":\"https:\/\/brasilnoticias.org\/site\/suspeito-de-furtar-cabos-eletricos-ameaca-policiais-com-faca\/#article\",\"isPartOf\":{\"@id\":\"https:\/\/brasilnoticias.org\/site\/suspeito-de-furtar-cabos-eletricos-ameaca-policiais-com-faca\/\"},\"author\":{\"name\":\"Reda\u00e7\u00e3o\",\"@id\":\"https:\/\/brasilnoticias.org\/site\/#\/schema\/person\/a0e05b973ec4d15c658d51911e53507b\"},\"headline\":\"Suspeito de furtar cabos el\u00e9tricos amea\u00e7a policiais com faca\",\"datePublished\":\"2023-03-05T10:20:25+00:00\",\"mainEntityOfPage\":{\"@id\":\"https:\/\/brasilnoticias.org\/site\/suspeito-de-furtar-cabos-eletricos-ameaca-policiais-com-faca\/\"},\"wordCount\":143,\"commentCount\":0,\"publisher\":{\"@id\":\"https:\/\/brasilnoticias.org\/site\/#organization\"},\"image\":{\"@id\":\"https:\/\/brasilnoticias.org\/site\/suspeito-de-furtar-cabos-eletricos-ameaca-policiais-com-faca\/#primaryimage\"},\"thumbnailUrl\":\"https:\/\/brasilnoticias.org\/site\/wp-content\/uploads\/2023\/03\/Artigo-Destaque_01221296_00.jpg\",\"articleSection\":[\"Pol\u00edcia\",\"\u00daltimas\"],\"inLanguage\":\"pt-PT\",\"potentialAction\":[{\"@type\":\"CommentAction\",\"name\":\"Comment\",\"target\":[\"https:\/\/brasilnoticias.org\/site\/suspeito-de-furtar-cabos-eletricos-ameaca-policiais-com-faca\/#respond\"]}]},{\"@type\":\"WebPage\",\"@id\":\"https:\/\/brasilnoticias.org\/site\/suspeito-de-furtar-cabos-eletricos-ameaca-policiais-com-faca\/\",\"url\":\"https:\/\/brasilnoticias.org\/site\/suspeito-de-furtar-cabos-eletricos-ameaca-policiais-com-faca\/\",\"name\":\"Suspeito de furtar cabos el\u00e9tricos amea\u00e7a policiais com faca - Brasil not\u00edcias\",\"isPartOf\":{\"@id\":\"https:\/\/brasilnoticias.org\/site\/#website\"},\"primaryImageOfPage\":{\"@id\":\"https:\/\/brasilnoticias.org\/site\/suspeito-de-furtar-cabos-eletricos-ameaca-policiais-com-faca\/#primaryimage\"},\"image\":{\"@id\":\"https:\/\/brasilnoticias.org\/site\/suspeito-de-furtar-cabos-eletricos-ameaca-policiais-com-faca\/#primaryimage\"},\"thumbnailUrl\":\"https:\/\/brasilnoticias.org\/site\/wp-content\/uploads\/2023\/03\/Artigo-Destaque_01221296_00.jpg\",\"datePublished\":\"2023-03-05T10:20:25+00:00\",\"breadcrumb\":{\"@id\":\"https:\/\/brasilnoticias.org\/site\/suspeito-de-furtar-cabos-eletricos-ameaca-policiais-com-faca\/#breadcrumb\"},\"inLanguage\":\"pt-PT\",\"potentialAction\":[{\"@type\":\"ReadAction\",\"target\":[\"https:\/\/brasilnoticias.org\/site\/suspeito-de-furtar-cabos-eletricos-ameaca-policiais-com-faca\/\"]}]},{\"@type\":\"ImageObject\",\"inLanguage\":\"pt-PT\",\"@id\":\"https:\/\/brasilnoticias.org\/site\/suspeito-de-furtar-cabos-eletricos-ameaca-policiais-com-faca\/#primaryimage\",\"url\":\"https:\/\/brasilnoticias.org\/site\/wp-content\/uploads\/2023\/03\/Artigo-Destaque_01221296_00.jpg\",\"contentUrl\":\"https:\/\/brasilnoticias.org\/site\/wp-content\/uploads\/2023\/03\/Artigo-Destaque_01221296_00.jpg\",\"width\":1599,\"height\":899},{\"@type\":\"BreadcrumbList\",\"@id\":\"https:\/\/brasilnoticias.org\/site\/suspeito-de-furtar-cabos-eletricos-ameaca-policiais-com-faca\/#breadcrumb\",\"itemListElement\":[{\"@type\":\"ListItem\",\"position\":1,\"name\":\"In\u00edcio\",\"item\":\"https:\/\/brasilnoticias.org\/site\/\"},{\"@type\":\"ListItem\",\"position\":2,\"name\":\"Suspeito de furtar cabos el\u00e9tricos amea\u00e7a policiais com faca\"}]},{\"@type\":\"WebSite\",\"@id\":\"https:\/\/brasilnoticias.org\/site\/#website\",\"url\":\"https:\/\/brasilnoticias.org\/site\/\",\"name\":\"Brasil not\u00edcias\",\"description\":\"Brasil not\u00edcias\",\"publisher\":{\"@id\":\"https:\/\/brasilnoticias.org\/site\/#organization\"},\"potentialAction\":[{\"@type\":\"SearchAction\",\"target\":{\"@type\":\"EntryPoint\",\"urlTemplate\":\"https:\/\/brasilnoticias.org\/site\/?s={search_term_string}\"},\"query-input\":{\"@type\":\"PropertyValueSpecification\",\"valueRequired\":true,\"valueName\":\"search_term_string\"}}],\"inLanguage\":\"pt-PT\"},{\"@type\":\"Organization\",\"@id\":\"https:\/\/brasilnoticias.org\/site\/#organization\",\"name\":\"Brasil not\u00edcias\",\"url\":\"https:\/\/brasilnoticias.org\/site\/\",\"logo\":{\"@type\":\"ImageObject\",\"inLanguage\":\"pt-PT\",\"@id\":\"https:\/\/brasilnoticias.org\/site\/#\/schema\/logo\/image\/\",\"url\":\"https:\/\/brasilnoticias.org\/site\/wp-content\/uploads\/2022\/05\/cropped-brasilnoticias-mini.jpg\",\"contentUrl\":\"https:\/\/brasilnoticias.org\/site\/wp-content\/uploads\/2022\/05\/cropped-brasilnoticias-mini.jpg\",\"width\":314,\"height\":86,\"caption\":\"Brasil not\u00edcias\"},\"image\":{\"@id\":\"https:\/\/brasilnoticias.org\/site\/#\/schema\/logo\/image\/\"}},{\"@type\":\"Person\",\"@id\":\"https:\/\/brasilnoticias.org\/site\/#\/schema\/person\/a0e05b973ec4d15c658d51911e53507b\",\"name\":\"Reda\u00e7\u00e3o\",\"image\":{\"@type\":\"ImageObject\",\"inLanguage\":\"pt-PT\",\"@id\":\"https:\/\/brasilnoticias.org\/site\/#\/schema\/person\/image\/\",\"url\":\"https:\/\/secure.gravatar.com\/avatar\/75d8b050df2de108b08ae78dfb8e374892df24a383c67db9c46a9c604f6aee9c?s=96&d=mm&r=g\",\"contentUrl\":\"https:\/\/secure.gravatar.com\/avatar\/75d8b050df2de108b08ae78dfb8e374892df24a383c67db9c46a9c604f6aee9c?s=96&d=mm&r=g\",\"caption\":\"Reda\u00e7\u00e3o\"},\"sameAs\":[\"https:\/\/brasilnoticias.org\/site\"],\"url\":\"https:\/\/brasilnoticias.org\/site\/author\/fernandozsngmail-com\/\"}]}<\/script>\n<!-- \/ Yoast SEO plugin. -->","yoast_head_json":{"title":"Suspeito de furtar cabos el\u00e9tricos amea\u00e7a policiais com faca - Brasil not\u00edcias","robots":{"index":"index","follow":"follow","max-snippet":"max-snippet:-1","max-image-preview":"max-image-preview:large","max-video-preview":"max-video-preview:-1"},"canonical":"https:\/\/brasilnoticias.org\/site\/suspeito-de-furtar-cabos-eletricos-ameaca-policiais-com-faca\/","og_locale":"pt_PT","og_type":"article","og_title":"Suspeito de furtar cabos el\u00e9tricos amea\u00e7a policiais com faca - Brasil not\u00edcias","og_description":"Investigadores da Delegacia de Repress\u00e3o a Furtos e Roubos (DRFR) de Feira de Santana prenderam um homem suspeito de furtar","og_url":"https:\/\/brasilnoticias.org\/site\/suspeito-de-furtar-cabos-eletricos-ameaca-policiais-com-faca\/","og_site_name":"Brasil not\u00edcias","article_published_time":"2023-03-05T10:20:25+00:00","og_image":[{"width":1599,"height":899,"url":"https:\/\/brasilnoticias.org\/site\/wp-content\/uploads\/2023\/03\/Artigo-Destaque_01221296_00.jpg","type":"image\/jpeg"}],"author":"Reda\u00e7\u00e3o","twitter_card":"summary_large_image","twitter_misc":{"Escrito por":"Reda\u00e7\u00e3o"},"schema":{"@context":"https:\/\/schema.org","@graph":[{"@type":"Article","@id":"https:\/\/brasilnoticias.org\/site\/suspeito-de-furtar-cabos-eletricos-ameaca-policiais-com-faca\/#article","isPartOf":{"@id":"https:\/\/brasilnoticias.org\/site\/suspeito-de-furtar-cabos-eletricos-ameaca-policiais-com-faca\/"},"author":{"name":"Reda\u00e7\u00e3o","@id":"https:\/\/brasilnoticias.org\/site\/#\/schema\/person\/a0e05b973ec4d15c658d51911e53507b"},"headline":"Suspeito de furtar cabos el\u00e9tricos amea\u00e7a policiais com faca","datePublished":"2023-03-05T10:20:25+00:00","mainEntityOfPage":{"@id":"https:\/\/brasilnoticias.org\/site\/suspeito-de-furtar-cabos-eletricos-ameaca-policiais-com-faca\/"},"wordCount":143,"commentCount":0,"publisher":{"@id":"https:\/\/brasilnoticias.org\/site\/#organization"},"image":{"@id":"https:\/\/brasilnoticias.org\/site\/suspeito-de-furtar-cabos-eletricos-ameaca-policiais-com-faca\/#primaryimage"},"thumbnailUrl":"https:\/\/brasilnoticias.org\/site\/wp-content\/uploads\/2023\/03\/Artigo-Destaque_01221296_00.jpg","articleSection":["Pol\u00edcia","\u00daltimas"],"inLanguage":"pt-PT","potentialAction":[{"@type":"CommentAction","name":"Comment","target":["https:\/\/brasilnoticias.org\/site\/suspeito-de-furtar-cabos-eletricos-ameaca-policiais-com-faca\/#respond"]}]},{"@type":"WebPage","@id":"https:\/\/brasilnoticias.org\/site\/suspeito-de-furtar-cabos-eletricos-ameaca-policiais-com-faca\/","url":"https:\/\/brasilnoticias.org\/site\/suspeito-de-furtar-cabos-eletricos-ameaca-policiais-com-faca\/","name":"Suspeito de furtar cabos el\u00e9tricos amea\u00e7a policiais com faca - Brasil not\u00edcias","isPartOf":{"@id":"https:\/\/brasilnoticias.org\/site\/#website"},"primaryImageOfPage":{"@id":"https:\/\/brasilnoticias.org\/site\/suspeito-de-furtar-cabos-eletricos-ameaca-policiais-com-faca\/#primaryimage"},"image":{"@id":"https:\/\/brasilnoticias.org\/site\/suspeito-de-furtar-cabos-eletricos-ameaca-policiais-com-faca\/#primaryimage"},"thumbnailUrl":"https:\/\/brasilnoticias.org\/site\/wp-content\/uploads\/2023\/03\/Artigo-Destaque_01221296_00.jpg","datePublished":"2023-03-05T10:20:25+00:00","breadcrumb":{"@id":"https:\/\/brasilnoticias.org\/site\/suspeito-de-furtar-cabos-eletricos-ameaca-policiais-com-faca\/#breadcrumb"},"inLanguage":"pt-PT","potentialAction":[{"@type":"ReadAction","target":["https:\/\/brasilnoticias.org\/site\/suspeito-de-furtar-cabos-eletricos-ameaca-policiais-com-faca\/"]}]},{"@type":"ImageObject","inLanguage":"pt-PT","@id":"https:\/\/brasilnoticias.org\/site\/suspeito-de-furtar-cabos-eletricos-ameaca-policiais-com-faca\/#primaryimage","url":"https:\/\/brasilnoticias.org\/site\/wp-content\/uploads\/2023\/03\/Artigo-Destaque_01221296_00.jpg","contentUrl":"https:\/\/brasilnoticias.org\/site\/wp-content\/uploads\/2023\/03\/Artigo-Destaque_01221296_00.jpg","width":1599,"height":899},{"@type":"BreadcrumbList","@id":"https:\/\/brasilnoticias.org\/site\/suspeito-de-furtar-cabos-eletricos-ameaca-policiais-com-faca\/#breadcrumb","itemListElement":[{"@type":"ListItem","position":1,"name":"In\u00edcio","item":"https:\/\/brasilnoticias.org\/site\/"},{"@type":"ListItem","position":2,"name":"Suspeito de furtar cabos el\u00e9tricos amea\u00e7a policiais com faca"}]},{"@type":"WebSite","@id":"https:\/\/brasilnoticias.org\/site\/#website","url":"https:\/\/brasilnoticias.org\/site\/","name":"Brasil not\u00edcias","description":"Brasil not\u00edcias","publisher":{"@id":"https:\/\/brasilnoticias.org\/site\/#organization"},"potentialAction":[{"@type":"SearchAction","target":{"@type":"EntryPoint","urlTemplate":"https:\/\/brasilnoticias.org\/site\/?s={search_term_string}"},"query-input":{"@type":"PropertyValueSpecification","valueRequired":true,"valueName":"search_term_string"}}],"inLanguage":"pt-PT"},{"@type":"Organization","@id":"https:\/\/brasilnoticias.org\/site\/#organization","name":"Brasil not\u00edcias","url":"https:\/\/brasilnoticias.org\/site\/","logo":{"@type":"ImageObject","inLanguage":"pt-PT","@id":"https:\/\/brasilnoticias.org\/site\/#\/schema\/logo\/image\/","url":"https:\/\/brasilnoticias.org\/site\/wp-content\/uploads\/2022\/05\/cropped-brasilnoticias-mini.jpg","contentUrl":"https:\/\/brasilnoticias.org\/site\/wp-content\/uploads\/2022\/05\/cropped-brasilnoticias-mini.jpg","width":314,"height":86,"caption":"Brasil not\u00edcias"},"image":{"@id":"https:\/\/brasilnoticias.org\/site\/#\/schema\/logo\/image\/"}},{"@type":"Person","@id":"https:\/\/brasilnoticias.org\/site\/#\/schema\/person\/a0e05b973ec4d15c658d51911e53507b","name":"Reda\u00e7\u00e3o","image":{"@type":"ImageObject","inLanguage":"pt-PT","@id":"https:\/\/brasilnoticias.org\/site\/#\/schema\/person\/image\/","url":"https:\/\/secure.gravatar.com\/avatar\/75d8b050df2de108b08ae78dfb8e374892df24a383c67db9c46a9c604f6aee9c?s=96&d=mm&r=g","contentUrl":"https:\/\/secure.gravatar.com\/avatar\/75d8b050df2de108b08ae78dfb8e374892df24a383c67db9c46a9c604f6aee9c?s=96&d=mm&r=g","caption":"Reda\u00e7\u00e3o"},"sameAs":["https:\/\/brasilnoticias.org\/site"],"url":"https:\/\/brasilnoticias.org\/site\/author\/fernandozsngmail-com\/"}]}},"_links":{"self":[{"href":"https:\/\/brasilnoticias.org\/site\/wp-json\/wp\/v2\/posts\/4483","targetHints":{"allow":["GET"]}}],"collection":[{"href":"https:\/\/brasilnoticias.org\/site\/wp-json\/wp\/v2\/posts"}],"about":[{"href":"https:\/\/brasilnoticias.org\/site\/wp-json\/wp\/v2\/types\/post"}],"author":[{"embeddable":true,"href":"https:\/\/brasilnoticias.org\/site\/wp-json\/wp\/v2\/users\/1"}],"replies":[{"embeddable":true,"href":"https:\/\/brasilnoticias.org\/site\/wp-json\/wp\/v2\/comments?post=4483"}],"version-history":[{"count":1,"href":"https:\/\/brasilnoticias.org\/site\/wp-json\/wp\/v2\/posts\/4483\/revisions"}],"predecessor-version":[{"id":4485,"href":"https:\/\/brasilnoticias.org\/site\/wp-json\/wp\/v2\/posts\/4483\/revisions\/4485"}],"wp:featuredmedia":[{"embeddable":true,"href":"https:\/\/brasilnoticias.org\/site\/wp-json\/wp\/v2\/media\/4484"}],"wp:attachment":[{"href":"https:\/\/brasilnoticias.org\/site\/wp-json\/wp\/v2\/media?parent=4483"}],"wp:term":[{"taxonomy":"category","embeddable":true,"href":"https:\/\/brasilnoticias.org\/site\/wp-json\/wp\/v2\/categories?post=4483"},{"taxonomy":"post_tag","embeddable":true,"href":"https:\/\/brasilnoticias.org\/site\/wp-json\/wp\/v2\/tags?post=4483"}],"curies":[{"name":"wp","href":"https:\/\/api.w.org\/{rel}","templated":true}]}}