{"id":4493,"date":"2023-03-06T06:32:54","date_gmt":"2023-03-06T09:32:54","guid":{"rendered":"https:\/\/brasilnoticias.org\/site\/?p=4493"},"modified":"2023-03-06T06:32:54","modified_gmt":"2023-03-06T09:32:54","slug":"lima-duarte-se-envolveu-em-acidente-de-transito","status":"publish","type":"post","link":"https:\/\/brasilnoticias.org\/site\/lima-duarte-se-envolveu-em-acidente-de-transito\/","title":{"rendered":"Lima Duarte se envolveu em acidente de tr\u00e2nsito"},"content":{"rendered":"<p>O ator Lima Duarte, de 92 anos, se envolveu em um acidente com uma motocicleta na \u00faltima sexta-feira (3) e atropelou uma mulher.<br \/>\nO ator contou que prestou os devidos socorros \u00e0 motociclista.<\/p>\n<p>&#8220;Enquanto dirigia meu carro, fui envolvido em um acidente com uma motocicleta. Ap\u00f3s a colis\u00e3o, imediatamente prestei os devidos socorros \u00e0 motociclista e aguardei a chegada da pol\u00edcia&#8221;, falou Duarte, em nota encaminhada a Splash.<\/p>\n<p>Ainda n\u00e3o h\u00e1 informa\u00e7\u00f5es de onde ocorreu o acidente, conforme sua assessoria art\u00edstica informou a reportagem.<\/p>\n<p>Carro do dia a dia<\/p>\n<p>No m\u00eas passado, Lima Duarte mostrou em sua conta no Instagram o seu carro do dia a dia, um raro Citro\u00ebn AX GTi 1995 vinho.<\/p>\n<p>No v\u00eddeo, o veterano ator revela para os f\u00e3s que sobreviveu d\u00e9cadas atr\u00e1s ao capotamento de um Tatra T600, mais conhecido como Tatraplan.<\/p>\n<p>O carro era de Oduvaldo Vianna, ent\u00e3o diretor de radionovelas da R\u00e1dio Tupi de S\u00e3o Paulo, na qual Duarte era sonoplasta. Ele conta que foi convidado pelo ent\u00e3o chefe para uma viagem rumo a Santos ao lado do ator Dion\u00edsio Azevedo na rec\u00e9m inaugurada Via Anchieta.<\/p>\n<p>&#8220;Era uma estrada sinuosa, perigos\u00edssima&#8221;, diz. Duarte continua a hist\u00f3ria, acrescentando que estava sentado no banco traseiro quando Vianna, que dirigia o Tatraplan, disse avisou que o ve\u00edculo iria capotar.<\/p>\n<p>Depois do acidente, os tr\u00eas desviraram o carro na estrada e terminaram a viagem.Confira nota do ator na \u00edntegra:<\/p>\n<p>&#8220;Gostaria de esclarecer que no dia 3 de mar\u00e7o, enquanto dirigia meu carro, fui envolvido em um acidente com uma motocicleta.<\/p>\n<p>Ap\u00f3s a colis\u00e3o, imediatamente prestei os devidos socorros \u00e0 motociclista e aguardei a chegada da pol\u00edcia. A minha prioridade foi garantir que a motociclista recebesse a assist\u00eancia necess\u00e1ria e que a situa\u00e7\u00e3o fosse tratada com a maior seriedade poss\u00edvel.<\/p>\n<p>Gostaria de destacar que sou um motorista consciente e respons\u00e1vel, como foi o caso! Sempre procuro respeitar as leis de tr\u00e2nsito e priorizar a seguran\u00e7a no tr\u00e1fego. Lamento profundamente pelo ocorrido e estou dispon\u00edvel para ajudar nas apura\u00e7\u00f5es e prestar esclarecimentos adicionais, caso necess\u00e1rio.<\/p>\n<p>Atenciosamente,<br \/>\nLima Duarte<\/p>\n","protected":false},"excerpt":{"rendered":"<p>O ator Lima Duarte, de 92 anos, se envolveu em um acidente com uma motocicleta na \u00faltima sexta-feira (3) e<\/p>\n","protected":false},"author":1,"featured_media":4494,"comment_status":"open","ping_status":"open","sticky":false,"template":"","format":"standard","meta":{"colormag_page_container_layout":"default_layout","colormag_page_sidebar_layout":"default_layout","_FSMCFIC_featured_image_caption":"","_FSMCFIC_featured_image_nocaption":"","_FSMCFIC_featured_image_hide":"","footnotes":""},"categories":[2,1],"tags":[],"class_list":["post-4493","post","type-post","status-publish","format-standard","has-post-thumbnail","hentry","category-noticias","category-ultimas"],"yoast_head":"<!-- This site is optimized with the Yoast SEO plugin v27.1.1 - https:\/\/yoast.com\/product\/yoast-seo-wordpress\/ -->\n<title>Lima Duarte se envolveu em acidente de tr\u00e2nsito - Brasil not\u00edcias<\/title>\n<meta name=\"robots\" content=\"index, follow, max-snippet:-1, max-image-preview:large, max-video-preview:-1\" \/>\n<link rel=\"canonical\" href=\"https:\/\/brasilnoticias.org\/site\/lima-duarte-se-envolveu-em-acidente-de-transito\/\" \/>\n<meta property=\"og:locale\" content=\"pt_PT\" \/>\n<meta property=\"og:type\" content=\"article\" \/>\n<meta property=\"og:title\" content=\"Lima Duarte se envolveu em acidente de tr\u00e2nsito - Brasil not\u00edcias\" \/>\n<meta property=\"og:description\" content=\"O ator Lima Duarte, de 92 anos, se envolveu em um acidente com uma motocicleta na \u00faltima sexta-feira (3) e\" \/>\n<meta property=\"og:url\" content=\"https:\/\/brasilnoticias.org\/site\/lima-duarte-se-envolveu-em-acidente-de-transito\/\" \/>\n<meta property=\"og:site_name\" content=\"Brasil not\u00edcias\" \/>\n<meta property=\"article:published_time\" content=\"2023-03-06T09:32:54+00:00\" \/>\n<meta property=\"og:image\" content=\"https:\/\/brasilnoticias.org\/site\/wp-content\/uploads\/2023\/03\/naom_5ad4b7e5c94a9.jpg\" \/>\n\t<meta property=\"og:image:width\" content=\"960\" \/>\n\t<meta property=\"og:image:height\" content=\"540\" \/>\n\t<meta property=\"og:image:type\" content=\"image\/jpeg\" \/>\n<meta name=\"author\" content=\"Reda\u00e7\u00e3o\" \/>\n<meta name=\"twitter:card\" content=\"summary_large_image\" \/>\n<meta name=\"twitter:label1\" content=\"Escrito por\" \/>\n\t<meta name=\"twitter:data1\" content=\"Reda\u00e7\u00e3o\" \/>\n<script type=\"application\/ld+json\" class=\"yoast-schema-graph\">{\"@context\":\"https:\/\/schema.org\",\"@graph\":[{\"@type\":\"Article\",\"@id\":\"https:\/\/brasilnoticias.org\/site\/lima-duarte-se-envolveu-em-acidente-de-transito\/#article\",\"isPartOf\":{\"@id\":\"https:\/\/brasilnoticias.org\/site\/lima-duarte-se-envolveu-em-acidente-de-transito\/\"},\"author\":{\"name\":\"Reda\u00e7\u00e3o\",\"@id\":\"https:\/\/brasilnoticias.org\/site\/#\/schema\/person\/a0e05b973ec4d15c658d51911e53507b\"},\"headline\":\"Lima Duarte se envolveu em acidente de tr\u00e2nsito\",\"datePublished\":\"2023-03-06T09:32:54+00:00\",\"mainEntityOfPage\":{\"@id\":\"https:\/\/brasilnoticias.org\/site\/lima-duarte-se-envolveu-em-acidente-de-transito\/\"},\"wordCount\":379,\"commentCount\":0,\"publisher\":{\"@id\":\"https:\/\/brasilnoticias.org\/site\/#organization\"},\"image\":{\"@id\":\"https:\/\/brasilnoticias.org\/site\/lima-duarte-se-envolveu-em-acidente-de-transito\/#primaryimage\"},\"thumbnailUrl\":\"https:\/\/brasilnoticias.org\/site\/wp-content\/uploads\/2023\/03\/naom_5ad4b7e5c94a9.jpg\",\"articleSection\":[\"Not\u00edcias\",\"\u00daltimas\"],\"inLanguage\":\"pt-PT\",\"potentialAction\":[{\"@type\":\"CommentAction\",\"name\":\"Comment\",\"target\":[\"https:\/\/brasilnoticias.org\/site\/lima-duarte-se-envolveu-em-acidente-de-transito\/#respond\"]}]},{\"@type\":\"WebPage\",\"@id\":\"https:\/\/brasilnoticias.org\/site\/lima-duarte-se-envolveu-em-acidente-de-transito\/\",\"url\":\"https:\/\/brasilnoticias.org\/site\/lima-duarte-se-envolveu-em-acidente-de-transito\/\",\"name\":\"Lima Duarte se envolveu em acidente de tr\u00e2nsito - Brasil not\u00edcias\",\"isPartOf\":{\"@id\":\"https:\/\/brasilnoticias.org\/site\/#website\"},\"primaryImageOfPage\":{\"@id\":\"https:\/\/brasilnoticias.org\/site\/lima-duarte-se-envolveu-em-acidente-de-transito\/#primaryimage\"},\"image\":{\"@id\":\"https:\/\/brasilnoticias.org\/site\/lima-duarte-se-envolveu-em-acidente-de-transito\/#primaryimage\"},\"thumbnailUrl\":\"https:\/\/brasilnoticias.org\/site\/wp-content\/uploads\/2023\/03\/naom_5ad4b7e5c94a9.jpg\",\"datePublished\":\"2023-03-06T09:32:54+00:00\",\"breadcrumb\":{\"@id\":\"https:\/\/brasilnoticias.org\/site\/lima-duarte-se-envolveu-em-acidente-de-transito\/#breadcrumb\"},\"inLanguage\":\"pt-PT\",\"potentialAction\":[{\"@type\":\"ReadAction\",\"target\":[\"https:\/\/brasilnoticias.org\/site\/lima-duarte-se-envolveu-em-acidente-de-transito\/\"]}]},{\"@type\":\"ImageObject\",\"inLanguage\":\"pt-PT\",\"@id\":\"https:\/\/brasilnoticias.org\/site\/lima-duarte-se-envolveu-em-acidente-de-transito\/#primaryimage\",\"url\":\"https:\/\/brasilnoticias.org\/site\/wp-content\/uploads\/2023\/03\/naom_5ad4b7e5c94a9.jpg\",\"contentUrl\":\"https:\/\/brasilnoticias.org\/site\/wp-content\/uploads\/2023\/03\/naom_5ad4b7e5c94a9.jpg\",\"width\":960,\"height\":540},{\"@type\":\"BreadcrumbList\",\"@id\":\"https:\/\/brasilnoticias.org\/site\/lima-duarte-se-envolveu-em-acidente-de-transito\/#breadcrumb\",\"itemListElement\":[{\"@type\":\"ListItem\",\"position\":1,\"name\":\"In\u00edcio\",\"item\":\"https:\/\/brasilnoticias.org\/site\/\"},{\"@type\":\"ListItem\",\"position\":2,\"name\":\"Lima Duarte se envolveu em acidente de tr\u00e2nsito\"}]},{\"@type\":\"WebSite\",\"@id\":\"https:\/\/brasilnoticias.org\/site\/#website\",\"url\":\"https:\/\/brasilnoticias.org\/site\/\",\"name\":\"Brasil not\u00edcias\",\"description\":\"Brasil not\u00edcias\",\"publisher\":{\"@id\":\"https:\/\/brasilnoticias.org\/site\/#organization\"},\"potentialAction\":[{\"@type\":\"SearchAction\",\"target\":{\"@type\":\"EntryPoint\",\"urlTemplate\":\"https:\/\/brasilnoticias.org\/site\/?s={search_term_string}\"},\"query-input\":{\"@type\":\"PropertyValueSpecification\",\"valueRequired\":true,\"valueName\":\"search_term_string\"}}],\"inLanguage\":\"pt-PT\"},{\"@type\":\"Organization\",\"@id\":\"https:\/\/brasilnoticias.org\/site\/#organization\",\"name\":\"Brasil not\u00edcias\",\"url\":\"https:\/\/brasilnoticias.org\/site\/\",\"logo\":{\"@type\":\"ImageObject\",\"inLanguage\":\"pt-PT\",\"@id\":\"https:\/\/brasilnoticias.org\/site\/#\/schema\/logo\/image\/\",\"url\":\"https:\/\/brasilnoticias.org\/site\/wp-content\/uploads\/2022\/05\/cropped-brasilnoticias-mini.jpg\",\"contentUrl\":\"https:\/\/brasilnoticias.org\/site\/wp-content\/uploads\/2022\/05\/cropped-brasilnoticias-mini.jpg\",\"width\":314,\"height\":86,\"caption\":\"Brasil not\u00edcias\"},\"image\":{\"@id\":\"https:\/\/brasilnoticias.org\/site\/#\/schema\/logo\/image\/\"}},{\"@type\":\"Person\",\"@id\":\"https:\/\/brasilnoticias.org\/site\/#\/schema\/person\/a0e05b973ec4d15c658d51911e53507b\",\"name\":\"Reda\u00e7\u00e3o\",\"image\":{\"@type\":\"ImageObject\",\"inLanguage\":\"pt-PT\",\"@id\":\"https:\/\/brasilnoticias.org\/site\/#\/schema\/person\/image\/\",\"url\":\"https:\/\/secure.gravatar.com\/avatar\/75d8b050df2de108b08ae78dfb8e374892df24a383c67db9c46a9c604f6aee9c?s=96&d=mm&r=g\",\"contentUrl\":\"https:\/\/secure.gravatar.com\/avatar\/75d8b050df2de108b08ae78dfb8e374892df24a383c67db9c46a9c604f6aee9c?s=96&d=mm&r=g\",\"caption\":\"Reda\u00e7\u00e3o\"},\"sameAs\":[\"https:\/\/brasilnoticias.org\/site\"],\"url\":\"https:\/\/brasilnoticias.org\/site\/author\/fernandozsngmail-com\/\"}]}<\/script>\n<!-- \/ Yoast SEO plugin. -->","yoast_head_json":{"title":"Lima Duarte se envolveu em acidente de tr\u00e2nsito - Brasil not\u00edcias","robots":{"index":"index","follow":"follow","max-snippet":"max-snippet:-1","max-image-preview":"max-image-preview:large","max-video-preview":"max-video-preview:-1"},"canonical":"https:\/\/brasilnoticias.org\/site\/lima-duarte-se-envolveu-em-acidente-de-transito\/","og_locale":"pt_PT","og_type":"article","og_title":"Lima Duarte se envolveu em acidente de tr\u00e2nsito - Brasil not\u00edcias","og_description":"O ator Lima Duarte, de 92 anos, se envolveu em um acidente com uma motocicleta na \u00faltima sexta-feira (3) e","og_url":"https:\/\/brasilnoticias.org\/site\/lima-duarte-se-envolveu-em-acidente-de-transito\/","og_site_name":"Brasil not\u00edcias","article_published_time":"2023-03-06T09:32:54+00:00","og_image":[{"width":960,"height":540,"url":"https:\/\/brasilnoticias.org\/site\/wp-content\/uploads\/2023\/03\/naom_5ad4b7e5c94a9.jpg","type":"image\/jpeg"}],"author":"Reda\u00e7\u00e3o","twitter_card":"summary_large_image","twitter_misc":{"Escrito por":"Reda\u00e7\u00e3o"},"schema":{"@context":"https:\/\/schema.org","@graph":[{"@type":"Article","@id":"https:\/\/brasilnoticias.org\/site\/lima-duarte-se-envolveu-em-acidente-de-transito\/#article","isPartOf":{"@id":"https:\/\/brasilnoticias.org\/site\/lima-duarte-se-envolveu-em-acidente-de-transito\/"},"author":{"name":"Reda\u00e7\u00e3o","@id":"https:\/\/brasilnoticias.org\/site\/#\/schema\/person\/a0e05b973ec4d15c658d51911e53507b"},"headline":"Lima Duarte se envolveu em acidente de tr\u00e2nsito","datePublished":"2023-03-06T09:32:54+00:00","mainEntityOfPage":{"@id":"https:\/\/brasilnoticias.org\/site\/lima-duarte-se-envolveu-em-acidente-de-transito\/"},"wordCount":379,"commentCount":0,"publisher":{"@id":"https:\/\/brasilnoticias.org\/site\/#organization"},"image":{"@id":"https:\/\/brasilnoticias.org\/site\/lima-duarte-se-envolveu-em-acidente-de-transito\/#primaryimage"},"thumbnailUrl":"https:\/\/brasilnoticias.org\/site\/wp-content\/uploads\/2023\/03\/naom_5ad4b7e5c94a9.jpg","articleSection":["Not\u00edcias","\u00daltimas"],"inLanguage":"pt-PT","potentialAction":[{"@type":"CommentAction","name":"Comment","target":["https:\/\/brasilnoticias.org\/site\/lima-duarte-se-envolveu-em-acidente-de-transito\/#respond"]}]},{"@type":"WebPage","@id":"https:\/\/brasilnoticias.org\/site\/lima-duarte-se-envolveu-em-acidente-de-transito\/","url":"https:\/\/brasilnoticias.org\/site\/lima-duarte-se-envolveu-em-acidente-de-transito\/","name":"Lima Duarte se envolveu em acidente de tr\u00e2nsito - Brasil not\u00edcias","isPartOf":{"@id":"https:\/\/brasilnoticias.org\/site\/#website"},"primaryImageOfPage":{"@id":"https:\/\/brasilnoticias.org\/site\/lima-duarte-se-envolveu-em-acidente-de-transito\/#primaryimage"},"image":{"@id":"https:\/\/brasilnoticias.org\/site\/lima-duarte-se-envolveu-em-acidente-de-transito\/#primaryimage"},"thumbnailUrl":"https:\/\/brasilnoticias.org\/site\/wp-content\/uploads\/2023\/03\/naom_5ad4b7e5c94a9.jpg","datePublished":"2023-03-06T09:32:54+00:00","breadcrumb":{"@id":"https:\/\/brasilnoticias.org\/site\/lima-duarte-se-envolveu-em-acidente-de-transito\/#breadcrumb"},"inLanguage":"pt-PT","potentialAction":[{"@type":"ReadAction","target":["https:\/\/brasilnoticias.org\/site\/lima-duarte-se-envolveu-em-acidente-de-transito\/"]}]},{"@type":"ImageObject","inLanguage":"pt-PT","@id":"https:\/\/brasilnoticias.org\/site\/lima-duarte-se-envolveu-em-acidente-de-transito\/#primaryimage","url":"https:\/\/brasilnoticias.org\/site\/wp-content\/uploads\/2023\/03\/naom_5ad4b7e5c94a9.jpg","contentUrl":"https:\/\/brasilnoticias.org\/site\/wp-content\/uploads\/2023\/03\/naom_5ad4b7e5c94a9.jpg","width":960,"height":540},{"@type":"BreadcrumbList","@id":"https:\/\/brasilnoticias.org\/site\/lima-duarte-se-envolveu-em-acidente-de-transito\/#breadcrumb","itemListElement":[{"@type":"ListItem","position":1,"name":"In\u00edcio","item":"https:\/\/brasilnoticias.org\/site\/"},{"@type":"ListItem","position":2,"name":"Lima Duarte se envolveu em acidente de tr\u00e2nsito"}]},{"@type":"WebSite","@id":"https:\/\/brasilnoticias.org\/site\/#website","url":"https:\/\/brasilnoticias.org\/site\/","name":"Brasil not\u00edcias","description":"Brasil not\u00edcias","publisher":{"@id":"https:\/\/brasilnoticias.org\/site\/#organization"},"potentialAction":[{"@type":"SearchAction","target":{"@type":"EntryPoint","urlTemplate":"https:\/\/brasilnoticias.org\/site\/?s={search_term_string}"},"query-input":{"@type":"PropertyValueSpecification","valueRequired":true,"valueName":"search_term_string"}}],"inLanguage":"pt-PT"},{"@type":"Organization","@id":"https:\/\/brasilnoticias.org\/site\/#organization","name":"Brasil not\u00edcias","url":"https:\/\/brasilnoticias.org\/site\/","logo":{"@type":"ImageObject","inLanguage":"pt-PT","@id":"https:\/\/brasilnoticias.org\/site\/#\/schema\/logo\/image\/","url":"https:\/\/brasilnoticias.org\/site\/wp-content\/uploads\/2022\/05\/cropped-brasilnoticias-mini.jpg","contentUrl":"https:\/\/brasilnoticias.org\/site\/wp-content\/uploads\/2022\/05\/cropped-brasilnoticias-mini.jpg","width":314,"height":86,"caption":"Brasil not\u00edcias"},"image":{"@id":"https:\/\/brasilnoticias.org\/site\/#\/schema\/logo\/image\/"}},{"@type":"Person","@id":"https:\/\/brasilnoticias.org\/site\/#\/schema\/person\/a0e05b973ec4d15c658d51911e53507b","name":"Reda\u00e7\u00e3o","image":{"@type":"ImageObject","inLanguage":"pt-PT","@id":"https:\/\/brasilnoticias.org\/site\/#\/schema\/person\/image\/","url":"https:\/\/secure.gravatar.com\/avatar\/75d8b050df2de108b08ae78dfb8e374892df24a383c67db9c46a9c604f6aee9c?s=96&d=mm&r=g","contentUrl":"https:\/\/secure.gravatar.com\/avatar\/75d8b050df2de108b08ae78dfb8e374892df24a383c67db9c46a9c604f6aee9c?s=96&d=mm&r=g","caption":"Reda\u00e7\u00e3o"},"sameAs":["https:\/\/brasilnoticias.org\/site"],"url":"https:\/\/brasilnoticias.org\/site\/author\/fernandozsngmail-com\/"}]}},"_links":{"self":[{"href":"https:\/\/brasilnoticias.org\/site\/wp-json\/wp\/v2\/posts\/4493","targetHints":{"allow":["GET"]}}],"collection":[{"href":"https:\/\/brasilnoticias.org\/site\/wp-json\/wp\/v2\/posts"}],"about":[{"href":"https:\/\/brasilnoticias.org\/site\/wp-json\/wp\/v2\/types\/post"}],"author":[{"embeddable":true,"href":"https:\/\/brasilnoticias.org\/site\/wp-json\/wp\/v2\/users\/1"}],"replies":[{"embeddable":true,"href":"https:\/\/brasilnoticias.org\/site\/wp-json\/wp\/v2\/comments?post=4493"}],"version-history":[{"count":1,"href":"https:\/\/brasilnoticias.org\/site\/wp-json\/wp\/v2\/posts\/4493\/revisions"}],"predecessor-version":[{"id":4495,"href":"https:\/\/brasilnoticias.org\/site\/wp-json\/wp\/v2\/posts\/4493\/revisions\/4495"}],"wp:featuredmedia":[{"embeddable":true,"href":"https:\/\/brasilnoticias.org\/site\/wp-json\/wp\/v2\/media\/4494"}],"wp:attachment":[{"href":"https:\/\/brasilnoticias.org\/site\/wp-json\/wp\/v2\/media?parent=4493"}],"wp:term":[{"taxonomy":"category","embeddable":true,"href":"https:\/\/brasilnoticias.org\/site\/wp-json\/wp\/v2\/categories?post=4493"},{"taxonomy":"post_tag","embeddable":true,"href":"https:\/\/brasilnoticias.org\/site\/wp-json\/wp\/v2\/tags?post=4493"}],"curies":[{"name":"wp","href":"https:\/\/api.w.org\/{rel}","templated":true}]}}