{"id":4496,"date":"2023-03-06T06:35:44","date_gmt":"2023-03-06T09:35:44","guid":{"rendered":"https:\/\/brasilnoticias.org\/site\/?p=4496"},"modified":"2023-03-06T06:35:44","modified_gmt":"2023-03-06T09:35:44","slug":"homem-preso-com-carne-humana-da-versao-do-assassinato-e-diz-que-reagiu","status":"publish","type":"post","link":"https:\/\/brasilnoticias.org\/site\/homem-preso-com-carne-humana-da-versao-do-assassinato-e-diz-que-reagiu\/","title":{"rendered":"Homem preso com carne humana d\u00e1 vers\u00e3o do assassinato e diz que reagiu"},"content":{"rendered":"<p>Begole\u00e3 Fernandes, mineiro preso com carne humana na Holanda, disse em um \u00e1udio que teria &#8220;reagido&#8221; a um suposto ataque do tamb\u00e9m brasileiro Alan Lopes. Begole\u00e3 est\u00e1 preso por ser o principal suspeito de ter matado Alan, de 21 anos, a facadas<\/p>\n<p>O \u00e1udio foi obtido pelo portal g1 e transmitido na TV Globo. A m\u00e3e de Begole\u00e3 confirmou \u00e0 emissora que a voz do \u00e1udio \u00e9 a voz de seu filho. Begole\u00e3 narra a um amigo que teria sido atra\u00eddo para uma &#8220;emboscada&#8221; feita por Alan.<\/p>\n<p>O mineiro diz ter sido avisado de que se trataria de uma emboscada, mas n\u00e3o explica por que foi, mesmo assim, \u00e0 casa de Alan. Ele cita nomes de outros colegas e diz que &#8220;j\u00e1 tem muito tempo que a galerinha dele sabe&#8221; que Alan seria canibal. O mineiro afirma que teria reagido com a faca contra Alan, confessando que atacou a v\u00edtima. Relembre o caso Begole\u00e3 foi preso no aeroporto de Lisboa quando tentava viajar para Belo Horizonte. A sua roupa tinha vest\u00edgios de sangue.<\/p>\n<p>O IML concluiu que a carne em sua mala era de origem humana, mas n\u00e3o tem rela\u00e7\u00e3o com a morte de Alan, segundo informa\u00e7\u00e3o da pol\u00edcia holandesa e da fam\u00edlia da v\u00edtima, que disse que o &#8220;corpo estava inteiro&#8221;. Begole\u00e3 disse estar com a carne como prova de que Alan era &#8220;canibal&#8221;. A fam\u00edlia da v\u00edtima nega as acusa\u00e7\u00f5es e diz que o brasileiro frequentava a casa da fam\u00edlia. A m\u00e3e do brasileiro preso disse ter aconselhado Fernandes a fugir para o Brasil.<\/p>\n<p>O mineiro \u00e9 descrito como &#8220;perigoso, psic\u00f3tico e com treino de artes marciais&#8221; pelas autoridades holandesas. A avalia\u00e7\u00e3o consta em documento encaminhado para a Justi\u00e7a de Portugal.<\/p>\n<p>Leia a a transcri\u00e7\u00e3o do \u00e1udio: &#8220;Oh Messias, ora por mim meu irm\u00e3o, que eu t\u00f4 beleza, gra\u00e7as a Deus, viu. Mas o que eu passei n\u00e3o foi brincadeira. Ele \u00e9 canibal. J\u00e1 tem muito tempo que a galerinha dele sabe, entendeu? O Mark sabia, o Wesley sabia, o Rafael sabia. S\u00f3 que \u00e9 uma parada t\u00e3o bizarra, mas t\u00e3o, mas t\u00e3o bizarra que ningu\u00e9m acredita. Ele pegou um marroquino, decepou o cara dentro do a\u00e7ougue, mano, igual um porco. Ele me mostrou o v\u00eddeo e me chamou l\u00e1 na casa dele para comer um peda\u00e7o da carne do cara. Eu fui l\u00e1, os meninos tinham me avisado que era uma armadilha para ele me pegar, t\u00e1 ligado? J\u00e1 tava avisado disso. A m\u00e3e dele t\u00e1 por Paris, a m\u00e3e dele nem ficou por l\u00e1 pra ele conseguir ter armadilha pra me pegar. A\u00ed na hora que ele tentou me pegar, mano, eu estava com a faca, eu fui, reagi e passei ele, t\u00e1 ligado? Me ajuda a\u00ed mano, pelo amor de Deus.&#8221;<\/p>\n<p>Foto Reprodu\u00e7\u00e3o<br \/>\nNot\u00edcias ao minuto<\/p>\n","protected":false},"excerpt":{"rendered":"<p>Begole\u00e3 Fernandes, mineiro preso com carne humana na Holanda, disse em um \u00e1udio que teria &#8220;reagido&#8221; a um suposto ataque<\/p>\n","protected":false},"author":1,"featured_media":4497,"comment_status":"open","ping_status":"open","sticky":false,"template":"","format":"standard","meta":{"colormag_page_container_layout":"default_layout","colormag_page_sidebar_layout":"default_layout","_FSMCFIC_featured_image_caption":"","_FSMCFIC_featured_image_nocaption":"","_FSMCFIC_featured_image_hide":"","footnotes":""},"categories":[3,1],"tags":[],"class_list":["post-4496","post","type-post","status-publish","format-standard","has-post-thumbnail","hentry","category-policia","category-ultimas"],"yoast_head":"<!-- This site is optimized with the Yoast SEO plugin v27.1.1 - https:\/\/yoast.com\/product\/yoast-seo-wordpress\/ -->\n<title>Homem preso com carne humana d\u00e1 vers\u00e3o do assassinato e diz que reagiu - Brasil not\u00edcias<\/title>\n<meta name=\"robots\" content=\"index, follow, max-snippet:-1, max-image-preview:large, max-video-preview:-1\" \/>\n<link rel=\"canonical\" href=\"https:\/\/brasilnoticias.org\/site\/homem-preso-com-carne-humana-da-versao-do-assassinato-e-diz-que-reagiu\/\" \/>\n<meta property=\"og:locale\" content=\"pt_PT\" \/>\n<meta property=\"og:type\" content=\"article\" \/>\n<meta property=\"og:title\" content=\"Homem preso com carne humana d\u00e1 vers\u00e3o do assassinato e diz que reagiu - Brasil not\u00edcias\" \/>\n<meta property=\"og:description\" content=\"Begole\u00e3 Fernandes, mineiro preso com carne humana na Holanda, disse em um \u00e1udio que teria &#8220;reagido&#8221; a um suposto ataque\" \/>\n<meta property=\"og:url\" content=\"https:\/\/brasilnoticias.org\/site\/homem-preso-com-carne-humana-da-versao-do-assassinato-e-diz-que-reagiu\/\" \/>\n<meta property=\"og:site_name\" content=\"Brasil not\u00edcias\" \/>\n<meta property=\"article:published_time\" content=\"2023-03-06T09:35:44+00:00\" \/>\n<meta property=\"og:image\" content=\"https:\/\/brasilnoticias.org\/site\/wp-content\/uploads\/2023\/03\/naom_6405065845796.jpg\" \/>\n\t<meta property=\"og:image:width\" content=\"960\" \/>\n\t<meta property=\"og:image:height\" content=\"540\" \/>\n\t<meta property=\"og:image:type\" content=\"image\/jpeg\" \/>\n<meta name=\"author\" content=\"Reda\u00e7\u00e3o\" \/>\n<meta name=\"twitter:card\" content=\"summary_large_image\" \/>\n<meta name=\"twitter:label1\" content=\"Escrito por\" \/>\n\t<meta name=\"twitter:data1\" content=\"Reda\u00e7\u00e3o\" \/>\n<script type=\"application\/ld+json\" class=\"yoast-schema-graph\">{\"@context\":\"https:\/\/schema.org\",\"@graph\":[{\"@type\":\"Article\",\"@id\":\"https:\/\/brasilnoticias.org\/site\/homem-preso-com-carne-humana-da-versao-do-assassinato-e-diz-que-reagiu\/#article\",\"isPartOf\":{\"@id\":\"https:\/\/brasilnoticias.org\/site\/homem-preso-com-carne-humana-da-versao-do-assassinato-e-diz-que-reagiu\/\"},\"author\":{\"name\":\"Reda\u00e7\u00e3o\",\"@id\":\"https:\/\/brasilnoticias.org\/site\/#\/schema\/person\/a0e05b973ec4d15c658d51911e53507b\"},\"headline\":\"Homem preso com carne humana d\u00e1 vers\u00e3o do assassinato e diz que reagiu\",\"datePublished\":\"2023-03-06T09:35:44+00:00\",\"mainEntityOfPage\":{\"@id\":\"https:\/\/brasilnoticias.org\/site\/homem-preso-com-carne-humana-da-versao-do-assassinato-e-diz-que-reagiu\/\"},\"wordCount\":503,\"commentCount\":0,\"publisher\":{\"@id\":\"https:\/\/brasilnoticias.org\/site\/#organization\"},\"image\":{\"@id\":\"https:\/\/brasilnoticias.org\/site\/homem-preso-com-carne-humana-da-versao-do-assassinato-e-diz-que-reagiu\/#primaryimage\"},\"thumbnailUrl\":\"https:\/\/brasilnoticias.org\/site\/wp-content\/uploads\/2023\/03\/naom_6405065845796.jpg\",\"articleSection\":[\"Pol\u00edcia\",\"\u00daltimas\"],\"inLanguage\":\"pt-PT\",\"potentialAction\":[{\"@type\":\"CommentAction\",\"name\":\"Comment\",\"target\":[\"https:\/\/brasilnoticias.org\/site\/homem-preso-com-carne-humana-da-versao-do-assassinato-e-diz-que-reagiu\/#respond\"]}]},{\"@type\":\"WebPage\",\"@id\":\"https:\/\/brasilnoticias.org\/site\/homem-preso-com-carne-humana-da-versao-do-assassinato-e-diz-que-reagiu\/\",\"url\":\"https:\/\/brasilnoticias.org\/site\/homem-preso-com-carne-humana-da-versao-do-assassinato-e-diz-que-reagiu\/\",\"name\":\"Homem preso com carne humana d\u00e1 vers\u00e3o do assassinato e diz que reagiu - Brasil not\u00edcias\",\"isPartOf\":{\"@id\":\"https:\/\/brasilnoticias.org\/site\/#website\"},\"primaryImageOfPage\":{\"@id\":\"https:\/\/brasilnoticias.org\/site\/homem-preso-com-carne-humana-da-versao-do-assassinato-e-diz-que-reagiu\/#primaryimage\"},\"image\":{\"@id\":\"https:\/\/brasilnoticias.org\/site\/homem-preso-com-carne-humana-da-versao-do-assassinato-e-diz-que-reagiu\/#primaryimage\"},\"thumbnailUrl\":\"https:\/\/brasilnoticias.org\/site\/wp-content\/uploads\/2023\/03\/naom_6405065845796.jpg\",\"datePublished\":\"2023-03-06T09:35:44+00:00\",\"breadcrumb\":{\"@id\":\"https:\/\/brasilnoticias.org\/site\/homem-preso-com-carne-humana-da-versao-do-assassinato-e-diz-que-reagiu\/#breadcrumb\"},\"inLanguage\":\"pt-PT\",\"potentialAction\":[{\"@type\":\"ReadAction\",\"target\":[\"https:\/\/brasilnoticias.org\/site\/homem-preso-com-carne-humana-da-versao-do-assassinato-e-diz-que-reagiu\/\"]}]},{\"@type\":\"ImageObject\",\"inLanguage\":\"pt-PT\",\"@id\":\"https:\/\/brasilnoticias.org\/site\/homem-preso-com-carne-humana-da-versao-do-assassinato-e-diz-que-reagiu\/#primaryimage\",\"url\":\"https:\/\/brasilnoticias.org\/site\/wp-content\/uploads\/2023\/03\/naom_6405065845796.jpg\",\"contentUrl\":\"https:\/\/brasilnoticias.org\/site\/wp-content\/uploads\/2023\/03\/naom_6405065845796.jpg\",\"width\":960,\"height\":540},{\"@type\":\"BreadcrumbList\",\"@id\":\"https:\/\/brasilnoticias.org\/site\/homem-preso-com-carne-humana-da-versao-do-assassinato-e-diz-que-reagiu\/#breadcrumb\",\"itemListElement\":[{\"@type\":\"ListItem\",\"position\":1,\"name\":\"In\u00edcio\",\"item\":\"https:\/\/brasilnoticias.org\/site\/\"},{\"@type\":\"ListItem\",\"position\":2,\"name\":\"Homem preso com carne humana d\u00e1 vers\u00e3o do assassinato e diz que reagiu\"}]},{\"@type\":\"WebSite\",\"@id\":\"https:\/\/brasilnoticias.org\/site\/#website\",\"url\":\"https:\/\/brasilnoticias.org\/site\/\",\"name\":\"Brasil not\u00edcias\",\"description\":\"Brasil not\u00edcias\",\"publisher\":{\"@id\":\"https:\/\/brasilnoticias.org\/site\/#organization\"},\"potentialAction\":[{\"@type\":\"SearchAction\",\"target\":{\"@type\":\"EntryPoint\",\"urlTemplate\":\"https:\/\/brasilnoticias.org\/site\/?s={search_term_string}\"},\"query-input\":{\"@type\":\"PropertyValueSpecification\",\"valueRequired\":true,\"valueName\":\"search_term_string\"}}],\"inLanguage\":\"pt-PT\"},{\"@type\":\"Organization\",\"@id\":\"https:\/\/brasilnoticias.org\/site\/#organization\",\"name\":\"Brasil not\u00edcias\",\"url\":\"https:\/\/brasilnoticias.org\/site\/\",\"logo\":{\"@type\":\"ImageObject\",\"inLanguage\":\"pt-PT\",\"@id\":\"https:\/\/brasilnoticias.org\/site\/#\/schema\/logo\/image\/\",\"url\":\"https:\/\/brasilnoticias.org\/site\/wp-content\/uploads\/2022\/05\/cropped-brasilnoticias-mini.jpg\",\"contentUrl\":\"https:\/\/brasilnoticias.org\/site\/wp-content\/uploads\/2022\/05\/cropped-brasilnoticias-mini.jpg\",\"width\":314,\"height\":86,\"caption\":\"Brasil not\u00edcias\"},\"image\":{\"@id\":\"https:\/\/brasilnoticias.org\/site\/#\/schema\/logo\/image\/\"}},{\"@type\":\"Person\",\"@id\":\"https:\/\/brasilnoticias.org\/site\/#\/schema\/person\/a0e05b973ec4d15c658d51911e53507b\",\"name\":\"Reda\u00e7\u00e3o\",\"image\":{\"@type\":\"ImageObject\",\"inLanguage\":\"pt-PT\",\"@id\":\"https:\/\/brasilnoticias.org\/site\/#\/schema\/person\/image\/\",\"url\":\"https:\/\/secure.gravatar.com\/avatar\/75d8b050df2de108b08ae78dfb8e374892df24a383c67db9c46a9c604f6aee9c?s=96&d=mm&r=g\",\"contentUrl\":\"https:\/\/secure.gravatar.com\/avatar\/75d8b050df2de108b08ae78dfb8e374892df24a383c67db9c46a9c604f6aee9c?s=96&d=mm&r=g\",\"caption\":\"Reda\u00e7\u00e3o\"},\"sameAs\":[\"https:\/\/brasilnoticias.org\/site\"],\"url\":\"https:\/\/brasilnoticias.org\/site\/author\/fernandozsngmail-com\/\"}]}<\/script>\n<!-- \/ Yoast SEO plugin. -->","yoast_head_json":{"title":"Homem preso com carne humana d\u00e1 vers\u00e3o do assassinato e diz que reagiu - Brasil not\u00edcias","robots":{"index":"index","follow":"follow","max-snippet":"max-snippet:-1","max-image-preview":"max-image-preview:large","max-video-preview":"max-video-preview:-1"},"canonical":"https:\/\/brasilnoticias.org\/site\/homem-preso-com-carne-humana-da-versao-do-assassinato-e-diz-que-reagiu\/","og_locale":"pt_PT","og_type":"article","og_title":"Homem preso com carne humana d\u00e1 vers\u00e3o do assassinato e diz que reagiu - Brasil not\u00edcias","og_description":"Begole\u00e3 Fernandes, mineiro preso com carne humana na Holanda, disse em um \u00e1udio que teria &#8220;reagido&#8221; a um suposto ataque","og_url":"https:\/\/brasilnoticias.org\/site\/homem-preso-com-carne-humana-da-versao-do-assassinato-e-diz-que-reagiu\/","og_site_name":"Brasil not\u00edcias","article_published_time":"2023-03-06T09:35:44+00:00","og_image":[{"width":960,"height":540,"url":"https:\/\/brasilnoticias.org\/site\/wp-content\/uploads\/2023\/03\/naom_6405065845796.jpg","type":"image\/jpeg"}],"author":"Reda\u00e7\u00e3o","twitter_card":"summary_large_image","twitter_misc":{"Escrito por":"Reda\u00e7\u00e3o"},"schema":{"@context":"https:\/\/schema.org","@graph":[{"@type":"Article","@id":"https:\/\/brasilnoticias.org\/site\/homem-preso-com-carne-humana-da-versao-do-assassinato-e-diz-que-reagiu\/#article","isPartOf":{"@id":"https:\/\/brasilnoticias.org\/site\/homem-preso-com-carne-humana-da-versao-do-assassinato-e-diz-que-reagiu\/"},"author":{"name":"Reda\u00e7\u00e3o","@id":"https:\/\/brasilnoticias.org\/site\/#\/schema\/person\/a0e05b973ec4d15c658d51911e53507b"},"headline":"Homem preso com carne humana d\u00e1 vers\u00e3o do assassinato e diz que reagiu","datePublished":"2023-03-06T09:35:44+00:00","mainEntityOfPage":{"@id":"https:\/\/brasilnoticias.org\/site\/homem-preso-com-carne-humana-da-versao-do-assassinato-e-diz-que-reagiu\/"},"wordCount":503,"commentCount":0,"publisher":{"@id":"https:\/\/brasilnoticias.org\/site\/#organization"},"image":{"@id":"https:\/\/brasilnoticias.org\/site\/homem-preso-com-carne-humana-da-versao-do-assassinato-e-diz-que-reagiu\/#primaryimage"},"thumbnailUrl":"https:\/\/brasilnoticias.org\/site\/wp-content\/uploads\/2023\/03\/naom_6405065845796.jpg","articleSection":["Pol\u00edcia","\u00daltimas"],"inLanguage":"pt-PT","potentialAction":[{"@type":"CommentAction","name":"Comment","target":["https:\/\/brasilnoticias.org\/site\/homem-preso-com-carne-humana-da-versao-do-assassinato-e-diz-que-reagiu\/#respond"]}]},{"@type":"WebPage","@id":"https:\/\/brasilnoticias.org\/site\/homem-preso-com-carne-humana-da-versao-do-assassinato-e-diz-que-reagiu\/","url":"https:\/\/brasilnoticias.org\/site\/homem-preso-com-carne-humana-da-versao-do-assassinato-e-diz-que-reagiu\/","name":"Homem preso com carne humana d\u00e1 vers\u00e3o do assassinato e diz que reagiu - Brasil not\u00edcias","isPartOf":{"@id":"https:\/\/brasilnoticias.org\/site\/#website"},"primaryImageOfPage":{"@id":"https:\/\/brasilnoticias.org\/site\/homem-preso-com-carne-humana-da-versao-do-assassinato-e-diz-que-reagiu\/#primaryimage"},"image":{"@id":"https:\/\/brasilnoticias.org\/site\/homem-preso-com-carne-humana-da-versao-do-assassinato-e-diz-que-reagiu\/#primaryimage"},"thumbnailUrl":"https:\/\/brasilnoticias.org\/site\/wp-content\/uploads\/2023\/03\/naom_6405065845796.jpg","datePublished":"2023-03-06T09:35:44+00:00","breadcrumb":{"@id":"https:\/\/brasilnoticias.org\/site\/homem-preso-com-carne-humana-da-versao-do-assassinato-e-diz-que-reagiu\/#breadcrumb"},"inLanguage":"pt-PT","potentialAction":[{"@type":"ReadAction","target":["https:\/\/brasilnoticias.org\/site\/homem-preso-com-carne-humana-da-versao-do-assassinato-e-diz-que-reagiu\/"]}]},{"@type":"ImageObject","inLanguage":"pt-PT","@id":"https:\/\/brasilnoticias.org\/site\/homem-preso-com-carne-humana-da-versao-do-assassinato-e-diz-que-reagiu\/#primaryimage","url":"https:\/\/brasilnoticias.org\/site\/wp-content\/uploads\/2023\/03\/naom_6405065845796.jpg","contentUrl":"https:\/\/brasilnoticias.org\/site\/wp-content\/uploads\/2023\/03\/naom_6405065845796.jpg","width":960,"height":540},{"@type":"BreadcrumbList","@id":"https:\/\/brasilnoticias.org\/site\/homem-preso-com-carne-humana-da-versao-do-assassinato-e-diz-que-reagiu\/#breadcrumb","itemListElement":[{"@type":"ListItem","position":1,"name":"In\u00edcio","item":"https:\/\/brasilnoticias.org\/site\/"},{"@type":"ListItem","position":2,"name":"Homem preso com carne humana d\u00e1 vers\u00e3o do assassinato e diz que reagiu"}]},{"@type":"WebSite","@id":"https:\/\/brasilnoticias.org\/site\/#website","url":"https:\/\/brasilnoticias.org\/site\/","name":"Brasil not\u00edcias","description":"Brasil not\u00edcias","publisher":{"@id":"https:\/\/brasilnoticias.org\/site\/#organization"},"potentialAction":[{"@type":"SearchAction","target":{"@type":"EntryPoint","urlTemplate":"https:\/\/brasilnoticias.org\/site\/?s={search_term_string}"},"query-input":{"@type":"PropertyValueSpecification","valueRequired":true,"valueName":"search_term_string"}}],"inLanguage":"pt-PT"},{"@type":"Organization","@id":"https:\/\/brasilnoticias.org\/site\/#organization","name":"Brasil not\u00edcias","url":"https:\/\/brasilnoticias.org\/site\/","logo":{"@type":"ImageObject","inLanguage":"pt-PT","@id":"https:\/\/brasilnoticias.org\/site\/#\/schema\/logo\/image\/","url":"https:\/\/brasilnoticias.org\/site\/wp-content\/uploads\/2022\/05\/cropped-brasilnoticias-mini.jpg","contentUrl":"https:\/\/brasilnoticias.org\/site\/wp-content\/uploads\/2022\/05\/cropped-brasilnoticias-mini.jpg","width":314,"height":86,"caption":"Brasil not\u00edcias"},"image":{"@id":"https:\/\/brasilnoticias.org\/site\/#\/schema\/logo\/image\/"}},{"@type":"Person","@id":"https:\/\/brasilnoticias.org\/site\/#\/schema\/person\/a0e05b973ec4d15c658d51911e53507b","name":"Reda\u00e7\u00e3o","image":{"@type":"ImageObject","inLanguage":"pt-PT","@id":"https:\/\/brasilnoticias.org\/site\/#\/schema\/person\/image\/","url":"https:\/\/secure.gravatar.com\/avatar\/75d8b050df2de108b08ae78dfb8e374892df24a383c67db9c46a9c604f6aee9c?s=96&d=mm&r=g","contentUrl":"https:\/\/secure.gravatar.com\/avatar\/75d8b050df2de108b08ae78dfb8e374892df24a383c67db9c46a9c604f6aee9c?s=96&d=mm&r=g","caption":"Reda\u00e7\u00e3o"},"sameAs":["https:\/\/brasilnoticias.org\/site"],"url":"https:\/\/brasilnoticias.org\/site\/author\/fernandozsngmail-com\/"}]}},"_links":{"self":[{"href":"https:\/\/brasilnoticias.org\/site\/wp-json\/wp\/v2\/posts\/4496","targetHints":{"allow":["GET"]}}],"collection":[{"href":"https:\/\/brasilnoticias.org\/site\/wp-json\/wp\/v2\/posts"}],"about":[{"href":"https:\/\/brasilnoticias.org\/site\/wp-json\/wp\/v2\/types\/post"}],"author":[{"embeddable":true,"href":"https:\/\/brasilnoticias.org\/site\/wp-json\/wp\/v2\/users\/1"}],"replies":[{"embeddable":true,"href":"https:\/\/brasilnoticias.org\/site\/wp-json\/wp\/v2\/comments?post=4496"}],"version-history":[{"count":1,"href":"https:\/\/brasilnoticias.org\/site\/wp-json\/wp\/v2\/posts\/4496\/revisions"}],"predecessor-version":[{"id":4498,"href":"https:\/\/brasilnoticias.org\/site\/wp-json\/wp\/v2\/posts\/4496\/revisions\/4498"}],"wp:featuredmedia":[{"embeddable":true,"href":"https:\/\/brasilnoticias.org\/site\/wp-json\/wp\/v2\/media\/4497"}],"wp:attachment":[{"href":"https:\/\/brasilnoticias.org\/site\/wp-json\/wp\/v2\/media?parent=4496"}],"wp:term":[{"taxonomy":"category","embeddable":true,"href":"https:\/\/brasilnoticias.org\/site\/wp-json\/wp\/v2\/categories?post=4496"},{"taxonomy":"post_tag","embeddable":true,"href":"https:\/\/brasilnoticias.org\/site\/wp-json\/wp\/v2\/tags?post=4496"}],"curies":[{"name":"wp","href":"https:\/\/api.w.org\/{rel}","templated":true}]}}