{"id":4502,"date":"2023-03-06T07:22:02","date_gmt":"2023-03-06T10:22:02","guid":{"rendered":"https:\/\/brasilnoticias.org\/site\/?p=4502"},"modified":"2023-03-06T07:22:49","modified_gmt":"2023-03-06T10:22:49","slug":"bahia-e-vitoria-ficam-no-empate-na-fonte-nova-e-se-complicam-no-nordestao","status":"publish","type":"post","link":"https:\/\/brasilnoticias.org\/site\/bahia-e-vitoria-ficam-no-empate-na-fonte-nova-e-se-complicam-no-nordestao\/","title":{"rendered":"Bahia e Vit\u00f3ria ficam no empate na Fonte Nova e se complicam no Nordest\u00e3o"},"content":{"rendered":"<p>Terminou em um indesej\u00e1vel empate o segundo cl\u00e1ssico Ba-Vi de 2023. Na Arena Fonte Nova, Bahia e Vit\u00f3ria ficaram no 1 a 1, neste domingo, e se complicaram na Copa do Nordeste. Osvaldo e Jacar\u00e9 marcaram no primeiro tempo e selaram o placar, que acabou com as chances de classifica\u00e7\u00e3o do Rubro-Negro. O Tricolor, por sua vez, viu aumentar sua dist\u00e2ncia para o G-4.<\/p>\n<p><iframe loading=\"lazy\" width=\"688\" height=\"387\" src=\"https:\/\/www.youtube.com\/embed\/SBhp6TEGwiU\" title=\"MUITA TRETA NO CL\u00c1SSICO BA-VI PEGOU FOGO! Bahia x Vit\u00f3ria | Melhores Momentos | Copa Do Nordeste\" frameborder=\"0\" allow=\"accelerometer; autoplay; clipboard-write; encrypted-media; gyroscope; picture-in-picture; web-share\" allowfullscreen><\/iframe><\/p>\n<p>O primeiro tempo<br \/>\nDisposto a jogar no contra-ataque, o Vit\u00f3ria abriu o placar logo aos oito minutos, justamente numa dessas jogadas. Ap\u00f3s um belo lan\u00e7amento de Thiago Lopes, Osvaldo saiu cara a cara com Marcos Felipe e empurrou para as redes. Aos poucos, no entanto, o Rubro-Negro foi deixando o Bahia jogar. O Tricolor usou principalmente o lado direito para povoar o campo de ataque e amea\u00e7ar com Jacar\u00e9, que exigiu boas defesas de Lucas Arcanjo. Foi pela esquerda, no entanto, que saiu o gol de empate. No \u00faltimo minuto do primeiro tempo, Cauly fez uma boa jogada com Matheus Bahia e cruzou na medida para Jacar\u00e9 deixar tudo igual.<\/p>\n<p>O segundo tempo<\/p>\n<p>As equipes voltaram mais dispostas ao ataque na segunda etapa e acabaram cedendo mais espa\u00e7os. O que faltou mesmo foi qualidade para matar as chances. Jacar\u00e9 e L\u00e9o Gamalho, que havia substitu\u00eddo Tr\u00e9llez, tiveram oportunidades; Railan parou na defesa de Marcos Felipe. E foi s\u00f3. Os \u00faltimos minutos do cl\u00e1ssico foram pobres em qualidade, emo\u00e7\u00e3o e gols.<\/p>\n<p>Como fica<br \/>\nO Bahia tem cinco pontos, na vice-lanterna do Grupo B da Copa do Nordeste \u2013 o N\u00e1utico, que abre o G-4, tem cinco pontos a mais. J\u00e1 o Vit\u00f3ria n\u00e3o tem mais chances de alcan\u00e7ar o G-4 do Grupo A: \u00e9 o 7\u00ba colocado, com tr\u00eas pontos, sete a menos que o CRB, 4\u00ba colocado. Confira a tabela completa da competi\u00e7\u00e3o.<\/p>\n<p>N\u00fameros da partida<br \/>\nPosse de bola: Bahia 65% x 35% Vit\u00f3ria<br \/>\nFinaliza\u00e7\u00f5es: Bahia 13 x 10 Vit\u00f3ria<br \/>\nCabe\u00e7adas a gol: Bahia 2 x 3 Vit\u00f3ria<br \/>\nEscanteios: Bahia 7 x 3 Vit\u00f3ria<br \/>\nFaltas cometidas: Bahia 12 x 23 Vit\u00f3ria<br \/>\nPrecis\u00e3o dos passes: Bahia 83% x 68% Vit\u00f3ria<br \/>\nImpedimentos: Bahia 2 x 3 Vit\u00f3ria<br \/>\nDesarmes: Bahia 10 x 14 Vit\u00f3ria<br \/>\nP\u00fablico e renda<br \/>\nPagantes: 42.387 torcedores<br \/>\nTotal: 42.734 torcedores<br \/>\nRenda: R$ 1.452.165,00<\/p>\n<p>Agenda<br \/>\nBahia e Vit\u00f3ria voltam a campo na quarta-feira. \u00c0s 19h (de Bras\u00edlia), o Tricolor entra em campo em Santa Catarina, pela segunda fase da Copa do Brasil: no Est\u00e1dio das Na\u00e7\u00f5es, pega o Cambori\u00fa. \u00c0s 21h30, o Rubro-Negro recebe o Cear\u00e1, no Barrad\u00e3o, pela 7\u00aa rodada da Copa do Nordeste.<\/p>\n<p>G1<br \/>\nFoto  Gabrielle Gomes\/TV Bahia<\/p>\n","protected":false},"excerpt":{"rendered":"<p>Terminou em um indesej\u00e1vel empate o segundo cl\u00e1ssico Ba-Vi de 2023. Na Arena Fonte Nova, Bahia e Vit\u00f3ria ficaram no<\/p>\n","protected":false},"author":1,"featured_media":4503,"comment_status":"open","ping_status":"open","sticky":false,"template":"","format":"standard","meta":{"colormag_page_container_layout":"default_layout","colormag_page_sidebar_layout":"default_layout","_FSMCFIC_featured_image_caption":"","_FSMCFIC_featured_image_nocaption":"","_FSMCFIC_featured_image_hide":"","footnotes":""},"categories":[4,1],"tags":[],"class_list":["post-4502","post","type-post","status-publish","format-standard","has-post-thumbnail","hentry","category-esporte","category-ultimas"],"yoast_head":"<!-- This site is optimized with the Yoast SEO plugin v27.1.1 - https:\/\/yoast.com\/product\/yoast-seo-wordpress\/ -->\n<title>Bahia e Vit\u00f3ria ficam no empate na Fonte Nova e se complicam no Nordest\u00e3o - Brasil not\u00edcias<\/title>\n<meta name=\"robots\" content=\"index, follow, max-snippet:-1, max-image-preview:large, max-video-preview:-1\" \/>\n<link rel=\"canonical\" href=\"https:\/\/brasilnoticias.org\/site\/bahia-e-vitoria-ficam-no-empate-na-fonte-nova-e-se-complicam-no-nordestao\/\" \/>\n<meta property=\"og:locale\" content=\"pt_PT\" \/>\n<meta property=\"og:type\" content=\"article\" \/>\n<meta property=\"og:title\" content=\"Bahia e Vit\u00f3ria ficam no empate na Fonte Nova e se complicam no Nordest\u00e3o - Brasil not\u00edcias\" \/>\n<meta property=\"og:description\" content=\"Terminou em um indesej\u00e1vel empate o segundo cl\u00e1ssico Ba-Vi de 2023. Na Arena Fonte Nova, Bahia e Vit\u00f3ria ficaram no\" \/>\n<meta property=\"og:url\" content=\"https:\/\/brasilnoticias.org\/site\/bahia-e-vitoria-ficam-no-empate-na-fonte-nova-e-se-complicam-no-nordestao\/\" \/>\n<meta property=\"og:site_name\" content=\"Brasil not\u00edcias\" \/>\n<meta property=\"article:published_time\" content=\"2023-03-06T10:22:02+00:00\" \/>\n<meta property=\"article:modified_time\" content=\"2023-03-06T10:22:49+00:00\" \/>\n<meta property=\"og:image\" content=\"https:\/\/brasilnoticias.org\/site\/wp-content\/uploads\/2023\/03\/fqemnhkx0aipre-.webp\" \/>\n\t<meta property=\"og:image:width\" content=\"480\" \/>\n\t<meta property=\"og:image:height\" content=\"270\" \/>\n\t<meta property=\"og:image:type\" content=\"image\/webp\" \/>\n<meta name=\"author\" content=\"Reda\u00e7\u00e3o\" \/>\n<meta name=\"twitter:card\" content=\"summary_large_image\" \/>\n<meta name=\"twitter:label1\" content=\"Escrito por\" \/>\n\t<meta name=\"twitter:data1\" content=\"Reda\u00e7\u00e3o\" \/>\n\t<meta name=\"twitter:label2\" content=\"Tempo estimado de leitura\" \/>\n\t<meta name=\"twitter:data2\" content=\"3 minutos\" \/>\n<script type=\"application\/ld+json\" class=\"yoast-schema-graph\">{\"@context\":\"https:\/\/schema.org\",\"@graph\":[{\"@type\":\"Article\",\"@id\":\"https:\/\/brasilnoticias.org\/site\/bahia-e-vitoria-ficam-no-empate-na-fonte-nova-e-se-complicam-no-nordestao\/#article\",\"isPartOf\":{\"@id\":\"https:\/\/brasilnoticias.org\/site\/bahia-e-vitoria-ficam-no-empate-na-fonte-nova-e-se-complicam-no-nordestao\/\"},\"author\":{\"name\":\"Reda\u00e7\u00e3o\",\"@id\":\"https:\/\/brasilnoticias.org\/site\/#\/schema\/person\/a0e05b973ec4d15c658d51911e53507b\"},\"headline\":\"Bahia e Vit\u00f3ria ficam no empate na Fonte Nova e se complicam no Nordest\u00e3o\",\"datePublished\":\"2023-03-06T10:22:02+00:00\",\"dateModified\":\"2023-03-06T10:22:49+00:00\",\"mainEntityOfPage\":{\"@id\":\"https:\/\/brasilnoticias.org\/site\/bahia-e-vitoria-ficam-no-empate-na-fonte-nova-e-se-complicam-no-nordestao\/\"},\"wordCount\":452,\"commentCount\":0,\"publisher\":{\"@id\":\"https:\/\/brasilnoticias.org\/site\/#organization\"},\"image\":{\"@id\":\"https:\/\/brasilnoticias.org\/site\/bahia-e-vitoria-ficam-no-empate-na-fonte-nova-e-se-complicam-no-nordestao\/#primaryimage\"},\"thumbnailUrl\":\"https:\/\/brasilnoticias.org\/site\/wp-content\/uploads\/2023\/03\/fqemnhkx0aipre-.webp\",\"articleSection\":[\"Esporte\",\"\u00daltimas\"],\"inLanguage\":\"pt-PT\",\"potentialAction\":[{\"@type\":\"CommentAction\",\"name\":\"Comment\",\"target\":[\"https:\/\/brasilnoticias.org\/site\/bahia-e-vitoria-ficam-no-empate-na-fonte-nova-e-se-complicam-no-nordestao\/#respond\"]}]},{\"@type\":\"WebPage\",\"@id\":\"https:\/\/brasilnoticias.org\/site\/bahia-e-vitoria-ficam-no-empate-na-fonte-nova-e-se-complicam-no-nordestao\/\",\"url\":\"https:\/\/brasilnoticias.org\/site\/bahia-e-vitoria-ficam-no-empate-na-fonte-nova-e-se-complicam-no-nordestao\/\",\"name\":\"Bahia e Vit\u00f3ria ficam no empate na Fonte Nova e se complicam no Nordest\u00e3o - Brasil not\u00edcias\",\"isPartOf\":{\"@id\":\"https:\/\/brasilnoticias.org\/site\/#website\"},\"primaryImageOfPage\":{\"@id\":\"https:\/\/brasilnoticias.org\/site\/bahia-e-vitoria-ficam-no-empate-na-fonte-nova-e-se-complicam-no-nordestao\/#primaryimage\"},\"image\":{\"@id\":\"https:\/\/brasilnoticias.org\/site\/bahia-e-vitoria-ficam-no-empate-na-fonte-nova-e-se-complicam-no-nordestao\/#primaryimage\"},\"thumbnailUrl\":\"https:\/\/brasilnoticias.org\/site\/wp-content\/uploads\/2023\/03\/fqemnhkx0aipre-.webp\",\"datePublished\":\"2023-03-06T10:22:02+00:00\",\"dateModified\":\"2023-03-06T10:22:49+00:00\",\"breadcrumb\":{\"@id\":\"https:\/\/brasilnoticias.org\/site\/bahia-e-vitoria-ficam-no-empate-na-fonte-nova-e-se-complicam-no-nordestao\/#breadcrumb\"},\"inLanguage\":\"pt-PT\",\"potentialAction\":[{\"@type\":\"ReadAction\",\"target\":[\"https:\/\/brasilnoticias.org\/site\/bahia-e-vitoria-ficam-no-empate-na-fonte-nova-e-se-complicam-no-nordestao\/\"]}]},{\"@type\":\"ImageObject\",\"inLanguage\":\"pt-PT\",\"@id\":\"https:\/\/brasilnoticias.org\/site\/bahia-e-vitoria-ficam-no-empate-na-fonte-nova-e-se-complicam-no-nordestao\/#primaryimage\",\"url\":\"https:\/\/brasilnoticias.org\/site\/wp-content\/uploads\/2023\/03\/fqemnhkx0aipre-.webp\",\"contentUrl\":\"https:\/\/brasilnoticias.org\/site\/wp-content\/uploads\/2023\/03\/fqemnhkx0aipre-.webp\",\"width\":480,\"height\":270},{\"@type\":\"BreadcrumbList\",\"@id\":\"https:\/\/brasilnoticias.org\/site\/bahia-e-vitoria-ficam-no-empate-na-fonte-nova-e-se-complicam-no-nordestao\/#breadcrumb\",\"itemListElement\":[{\"@type\":\"ListItem\",\"position\":1,\"name\":\"In\u00edcio\",\"item\":\"https:\/\/brasilnoticias.org\/site\/\"},{\"@type\":\"ListItem\",\"position\":2,\"name\":\"Bahia e Vit\u00f3ria ficam no empate na Fonte Nova e se complicam no Nordest\u00e3o\"}]},{\"@type\":\"WebSite\",\"@id\":\"https:\/\/brasilnoticias.org\/site\/#website\",\"url\":\"https:\/\/brasilnoticias.org\/site\/\",\"name\":\"Brasil not\u00edcias\",\"description\":\"Brasil not\u00edcias\",\"publisher\":{\"@id\":\"https:\/\/brasilnoticias.org\/site\/#organization\"},\"potentialAction\":[{\"@type\":\"SearchAction\",\"target\":{\"@type\":\"EntryPoint\",\"urlTemplate\":\"https:\/\/brasilnoticias.org\/site\/?s={search_term_string}\"},\"query-input\":{\"@type\":\"PropertyValueSpecification\",\"valueRequired\":true,\"valueName\":\"search_term_string\"}}],\"inLanguage\":\"pt-PT\"},{\"@type\":\"Organization\",\"@id\":\"https:\/\/brasilnoticias.org\/site\/#organization\",\"name\":\"Brasil not\u00edcias\",\"url\":\"https:\/\/brasilnoticias.org\/site\/\",\"logo\":{\"@type\":\"ImageObject\",\"inLanguage\":\"pt-PT\",\"@id\":\"https:\/\/brasilnoticias.org\/site\/#\/schema\/logo\/image\/\",\"url\":\"https:\/\/brasilnoticias.org\/site\/wp-content\/uploads\/2022\/05\/cropped-brasilnoticias-mini.jpg\",\"contentUrl\":\"https:\/\/brasilnoticias.org\/site\/wp-content\/uploads\/2022\/05\/cropped-brasilnoticias-mini.jpg\",\"width\":314,\"height\":86,\"caption\":\"Brasil not\u00edcias\"},\"image\":{\"@id\":\"https:\/\/brasilnoticias.org\/site\/#\/schema\/logo\/image\/\"}},{\"@type\":\"Person\",\"@id\":\"https:\/\/brasilnoticias.org\/site\/#\/schema\/person\/a0e05b973ec4d15c658d51911e53507b\",\"name\":\"Reda\u00e7\u00e3o\",\"image\":{\"@type\":\"ImageObject\",\"inLanguage\":\"pt-PT\",\"@id\":\"https:\/\/brasilnoticias.org\/site\/#\/schema\/person\/image\/\",\"url\":\"https:\/\/secure.gravatar.com\/avatar\/75d8b050df2de108b08ae78dfb8e374892df24a383c67db9c46a9c604f6aee9c?s=96&d=mm&r=g\",\"contentUrl\":\"https:\/\/secure.gravatar.com\/avatar\/75d8b050df2de108b08ae78dfb8e374892df24a383c67db9c46a9c604f6aee9c?s=96&d=mm&r=g\",\"caption\":\"Reda\u00e7\u00e3o\"},\"sameAs\":[\"https:\/\/brasilnoticias.org\/site\"],\"url\":\"https:\/\/brasilnoticias.org\/site\/author\/fernandozsngmail-com\/\"}]}<\/script>\n<!-- \/ Yoast SEO plugin. -->","yoast_head_json":{"title":"Bahia e Vit\u00f3ria ficam no empate na Fonte Nova e se complicam no Nordest\u00e3o - Brasil not\u00edcias","robots":{"index":"index","follow":"follow","max-snippet":"max-snippet:-1","max-image-preview":"max-image-preview:large","max-video-preview":"max-video-preview:-1"},"canonical":"https:\/\/brasilnoticias.org\/site\/bahia-e-vitoria-ficam-no-empate-na-fonte-nova-e-se-complicam-no-nordestao\/","og_locale":"pt_PT","og_type":"article","og_title":"Bahia e Vit\u00f3ria ficam no empate na Fonte Nova e se complicam no Nordest\u00e3o - Brasil not\u00edcias","og_description":"Terminou em um indesej\u00e1vel empate o segundo cl\u00e1ssico Ba-Vi de 2023. Na Arena Fonte Nova, Bahia e Vit\u00f3ria ficaram no","og_url":"https:\/\/brasilnoticias.org\/site\/bahia-e-vitoria-ficam-no-empate-na-fonte-nova-e-se-complicam-no-nordestao\/","og_site_name":"Brasil not\u00edcias","article_published_time":"2023-03-06T10:22:02+00:00","article_modified_time":"2023-03-06T10:22:49+00:00","og_image":[{"width":480,"height":270,"url":"https:\/\/brasilnoticias.org\/site\/wp-content\/uploads\/2023\/03\/fqemnhkx0aipre-.webp","type":"image\/webp"}],"author":"Reda\u00e7\u00e3o","twitter_card":"summary_large_image","twitter_misc":{"Escrito por":"Reda\u00e7\u00e3o","Tempo estimado de leitura":"3 minutos"},"schema":{"@context":"https:\/\/schema.org","@graph":[{"@type":"Article","@id":"https:\/\/brasilnoticias.org\/site\/bahia-e-vitoria-ficam-no-empate-na-fonte-nova-e-se-complicam-no-nordestao\/#article","isPartOf":{"@id":"https:\/\/brasilnoticias.org\/site\/bahia-e-vitoria-ficam-no-empate-na-fonte-nova-e-se-complicam-no-nordestao\/"},"author":{"name":"Reda\u00e7\u00e3o","@id":"https:\/\/brasilnoticias.org\/site\/#\/schema\/person\/a0e05b973ec4d15c658d51911e53507b"},"headline":"Bahia e Vit\u00f3ria ficam no empate na Fonte Nova e se complicam no Nordest\u00e3o","datePublished":"2023-03-06T10:22:02+00:00","dateModified":"2023-03-06T10:22:49+00:00","mainEntityOfPage":{"@id":"https:\/\/brasilnoticias.org\/site\/bahia-e-vitoria-ficam-no-empate-na-fonte-nova-e-se-complicam-no-nordestao\/"},"wordCount":452,"commentCount":0,"publisher":{"@id":"https:\/\/brasilnoticias.org\/site\/#organization"},"image":{"@id":"https:\/\/brasilnoticias.org\/site\/bahia-e-vitoria-ficam-no-empate-na-fonte-nova-e-se-complicam-no-nordestao\/#primaryimage"},"thumbnailUrl":"https:\/\/brasilnoticias.org\/site\/wp-content\/uploads\/2023\/03\/fqemnhkx0aipre-.webp","articleSection":["Esporte","\u00daltimas"],"inLanguage":"pt-PT","potentialAction":[{"@type":"CommentAction","name":"Comment","target":["https:\/\/brasilnoticias.org\/site\/bahia-e-vitoria-ficam-no-empate-na-fonte-nova-e-se-complicam-no-nordestao\/#respond"]}]},{"@type":"WebPage","@id":"https:\/\/brasilnoticias.org\/site\/bahia-e-vitoria-ficam-no-empate-na-fonte-nova-e-se-complicam-no-nordestao\/","url":"https:\/\/brasilnoticias.org\/site\/bahia-e-vitoria-ficam-no-empate-na-fonte-nova-e-se-complicam-no-nordestao\/","name":"Bahia e Vit\u00f3ria ficam no empate na Fonte Nova e se complicam no Nordest\u00e3o - Brasil not\u00edcias","isPartOf":{"@id":"https:\/\/brasilnoticias.org\/site\/#website"},"primaryImageOfPage":{"@id":"https:\/\/brasilnoticias.org\/site\/bahia-e-vitoria-ficam-no-empate-na-fonte-nova-e-se-complicam-no-nordestao\/#primaryimage"},"image":{"@id":"https:\/\/brasilnoticias.org\/site\/bahia-e-vitoria-ficam-no-empate-na-fonte-nova-e-se-complicam-no-nordestao\/#primaryimage"},"thumbnailUrl":"https:\/\/brasilnoticias.org\/site\/wp-content\/uploads\/2023\/03\/fqemnhkx0aipre-.webp","datePublished":"2023-03-06T10:22:02+00:00","dateModified":"2023-03-06T10:22:49+00:00","breadcrumb":{"@id":"https:\/\/brasilnoticias.org\/site\/bahia-e-vitoria-ficam-no-empate-na-fonte-nova-e-se-complicam-no-nordestao\/#breadcrumb"},"inLanguage":"pt-PT","potentialAction":[{"@type":"ReadAction","target":["https:\/\/brasilnoticias.org\/site\/bahia-e-vitoria-ficam-no-empate-na-fonte-nova-e-se-complicam-no-nordestao\/"]}]},{"@type":"ImageObject","inLanguage":"pt-PT","@id":"https:\/\/brasilnoticias.org\/site\/bahia-e-vitoria-ficam-no-empate-na-fonte-nova-e-se-complicam-no-nordestao\/#primaryimage","url":"https:\/\/brasilnoticias.org\/site\/wp-content\/uploads\/2023\/03\/fqemnhkx0aipre-.webp","contentUrl":"https:\/\/brasilnoticias.org\/site\/wp-content\/uploads\/2023\/03\/fqemnhkx0aipre-.webp","width":480,"height":270},{"@type":"BreadcrumbList","@id":"https:\/\/brasilnoticias.org\/site\/bahia-e-vitoria-ficam-no-empate-na-fonte-nova-e-se-complicam-no-nordestao\/#breadcrumb","itemListElement":[{"@type":"ListItem","position":1,"name":"In\u00edcio","item":"https:\/\/brasilnoticias.org\/site\/"},{"@type":"ListItem","position":2,"name":"Bahia e Vit\u00f3ria ficam no empate na Fonte Nova e se complicam no Nordest\u00e3o"}]},{"@type":"WebSite","@id":"https:\/\/brasilnoticias.org\/site\/#website","url":"https:\/\/brasilnoticias.org\/site\/","name":"Brasil not\u00edcias","description":"Brasil not\u00edcias","publisher":{"@id":"https:\/\/brasilnoticias.org\/site\/#organization"},"potentialAction":[{"@type":"SearchAction","target":{"@type":"EntryPoint","urlTemplate":"https:\/\/brasilnoticias.org\/site\/?s={search_term_string}"},"query-input":{"@type":"PropertyValueSpecification","valueRequired":true,"valueName":"search_term_string"}}],"inLanguage":"pt-PT"},{"@type":"Organization","@id":"https:\/\/brasilnoticias.org\/site\/#organization","name":"Brasil not\u00edcias","url":"https:\/\/brasilnoticias.org\/site\/","logo":{"@type":"ImageObject","inLanguage":"pt-PT","@id":"https:\/\/brasilnoticias.org\/site\/#\/schema\/logo\/image\/","url":"https:\/\/brasilnoticias.org\/site\/wp-content\/uploads\/2022\/05\/cropped-brasilnoticias-mini.jpg","contentUrl":"https:\/\/brasilnoticias.org\/site\/wp-content\/uploads\/2022\/05\/cropped-brasilnoticias-mini.jpg","width":314,"height":86,"caption":"Brasil not\u00edcias"},"image":{"@id":"https:\/\/brasilnoticias.org\/site\/#\/schema\/logo\/image\/"}},{"@type":"Person","@id":"https:\/\/brasilnoticias.org\/site\/#\/schema\/person\/a0e05b973ec4d15c658d51911e53507b","name":"Reda\u00e7\u00e3o","image":{"@type":"ImageObject","inLanguage":"pt-PT","@id":"https:\/\/brasilnoticias.org\/site\/#\/schema\/person\/image\/","url":"https:\/\/secure.gravatar.com\/avatar\/75d8b050df2de108b08ae78dfb8e374892df24a383c67db9c46a9c604f6aee9c?s=96&d=mm&r=g","contentUrl":"https:\/\/secure.gravatar.com\/avatar\/75d8b050df2de108b08ae78dfb8e374892df24a383c67db9c46a9c604f6aee9c?s=96&d=mm&r=g","caption":"Reda\u00e7\u00e3o"},"sameAs":["https:\/\/brasilnoticias.org\/site"],"url":"https:\/\/brasilnoticias.org\/site\/author\/fernandozsngmail-com\/"}]}},"_links":{"self":[{"href":"https:\/\/brasilnoticias.org\/site\/wp-json\/wp\/v2\/posts\/4502","targetHints":{"allow":["GET"]}}],"collection":[{"href":"https:\/\/brasilnoticias.org\/site\/wp-json\/wp\/v2\/posts"}],"about":[{"href":"https:\/\/brasilnoticias.org\/site\/wp-json\/wp\/v2\/types\/post"}],"author":[{"embeddable":true,"href":"https:\/\/brasilnoticias.org\/site\/wp-json\/wp\/v2\/users\/1"}],"replies":[{"embeddable":true,"href":"https:\/\/brasilnoticias.org\/site\/wp-json\/wp\/v2\/comments?post=4502"}],"version-history":[{"count":1,"href":"https:\/\/brasilnoticias.org\/site\/wp-json\/wp\/v2\/posts\/4502\/revisions"}],"predecessor-version":[{"id":4504,"href":"https:\/\/brasilnoticias.org\/site\/wp-json\/wp\/v2\/posts\/4502\/revisions\/4504"}],"wp:featuredmedia":[{"embeddable":true,"href":"https:\/\/brasilnoticias.org\/site\/wp-json\/wp\/v2\/media\/4503"}],"wp:attachment":[{"href":"https:\/\/brasilnoticias.org\/site\/wp-json\/wp\/v2\/media?parent=4502"}],"wp:term":[{"taxonomy":"category","embeddable":true,"href":"https:\/\/brasilnoticias.org\/site\/wp-json\/wp\/v2\/categories?post=4502"},{"taxonomy":"post_tag","embeddable":true,"href":"https:\/\/brasilnoticias.org\/site\/wp-json\/wp\/v2\/tags?post=4502"}],"curies":[{"name":"wp","href":"https:\/\/api.w.org\/{rel}","templated":true}]}}