{"id":4506,"date":"2023-03-06T18:00:21","date_gmt":"2023-03-06T21:00:21","guid":{"rendered":"https:\/\/brasilnoticias.org\/site\/?p=4506"},"modified":"2023-03-06T12:57:40","modified_gmt":"2023-03-06T15:57:40","slug":"vitoria-perde-tres-pecas-para-jogo-de-tabela-pelo-nordestao-confira","status":"publish","type":"post","link":"https:\/\/brasilnoticias.org\/site\/vitoria-perde-tres-pecas-para-jogo-de-tabela-pelo-nordestao-confira\/","title":{"rendered":"Vit\u00f3ria perde tr\u00eas pe\u00e7as para \u2018jogo de tabela\u2019 pelo Nordest\u00e3o; confira"},"content":{"rendered":"<p>Apesar de estar matematicamente desclassificado da Copa do Nordeste, o Vit\u00f3ria ainda entra em campo pela competi\u00e7\u00e3o. Nesse sentido, o pr\u00f3ximo cnofrnto diante do Cear\u00e1, pela s\u00e9tima rodada do torneio regional, ser\u00e1 cheio de desfalques pelo Rubro-Negro Baiano. O lateral-direito Railan, o zagueiro Camutanga e o volante Eduardo receberam o terceiro cart\u00e3o amarelo neste domingo (5), diante do Bahia.<\/p>\n<p>Dessa forma, o t\u00e9cnico L\u00e9o Cond\u00e9 ter\u00e1 que achar solu\u00e7\u00f5es dentro do elenco pela obrigatoriedade do cumprimento da suspens\u00e3o autom\u00e1tica. Titular absoluto da equipe, Camutanga deve ser sanado por Dankler. Rafinha pode substituir Railan mais a frente, enquanto Eduardo vinha apenas sendo reserva nas \u00faltimas partidas. <\/p>\n<p>O pr\u00f3ximo embate do Le\u00e3o da Barra acontecer\u00e1 nesta quarta-feira (8), \u00e0s 21h30, no Est\u00e1dio Manoel Barradas (Barrad\u00e3o). Com tr\u00eas pontos somados, o Vit\u00f3ria figura na vice-lanterna do Grupo A.<\/p>\n<p>Bnews<br \/>\nFoto Pietro Carpi\/EC Vit\u00f3ria\/Divulga\u00e7\u00e3o<\/p>\n","protected":false},"excerpt":{"rendered":"<p>Apesar de estar matematicamente desclassificado da Copa do Nordeste, o Vit\u00f3ria ainda entra em campo pela competi\u00e7\u00e3o. Nesse sentido, o<\/p>\n","protected":false},"author":1,"featured_media":4507,"comment_status":"open","ping_status":"open","sticky":false,"template":"","format":"standard","meta":{"colormag_page_container_layout":"default_layout","colormag_page_sidebar_layout":"default_layout","_FSMCFIC_featured_image_caption":"","_FSMCFIC_featured_image_nocaption":"","_FSMCFIC_featured_image_hide":"","footnotes":""},"categories":[4,1],"tags":[],"class_list":["post-4506","post","type-post","status-publish","format-standard","has-post-thumbnail","hentry","category-esporte","category-ultimas"],"yoast_head":"<!-- This site is optimized with the Yoast SEO plugin v27.1.1 - https:\/\/yoast.com\/product\/yoast-seo-wordpress\/ -->\n<title>Vit\u00f3ria perde tr\u00eas pe\u00e7as para \u2018jogo de tabela\u2019 pelo Nordest\u00e3o; confira - Brasil not\u00edcias<\/title>\n<meta name=\"robots\" content=\"index, follow, max-snippet:-1, max-image-preview:large, max-video-preview:-1\" \/>\n<link rel=\"canonical\" href=\"https:\/\/brasilnoticias.org\/site\/vitoria-perde-tres-pecas-para-jogo-de-tabela-pelo-nordestao-confira\/\" \/>\n<meta property=\"og:locale\" content=\"pt_PT\" \/>\n<meta property=\"og:type\" content=\"article\" \/>\n<meta property=\"og:title\" content=\"Vit\u00f3ria perde tr\u00eas pe\u00e7as para \u2018jogo de tabela\u2019 pelo Nordest\u00e3o; confira - Brasil not\u00edcias\" \/>\n<meta property=\"og:description\" content=\"Apesar de estar matematicamente desclassificado da Copa do Nordeste, o Vit\u00f3ria ainda entra em campo pela competi\u00e7\u00e3o. Nesse sentido, o\" \/>\n<meta property=\"og:url\" content=\"https:\/\/brasilnoticias.org\/site\/vitoria-perde-tres-pecas-para-jogo-de-tabela-pelo-nordestao-confira\/\" \/>\n<meta property=\"og:site_name\" content=\"Brasil not\u00edcias\" \/>\n<meta property=\"article:published_time\" content=\"2023-03-06T21:00:21+00:00\" \/>\n<meta property=\"og:image\" content=\"https:\/\/brasilnoticias.org\/site\/wp-content\/uploads\/2023\/03\/vitoria_widelg.jpg\" \/>\n\t<meta property=\"og:image:width\" content=\"800\" \/>\n\t<meta property=\"og:image:height\" content=\"450\" \/>\n\t<meta property=\"og:image:type\" content=\"image\/jpeg\" \/>\n<meta name=\"author\" content=\"Reda\u00e7\u00e3o\" \/>\n<meta name=\"twitter:card\" content=\"summary_large_image\" \/>\n<meta name=\"twitter:label1\" content=\"Escrito por\" \/>\n\t<meta name=\"twitter:data1\" content=\"Reda\u00e7\u00e3o\" \/>\n<script type=\"application\/ld+json\" class=\"yoast-schema-graph\">{\"@context\":\"https:\/\/schema.org\",\"@graph\":[{\"@type\":\"Article\",\"@id\":\"https:\/\/brasilnoticias.org\/site\/vitoria-perde-tres-pecas-para-jogo-de-tabela-pelo-nordestao-confira\/#article\",\"isPartOf\":{\"@id\":\"https:\/\/brasilnoticias.org\/site\/vitoria-perde-tres-pecas-para-jogo-de-tabela-pelo-nordestao-confira\/\"},\"author\":{\"name\":\"Reda\u00e7\u00e3o\",\"@id\":\"https:\/\/brasilnoticias.org\/site\/#\/schema\/person\/a0e05b973ec4d15c658d51911e53507b\"},\"headline\":\"Vit\u00f3ria perde tr\u00eas pe\u00e7as para \u2018jogo de tabela\u2019 pelo Nordest\u00e3o; confira\",\"datePublished\":\"2023-03-06T21:00:21+00:00\",\"mainEntityOfPage\":{\"@id\":\"https:\/\/brasilnoticias.org\/site\/vitoria-perde-tres-pecas-para-jogo-de-tabela-pelo-nordestao-confira\/\"},\"wordCount\":173,\"commentCount\":0,\"publisher\":{\"@id\":\"https:\/\/brasilnoticias.org\/site\/#organization\"},\"image\":{\"@id\":\"https:\/\/brasilnoticias.org\/site\/vitoria-perde-tres-pecas-para-jogo-de-tabela-pelo-nordestao-confira\/#primaryimage\"},\"thumbnailUrl\":\"https:\/\/brasilnoticias.org\/site\/wp-content\/uploads\/2023\/03\/vitoria_widelg.jpg\",\"articleSection\":[\"Esporte\",\"\u00daltimas\"],\"inLanguage\":\"pt-PT\",\"potentialAction\":[{\"@type\":\"CommentAction\",\"name\":\"Comment\",\"target\":[\"https:\/\/brasilnoticias.org\/site\/vitoria-perde-tres-pecas-para-jogo-de-tabela-pelo-nordestao-confira\/#respond\"]}]},{\"@type\":\"WebPage\",\"@id\":\"https:\/\/brasilnoticias.org\/site\/vitoria-perde-tres-pecas-para-jogo-de-tabela-pelo-nordestao-confira\/\",\"url\":\"https:\/\/brasilnoticias.org\/site\/vitoria-perde-tres-pecas-para-jogo-de-tabela-pelo-nordestao-confira\/\",\"name\":\"Vit\u00f3ria perde tr\u00eas pe\u00e7as para \u2018jogo de tabela\u2019 pelo Nordest\u00e3o; confira - Brasil not\u00edcias\",\"isPartOf\":{\"@id\":\"https:\/\/brasilnoticias.org\/site\/#website\"},\"primaryImageOfPage\":{\"@id\":\"https:\/\/brasilnoticias.org\/site\/vitoria-perde-tres-pecas-para-jogo-de-tabela-pelo-nordestao-confira\/#primaryimage\"},\"image\":{\"@id\":\"https:\/\/brasilnoticias.org\/site\/vitoria-perde-tres-pecas-para-jogo-de-tabela-pelo-nordestao-confira\/#primaryimage\"},\"thumbnailUrl\":\"https:\/\/brasilnoticias.org\/site\/wp-content\/uploads\/2023\/03\/vitoria_widelg.jpg\",\"datePublished\":\"2023-03-06T21:00:21+00:00\",\"breadcrumb\":{\"@id\":\"https:\/\/brasilnoticias.org\/site\/vitoria-perde-tres-pecas-para-jogo-de-tabela-pelo-nordestao-confira\/#breadcrumb\"},\"inLanguage\":\"pt-PT\",\"potentialAction\":[{\"@type\":\"ReadAction\",\"target\":[\"https:\/\/brasilnoticias.org\/site\/vitoria-perde-tres-pecas-para-jogo-de-tabela-pelo-nordestao-confira\/\"]}]},{\"@type\":\"ImageObject\",\"inLanguage\":\"pt-PT\",\"@id\":\"https:\/\/brasilnoticias.org\/site\/vitoria-perde-tres-pecas-para-jogo-de-tabela-pelo-nordestao-confira\/#primaryimage\",\"url\":\"https:\/\/brasilnoticias.org\/site\/wp-content\/uploads\/2023\/03\/vitoria_widelg.jpg\",\"contentUrl\":\"https:\/\/brasilnoticias.org\/site\/wp-content\/uploads\/2023\/03\/vitoria_widelg.jpg\",\"width\":800,\"height\":450},{\"@type\":\"BreadcrumbList\",\"@id\":\"https:\/\/brasilnoticias.org\/site\/vitoria-perde-tres-pecas-para-jogo-de-tabela-pelo-nordestao-confira\/#breadcrumb\",\"itemListElement\":[{\"@type\":\"ListItem\",\"position\":1,\"name\":\"In\u00edcio\",\"item\":\"https:\/\/brasilnoticias.org\/site\/\"},{\"@type\":\"ListItem\",\"position\":2,\"name\":\"Vit\u00f3ria perde tr\u00eas pe\u00e7as para \u2018jogo de tabela\u2019 pelo Nordest\u00e3o; confira\"}]},{\"@type\":\"WebSite\",\"@id\":\"https:\/\/brasilnoticias.org\/site\/#website\",\"url\":\"https:\/\/brasilnoticias.org\/site\/\",\"name\":\"Brasil not\u00edcias\",\"description\":\"Brasil not\u00edcias\",\"publisher\":{\"@id\":\"https:\/\/brasilnoticias.org\/site\/#organization\"},\"potentialAction\":[{\"@type\":\"SearchAction\",\"target\":{\"@type\":\"EntryPoint\",\"urlTemplate\":\"https:\/\/brasilnoticias.org\/site\/?s={search_term_string}\"},\"query-input\":{\"@type\":\"PropertyValueSpecification\",\"valueRequired\":true,\"valueName\":\"search_term_string\"}}],\"inLanguage\":\"pt-PT\"},{\"@type\":\"Organization\",\"@id\":\"https:\/\/brasilnoticias.org\/site\/#organization\",\"name\":\"Brasil not\u00edcias\",\"url\":\"https:\/\/brasilnoticias.org\/site\/\",\"logo\":{\"@type\":\"ImageObject\",\"inLanguage\":\"pt-PT\",\"@id\":\"https:\/\/brasilnoticias.org\/site\/#\/schema\/logo\/image\/\",\"url\":\"https:\/\/brasilnoticias.org\/site\/wp-content\/uploads\/2022\/05\/cropped-brasilnoticias-mini.jpg\",\"contentUrl\":\"https:\/\/brasilnoticias.org\/site\/wp-content\/uploads\/2022\/05\/cropped-brasilnoticias-mini.jpg\",\"width\":314,\"height\":86,\"caption\":\"Brasil not\u00edcias\"},\"image\":{\"@id\":\"https:\/\/brasilnoticias.org\/site\/#\/schema\/logo\/image\/\"}},{\"@type\":\"Person\",\"@id\":\"https:\/\/brasilnoticias.org\/site\/#\/schema\/person\/a0e05b973ec4d15c658d51911e53507b\",\"name\":\"Reda\u00e7\u00e3o\",\"image\":{\"@type\":\"ImageObject\",\"inLanguage\":\"pt-PT\",\"@id\":\"https:\/\/brasilnoticias.org\/site\/#\/schema\/person\/image\/\",\"url\":\"https:\/\/secure.gravatar.com\/avatar\/75d8b050df2de108b08ae78dfb8e374892df24a383c67db9c46a9c604f6aee9c?s=96&d=mm&r=g\",\"contentUrl\":\"https:\/\/secure.gravatar.com\/avatar\/75d8b050df2de108b08ae78dfb8e374892df24a383c67db9c46a9c604f6aee9c?s=96&d=mm&r=g\",\"caption\":\"Reda\u00e7\u00e3o\"},\"sameAs\":[\"https:\/\/brasilnoticias.org\/site\"],\"url\":\"https:\/\/brasilnoticias.org\/site\/author\/fernandozsngmail-com\/\"}]}<\/script>\n<!-- \/ Yoast SEO plugin. -->","yoast_head_json":{"title":"Vit\u00f3ria perde tr\u00eas pe\u00e7as para \u2018jogo de tabela\u2019 pelo Nordest\u00e3o; confira - Brasil not\u00edcias","robots":{"index":"index","follow":"follow","max-snippet":"max-snippet:-1","max-image-preview":"max-image-preview:large","max-video-preview":"max-video-preview:-1"},"canonical":"https:\/\/brasilnoticias.org\/site\/vitoria-perde-tres-pecas-para-jogo-de-tabela-pelo-nordestao-confira\/","og_locale":"pt_PT","og_type":"article","og_title":"Vit\u00f3ria perde tr\u00eas pe\u00e7as para \u2018jogo de tabela\u2019 pelo Nordest\u00e3o; confira - Brasil not\u00edcias","og_description":"Apesar de estar matematicamente desclassificado da Copa do Nordeste, o Vit\u00f3ria ainda entra em campo pela competi\u00e7\u00e3o. Nesse sentido, o","og_url":"https:\/\/brasilnoticias.org\/site\/vitoria-perde-tres-pecas-para-jogo-de-tabela-pelo-nordestao-confira\/","og_site_name":"Brasil not\u00edcias","article_published_time":"2023-03-06T21:00:21+00:00","og_image":[{"width":800,"height":450,"url":"https:\/\/brasilnoticias.org\/site\/wp-content\/uploads\/2023\/03\/vitoria_widelg.jpg","type":"image\/jpeg"}],"author":"Reda\u00e7\u00e3o","twitter_card":"summary_large_image","twitter_misc":{"Escrito por":"Reda\u00e7\u00e3o"},"schema":{"@context":"https:\/\/schema.org","@graph":[{"@type":"Article","@id":"https:\/\/brasilnoticias.org\/site\/vitoria-perde-tres-pecas-para-jogo-de-tabela-pelo-nordestao-confira\/#article","isPartOf":{"@id":"https:\/\/brasilnoticias.org\/site\/vitoria-perde-tres-pecas-para-jogo-de-tabela-pelo-nordestao-confira\/"},"author":{"name":"Reda\u00e7\u00e3o","@id":"https:\/\/brasilnoticias.org\/site\/#\/schema\/person\/a0e05b973ec4d15c658d51911e53507b"},"headline":"Vit\u00f3ria perde tr\u00eas pe\u00e7as para \u2018jogo de tabela\u2019 pelo Nordest\u00e3o; confira","datePublished":"2023-03-06T21:00:21+00:00","mainEntityOfPage":{"@id":"https:\/\/brasilnoticias.org\/site\/vitoria-perde-tres-pecas-para-jogo-de-tabela-pelo-nordestao-confira\/"},"wordCount":173,"commentCount":0,"publisher":{"@id":"https:\/\/brasilnoticias.org\/site\/#organization"},"image":{"@id":"https:\/\/brasilnoticias.org\/site\/vitoria-perde-tres-pecas-para-jogo-de-tabela-pelo-nordestao-confira\/#primaryimage"},"thumbnailUrl":"https:\/\/brasilnoticias.org\/site\/wp-content\/uploads\/2023\/03\/vitoria_widelg.jpg","articleSection":["Esporte","\u00daltimas"],"inLanguage":"pt-PT","potentialAction":[{"@type":"CommentAction","name":"Comment","target":["https:\/\/brasilnoticias.org\/site\/vitoria-perde-tres-pecas-para-jogo-de-tabela-pelo-nordestao-confira\/#respond"]}]},{"@type":"WebPage","@id":"https:\/\/brasilnoticias.org\/site\/vitoria-perde-tres-pecas-para-jogo-de-tabela-pelo-nordestao-confira\/","url":"https:\/\/brasilnoticias.org\/site\/vitoria-perde-tres-pecas-para-jogo-de-tabela-pelo-nordestao-confira\/","name":"Vit\u00f3ria perde tr\u00eas pe\u00e7as para \u2018jogo de tabela\u2019 pelo Nordest\u00e3o; confira - Brasil not\u00edcias","isPartOf":{"@id":"https:\/\/brasilnoticias.org\/site\/#website"},"primaryImageOfPage":{"@id":"https:\/\/brasilnoticias.org\/site\/vitoria-perde-tres-pecas-para-jogo-de-tabela-pelo-nordestao-confira\/#primaryimage"},"image":{"@id":"https:\/\/brasilnoticias.org\/site\/vitoria-perde-tres-pecas-para-jogo-de-tabela-pelo-nordestao-confira\/#primaryimage"},"thumbnailUrl":"https:\/\/brasilnoticias.org\/site\/wp-content\/uploads\/2023\/03\/vitoria_widelg.jpg","datePublished":"2023-03-06T21:00:21+00:00","breadcrumb":{"@id":"https:\/\/brasilnoticias.org\/site\/vitoria-perde-tres-pecas-para-jogo-de-tabela-pelo-nordestao-confira\/#breadcrumb"},"inLanguage":"pt-PT","potentialAction":[{"@type":"ReadAction","target":["https:\/\/brasilnoticias.org\/site\/vitoria-perde-tres-pecas-para-jogo-de-tabela-pelo-nordestao-confira\/"]}]},{"@type":"ImageObject","inLanguage":"pt-PT","@id":"https:\/\/brasilnoticias.org\/site\/vitoria-perde-tres-pecas-para-jogo-de-tabela-pelo-nordestao-confira\/#primaryimage","url":"https:\/\/brasilnoticias.org\/site\/wp-content\/uploads\/2023\/03\/vitoria_widelg.jpg","contentUrl":"https:\/\/brasilnoticias.org\/site\/wp-content\/uploads\/2023\/03\/vitoria_widelg.jpg","width":800,"height":450},{"@type":"BreadcrumbList","@id":"https:\/\/brasilnoticias.org\/site\/vitoria-perde-tres-pecas-para-jogo-de-tabela-pelo-nordestao-confira\/#breadcrumb","itemListElement":[{"@type":"ListItem","position":1,"name":"In\u00edcio","item":"https:\/\/brasilnoticias.org\/site\/"},{"@type":"ListItem","position":2,"name":"Vit\u00f3ria perde tr\u00eas pe\u00e7as para \u2018jogo de tabela\u2019 pelo Nordest\u00e3o; confira"}]},{"@type":"WebSite","@id":"https:\/\/brasilnoticias.org\/site\/#website","url":"https:\/\/brasilnoticias.org\/site\/","name":"Brasil not\u00edcias","description":"Brasil not\u00edcias","publisher":{"@id":"https:\/\/brasilnoticias.org\/site\/#organization"},"potentialAction":[{"@type":"SearchAction","target":{"@type":"EntryPoint","urlTemplate":"https:\/\/brasilnoticias.org\/site\/?s={search_term_string}"},"query-input":{"@type":"PropertyValueSpecification","valueRequired":true,"valueName":"search_term_string"}}],"inLanguage":"pt-PT"},{"@type":"Organization","@id":"https:\/\/brasilnoticias.org\/site\/#organization","name":"Brasil not\u00edcias","url":"https:\/\/brasilnoticias.org\/site\/","logo":{"@type":"ImageObject","inLanguage":"pt-PT","@id":"https:\/\/brasilnoticias.org\/site\/#\/schema\/logo\/image\/","url":"https:\/\/brasilnoticias.org\/site\/wp-content\/uploads\/2022\/05\/cropped-brasilnoticias-mini.jpg","contentUrl":"https:\/\/brasilnoticias.org\/site\/wp-content\/uploads\/2022\/05\/cropped-brasilnoticias-mini.jpg","width":314,"height":86,"caption":"Brasil not\u00edcias"},"image":{"@id":"https:\/\/brasilnoticias.org\/site\/#\/schema\/logo\/image\/"}},{"@type":"Person","@id":"https:\/\/brasilnoticias.org\/site\/#\/schema\/person\/a0e05b973ec4d15c658d51911e53507b","name":"Reda\u00e7\u00e3o","image":{"@type":"ImageObject","inLanguage":"pt-PT","@id":"https:\/\/brasilnoticias.org\/site\/#\/schema\/person\/image\/","url":"https:\/\/secure.gravatar.com\/avatar\/75d8b050df2de108b08ae78dfb8e374892df24a383c67db9c46a9c604f6aee9c?s=96&d=mm&r=g","contentUrl":"https:\/\/secure.gravatar.com\/avatar\/75d8b050df2de108b08ae78dfb8e374892df24a383c67db9c46a9c604f6aee9c?s=96&d=mm&r=g","caption":"Reda\u00e7\u00e3o"},"sameAs":["https:\/\/brasilnoticias.org\/site"],"url":"https:\/\/brasilnoticias.org\/site\/author\/fernandozsngmail-com\/"}]}},"_links":{"self":[{"href":"https:\/\/brasilnoticias.org\/site\/wp-json\/wp\/v2\/posts\/4506","targetHints":{"allow":["GET"]}}],"collection":[{"href":"https:\/\/brasilnoticias.org\/site\/wp-json\/wp\/v2\/posts"}],"about":[{"href":"https:\/\/brasilnoticias.org\/site\/wp-json\/wp\/v2\/types\/post"}],"author":[{"embeddable":true,"href":"https:\/\/brasilnoticias.org\/site\/wp-json\/wp\/v2\/users\/1"}],"replies":[{"embeddable":true,"href":"https:\/\/brasilnoticias.org\/site\/wp-json\/wp\/v2\/comments?post=4506"}],"version-history":[{"count":1,"href":"https:\/\/brasilnoticias.org\/site\/wp-json\/wp\/v2\/posts\/4506\/revisions"}],"predecessor-version":[{"id":4508,"href":"https:\/\/brasilnoticias.org\/site\/wp-json\/wp\/v2\/posts\/4506\/revisions\/4508"}],"wp:featuredmedia":[{"embeddable":true,"href":"https:\/\/brasilnoticias.org\/site\/wp-json\/wp\/v2\/media\/4507"}],"wp:attachment":[{"href":"https:\/\/brasilnoticias.org\/site\/wp-json\/wp\/v2\/media?parent=4506"}],"wp:term":[{"taxonomy":"category","embeddable":true,"href":"https:\/\/brasilnoticias.org\/site\/wp-json\/wp\/v2\/categories?post=4506"},{"taxonomy":"post_tag","embeddable":true,"href":"https:\/\/brasilnoticias.org\/site\/wp-json\/wp\/v2\/tags?post=4506"}],"curies":[{"name":"wp","href":"https:\/\/api.w.org\/{rel}","templated":true}]}}