{"id":4509,"date":"2023-03-06T18:10:49","date_gmt":"2023-03-06T21:10:49","guid":{"rendered":"https:\/\/brasilnoticias.org\/site\/?p=4509"},"modified":"2023-03-06T13:01:59","modified_gmt":"2023-03-06T16:01:59","slug":"serial-killer-pedrinho-matador-e-morto-a-tiros-na-grande-sp","status":"publish","type":"post","link":"https:\/\/brasilnoticias.org\/site\/serial-killer-pedrinho-matador-e-morto-a-tiros-na-grande-sp\/","title":{"rendered":"Serial killer Pedrinho Matador \u00e9 morto a tiros na Grande SP"},"content":{"rendered":"<p>O serial killer Pedro Rodrigues Filho, conhecido como Pedrinho Matador, foi morto na manh\u00e3 deste domingo (5) na rua Jos\u00e9 Rodrigues da Costa, em Mogi das Cruzes, na Grande S\u00e3o Paulo.<\/p>\n<p>Respons\u00e1vel por mais de cem assassinatos, ele \u00e9 considerado o maior serial killer brasileiro. Por seus crimes, passou 42 anos preso e foi solto em 2018.<\/p>\n<p>Segundo a Pol\u00edcia Militar, ele foi baleado por volta das 10h deste domingo em frente \u00e0 casa de uma irm\u00e3. Pedrinho Matador ainda foi atendido pelo Samu, mas morreu no local.<\/p>\n<p>Um ve\u00edculo gol preto, que estaria envolvido no transporte dos suspeitos, foi localizado. Ainda n\u00e3o est\u00e1 claro qual o motivo do crime.<br \/>\nPedro Rodrigues Filho morava em Itanha\u00e9m, no litoral paulista, mas tinha familiares em Mogi das Cruzes.<\/p>\n<p>Ap\u00f3s deixar a pris\u00e3o, ele passou a atuar como youtuber, principalmente comentando crimes de grande repercuss\u00e3o e mostrando sua nova rotina.<br \/>\nSomente no Kwai, uma plataforma de v\u00eddeos curtos, o seu perfil (Pedrinho Ex-matador) tem 236 mil seguidores.<\/p>\n<p>Em entrevista \u00e0 Folha de S.Paulo sete meses ap\u00f3s deixar a pris\u00e3o, Pedrinho alertou os mais novos sobre os riscos da vida bandida. &#8220;O crime n\u00e3o \u00e9 brincadeira. Muitos est\u00e3o entrando por verem os galhos [fama e dinheiro], n\u00e3o a raiz [pris\u00e3o e morte]. \u00c9 como o diabo: d\u00e1 com uma m\u00e3o e tira com a outra. Tem muitos jovens que entram e, quando querem sair, j\u00e1 \u00e9 tarde demais&#8221;, disse.<\/p>\n<p>Entre as coisas que fugiam ao c\u00f3digo de conduta estabelecido por ele para os jovens e que o incomodavam na \u00e9poca estavam quebrar pontos de \u00f4nibus, andar de skate nas cal\u00e7adas, desrespeitar os mais velhos e mentir para os pais sobre o lugar para onde v\u00e3o. &#8220;Vejo isso tudo com os meus olhos. N\u00e3o \u00e9 s\u00f3 a droga que atrapalha a vida das pessoas.&#8221;<\/p>\n<p>Embora a maioria dos seguidores apoiasse os conselhos do serial killer, muitos o criticavam. Pedrinho, por\u00e9m, desdenhava.&#8221;Eu dou risada. Esses caras s\u00e3o todos burros para caramba, n\u00e3o param para pensar no que falam. Por onde passei, eles n\u00e3o passam nem que a vaca tussa. Em vez de chegar na gente e conversar, saber quem \u00e9 a pessoa, ficam falando abobrinhas&#8221;, afirmou na ocasi\u00e3o.<\/p>\n<p>O matador dizia se sentir envergonhado quando era reconhecido nas ruas. &#8220;At\u00e9 corro, me escondo. A pessoa chega e diz &#8216;eu te conhe\u00e7o de algum lugar&#8217;. Falo &#8216;eu n\u00e3o, voc\u00ea est\u00e1 enganado&#8217;. Mas alguns s\u00e3o cara dura e chegam, da\u00ed tiram foto&#8221;, afirmou. O ass\u00e9dio, entretanto, n\u00e3o o incomodava por completo. &#8220;Eu me sinto feliz porque as pessoas v\u00e3o aprender um pouco sobre o que elas n\u00e3o sabem.&#8221;<\/p>\n<p>Especialista em criminologia e autora do livro &#8220;Serial Killers: Made in Brazil&#8221;, Ilana Casoy afirma que Pedrinho n\u00e3o era um justiceiro, mas um vingador, por matar aqueles que ele considerava como o que h\u00e1 de pior na sociedade. &#8220;Quando algu\u00e9m desobedece o c\u00f3digo de \u00e9tica dele, ele tem solu\u00e7\u00f5es muito pr\u00f3prias e que n\u00e3o seguem a lei.&#8221;<\/p>\n<p>&#8220;Acaba exercendo fasc\u00ednio nas pessoas. \u00c9 reflexo da sociedade que a gente tem, de um pa\u00eds onde s\u00f3 10% dos homic\u00eddios s\u00e3o resolvidos. Traz essa vis\u00e3o distorcida&#8221;, diz Ilana. &#8220;O problema \u00e9 que as v\u00edtimas de Pedrinho n\u00e3o tiveram direito a um advogado, como ele teve&#8221;, completa.<br \/>\nSegundo Ilana, serial killer \u00e9 aquele que matou duas ou mais pessoas, com intervalo de tempo entre as v\u00edtimas, com ritual que envolve uma densidade psicol\u00f3gica.<\/p>\n<p>A crimin\u00f3loga entrevistou Pedrinho e diz que o que mais chamou sua aten\u00e7\u00e3o foi a alegria, desenvoltura e intelig\u00eancia dele.<\/p>\n<p>&#8220;Muito claro e direto. N\u00e3o se esconde atr\u00e1s de nenhuma fala imprecisa. Apesar dos crimes, existe uma pessoa, que \u00e9 o Pedro. E Pedro merece todo respeito, independentemente de todos os crimes que cometeu.&#8221;<\/p>\n<p>Foto Reprodu\u00e7\u00e3o \/ TV Globo<br \/>\nNot\u00edcias ao minuto<\/p>\n","protected":false},"excerpt":{"rendered":"<p>O serial killer Pedro Rodrigues Filho, conhecido como Pedrinho Matador, foi morto na manh\u00e3 deste domingo (5) na rua Jos\u00e9<\/p>\n","protected":false},"author":1,"featured_media":4510,"comment_status":"open","ping_status":"open","sticky":false,"template":"","format":"standard","meta":{"colormag_page_container_layout":"default_layout","colormag_page_sidebar_layout":"default_layout","_FSMCFIC_featured_image_caption":"","_FSMCFIC_featured_image_nocaption":"","_FSMCFIC_featured_image_hide":"","footnotes":""},"categories":[3,1],"tags":[],"class_list":["post-4509","post","type-post","status-publish","format-standard","has-post-thumbnail","hentry","category-policia","category-ultimas"],"yoast_head":"<!-- This site is optimized with the Yoast SEO plugin v27.1.1 - https:\/\/yoast.com\/product\/yoast-seo-wordpress\/ -->\n<title>Serial killer Pedrinho Matador \u00e9 morto a tiros na Grande SP - Brasil not\u00edcias<\/title>\n<meta name=\"robots\" content=\"index, follow, max-snippet:-1, max-image-preview:large, max-video-preview:-1\" \/>\n<link rel=\"canonical\" href=\"https:\/\/brasilnoticias.org\/site\/serial-killer-pedrinho-matador-e-morto-a-tiros-na-grande-sp\/\" \/>\n<meta property=\"og:locale\" content=\"pt_PT\" \/>\n<meta property=\"og:type\" content=\"article\" \/>\n<meta property=\"og:title\" content=\"Serial killer Pedrinho Matador \u00e9 morto a tiros na Grande SP - Brasil not\u00edcias\" \/>\n<meta property=\"og:description\" content=\"O serial killer Pedro Rodrigues Filho, conhecido como Pedrinho Matador, foi morto na manh\u00e3 deste domingo (5) na rua Jos\u00e9\" \/>\n<meta property=\"og:url\" content=\"https:\/\/brasilnoticias.org\/site\/serial-killer-pedrinho-matador-e-morto-a-tiros-na-grande-sp\/\" \/>\n<meta property=\"og:site_name\" content=\"Brasil not\u00edcias\" \/>\n<meta property=\"article:published_time\" content=\"2023-03-06T21:10:49+00:00\" \/>\n<meta property=\"og:image\" content=\"https:\/\/brasilnoticias.org\/site\/wp-content\/uploads\/2023\/03\/naom_6404d755e6b64.jpg\" \/>\n\t<meta property=\"og:image:width\" content=\"960\" \/>\n\t<meta property=\"og:image:height\" content=\"540\" \/>\n\t<meta property=\"og:image:type\" content=\"image\/jpeg\" \/>\n<meta name=\"author\" content=\"Reda\u00e7\u00e3o\" \/>\n<meta name=\"twitter:card\" content=\"summary_large_image\" \/>\n<meta name=\"twitter:label1\" content=\"Escrito por\" \/>\n\t<meta name=\"twitter:data1\" content=\"Reda\u00e7\u00e3o\" \/>\n<script type=\"application\/ld+json\" class=\"yoast-schema-graph\">{\"@context\":\"https:\/\/schema.org\",\"@graph\":[{\"@type\":\"Article\",\"@id\":\"https:\/\/brasilnoticias.org\/site\/serial-killer-pedrinho-matador-e-morto-a-tiros-na-grande-sp\/#article\",\"isPartOf\":{\"@id\":\"https:\/\/brasilnoticias.org\/site\/serial-killer-pedrinho-matador-e-morto-a-tiros-na-grande-sp\/\"},\"author\":{\"name\":\"Reda\u00e7\u00e3o\",\"@id\":\"https:\/\/brasilnoticias.org\/site\/#\/schema\/person\/a0e05b973ec4d15c658d51911e53507b\"},\"headline\":\"Serial killer Pedrinho Matador \u00e9 morto a tiros na Grande SP\",\"datePublished\":\"2023-03-06T21:10:49+00:00\",\"mainEntityOfPage\":{\"@id\":\"https:\/\/brasilnoticias.org\/site\/serial-killer-pedrinho-matador-e-morto-a-tiros-na-grande-sp\/\"},\"wordCount\":671,\"commentCount\":0,\"publisher\":{\"@id\":\"https:\/\/brasilnoticias.org\/site\/#organization\"},\"image\":{\"@id\":\"https:\/\/brasilnoticias.org\/site\/serial-killer-pedrinho-matador-e-morto-a-tiros-na-grande-sp\/#primaryimage\"},\"thumbnailUrl\":\"https:\/\/brasilnoticias.org\/site\/wp-content\/uploads\/2023\/03\/naom_6404d755e6b64.jpg\",\"articleSection\":[\"Pol\u00edcia\",\"\u00daltimas\"],\"inLanguage\":\"pt-PT\",\"potentialAction\":[{\"@type\":\"CommentAction\",\"name\":\"Comment\",\"target\":[\"https:\/\/brasilnoticias.org\/site\/serial-killer-pedrinho-matador-e-morto-a-tiros-na-grande-sp\/#respond\"]}]},{\"@type\":\"WebPage\",\"@id\":\"https:\/\/brasilnoticias.org\/site\/serial-killer-pedrinho-matador-e-morto-a-tiros-na-grande-sp\/\",\"url\":\"https:\/\/brasilnoticias.org\/site\/serial-killer-pedrinho-matador-e-morto-a-tiros-na-grande-sp\/\",\"name\":\"Serial killer Pedrinho Matador \u00e9 morto a tiros na Grande SP - Brasil not\u00edcias\",\"isPartOf\":{\"@id\":\"https:\/\/brasilnoticias.org\/site\/#website\"},\"primaryImageOfPage\":{\"@id\":\"https:\/\/brasilnoticias.org\/site\/serial-killer-pedrinho-matador-e-morto-a-tiros-na-grande-sp\/#primaryimage\"},\"image\":{\"@id\":\"https:\/\/brasilnoticias.org\/site\/serial-killer-pedrinho-matador-e-morto-a-tiros-na-grande-sp\/#primaryimage\"},\"thumbnailUrl\":\"https:\/\/brasilnoticias.org\/site\/wp-content\/uploads\/2023\/03\/naom_6404d755e6b64.jpg\",\"datePublished\":\"2023-03-06T21:10:49+00:00\",\"breadcrumb\":{\"@id\":\"https:\/\/brasilnoticias.org\/site\/serial-killer-pedrinho-matador-e-morto-a-tiros-na-grande-sp\/#breadcrumb\"},\"inLanguage\":\"pt-PT\",\"potentialAction\":[{\"@type\":\"ReadAction\",\"target\":[\"https:\/\/brasilnoticias.org\/site\/serial-killer-pedrinho-matador-e-morto-a-tiros-na-grande-sp\/\"]}]},{\"@type\":\"ImageObject\",\"inLanguage\":\"pt-PT\",\"@id\":\"https:\/\/brasilnoticias.org\/site\/serial-killer-pedrinho-matador-e-morto-a-tiros-na-grande-sp\/#primaryimage\",\"url\":\"https:\/\/brasilnoticias.org\/site\/wp-content\/uploads\/2023\/03\/naom_6404d755e6b64.jpg\",\"contentUrl\":\"https:\/\/brasilnoticias.org\/site\/wp-content\/uploads\/2023\/03\/naom_6404d755e6b64.jpg\",\"width\":960,\"height\":540},{\"@type\":\"BreadcrumbList\",\"@id\":\"https:\/\/brasilnoticias.org\/site\/serial-killer-pedrinho-matador-e-morto-a-tiros-na-grande-sp\/#breadcrumb\",\"itemListElement\":[{\"@type\":\"ListItem\",\"position\":1,\"name\":\"In\u00edcio\",\"item\":\"https:\/\/brasilnoticias.org\/site\/\"},{\"@type\":\"ListItem\",\"position\":2,\"name\":\"Serial killer Pedrinho Matador \u00e9 morto a tiros na Grande SP\"}]},{\"@type\":\"WebSite\",\"@id\":\"https:\/\/brasilnoticias.org\/site\/#website\",\"url\":\"https:\/\/brasilnoticias.org\/site\/\",\"name\":\"Brasil not\u00edcias\",\"description\":\"Brasil not\u00edcias\",\"publisher\":{\"@id\":\"https:\/\/brasilnoticias.org\/site\/#organization\"},\"potentialAction\":[{\"@type\":\"SearchAction\",\"target\":{\"@type\":\"EntryPoint\",\"urlTemplate\":\"https:\/\/brasilnoticias.org\/site\/?s={search_term_string}\"},\"query-input\":{\"@type\":\"PropertyValueSpecification\",\"valueRequired\":true,\"valueName\":\"search_term_string\"}}],\"inLanguage\":\"pt-PT\"},{\"@type\":\"Organization\",\"@id\":\"https:\/\/brasilnoticias.org\/site\/#organization\",\"name\":\"Brasil not\u00edcias\",\"url\":\"https:\/\/brasilnoticias.org\/site\/\",\"logo\":{\"@type\":\"ImageObject\",\"inLanguage\":\"pt-PT\",\"@id\":\"https:\/\/brasilnoticias.org\/site\/#\/schema\/logo\/image\/\",\"url\":\"https:\/\/brasilnoticias.org\/site\/wp-content\/uploads\/2022\/05\/cropped-brasilnoticias-mini.jpg\",\"contentUrl\":\"https:\/\/brasilnoticias.org\/site\/wp-content\/uploads\/2022\/05\/cropped-brasilnoticias-mini.jpg\",\"width\":314,\"height\":86,\"caption\":\"Brasil not\u00edcias\"},\"image\":{\"@id\":\"https:\/\/brasilnoticias.org\/site\/#\/schema\/logo\/image\/\"}},{\"@type\":\"Person\",\"@id\":\"https:\/\/brasilnoticias.org\/site\/#\/schema\/person\/a0e05b973ec4d15c658d51911e53507b\",\"name\":\"Reda\u00e7\u00e3o\",\"image\":{\"@type\":\"ImageObject\",\"inLanguage\":\"pt-PT\",\"@id\":\"https:\/\/brasilnoticias.org\/site\/#\/schema\/person\/image\/\",\"url\":\"https:\/\/secure.gravatar.com\/avatar\/75d8b050df2de108b08ae78dfb8e374892df24a383c67db9c46a9c604f6aee9c?s=96&d=mm&r=g\",\"contentUrl\":\"https:\/\/secure.gravatar.com\/avatar\/75d8b050df2de108b08ae78dfb8e374892df24a383c67db9c46a9c604f6aee9c?s=96&d=mm&r=g\",\"caption\":\"Reda\u00e7\u00e3o\"},\"sameAs\":[\"https:\/\/brasilnoticias.org\/site\"],\"url\":\"https:\/\/brasilnoticias.org\/site\/author\/fernandozsngmail-com\/\"}]}<\/script>\n<!-- \/ Yoast SEO plugin. -->","yoast_head_json":{"title":"Serial killer Pedrinho Matador \u00e9 morto a tiros na Grande SP - Brasil not\u00edcias","robots":{"index":"index","follow":"follow","max-snippet":"max-snippet:-1","max-image-preview":"max-image-preview:large","max-video-preview":"max-video-preview:-1"},"canonical":"https:\/\/brasilnoticias.org\/site\/serial-killer-pedrinho-matador-e-morto-a-tiros-na-grande-sp\/","og_locale":"pt_PT","og_type":"article","og_title":"Serial killer Pedrinho Matador \u00e9 morto a tiros na Grande SP - Brasil not\u00edcias","og_description":"O serial killer Pedro Rodrigues Filho, conhecido como Pedrinho Matador, foi morto na manh\u00e3 deste domingo (5) na rua Jos\u00e9","og_url":"https:\/\/brasilnoticias.org\/site\/serial-killer-pedrinho-matador-e-morto-a-tiros-na-grande-sp\/","og_site_name":"Brasil not\u00edcias","article_published_time":"2023-03-06T21:10:49+00:00","og_image":[{"width":960,"height":540,"url":"https:\/\/brasilnoticias.org\/site\/wp-content\/uploads\/2023\/03\/naom_6404d755e6b64.jpg","type":"image\/jpeg"}],"author":"Reda\u00e7\u00e3o","twitter_card":"summary_large_image","twitter_misc":{"Escrito por":"Reda\u00e7\u00e3o"},"schema":{"@context":"https:\/\/schema.org","@graph":[{"@type":"Article","@id":"https:\/\/brasilnoticias.org\/site\/serial-killer-pedrinho-matador-e-morto-a-tiros-na-grande-sp\/#article","isPartOf":{"@id":"https:\/\/brasilnoticias.org\/site\/serial-killer-pedrinho-matador-e-morto-a-tiros-na-grande-sp\/"},"author":{"name":"Reda\u00e7\u00e3o","@id":"https:\/\/brasilnoticias.org\/site\/#\/schema\/person\/a0e05b973ec4d15c658d51911e53507b"},"headline":"Serial killer Pedrinho Matador \u00e9 morto a tiros na Grande SP","datePublished":"2023-03-06T21:10:49+00:00","mainEntityOfPage":{"@id":"https:\/\/brasilnoticias.org\/site\/serial-killer-pedrinho-matador-e-morto-a-tiros-na-grande-sp\/"},"wordCount":671,"commentCount":0,"publisher":{"@id":"https:\/\/brasilnoticias.org\/site\/#organization"},"image":{"@id":"https:\/\/brasilnoticias.org\/site\/serial-killer-pedrinho-matador-e-morto-a-tiros-na-grande-sp\/#primaryimage"},"thumbnailUrl":"https:\/\/brasilnoticias.org\/site\/wp-content\/uploads\/2023\/03\/naom_6404d755e6b64.jpg","articleSection":["Pol\u00edcia","\u00daltimas"],"inLanguage":"pt-PT","potentialAction":[{"@type":"CommentAction","name":"Comment","target":["https:\/\/brasilnoticias.org\/site\/serial-killer-pedrinho-matador-e-morto-a-tiros-na-grande-sp\/#respond"]}]},{"@type":"WebPage","@id":"https:\/\/brasilnoticias.org\/site\/serial-killer-pedrinho-matador-e-morto-a-tiros-na-grande-sp\/","url":"https:\/\/brasilnoticias.org\/site\/serial-killer-pedrinho-matador-e-morto-a-tiros-na-grande-sp\/","name":"Serial killer Pedrinho Matador \u00e9 morto a tiros na Grande SP - Brasil not\u00edcias","isPartOf":{"@id":"https:\/\/brasilnoticias.org\/site\/#website"},"primaryImageOfPage":{"@id":"https:\/\/brasilnoticias.org\/site\/serial-killer-pedrinho-matador-e-morto-a-tiros-na-grande-sp\/#primaryimage"},"image":{"@id":"https:\/\/brasilnoticias.org\/site\/serial-killer-pedrinho-matador-e-morto-a-tiros-na-grande-sp\/#primaryimage"},"thumbnailUrl":"https:\/\/brasilnoticias.org\/site\/wp-content\/uploads\/2023\/03\/naom_6404d755e6b64.jpg","datePublished":"2023-03-06T21:10:49+00:00","breadcrumb":{"@id":"https:\/\/brasilnoticias.org\/site\/serial-killer-pedrinho-matador-e-morto-a-tiros-na-grande-sp\/#breadcrumb"},"inLanguage":"pt-PT","potentialAction":[{"@type":"ReadAction","target":["https:\/\/brasilnoticias.org\/site\/serial-killer-pedrinho-matador-e-morto-a-tiros-na-grande-sp\/"]}]},{"@type":"ImageObject","inLanguage":"pt-PT","@id":"https:\/\/brasilnoticias.org\/site\/serial-killer-pedrinho-matador-e-morto-a-tiros-na-grande-sp\/#primaryimage","url":"https:\/\/brasilnoticias.org\/site\/wp-content\/uploads\/2023\/03\/naom_6404d755e6b64.jpg","contentUrl":"https:\/\/brasilnoticias.org\/site\/wp-content\/uploads\/2023\/03\/naom_6404d755e6b64.jpg","width":960,"height":540},{"@type":"BreadcrumbList","@id":"https:\/\/brasilnoticias.org\/site\/serial-killer-pedrinho-matador-e-morto-a-tiros-na-grande-sp\/#breadcrumb","itemListElement":[{"@type":"ListItem","position":1,"name":"In\u00edcio","item":"https:\/\/brasilnoticias.org\/site\/"},{"@type":"ListItem","position":2,"name":"Serial killer Pedrinho Matador \u00e9 morto a tiros na Grande SP"}]},{"@type":"WebSite","@id":"https:\/\/brasilnoticias.org\/site\/#website","url":"https:\/\/brasilnoticias.org\/site\/","name":"Brasil not\u00edcias","description":"Brasil not\u00edcias","publisher":{"@id":"https:\/\/brasilnoticias.org\/site\/#organization"},"potentialAction":[{"@type":"SearchAction","target":{"@type":"EntryPoint","urlTemplate":"https:\/\/brasilnoticias.org\/site\/?s={search_term_string}"},"query-input":{"@type":"PropertyValueSpecification","valueRequired":true,"valueName":"search_term_string"}}],"inLanguage":"pt-PT"},{"@type":"Organization","@id":"https:\/\/brasilnoticias.org\/site\/#organization","name":"Brasil not\u00edcias","url":"https:\/\/brasilnoticias.org\/site\/","logo":{"@type":"ImageObject","inLanguage":"pt-PT","@id":"https:\/\/brasilnoticias.org\/site\/#\/schema\/logo\/image\/","url":"https:\/\/brasilnoticias.org\/site\/wp-content\/uploads\/2022\/05\/cropped-brasilnoticias-mini.jpg","contentUrl":"https:\/\/brasilnoticias.org\/site\/wp-content\/uploads\/2022\/05\/cropped-brasilnoticias-mini.jpg","width":314,"height":86,"caption":"Brasil not\u00edcias"},"image":{"@id":"https:\/\/brasilnoticias.org\/site\/#\/schema\/logo\/image\/"}},{"@type":"Person","@id":"https:\/\/brasilnoticias.org\/site\/#\/schema\/person\/a0e05b973ec4d15c658d51911e53507b","name":"Reda\u00e7\u00e3o","image":{"@type":"ImageObject","inLanguage":"pt-PT","@id":"https:\/\/brasilnoticias.org\/site\/#\/schema\/person\/image\/","url":"https:\/\/secure.gravatar.com\/avatar\/75d8b050df2de108b08ae78dfb8e374892df24a383c67db9c46a9c604f6aee9c?s=96&d=mm&r=g","contentUrl":"https:\/\/secure.gravatar.com\/avatar\/75d8b050df2de108b08ae78dfb8e374892df24a383c67db9c46a9c604f6aee9c?s=96&d=mm&r=g","caption":"Reda\u00e7\u00e3o"},"sameAs":["https:\/\/brasilnoticias.org\/site"],"url":"https:\/\/brasilnoticias.org\/site\/author\/fernandozsngmail-com\/"}]}},"_links":{"self":[{"href":"https:\/\/brasilnoticias.org\/site\/wp-json\/wp\/v2\/posts\/4509","targetHints":{"allow":["GET"]}}],"collection":[{"href":"https:\/\/brasilnoticias.org\/site\/wp-json\/wp\/v2\/posts"}],"about":[{"href":"https:\/\/brasilnoticias.org\/site\/wp-json\/wp\/v2\/types\/post"}],"author":[{"embeddable":true,"href":"https:\/\/brasilnoticias.org\/site\/wp-json\/wp\/v2\/users\/1"}],"replies":[{"embeddable":true,"href":"https:\/\/brasilnoticias.org\/site\/wp-json\/wp\/v2\/comments?post=4509"}],"version-history":[{"count":1,"href":"https:\/\/brasilnoticias.org\/site\/wp-json\/wp\/v2\/posts\/4509\/revisions"}],"predecessor-version":[{"id":4511,"href":"https:\/\/brasilnoticias.org\/site\/wp-json\/wp\/v2\/posts\/4509\/revisions\/4511"}],"wp:featuredmedia":[{"embeddable":true,"href":"https:\/\/brasilnoticias.org\/site\/wp-json\/wp\/v2\/media\/4510"}],"wp:attachment":[{"href":"https:\/\/brasilnoticias.org\/site\/wp-json\/wp\/v2\/media?parent=4509"}],"wp:term":[{"taxonomy":"category","embeddable":true,"href":"https:\/\/brasilnoticias.org\/site\/wp-json\/wp\/v2\/categories?post=4509"},{"taxonomy":"post_tag","embeddable":true,"href":"https:\/\/brasilnoticias.org\/site\/wp-json\/wp\/v2\/tags?post=4509"}],"curies":[{"name":"wp","href":"https:\/\/api.w.org\/{rel}","templated":true}]}}