{"id":453,"date":"2022-05-21T19:40:18","date_gmt":"2022-05-21T22:40:18","guid":{"rendered":"https:\/\/brasilnoticias.org\/site\/?p=453"},"modified":"2022-05-21T19:40:18","modified_gmt":"2022-05-21T22:40:18","slug":"psg-anuncia-renovacao-de-mbappe-apos-disputa-com-real-madrid","status":"publish","type":"post","link":"https:\/\/brasilnoticias.org\/site\/psg-anuncia-renovacao-de-mbappe-apos-disputa-com-real-madrid\/","title":{"rendered":"PSG ANUNCIA RENOVA\u00c7\u00c3O DE MBAPP\u00c9 AP\u00d3S DISPUTA COM REAL MADRID"},"content":{"rendered":"<p>Depois de novela com especula\u00e7\u00f5es sobre transfer\u00eancia ao Real Madrid, o astro franc\u00eas Kylian Mbapp\u00e9, 23, renovou neste s\u00e1bado (21) seu contrato com o Paris Saint-Germain. O novo acordo \u00e9 v\u00e1lido por tr\u00eas anos.<\/p>\n<p>O an\u00fancio foi feito pouco antes da partida do PSG contra o Metz, pela \u00faltima rodada do Campeonato Franc\u00eas. No m\u00eas passado, o time de Mbapp\u00e9 conquistou o 10\u00ba t\u00edtulo nacional com cinco jogos de anteced\u00eancia e se tornou o maior vencedor da competi\u00e7\u00e3o ao lado do Saint-\u00c9tienne.<\/p>\n<p>\u201cEstou muito contente em continuar esta aventura e seguir na Fran\u00e7a, em Paris, a minha cidade. Eu sempre disse que \u00e9 Paris \u00e9 minha casa. Espero continuar fazendo o que eu mais amo, que \u00e9 jogar futebol e ganhar trof\u00e9us\u201d, disse o atleta no gramado do est\u00e1dio Parque dos Pr\u00edncipes. Ele estava acompanhado do presidente do PSG, o catariano Nasser Al-Khelaifi.<br \/>\nO clube parisiense prepara uma festa para Mbapp\u00e9, que divide o protagonismo da equipe com Messi, 34, e Neymar, 30. No campeonato nacional, antes da partida contra o Metz, o franc\u00eas era o l\u00edder do time em gols (25) e assist\u00eancias (17).<\/p>\n<p>Em mar\u00e7o, Messi e Neymar chegaram a ser vaiados por torcedores depois de derrota para o Real Madrid e novo fracasso na Champions League, torneio nunca vencido pelo PSG e considerado o principal objetivo do clube. Desde ent\u00e3o, a diretoria do clube parisiense passou a ser ainda mais pressionada por uma renova\u00e7\u00e3o de Mbapp\u00e9.<\/p>\n<p>De acordo com a brit\u00e2nica BBC, o PSG deve pagar EUR 150 milh\u00f5es (R$ 772 milh\u00f5es) para manter o astro franc\u00eas. Se confirmado, o valor pago ser\u00e1 um dos mais altos da hist\u00f3ria -a transa\u00e7\u00e3o mais cara aconteceu em 2017, quando Neymar trocou o Barcelona pelo PSG por EUR 222 milh\u00f5es (R$ 1,14 bilh\u00e3o nos valores atuais).<\/p>\n<p>Neste s\u00e1bado, o presidente da LaLiga, que administra o Campeonato Espanhol, criticou o alto valor envolvido na transa\u00e7\u00e3o e o presidente do clube, Nasser Al-Khelaifi.<br \/>\n\u201cO que o PSG est\u00e1 fazendo ao renovar com Mbapp\u00e9 com grandes quantias de dinheiro (a saber onde e como ser\u00e1 pago) depois de registrar perdas de cerca de EUR 700 milh\u00f5es [R$ 3,6 bilh\u00f5es] nas \u00faltimas temporadas e ter mais de 600 milh\u00f5es de euros [R$ 3,1 bilh\u00f5es] em sal\u00e1rios \u00e9 um INSULTO ao futebol. Al-Khelaifi \u00e9 t\u00e3o perigoso quanto a Superliga\u201d, escreveu Medrano em suas redes sociais.<\/p>\n<p>Mbapp\u00e9 chegou ao PSG em 2017. De l\u00e1 para c\u00e1, o franc\u00eas acumula quatro t\u00edtulos do Franc\u00eas (2017\/18, 2018\/19, 2019\/20 e 2021\/22), tr\u00eas Copas da Fran\u00e7a (2017\/18, 2019\/20 e 2020\/21), duas Copas da Liga Francesa (2017\/18 e 2019\/20) e duas Supercopas da Fran\u00e7a (2019 e 2020). Pela sele\u00e7\u00e3o francesa, ele foi campe\u00e3o da Copa do Mundo de 2018, na R\u00fassia, e da Liga das Na\u00e7\u00f5es da Uefa (2020-2021).<\/p>\n<p>&nbsp;<\/p>\n<p>&nbsp;<\/p>\n<p>&nbsp;<\/p>\n<p>&nbsp;<\/p>\n<p>Bnews<\/p>\n","protected":false},"excerpt":{"rendered":"<p>Depois de novela com especula\u00e7\u00f5es sobre transfer\u00eancia ao Real Madrid, o astro franc\u00eas Kylian Mbapp\u00e9, 23, renovou neste s\u00e1bado (21)<\/p>\n","protected":false},"author":2,"featured_media":454,"comment_status":"open","ping_status":"open","sticky":false,"template":"","format":"standard","meta":{"colormag_page_container_layout":"default_layout","colormag_page_sidebar_layout":"default_layout","_FSMCFIC_featured_image_caption":"","_FSMCFIC_featured_image_nocaption":"","_FSMCFIC_featured_image_hide":"","footnotes":""},"categories":[4,1],"tags":[],"class_list":["post-453","post","type-post","status-publish","format-standard","has-post-thumbnail","hentry","category-esporte","category-ultimas"],"yoast_head":"<!-- This site is optimized with the Yoast SEO plugin v27.1.1 - https:\/\/yoast.com\/product\/yoast-seo-wordpress\/ -->\n<title>PSG ANUNCIA RENOVA\u00c7\u00c3O DE MBAPP\u00c9 AP\u00d3S DISPUTA COM REAL MADRID - Brasil not\u00edcias<\/title>\n<meta name=\"robots\" content=\"index, follow, max-snippet:-1, max-image-preview:large, max-video-preview:-1\" \/>\n<link rel=\"canonical\" href=\"https:\/\/brasilnoticias.org\/site\/psg-anuncia-renovacao-de-mbappe-apos-disputa-com-real-madrid\/\" \/>\n<meta property=\"og:locale\" content=\"pt_PT\" \/>\n<meta property=\"og:type\" content=\"article\" \/>\n<meta property=\"og:title\" content=\"PSG ANUNCIA RENOVA\u00c7\u00c3O DE MBAPP\u00c9 AP\u00d3S DISPUTA COM REAL MADRID - Brasil not\u00edcias\" \/>\n<meta property=\"og:description\" content=\"Depois de novela com especula\u00e7\u00f5es sobre transfer\u00eancia ao Real Madrid, o astro franc\u00eas Kylian Mbapp\u00e9, 23, renovou neste s\u00e1bado (21)\" \/>\n<meta property=\"og:url\" content=\"https:\/\/brasilnoticias.org\/site\/psg-anuncia-renovacao-de-mbappe-apos-disputa-com-real-madrid\/\" \/>\n<meta property=\"og:site_name\" content=\"Brasil not\u00edcias\" \/>\n<meta property=\"article:published_time\" content=\"2022-05-21T22:40:18+00:00\" \/>\n<meta property=\"og:image\" content=\"https:\/\/brasilnoticias.org\/site\/wp-content\/uploads\/2022\/05\/16114322-high_widelg.jpeg\" \/>\n\t<meta property=\"og:image:width\" content=\"800\" \/>\n\t<meta property=\"og:image:height\" content=\"450\" \/>\n\t<meta property=\"og:image:type\" content=\"image\/jpeg\" \/>\n<meta name=\"author\" content=\"Reda\u00e7\u00e3o\" \/>\n<meta name=\"twitter:card\" content=\"summary_large_image\" \/>\n<meta name=\"twitter:label1\" content=\"Escrito por\" \/>\n\t<meta name=\"twitter:data1\" content=\"Reda\u00e7\u00e3o\" \/>\n\t<meta name=\"twitter:label2\" content=\"Tempo estimado de leitura\" \/>\n\t<meta name=\"twitter:data2\" content=\"2 minutos\" \/>\n<script type=\"application\/ld+json\" class=\"yoast-schema-graph\">{\"@context\":\"https:\/\/schema.org\",\"@graph\":[{\"@type\":\"Article\",\"@id\":\"https:\/\/brasilnoticias.org\/site\/psg-anuncia-renovacao-de-mbappe-apos-disputa-com-real-madrid\/#article\",\"isPartOf\":{\"@id\":\"https:\/\/brasilnoticias.org\/site\/psg-anuncia-renovacao-de-mbappe-apos-disputa-com-real-madrid\/\"},\"author\":{\"name\":\"Reda\u00e7\u00e3o\",\"@id\":\"https:\/\/brasilnoticias.org\/site\/#\/schema\/person\/f609fa847b5314f1c8b983342f34c798\"},\"headline\":\"PSG ANUNCIA RENOVA\u00c7\u00c3O DE MBAPP\u00c9 AP\u00d3S DISPUTA COM REAL MADRID\",\"datePublished\":\"2022-05-21T22:40:18+00:00\",\"mainEntityOfPage\":{\"@id\":\"https:\/\/brasilnoticias.org\/site\/psg-anuncia-renovacao-de-mbappe-apos-disputa-com-real-madrid\/\"},\"wordCount\":489,\"commentCount\":0,\"publisher\":{\"@id\":\"https:\/\/brasilnoticias.org\/site\/#organization\"},\"image\":{\"@id\":\"https:\/\/brasilnoticias.org\/site\/psg-anuncia-renovacao-de-mbappe-apos-disputa-com-real-madrid\/#primaryimage\"},\"thumbnailUrl\":\"https:\/\/brasilnoticias.org\/site\/wp-content\/uploads\/2022\/05\/16114322-high_widelg.jpeg\",\"articleSection\":[\"Esporte\",\"\u00daltimas\"],\"inLanguage\":\"pt-PT\",\"potentialAction\":[{\"@type\":\"CommentAction\",\"name\":\"Comment\",\"target\":[\"https:\/\/brasilnoticias.org\/site\/psg-anuncia-renovacao-de-mbappe-apos-disputa-com-real-madrid\/#respond\"]}]},{\"@type\":\"WebPage\",\"@id\":\"https:\/\/brasilnoticias.org\/site\/psg-anuncia-renovacao-de-mbappe-apos-disputa-com-real-madrid\/\",\"url\":\"https:\/\/brasilnoticias.org\/site\/psg-anuncia-renovacao-de-mbappe-apos-disputa-com-real-madrid\/\",\"name\":\"PSG ANUNCIA RENOVA\u00c7\u00c3O DE MBAPP\u00c9 AP\u00d3S DISPUTA COM REAL MADRID - Brasil not\u00edcias\",\"isPartOf\":{\"@id\":\"https:\/\/brasilnoticias.org\/site\/#website\"},\"primaryImageOfPage\":{\"@id\":\"https:\/\/brasilnoticias.org\/site\/psg-anuncia-renovacao-de-mbappe-apos-disputa-com-real-madrid\/#primaryimage\"},\"image\":{\"@id\":\"https:\/\/brasilnoticias.org\/site\/psg-anuncia-renovacao-de-mbappe-apos-disputa-com-real-madrid\/#primaryimage\"},\"thumbnailUrl\":\"https:\/\/brasilnoticias.org\/site\/wp-content\/uploads\/2022\/05\/16114322-high_widelg.jpeg\",\"datePublished\":\"2022-05-21T22:40:18+00:00\",\"breadcrumb\":{\"@id\":\"https:\/\/brasilnoticias.org\/site\/psg-anuncia-renovacao-de-mbappe-apos-disputa-com-real-madrid\/#breadcrumb\"},\"inLanguage\":\"pt-PT\",\"potentialAction\":[{\"@type\":\"ReadAction\",\"target\":[\"https:\/\/brasilnoticias.org\/site\/psg-anuncia-renovacao-de-mbappe-apos-disputa-com-real-madrid\/\"]}]},{\"@type\":\"ImageObject\",\"inLanguage\":\"pt-PT\",\"@id\":\"https:\/\/brasilnoticias.org\/site\/psg-anuncia-renovacao-de-mbappe-apos-disputa-com-real-madrid\/#primaryimage\",\"url\":\"https:\/\/brasilnoticias.org\/site\/wp-content\/uploads\/2022\/05\/16114322-high_widelg.jpeg\",\"contentUrl\":\"https:\/\/brasilnoticias.org\/site\/wp-content\/uploads\/2022\/05\/16114322-high_widelg.jpeg\",\"width\":800,\"height\":450},{\"@type\":\"BreadcrumbList\",\"@id\":\"https:\/\/brasilnoticias.org\/site\/psg-anuncia-renovacao-de-mbappe-apos-disputa-com-real-madrid\/#breadcrumb\",\"itemListElement\":[{\"@type\":\"ListItem\",\"position\":1,\"name\":\"In\u00edcio\",\"item\":\"https:\/\/brasilnoticias.org\/site\/\"},{\"@type\":\"ListItem\",\"position\":2,\"name\":\"PSG ANUNCIA RENOVA\u00c7\u00c3O DE MBAPP\u00c9 AP\u00d3S DISPUTA COM REAL MADRID\"}]},{\"@type\":\"WebSite\",\"@id\":\"https:\/\/brasilnoticias.org\/site\/#website\",\"url\":\"https:\/\/brasilnoticias.org\/site\/\",\"name\":\"Brasil not\u00edcias\",\"description\":\"Brasil not\u00edcias\",\"publisher\":{\"@id\":\"https:\/\/brasilnoticias.org\/site\/#organization\"},\"potentialAction\":[{\"@type\":\"SearchAction\",\"target\":{\"@type\":\"EntryPoint\",\"urlTemplate\":\"https:\/\/brasilnoticias.org\/site\/?s={search_term_string}\"},\"query-input\":{\"@type\":\"PropertyValueSpecification\",\"valueRequired\":true,\"valueName\":\"search_term_string\"}}],\"inLanguage\":\"pt-PT\"},{\"@type\":\"Organization\",\"@id\":\"https:\/\/brasilnoticias.org\/site\/#organization\",\"name\":\"Brasil not\u00edcias\",\"url\":\"https:\/\/brasilnoticias.org\/site\/\",\"logo\":{\"@type\":\"ImageObject\",\"inLanguage\":\"pt-PT\",\"@id\":\"https:\/\/brasilnoticias.org\/site\/#\/schema\/logo\/image\/\",\"url\":\"https:\/\/brasilnoticias.org\/site\/wp-content\/uploads\/2022\/05\/cropped-brasilnoticias-mini.jpg\",\"contentUrl\":\"https:\/\/brasilnoticias.org\/site\/wp-content\/uploads\/2022\/05\/cropped-brasilnoticias-mini.jpg\",\"width\":314,\"height\":86,\"caption\":\"Brasil not\u00edcias\"},\"image\":{\"@id\":\"https:\/\/brasilnoticias.org\/site\/#\/schema\/logo\/image\/\"}},{\"@type\":\"Person\",\"@id\":\"https:\/\/brasilnoticias.org\/site\/#\/schema\/person\/f609fa847b5314f1c8b983342f34c798\",\"name\":\"Reda\u00e7\u00e3o\",\"image\":{\"@type\":\"ImageObject\",\"inLanguage\":\"pt-PT\",\"@id\":\"https:\/\/brasilnoticias.org\/site\/#\/schema\/person\/image\/\",\"url\":\"https:\/\/secure.gravatar.com\/avatar\/447284c06c1ad8b46465a36de9cd0d8326b73387a22799b8b1ffb1fbcff2ed0c?s=96&d=mm&r=g\",\"contentUrl\":\"https:\/\/secure.gravatar.com\/avatar\/447284c06c1ad8b46465a36de9cd0d8326b73387a22799b8b1ffb1fbcff2ed0c?s=96&d=mm&r=g\",\"caption\":\"Reda\u00e7\u00e3o\"},\"url\":\"https:\/\/brasilnoticias.org\/site\/author\/redacao\/\"}]}<\/script>\n<!-- \/ Yoast SEO plugin. -->","yoast_head_json":{"title":"PSG ANUNCIA RENOVA\u00c7\u00c3O DE MBAPP\u00c9 AP\u00d3S DISPUTA COM REAL MADRID - Brasil not\u00edcias","robots":{"index":"index","follow":"follow","max-snippet":"max-snippet:-1","max-image-preview":"max-image-preview:large","max-video-preview":"max-video-preview:-1"},"canonical":"https:\/\/brasilnoticias.org\/site\/psg-anuncia-renovacao-de-mbappe-apos-disputa-com-real-madrid\/","og_locale":"pt_PT","og_type":"article","og_title":"PSG ANUNCIA RENOVA\u00c7\u00c3O DE MBAPP\u00c9 AP\u00d3S DISPUTA COM REAL MADRID - Brasil not\u00edcias","og_description":"Depois de novela com especula\u00e7\u00f5es sobre transfer\u00eancia ao Real Madrid, o astro franc\u00eas Kylian Mbapp\u00e9, 23, renovou neste s\u00e1bado (21)","og_url":"https:\/\/brasilnoticias.org\/site\/psg-anuncia-renovacao-de-mbappe-apos-disputa-com-real-madrid\/","og_site_name":"Brasil not\u00edcias","article_published_time":"2022-05-21T22:40:18+00:00","og_image":[{"width":800,"height":450,"url":"https:\/\/brasilnoticias.org\/site\/wp-content\/uploads\/2022\/05\/16114322-high_widelg.jpeg","type":"image\/jpeg"}],"author":"Reda\u00e7\u00e3o","twitter_card":"summary_large_image","twitter_misc":{"Escrito por":"Reda\u00e7\u00e3o","Tempo estimado de leitura":"2 minutos"},"schema":{"@context":"https:\/\/schema.org","@graph":[{"@type":"Article","@id":"https:\/\/brasilnoticias.org\/site\/psg-anuncia-renovacao-de-mbappe-apos-disputa-com-real-madrid\/#article","isPartOf":{"@id":"https:\/\/brasilnoticias.org\/site\/psg-anuncia-renovacao-de-mbappe-apos-disputa-com-real-madrid\/"},"author":{"name":"Reda\u00e7\u00e3o","@id":"https:\/\/brasilnoticias.org\/site\/#\/schema\/person\/f609fa847b5314f1c8b983342f34c798"},"headline":"PSG ANUNCIA RENOVA\u00c7\u00c3O DE MBAPP\u00c9 AP\u00d3S DISPUTA COM REAL MADRID","datePublished":"2022-05-21T22:40:18+00:00","mainEntityOfPage":{"@id":"https:\/\/brasilnoticias.org\/site\/psg-anuncia-renovacao-de-mbappe-apos-disputa-com-real-madrid\/"},"wordCount":489,"commentCount":0,"publisher":{"@id":"https:\/\/brasilnoticias.org\/site\/#organization"},"image":{"@id":"https:\/\/brasilnoticias.org\/site\/psg-anuncia-renovacao-de-mbappe-apos-disputa-com-real-madrid\/#primaryimage"},"thumbnailUrl":"https:\/\/brasilnoticias.org\/site\/wp-content\/uploads\/2022\/05\/16114322-high_widelg.jpeg","articleSection":["Esporte","\u00daltimas"],"inLanguage":"pt-PT","potentialAction":[{"@type":"CommentAction","name":"Comment","target":["https:\/\/brasilnoticias.org\/site\/psg-anuncia-renovacao-de-mbappe-apos-disputa-com-real-madrid\/#respond"]}]},{"@type":"WebPage","@id":"https:\/\/brasilnoticias.org\/site\/psg-anuncia-renovacao-de-mbappe-apos-disputa-com-real-madrid\/","url":"https:\/\/brasilnoticias.org\/site\/psg-anuncia-renovacao-de-mbappe-apos-disputa-com-real-madrid\/","name":"PSG ANUNCIA RENOVA\u00c7\u00c3O DE MBAPP\u00c9 AP\u00d3S DISPUTA COM REAL MADRID - Brasil not\u00edcias","isPartOf":{"@id":"https:\/\/brasilnoticias.org\/site\/#website"},"primaryImageOfPage":{"@id":"https:\/\/brasilnoticias.org\/site\/psg-anuncia-renovacao-de-mbappe-apos-disputa-com-real-madrid\/#primaryimage"},"image":{"@id":"https:\/\/brasilnoticias.org\/site\/psg-anuncia-renovacao-de-mbappe-apos-disputa-com-real-madrid\/#primaryimage"},"thumbnailUrl":"https:\/\/brasilnoticias.org\/site\/wp-content\/uploads\/2022\/05\/16114322-high_widelg.jpeg","datePublished":"2022-05-21T22:40:18+00:00","breadcrumb":{"@id":"https:\/\/brasilnoticias.org\/site\/psg-anuncia-renovacao-de-mbappe-apos-disputa-com-real-madrid\/#breadcrumb"},"inLanguage":"pt-PT","potentialAction":[{"@type":"ReadAction","target":["https:\/\/brasilnoticias.org\/site\/psg-anuncia-renovacao-de-mbappe-apos-disputa-com-real-madrid\/"]}]},{"@type":"ImageObject","inLanguage":"pt-PT","@id":"https:\/\/brasilnoticias.org\/site\/psg-anuncia-renovacao-de-mbappe-apos-disputa-com-real-madrid\/#primaryimage","url":"https:\/\/brasilnoticias.org\/site\/wp-content\/uploads\/2022\/05\/16114322-high_widelg.jpeg","contentUrl":"https:\/\/brasilnoticias.org\/site\/wp-content\/uploads\/2022\/05\/16114322-high_widelg.jpeg","width":800,"height":450},{"@type":"BreadcrumbList","@id":"https:\/\/brasilnoticias.org\/site\/psg-anuncia-renovacao-de-mbappe-apos-disputa-com-real-madrid\/#breadcrumb","itemListElement":[{"@type":"ListItem","position":1,"name":"In\u00edcio","item":"https:\/\/brasilnoticias.org\/site\/"},{"@type":"ListItem","position":2,"name":"PSG ANUNCIA RENOVA\u00c7\u00c3O DE MBAPP\u00c9 AP\u00d3S DISPUTA COM REAL MADRID"}]},{"@type":"WebSite","@id":"https:\/\/brasilnoticias.org\/site\/#website","url":"https:\/\/brasilnoticias.org\/site\/","name":"Brasil not\u00edcias","description":"Brasil not\u00edcias","publisher":{"@id":"https:\/\/brasilnoticias.org\/site\/#organization"},"potentialAction":[{"@type":"SearchAction","target":{"@type":"EntryPoint","urlTemplate":"https:\/\/brasilnoticias.org\/site\/?s={search_term_string}"},"query-input":{"@type":"PropertyValueSpecification","valueRequired":true,"valueName":"search_term_string"}}],"inLanguage":"pt-PT"},{"@type":"Organization","@id":"https:\/\/brasilnoticias.org\/site\/#organization","name":"Brasil not\u00edcias","url":"https:\/\/brasilnoticias.org\/site\/","logo":{"@type":"ImageObject","inLanguage":"pt-PT","@id":"https:\/\/brasilnoticias.org\/site\/#\/schema\/logo\/image\/","url":"https:\/\/brasilnoticias.org\/site\/wp-content\/uploads\/2022\/05\/cropped-brasilnoticias-mini.jpg","contentUrl":"https:\/\/brasilnoticias.org\/site\/wp-content\/uploads\/2022\/05\/cropped-brasilnoticias-mini.jpg","width":314,"height":86,"caption":"Brasil not\u00edcias"},"image":{"@id":"https:\/\/brasilnoticias.org\/site\/#\/schema\/logo\/image\/"}},{"@type":"Person","@id":"https:\/\/brasilnoticias.org\/site\/#\/schema\/person\/f609fa847b5314f1c8b983342f34c798","name":"Reda\u00e7\u00e3o","image":{"@type":"ImageObject","inLanguage":"pt-PT","@id":"https:\/\/brasilnoticias.org\/site\/#\/schema\/person\/image\/","url":"https:\/\/secure.gravatar.com\/avatar\/447284c06c1ad8b46465a36de9cd0d8326b73387a22799b8b1ffb1fbcff2ed0c?s=96&d=mm&r=g","contentUrl":"https:\/\/secure.gravatar.com\/avatar\/447284c06c1ad8b46465a36de9cd0d8326b73387a22799b8b1ffb1fbcff2ed0c?s=96&d=mm&r=g","caption":"Reda\u00e7\u00e3o"},"url":"https:\/\/brasilnoticias.org\/site\/author\/redacao\/"}]}},"_links":{"self":[{"href":"https:\/\/brasilnoticias.org\/site\/wp-json\/wp\/v2\/posts\/453","targetHints":{"allow":["GET"]}}],"collection":[{"href":"https:\/\/brasilnoticias.org\/site\/wp-json\/wp\/v2\/posts"}],"about":[{"href":"https:\/\/brasilnoticias.org\/site\/wp-json\/wp\/v2\/types\/post"}],"author":[{"embeddable":true,"href":"https:\/\/brasilnoticias.org\/site\/wp-json\/wp\/v2\/users\/2"}],"replies":[{"embeddable":true,"href":"https:\/\/brasilnoticias.org\/site\/wp-json\/wp\/v2\/comments?post=453"}],"version-history":[{"count":1,"href":"https:\/\/brasilnoticias.org\/site\/wp-json\/wp\/v2\/posts\/453\/revisions"}],"predecessor-version":[{"id":455,"href":"https:\/\/brasilnoticias.org\/site\/wp-json\/wp\/v2\/posts\/453\/revisions\/455"}],"wp:featuredmedia":[{"embeddable":true,"href":"https:\/\/brasilnoticias.org\/site\/wp-json\/wp\/v2\/media\/454"}],"wp:attachment":[{"href":"https:\/\/brasilnoticias.org\/site\/wp-json\/wp\/v2\/media?parent=453"}],"wp:term":[{"taxonomy":"category","embeddable":true,"href":"https:\/\/brasilnoticias.org\/site\/wp-json\/wp\/v2\/categories?post=453"},{"taxonomy":"post_tag","embeddable":true,"href":"https:\/\/brasilnoticias.org\/site\/wp-json\/wp\/v2\/tags?post=453"}],"curies":[{"name":"wp","href":"https:\/\/api.w.org\/{rel}","templated":true}]}}