{"id":4534,"date":"2023-03-06T18:30:08","date_gmt":"2023-03-06T21:30:08","guid":{"rendered":"https:\/\/brasilnoticias.org\/site\/?p=4534"},"modified":"2023-03-07T12:55:49","modified_gmt":"2023-03-07T15:55:49","slug":"capitao-alden-quer-classificar-como-terrorismo-os-atos-de-invasao-de-terra","status":"publish","type":"post","link":"https:\/\/brasilnoticias.org\/site\/capitao-alden-quer-classificar-como-terrorismo-os-atos-de-invasao-de-terra\/","title":{"rendered":"Capit\u00e3o Alden quer classificar como terrorismo os atos de invas\u00e3o de terra"},"content":{"rendered":"<p>Deputado federal vai em defesa dos propriet\u00e1rios de terras que foram v\u00edtimas do MST<\/p>\n<p>As recorrentes invas\u00f5es de terras que vem ocorrendo por todo pa\u00eds, especialmente, na atual gest\u00e3o do Governo Federal tem gerado descontentamento dos propriet\u00e1rios das \u00e1reas, mas tamb\u00e9m de parte da classe pol\u00edtica. Um grande exemplo disto \u00e9 o deputado federal Capit\u00e3o Alden (PL-BA), o parlamentar foi autor do projeto de lei que caracteriza como ato de terrorismo a invas\u00e3o armada de terras particulares, terrenos, lotes, casa ou im\u00f3vel rural. <\/p>\n<p>De acordo com o pol\u00edtico, na pr\u00e1tica a proposi\u00e7\u00e3o visa alterar o art. 2\u00ba da Lei n\u00ba 13.260, de 16 de mar\u00e7o de 2016, que trata de quest\u00f5es relacionadas ao conceito de organiza\u00e7\u00e3o terrorista. Na justificativa do projeto foi pontuado os recentes ataques ocorridos no interior da Bahia, principalmente, no Extremo Sul do estado.  <\/p>\n<p>\u201cN\u00e3o podemos cruzar os bra\u00e7os e achar que atacar a propriedade privada \u00e9 normal. Quero deixar claro que considero a invas\u00e3o de terra um crime grav\u00edssimo. Na gest\u00e3o Bolsonaro isso n\u00e3o estava assim, t\u00ednhamos as entregas de t\u00edtulos de posse de terras de maneira ordeira e com base nas leis. Mas, bastou mudar a Presid\u00eancia da Rep\u00fablica que vemos nesta atual gest\u00e3o essa farra do MST\u201d, afirma Alden.<\/p>\n","protected":false},"excerpt":{"rendered":"<p>Deputado federal vai em defesa dos propriet\u00e1rios de terras que foram v\u00edtimas do MST As recorrentes invas\u00f5es de terras que<\/p>\n","protected":false},"author":1,"featured_media":4535,"comment_status":"open","ping_status":"open","sticky":false,"template":"","format":"standard","meta":{"colormag_page_container_layout":"default_layout","colormag_page_sidebar_layout":"default_layout","_FSMCFIC_featured_image_caption":"","_FSMCFIC_featured_image_nocaption":"","_FSMCFIC_featured_image_hide":"","footnotes":""},"categories":[5],"tags":[],"class_list":["post-4534","post","type-post","status-publish","format-standard","has-post-thumbnail","hentry","category-politica"],"yoast_head":"<!-- This site is optimized with the Yoast SEO plugin v27.1.1 - https:\/\/yoast.com\/product\/yoast-seo-wordpress\/ -->\n<title>Capit\u00e3o Alden quer classificar como terrorismo os atos de invas\u00e3o de terra - Brasil not\u00edcias<\/title>\n<meta name=\"robots\" content=\"index, follow, max-snippet:-1, max-image-preview:large, max-video-preview:-1\" \/>\n<link rel=\"canonical\" href=\"https:\/\/brasilnoticias.org\/site\/capitao-alden-quer-classificar-como-terrorismo-os-atos-de-invasao-de-terra\/\" \/>\n<meta property=\"og:locale\" content=\"pt_PT\" \/>\n<meta property=\"og:type\" content=\"article\" \/>\n<meta property=\"og:title\" content=\"Capit\u00e3o Alden quer classificar como terrorismo os atos de invas\u00e3o de terra - Brasil not\u00edcias\" \/>\n<meta property=\"og:description\" content=\"Deputado federal vai em defesa dos propriet\u00e1rios de terras que foram v\u00edtimas do MST As recorrentes invas\u00f5es de terras que\" \/>\n<meta property=\"og:url\" content=\"https:\/\/brasilnoticias.org\/site\/capitao-alden-quer-classificar-como-terrorismo-os-atos-de-invasao-de-terra\/\" \/>\n<meta property=\"og:site_name\" content=\"Brasil not\u00edcias\" \/>\n<meta property=\"article:published_time\" content=\"2023-03-06T21:30:08+00:00\" \/>\n<meta property=\"article:modified_time\" content=\"2023-03-07T15:55:49+00:00\" \/>\n<meta property=\"og:image\" content=\"https:\/\/brasilnoticias.org\/site\/wp-content\/uploads\/2023\/03\/WhatsApp-Image-2023-03-06-at-17.25.15.jpeg\" \/>\n\t<meta property=\"og:image:width\" content=\"936\" \/>\n\t<meta property=\"og:image:height\" content=\"1024\" \/>\n\t<meta property=\"og:image:type\" content=\"image\/jpeg\" \/>\n<meta name=\"author\" content=\"Reda\u00e7\u00e3o\" \/>\n<meta name=\"twitter:card\" content=\"summary_large_image\" \/>\n<meta name=\"twitter:label1\" content=\"Escrito por\" \/>\n\t<meta name=\"twitter:data1\" content=\"Reda\u00e7\u00e3o\" \/>\n\t<meta name=\"twitter:label2\" content=\"Tempo estimado de leitura\" \/>\n\t<meta name=\"twitter:data2\" content=\"2 minutos\" \/>\n<script type=\"application\/ld+json\" class=\"yoast-schema-graph\">{\"@context\":\"https:\/\/schema.org\",\"@graph\":[{\"@type\":\"Article\",\"@id\":\"https:\/\/brasilnoticias.org\/site\/capitao-alden-quer-classificar-como-terrorismo-os-atos-de-invasao-de-terra\/#article\",\"isPartOf\":{\"@id\":\"https:\/\/brasilnoticias.org\/site\/capitao-alden-quer-classificar-como-terrorismo-os-atos-de-invasao-de-terra\/\"},\"author\":{\"name\":\"Reda\u00e7\u00e3o\",\"@id\":\"https:\/\/brasilnoticias.org\/site\/#\/schema\/person\/a0e05b973ec4d15c658d51911e53507b\"},\"headline\":\"Capit\u00e3o Alden quer classificar como terrorismo os atos de invas\u00e3o de terra\",\"datePublished\":\"2023-03-06T21:30:08+00:00\",\"dateModified\":\"2023-03-07T15:55:49+00:00\",\"mainEntityOfPage\":{\"@id\":\"https:\/\/brasilnoticias.org\/site\/capitao-alden-quer-classificar-como-terrorismo-os-atos-de-invasao-de-terra\/\"},\"wordCount\":241,\"commentCount\":0,\"publisher\":{\"@id\":\"https:\/\/brasilnoticias.org\/site\/#organization\"},\"image\":{\"@id\":\"https:\/\/brasilnoticias.org\/site\/capitao-alden-quer-classificar-como-terrorismo-os-atos-de-invasao-de-terra\/#primaryimage\"},\"thumbnailUrl\":\"https:\/\/brasilnoticias.org\/site\/wp-content\/uploads\/2023\/03\/WhatsApp-Image-2023-03-06-at-17.25.15.jpeg\",\"articleSection\":[\"Pol\u00edtica\"],\"inLanguage\":\"pt-PT\",\"potentialAction\":[{\"@type\":\"CommentAction\",\"name\":\"Comment\",\"target\":[\"https:\/\/brasilnoticias.org\/site\/capitao-alden-quer-classificar-como-terrorismo-os-atos-de-invasao-de-terra\/#respond\"]}]},{\"@type\":\"WebPage\",\"@id\":\"https:\/\/brasilnoticias.org\/site\/capitao-alden-quer-classificar-como-terrorismo-os-atos-de-invasao-de-terra\/\",\"url\":\"https:\/\/brasilnoticias.org\/site\/capitao-alden-quer-classificar-como-terrorismo-os-atos-de-invasao-de-terra\/\",\"name\":\"Capit\u00e3o Alden quer classificar como terrorismo os atos de invas\u00e3o de terra - Brasil not\u00edcias\",\"isPartOf\":{\"@id\":\"https:\/\/brasilnoticias.org\/site\/#website\"},\"primaryImageOfPage\":{\"@id\":\"https:\/\/brasilnoticias.org\/site\/capitao-alden-quer-classificar-como-terrorismo-os-atos-de-invasao-de-terra\/#primaryimage\"},\"image\":{\"@id\":\"https:\/\/brasilnoticias.org\/site\/capitao-alden-quer-classificar-como-terrorismo-os-atos-de-invasao-de-terra\/#primaryimage\"},\"thumbnailUrl\":\"https:\/\/brasilnoticias.org\/site\/wp-content\/uploads\/2023\/03\/WhatsApp-Image-2023-03-06-at-17.25.15.jpeg\",\"datePublished\":\"2023-03-06T21:30:08+00:00\",\"dateModified\":\"2023-03-07T15:55:49+00:00\",\"breadcrumb\":{\"@id\":\"https:\/\/brasilnoticias.org\/site\/capitao-alden-quer-classificar-como-terrorismo-os-atos-de-invasao-de-terra\/#breadcrumb\"},\"inLanguage\":\"pt-PT\",\"potentialAction\":[{\"@type\":\"ReadAction\",\"target\":[\"https:\/\/brasilnoticias.org\/site\/capitao-alden-quer-classificar-como-terrorismo-os-atos-de-invasao-de-terra\/\"]}]},{\"@type\":\"ImageObject\",\"inLanguage\":\"pt-PT\",\"@id\":\"https:\/\/brasilnoticias.org\/site\/capitao-alden-quer-classificar-como-terrorismo-os-atos-de-invasao-de-terra\/#primaryimage\",\"url\":\"https:\/\/brasilnoticias.org\/site\/wp-content\/uploads\/2023\/03\/WhatsApp-Image-2023-03-06-at-17.25.15.jpeg\",\"contentUrl\":\"https:\/\/brasilnoticias.org\/site\/wp-content\/uploads\/2023\/03\/WhatsApp-Image-2023-03-06-at-17.25.15.jpeg\",\"width\":936,\"height\":1024},{\"@type\":\"BreadcrumbList\",\"@id\":\"https:\/\/brasilnoticias.org\/site\/capitao-alden-quer-classificar-como-terrorismo-os-atos-de-invasao-de-terra\/#breadcrumb\",\"itemListElement\":[{\"@type\":\"ListItem\",\"position\":1,\"name\":\"In\u00edcio\",\"item\":\"https:\/\/brasilnoticias.org\/site\/\"},{\"@type\":\"ListItem\",\"position\":2,\"name\":\"Capit\u00e3o Alden quer classificar como terrorismo os atos de invas\u00e3o de terra\"}]},{\"@type\":\"WebSite\",\"@id\":\"https:\/\/brasilnoticias.org\/site\/#website\",\"url\":\"https:\/\/brasilnoticias.org\/site\/\",\"name\":\"Brasil not\u00edcias\",\"description\":\"Brasil not\u00edcias\",\"publisher\":{\"@id\":\"https:\/\/brasilnoticias.org\/site\/#organization\"},\"potentialAction\":[{\"@type\":\"SearchAction\",\"target\":{\"@type\":\"EntryPoint\",\"urlTemplate\":\"https:\/\/brasilnoticias.org\/site\/?s={search_term_string}\"},\"query-input\":{\"@type\":\"PropertyValueSpecification\",\"valueRequired\":true,\"valueName\":\"search_term_string\"}}],\"inLanguage\":\"pt-PT\"},{\"@type\":\"Organization\",\"@id\":\"https:\/\/brasilnoticias.org\/site\/#organization\",\"name\":\"Brasil not\u00edcias\",\"url\":\"https:\/\/brasilnoticias.org\/site\/\",\"logo\":{\"@type\":\"ImageObject\",\"inLanguage\":\"pt-PT\",\"@id\":\"https:\/\/brasilnoticias.org\/site\/#\/schema\/logo\/image\/\",\"url\":\"https:\/\/brasilnoticias.org\/site\/wp-content\/uploads\/2022\/05\/cropped-brasilnoticias-mini.jpg\",\"contentUrl\":\"https:\/\/brasilnoticias.org\/site\/wp-content\/uploads\/2022\/05\/cropped-brasilnoticias-mini.jpg\",\"width\":314,\"height\":86,\"caption\":\"Brasil not\u00edcias\"},\"image\":{\"@id\":\"https:\/\/brasilnoticias.org\/site\/#\/schema\/logo\/image\/\"}},{\"@type\":\"Person\",\"@id\":\"https:\/\/brasilnoticias.org\/site\/#\/schema\/person\/a0e05b973ec4d15c658d51911e53507b\",\"name\":\"Reda\u00e7\u00e3o\",\"image\":{\"@type\":\"ImageObject\",\"inLanguage\":\"pt-PT\",\"@id\":\"https:\/\/brasilnoticias.org\/site\/#\/schema\/person\/image\/\",\"url\":\"https:\/\/secure.gravatar.com\/avatar\/75d8b050df2de108b08ae78dfb8e374892df24a383c67db9c46a9c604f6aee9c?s=96&d=mm&r=g\",\"contentUrl\":\"https:\/\/secure.gravatar.com\/avatar\/75d8b050df2de108b08ae78dfb8e374892df24a383c67db9c46a9c604f6aee9c?s=96&d=mm&r=g\",\"caption\":\"Reda\u00e7\u00e3o\"},\"sameAs\":[\"https:\/\/brasilnoticias.org\/site\"],\"url\":\"https:\/\/brasilnoticias.org\/site\/author\/fernandozsngmail-com\/\"}]}<\/script>\n<!-- \/ Yoast SEO plugin. -->","yoast_head_json":{"title":"Capit\u00e3o Alden quer classificar como terrorismo os atos de invas\u00e3o de terra - Brasil not\u00edcias","robots":{"index":"index","follow":"follow","max-snippet":"max-snippet:-1","max-image-preview":"max-image-preview:large","max-video-preview":"max-video-preview:-1"},"canonical":"https:\/\/brasilnoticias.org\/site\/capitao-alden-quer-classificar-como-terrorismo-os-atos-de-invasao-de-terra\/","og_locale":"pt_PT","og_type":"article","og_title":"Capit\u00e3o Alden quer classificar como terrorismo os atos de invas\u00e3o de terra - Brasil not\u00edcias","og_description":"Deputado federal vai em defesa dos propriet\u00e1rios de terras que foram v\u00edtimas do MST As recorrentes invas\u00f5es de terras que","og_url":"https:\/\/brasilnoticias.org\/site\/capitao-alden-quer-classificar-como-terrorismo-os-atos-de-invasao-de-terra\/","og_site_name":"Brasil not\u00edcias","article_published_time":"2023-03-06T21:30:08+00:00","article_modified_time":"2023-03-07T15:55:49+00:00","og_image":[{"width":936,"height":1024,"url":"https:\/\/brasilnoticias.org\/site\/wp-content\/uploads\/2023\/03\/WhatsApp-Image-2023-03-06-at-17.25.15.jpeg","type":"image\/jpeg"}],"author":"Reda\u00e7\u00e3o","twitter_card":"summary_large_image","twitter_misc":{"Escrito por":"Reda\u00e7\u00e3o","Tempo estimado de leitura":"2 minutos"},"schema":{"@context":"https:\/\/schema.org","@graph":[{"@type":"Article","@id":"https:\/\/brasilnoticias.org\/site\/capitao-alden-quer-classificar-como-terrorismo-os-atos-de-invasao-de-terra\/#article","isPartOf":{"@id":"https:\/\/brasilnoticias.org\/site\/capitao-alden-quer-classificar-como-terrorismo-os-atos-de-invasao-de-terra\/"},"author":{"name":"Reda\u00e7\u00e3o","@id":"https:\/\/brasilnoticias.org\/site\/#\/schema\/person\/a0e05b973ec4d15c658d51911e53507b"},"headline":"Capit\u00e3o Alden quer classificar como terrorismo os atos de invas\u00e3o de terra","datePublished":"2023-03-06T21:30:08+00:00","dateModified":"2023-03-07T15:55:49+00:00","mainEntityOfPage":{"@id":"https:\/\/brasilnoticias.org\/site\/capitao-alden-quer-classificar-como-terrorismo-os-atos-de-invasao-de-terra\/"},"wordCount":241,"commentCount":0,"publisher":{"@id":"https:\/\/brasilnoticias.org\/site\/#organization"},"image":{"@id":"https:\/\/brasilnoticias.org\/site\/capitao-alden-quer-classificar-como-terrorismo-os-atos-de-invasao-de-terra\/#primaryimage"},"thumbnailUrl":"https:\/\/brasilnoticias.org\/site\/wp-content\/uploads\/2023\/03\/WhatsApp-Image-2023-03-06-at-17.25.15.jpeg","articleSection":["Pol\u00edtica"],"inLanguage":"pt-PT","potentialAction":[{"@type":"CommentAction","name":"Comment","target":["https:\/\/brasilnoticias.org\/site\/capitao-alden-quer-classificar-como-terrorismo-os-atos-de-invasao-de-terra\/#respond"]}]},{"@type":"WebPage","@id":"https:\/\/brasilnoticias.org\/site\/capitao-alden-quer-classificar-como-terrorismo-os-atos-de-invasao-de-terra\/","url":"https:\/\/brasilnoticias.org\/site\/capitao-alden-quer-classificar-como-terrorismo-os-atos-de-invasao-de-terra\/","name":"Capit\u00e3o Alden quer classificar como terrorismo os atos de invas\u00e3o de terra - Brasil not\u00edcias","isPartOf":{"@id":"https:\/\/brasilnoticias.org\/site\/#website"},"primaryImageOfPage":{"@id":"https:\/\/brasilnoticias.org\/site\/capitao-alden-quer-classificar-como-terrorismo-os-atos-de-invasao-de-terra\/#primaryimage"},"image":{"@id":"https:\/\/brasilnoticias.org\/site\/capitao-alden-quer-classificar-como-terrorismo-os-atos-de-invasao-de-terra\/#primaryimage"},"thumbnailUrl":"https:\/\/brasilnoticias.org\/site\/wp-content\/uploads\/2023\/03\/WhatsApp-Image-2023-03-06-at-17.25.15.jpeg","datePublished":"2023-03-06T21:30:08+00:00","dateModified":"2023-03-07T15:55:49+00:00","breadcrumb":{"@id":"https:\/\/brasilnoticias.org\/site\/capitao-alden-quer-classificar-como-terrorismo-os-atos-de-invasao-de-terra\/#breadcrumb"},"inLanguage":"pt-PT","potentialAction":[{"@type":"ReadAction","target":["https:\/\/brasilnoticias.org\/site\/capitao-alden-quer-classificar-como-terrorismo-os-atos-de-invasao-de-terra\/"]}]},{"@type":"ImageObject","inLanguage":"pt-PT","@id":"https:\/\/brasilnoticias.org\/site\/capitao-alden-quer-classificar-como-terrorismo-os-atos-de-invasao-de-terra\/#primaryimage","url":"https:\/\/brasilnoticias.org\/site\/wp-content\/uploads\/2023\/03\/WhatsApp-Image-2023-03-06-at-17.25.15.jpeg","contentUrl":"https:\/\/brasilnoticias.org\/site\/wp-content\/uploads\/2023\/03\/WhatsApp-Image-2023-03-06-at-17.25.15.jpeg","width":936,"height":1024},{"@type":"BreadcrumbList","@id":"https:\/\/brasilnoticias.org\/site\/capitao-alden-quer-classificar-como-terrorismo-os-atos-de-invasao-de-terra\/#breadcrumb","itemListElement":[{"@type":"ListItem","position":1,"name":"In\u00edcio","item":"https:\/\/brasilnoticias.org\/site\/"},{"@type":"ListItem","position":2,"name":"Capit\u00e3o Alden quer classificar como terrorismo os atos de invas\u00e3o de terra"}]},{"@type":"WebSite","@id":"https:\/\/brasilnoticias.org\/site\/#website","url":"https:\/\/brasilnoticias.org\/site\/","name":"Brasil not\u00edcias","description":"Brasil not\u00edcias","publisher":{"@id":"https:\/\/brasilnoticias.org\/site\/#organization"},"potentialAction":[{"@type":"SearchAction","target":{"@type":"EntryPoint","urlTemplate":"https:\/\/brasilnoticias.org\/site\/?s={search_term_string}"},"query-input":{"@type":"PropertyValueSpecification","valueRequired":true,"valueName":"search_term_string"}}],"inLanguage":"pt-PT"},{"@type":"Organization","@id":"https:\/\/brasilnoticias.org\/site\/#organization","name":"Brasil not\u00edcias","url":"https:\/\/brasilnoticias.org\/site\/","logo":{"@type":"ImageObject","inLanguage":"pt-PT","@id":"https:\/\/brasilnoticias.org\/site\/#\/schema\/logo\/image\/","url":"https:\/\/brasilnoticias.org\/site\/wp-content\/uploads\/2022\/05\/cropped-brasilnoticias-mini.jpg","contentUrl":"https:\/\/brasilnoticias.org\/site\/wp-content\/uploads\/2022\/05\/cropped-brasilnoticias-mini.jpg","width":314,"height":86,"caption":"Brasil not\u00edcias"},"image":{"@id":"https:\/\/brasilnoticias.org\/site\/#\/schema\/logo\/image\/"}},{"@type":"Person","@id":"https:\/\/brasilnoticias.org\/site\/#\/schema\/person\/a0e05b973ec4d15c658d51911e53507b","name":"Reda\u00e7\u00e3o","image":{"@type":"ImageObject","inLanguage":"pt-PT","@id":"https:\/\/brasilnoticias.org\/site\/#\/schema\/person\/image\/","url":"https:\/\/secure.gravatar.com\/avatar\/75d8b050df2de108b08ae78dfb8e374892df24a383c67db9c46a9c604f6aee9c?s=96&d=mm&r=g","contentUrl":"https:\/\/secure.gravatar.com\/avatar\/75d8b050df2de108b08ae78dfb8e374892df24a383c67db9c46a9c604f6aee9c?s=96&d=mm&r=g","caption":"Reda\u00e7\u00e3o"},"sameAs":["https:\/\/brasilnoticias.org\/site"],"url":"https:\/\/brasilnoticias.org\/site\/author\/fernandozsngmail-com\/"}]}},"_links":{"self":[{"href":"https:\/\/brasilnoticias.org\/site\/wp-json\/wp\/v2\/posts\/4534","targetHints":{"allow":["GET"]}}],"collection":[{"href":"https:\/\/brasilnoticias.org\/site\/wp-json\/wp\/v2\/posts"}],"about":[{"href":"https:\/\/brasilnoticias.org\/site\/wp-json\/wp\/v2\/types\/post"}],"author":[{"embeddable":true,"href":"https:\/\/brasilnoticias.org\/site\/wp-json\/wp\/v2\/users\/1"}],"replies":[{"embeddable":true,"href":"https:\/\/brasilnoticias.org\/site\/wp-json\/wp\/v2\/comments?post=4534"}],"version-history":[{"count":1,"href":"https:\/\/brasilnoticias.org\/site\/wp-json\/wp\/v2\/posts\/4534\/revisions"}],"predecessor-version":[{"id":4536,"href":"https:\/\/brasilnoticias.org\/site\/wp-json\/wp\/v2\/posts\/4534\/revisions\/4536"}],"wp:featuredmedia":[{"embeddable":true,"href":"https:\/\/brasilnoticias.org\/site\/wp-json\/wp\/v2\/media\/4535"}],"wp:attachment":[{"href":"https:\/\/brasilnoticias.org\/site\/wp-json\/wp\/v2\/media?parent=4534"}],"wp:term":[{"taxonomy":"category","embeddable":true,"href":"https:\/\/brasilnoticias.org\/site\/wp-json\/wp\/v2\/categories?post=4534"},{"taxonomy":"post_tag","embeddable":true,"href":"https:\/\/brasilnoticias.org\/site\/wp-json\/wp\/v2\/tags?post=4534"}],"curies":[{"name":"wp","href":"https:\/\/api.w.org\/{rel}","templated":true}]}}