{"id":4537,"date":"2023-03-07T12:57:55","date_gmt":"2023-03-07T15:57:55","guid":{"rendered":"https:\/\/brasilnoticias.org\/site\/?p=4537"},"modified":"2023-03-07T13:18:11","modified_gmt":"2023-03-07T16:18:11","slug":"raimundo-costa-inaugura-fabrica-de-gelo-em-valenca-ba","status":"publish","type":"post","link":"https:\/\/brasilnoticias.org\/site\/raimundo-costa-inaugura-fabrica-de-gelo-em-valenca-ba\/","title":{"rendered":"Raimundo Costa inaugura f\u00e1brica de gelo em Valen\u00e7a (BA)"},"content":{"rendered":"<p>Nova f\u00e1brica de gelo permitir\u00e1 um volume de 24 toneladas ao dia, garantindo, assim, um melhor armazenamento do pescado <\/p>\n<p>Os pescadores de Valen\u00e7a (BA) e regi\u00e3o ser\u00e3o beneficiados com uma f\u00e1brica de gelo, inaugurada na manh\u00e3 desta segunda-feira (6) no munic\u00edpio. Fruto de emenda parlamentar do deputado federal Raimundo Costa (Podemos-BA), a f\u00e1brica chega para apoiar a produ\u00e7\u00e3o de peixe local e principalmente, garantir\u00e1 o armazenamento do pescado da col\u00f4nia de pescadores do munic\u00edpio.<\/p>\n<p>A f\u00e1brica de gelo era um pedido antigo dos pescadores e marisqueiras do munic\u00edpio e foi atendido pelo parlamentar da pesca, Raimundo Costa. O empreendimento ofertar\u00e1 gelo a um custo menor aos pescadores filiados \u00e0 col\u00f4nia de pescadores Z-15 e aos que comprovarem a atividade pesqueira. \u201cEsse empreendimento vai permitir que o pescador, que hoje compra uma cuba de gelo de R$ 10, passar\u00e1 a comprar agora por R$ 6\u201d, disse o parlamentar.<\/p>\n<p>O tempo total para fabrica\u00e7\u00e3o de gelo na nova f\u00e1brica \u00e9 de 12 minutos. \u201cExistia uma demanda muito forte que a col\u00f4nia perdeu a condi\u00e7\u00e3o de oferecer, porque tinha uma m\u00e1quina ultrapassada, e essa m\u00e1quina agora permitir\u00e1 um volume de 24 toneladas ao dia\u201d, comentou Raimundo Costa.<\/p>\n<p>Atrav\u00e9s do Minist\u00e9rio da Agricultura, o parlamentar destinou o valor de R$ 3 milh\u00f5es para a constru\u00e7\u00e3o de um novo mercado de peixe e uma f\u00e1brica de gelo em Valen\u00e7a (BA). Entretanto, a constru\u00e7\u00e3o do novo mercado do peixe se encontra travada. \u201cInfelizmente a obra do mercado do peixe ainda n\u00e3o aconteceu por uma a\u00e7\u00e3o pol\u00edtica, porque esse recurso, como eu disse antes, faz parte do volume total de R$ 3 milh\u00f5es. R$ 1,1 milh\u00e3o para f\u00e1brica de gelo e R$ 1,9 milh\u00e3o para o mercado do peixe\u201d, lamentou.<\/p>\n<p>Recursos travados<\/p>\n<p>Raimundo Costa tamb\u00e9m relembrou a\u00e7\u00f5es que poderiam j\u00e1 estar em curso. \u201c\u00c9 uma satisfa\u00e7\u00e3o como deputado federal ter feito essa inaugura\u00e7\u00e3o, mas poderia fazer muito mais, como os recursos a exemplo do mercado o peixe, a requalifica\u00e7\u00e3o do saneamento b\u00e1sico da Nova Cana\u00e3 no Guaibim, a Unidade B\u00e1sica do munic\u00edpio que pode perder o recurso, pois o prazo era ate dia 31 de dezembro de 2022\u201d.<\/p>\n<p>Ao lado da ex-prefeita Jucelia Nascimento, do vereador Ryan Costa, da ex vereadora Vane Costa, da presidente da Col\u00f4nia Z-15, Maria das Gra\u00e7as, o deputado da pesca celebrou a a\u00e7\u00e3o. \u201cMuito feliz hoje porque estamos entregando uma a\u00e7\u00e3o muito forte do deputado da pesca, do deputado de Valen\u00e7a, da Bahia e de todos voc\u00eas pescadores, como a gente tem feito em tantos outros lugares\u201d.<\/p>\n<div id='gallery-1' class='gallery galleryid-4537 gallery-columns-2 gallery-size-colormag-featured-image'><figure class='gallery-item'>\n\t\t\t<div class='gallery-icon landscape'>\n\t\t\t\t<a href='https:\/\/brasilnoticias.org\/site\/raimundo-costa-inaugura-fabrica-de-gelo-em-valenca-ba\/whatsapp-image-2023-03-06-at-17-22-46-1\/'><img loading=\"lazy\" decoding=\"async\" width=\"800\" height=\"445\" src=\"https:\/\/brasilnoticias.org\/site\/wp-content\/uploads\/2023\/03\/WhatsApp-Image-2023-03-06-at-17.22.46-1-800x445.jpeg\" class=\"attachment-colormag-featured-image size-colormag-featured-image\" alt=\"\" \/><\/a>\n\t\t\t<\/div><\/figure><figure class='gallery-item'>\n\t\t\t<div class='gallery-icon portrait'>\n\t\t\t\t<a href='https:\/\/brasilnoticias.org\/site\/raimundo-costa-inaugura-fabrica-de-gelo-em-valenca-ba\/whatsapp-image-2023-03-06-at-17-22-46\/'><img loading=\"lazy\" decoding=\"async\" width=\"800\" height=\"445\" src=\"https:\/\/brasilnoticias.org\/site\/wp-content\/uploads\/2023\/03\/WhatsApp-Image-2023-03-06-at-17.22.46-800x445.jpeg\" class=\"attachment-colormag-featured-image size-colormag-featured-image\" alt=\"\" \/><\/a>\n\t\t\t<\/div><\/figure><figure class='gallery-item'>\n\t\t\t<div class='gallery-icon portrait'>\n\t\t\t\t<a href='https:\/\/brasilnoticias.org\/site\/raimundo-costa-inaugura-fabrica-de-gelo-em-valenca-ba\/whatsapp-image-2023-03-06-at-17-22-45-2\/'><img loading=\"lazy\" decoding=\"async\" width=\"800\" height=\"445\" src=\"https:\/\/brasilnoticias.org\/site\/wp-content\/uploads\/2023\/03\/WhatsApp-Image-2023-03-06-at-17.22.45-2-800x445.jpeg\" class=\"attachment-colormag-featured-image size-colormag-featured-image\" alt=\"\" \/><\/a>\n\t\t\t<\/div><\/figure><figure class='gallery-item'>\n\t\t\t<div class='gallery-icon landscape'>\n\t\t\t\t<a href='https:\/\/brasilnoticias.org\/site\/raimundo-costa-inaugura-fabrica-de-gelo-em-valenca-ba\/whatsapp-image-2023-03-06-at-17-22-45-1\/'><img loading=\"lazy\" decoding=\"async\" width=\"800\" height=\"445\" src=\"https:\/\/brasilnoticias.org\/site\/wp-content\/uploads\/2023\/03\/WhatsApp-Image-2023-03-06-at-17.22.45-1-800x445.jpeg\" class=\"attachment-colormag-featured-image size-colormag-featured-image\" alt=\"\" \/><\/a>\n\t\t\t<\/div><\/figure><figure class='gallery-item'>\n\t\t\t<div class='gallery-icon landscape'>\n\t\t\t\t<a href='https:\/\/brasilnoticias.org\/site\/raimundo-costa-inaugura-fabrica-de-gelo-em-valenca-ba\/whatsapp-image-2023-03-06-at-17-22-45\/'><img loading=\"lazy\" decoding=\"async\" width=\"800\" height=\"445\" src=\"https:\/\/brasilnoticias.org\/site\/wp-content\/uploads\/2023\/03\/WhatsApp-Image-2023-03-06-at-17.22.45-800x445.jpeg\" class=\"attachment-colormag-featured-image size-colormag-featured-image\" alt=\"\" \/><\/a>\n\t\t\t<\/div><\/figure>\n\t\t<\/div>\n\n","protected":false},"excerpt":{"rendered":"<p>Nova f\u00e1brica de gelo permitir\u00e1 um volume de 24 toneladas ao dia, garantindo, assim, um melhor armazenamento do pescado Os<\/p>\n","protected":false},"author":1,"featured_media":4540,"comment_status":"open","ping_status":"open","sticky":false,"template":"","format":"standard","meta":{"colormag_page_container_layout":"default_layout","colormag_page_sidebar_layout":"default_layout","_FSMCFIC_featured_image_caption":"","_FSMCFIC_featured_image_nocaption":"","_FSMCFIC_featured_image_hide":"","footnotes":""},"categories":[5],"tags":[],"class_list":["post-4537","post","type-post","status-publish","format-standard","has-post-thumbnail","hentry","category-politica"],"yoast_head":"<!-- This site is optimized with the Yoast SEO plugin v27.1.1 - https:\/\/yoast.com\/product\/yoast-seo-wordpress\/ -->\n<title>Raimundo Costa inaugura f\u00e1brica de gelo em Valen\u00e7a (BA) - Brasil not\u00edcias<\/title>\n<meta name=\"robots\" content=\"index, follow, max-snippet:-1, max-image-preview:large, max-video-preview:-1\" \/>\n<link rel=\"canonical\" href=\"https:\/\/brasilnoticias.org\/site\/raimundo-costa-inaugura-fabrica-de-gelo-em-valenca-ba\/\" \/>\n<meta property=\"og:locale\" content=\"pt_PT\" \/>\n<meta property=\"og:type\" content=\"article\" \/>\n<meta property=\"og:title\" content=\"Raimundo Costa inaugura f\u00e1brica de gelo em Valen\u00e7a (BA) - Brasil not\u00edcias\" \/>\n<meta property=\"og:description\" content=\"Nova f\u00e1brica de gelo permitir\u00e1 um volume de 24 toneladas ao dia, garantindo, assim, um melhor armazenamento do pescado Os\" \/>\n<meta property=\"og:url\" content=\"https:\/\/brasilnoticias.org\/site\/raimundo-costa-inaugura-fabrica-de-gelo-em-valenca-ba\/\" \/>\n<meta property=\"og:site_name\" content=\"Brasil not\u00edcias\" \/>\n<meta property=\"article:published_time\" content=\"2023-03-07T15:57:55+00:00\" \/>\n<meta property=\"article:modified_time\" content=\"2023-03-07T16:18:11+00:00\" \/>\n<meta property=\"og:image\" content=\"https:\/\/brasilnoticias.org\/site\/wp-content\/uploads\/2023\/03\/WhatsApp-Image-2023-03-06-at-17.22.45-2.jpeg\" \/>\n\t<meta property=\"og:image:width\" content=\"828\" \/>\n\t<meta property=\"og:image:height\" content=\"1418\" \/>\n\t<meta property=\"og:image:type\" content=\"image\/jpeg\" \/>\n<meta name=\"author\" content=\"Reda\u00e7\u00e3o\" \/>\n<meta name=\"twitter:card\" content=\"summary_large_image\" \/>\n<meta name=\"twitter:label1\" content=\"Escrito por\" \/>\n\t<meta name=\"twitter:data1\" content=\"Reda\u00e7\u00e3o\" \/>\n\t<meta name=\"twitter:label2\" content=\"Tempo estimado de leitura\" \/>\n\t<meta name=\"twitter:data2\" content=\"3 minutos\" \/>\n<script type=\"application\/ld+json\" class=\"yoast-schema-graph\">{\"@context\":\"https:\/\/schema.org\",\"@graph\":[{\"@type\":\"Article\",\"@id\":\"https:\/\/brasilnoticias.org\/site\/raimundo-costa-inaugura-fabrica-de-gelo-em-valenca-ba\/#article\",\"isPartOf\":{\"@id\":\"https:\/\/brasilnoticias.org\/site\/raimundo-costa-inaugura-fabrica-de-gelo-em-valenca-ba\/\"},\"author\":{\"name\":\"Reda\u00e7\u00e3o\",\"@id\":\"https:\/\/brasilnoticias.org\/site\/#\/schema\/person\/a0e05b973ec4d15c658d51911e53507b\"},\"headline\":\"Raimundo Costa inaugura f\u00e1brica de gelo em Valen\u00e7a (BA)\",\"datePublished\":\"2023-03-07T15:57:55+00:00\",\"dateModified\":\"2023-03-07T16:18:11+00:00\",\"mainEntityOfPage\":{\"@id\":\"https:\/\/brasilnoticias.org\/site\/raimundo-costa-inaugura-fabrica-de-gelo-em-valenca-ba\/\"},\"wordCount\":461,\"commentCount\":0,\"publisher\":{\"@id\":\"https:\/\/brasilnoticias.org\/site\/#organization\"},\"image\":{\"@id\":\"https:\/\/brasilnoticias.org\/site\/raimundo-costa-inaugura-fabrica-de-gelo-em-valenca-ba\/#primaryimage\"},\"thumbnailUrl\":\"https:\/\/brasilnoticias.org\/site\/wp-content\/uploads\/2023\/03\/WhatsApp-Image-2023-03-06-at-17.22.45-2.jpeg\",\"articleSection\":[\"Pol\u00edtica\"],\"inLanguage\":\"pt-PT\",\"potentialAction\":[{\"@type\":\"CommentAction\",\"name\":\"Comment\",\"target\":[\"https:\/\/brasilnoticias.org\/site\/raimundo-costa-inaugura-fabrica-de-gelo-em-valenca-ba\/#respond\"]}]},{\"@type\":\"WebPage\",\"@id\":\"https:\/\/brasilnoticias.org\/site\/raimundo-costa-inaugura-fabrica-de-gelo-em-valenca-ba\/\",\"url\":\"https:\/\/brasilnoticias.org\/site\/raimundo-costa-inaugura-fabrica-de-gelo-em-valenca-ba\/\",\"name\":\"Raimundo Costa inaugura f\u00e1brica de gelo em Valen\u00e7a (BA) - Brasil not\u00edcias\",\"isPartOf\":{\"@id\":\"https:\/\/brasilnoticias.org\/site\/#website\"},\"primaryImageOfPage\":{\"@id\":\"https:\/\/brasilnoticias.org\/site\/raimundo-costa-inaugura-fabrica-de-gelo-em-valenca-ba\/#primaryimage\"},\"image\":{\"@id\":\"https:\/\/brasilnoticias.org\/site\/raimundo-costa-inaugura-fabrica-de-gelo-em-valenca-ba\/#primaryimage\"},\"thumbnailUrl\":\"https:\/\/brasilnoticias.org\/site\/wp-content\/uploads\/2023\/03\/WhatsApp-Image-2023-03-06-at-17.22.45-2.jpeg\",\"datePublished\":\"2023-03-07T15:57:55+00:00\",\"dateModified\":\"2023-03-07T16:18:11+00:00\",\"breadcrumb\":{\"@id\":\"https:\/\/brasilnoticias.org\/site\/raimundo-costa-inaugura-fabrica-de-gelo-em-valenca-ba\/#breadcrumb\"},\"inLanguage\":\"pt-PT\",\"potentialAction\":[{\"@type\":\"ReadAction\",\"target\":[\"https:\/\/brasilnoticias.org\/site\/raimundo-costa-inaugura-fabrica-de-gelo-em-valenca-ba\/\"]}]},{\"@type\":\"ImageObject\",\"inLanguage\":\"pt-PT\",\"@id\":\"https:\/\/brasilnoticias.org\/site\/raimundo-costa-inaugura-fabrica-de-gelo-em-valenca-ba\/#primaryimage\",\"url\":\"https:\/\/brasilnoticias.org\/site\/wp-content\/uploads\/2023\/03\/WhatsApp-Image-2023-03-06-at-17.22.45-2.jpeg\",\"contentUrl\":\"https:\/\/brasilnoticias.org\/site\/wp-content\/uploads\/2023\/03\/WhatsApp-Image-2023-03-06-at-17.22.45-2.jpeg\",\"width\":828,\"height\":1418},{\"@type\":\"BreadcrumbList\",\"@id\":\"https:\/\/brasilnoticias.org\/site\/raimundo-costa-inaugura-fabrica-de-gelo-em-valenca-ba\/#breadcrumb\",\"itemListElement\":[{\"@type\":\"ListItem\",\"position\":1,\"name\":\"In\u00edcio\",\"item\":\"https:\/\/brasilnoticias.org\/site\/\"},{\"@type\":\"ListItem\",\"position\":2,\"name\":\"Raimundo Costa inaugura f\u00e1brica de gelo em Valen\u00e7a (BA)\"}]},{\"@type\":\"WebSite\",\"@id\":\"https:\/\/brasilnoticias.org\/site\/#website\",\"url\":\"https:\/\/brasilnoticias.org\/site\/\",\"name\":\"Brasil not\u00edcias\",\"description\":\"Brasil not\u00edcias\",\"publisher\":{\"@id\":\"https:\/\/brasilnoticias.org\/site\/#organization\"},\"potentialAction\":[{\"@type\":\"SearchAction\",\"target\":{\"@type\":\"EntryPoint\",\"urlTemplate\":\"https:\/\/brasilnoticias.org\/site\/?s={search_term_string}\"},\"query-input\":{\"@type\":\"PropertyValueSpecification\",\"valueRequired\":true,\"valueName\":\"search_term_string\"}}],\"inLanguage\":\"pt-PT\"},{\"@type\":\"Organization\",\"@id\":\"https:\/\/brasilnoticias.org\/site\/#organization\",\"name\":\"Brasil not\u00edcias\",\"url\":\"https:\/\/brasilnoticias.org\/site\/\",\"logo\":{\"@type\":\"ImageObject\",\"inLanguage\":\"pt-PT\",\"@id\":\"https:\/\/brasilnoticias.org\/site\/#\/schema\/logo\/image\/\",\"url\":\"https:\/\/brasilnoticias.org\/site\/wp-content\/uploads\/2022\/05\/cropped-brasilnoticias-mini.jpg\",\"contentUrl\":\"https:\/\/brasilnoticias.org\/site\/wp-content\/uploads\/2022\/05\/cropped-brasilnoticias-mini.jpg\",\"width\":314,\"height\":86,\"caption\":\"Brasil not\u00edcias\"},\"image\":{\"@id\":\"https:\/\/brasilnoticias.org\/site\/#\/schema\/logo\/image\/\"}},{\"@type\":\"Person\",\"@id\":\"https:\/\/brasilnoticias.org\/site\/#\/schema\/person\/a0e05b973ec4d15c658d51911e53507b\",\"name\":\"Reda\u00e7\u00e3o\",\"image\":{\"@type\":\"ImageObject\",\"inLanguage\":\"pt-PT\",\"@id\":\"https:\/\/brasilnoticias.org\/site\/#\/schema\/person\/image\/\",\"url\":\"https:\/\/secure.gravatar.com\/avatar\/75d8b050df2de108b08ae78dfb8e374892df24a383c67db9c46a9c604f6aee9c?s=96&d=mm&r=g\",\"contentUrl\":\"https:\/\/secure.gravatar.com\/avatar\/75d8b050df2de108b08ae78dfb8e374892df24a383c67db9c46a9c604f6aee9c?s=96&d=mm&r=g\",\"caption\":\"Reda\u00e7\u00e3o\"},\"sameAs\":[\"https:\/\/brasilnoticias.org\/site\"],\"url\":\"https:\/\/brasilnoticias.org\/site\/author\/fernandozsngmail-com\/\"}]}<\/script>\n<!-- \/ Yoast SEO plugin. -->","yoast_head_json":{"title":"Raimundo Costa inaugura f\u00e1brica de gelo em Valen\u00e7a (BA) - Brasil not\u00edcias","robots":{"index":"index","follow":"follow","max-snippet":"max-snippet:-1","max-image-preview":"max-image-preview:large","max-video-preview":"max-video-preview:-1"},"canonical":"https:\/\/brasilnoticias.org\/site\/raimundo-costa-inaugura-fabrica-de-gelo-em-valenca-ba\/","og_locale":"pt_PT","og_type":"article","og_title":"Raimundo Costa inaugura f\u00e1brica de gelo em Valen\u00e7a (BA) - Brasil not\u00edcias","og_description":"Nova f\u00e1brica de gelo permitir\u00e1 um volume de 24 toneladas ao dia, garantindo, assim, um melhor armazenamento do pescado Os","og_url":"https:\/\/brasilnoticias.org\/site\/raimundo-costa-inaugura-fabrica-de-gelo-em-valenca-ba\/","og_site_name":"Brasil not\u00edcias","article_published_time":"2023-03-07T15:57:55+00:00","article_modified_time":"2023-03-07T16:18:11+00:00","og_image":[{"width":828,"height":1418,"url":"https:\/\/brasilnoticias.org\/site\/wp-content\/uploads\/2023\/03\/WhatsApp-Image-2023-03-06-at-17.22.45-2.jpeg","type":"image\/jpeg"}],"author":"Reda\u00e7\u00e3o","twitter_card":"summary_large_image","twitter_misc":{"Escrito por":"Reda\u00e7\u00e3o","Tempo estimado de leitura":"3 minutos"},"schema":{"@context":"https:\/\/schema.org","@graph":[{"@type":"Article","@id":"https:\/\/brasilnoticias.org\/site\/raimundo-costa-inaugura-fabrica-de-gelo-em-valenca-ba\/#article","isPartOf":{"@id":"https:\/\/brasilnoticias.org\/site\/raimundo-costa-inaugura-fabrica-de-gelo-em-valenca-ba\/"},"author":{"name":"Reda\u00e7\u00e3o","@id":"https:\/\/brasilnoticias.org\/site\/#\/schema\/person\/a0e05b973ec4d15c658d51911e53507b"},"headline":"Raimundo Costa inaugura f\u00e1brica de gelo em Valen\u00e7a (BA)","datePublished":"2023-03-07T15:57:55+00:00","dateModified":"2023-03-07T16:18:11+00:00","mainEntityOfPage":{"@id":"https:\/\/brasilnoticias.org\/site\/raimundo-costa-inaugura-fabrica-de-gelo-em-valenca-ba\/"},"wordCount":461,"commentCount":0,"publisher":{"@id":"https:\/\/brasilnoticias.org\/site\/#organization"},"image":{"@id":"https:\/\/brasilnoticias.org\/site\/raimundo-costa-inaugura-fabrica-de-gelo-em-valenca-ba\/#primaryimage"},"thumbnailUrl":"https:\/\/brasilnoticias.org\/site\/wp-content\/uploads\/2023\/03\/WhatsApp-Image-2023-03-06-at-17.22.45-2.jpeg","articleSection":["Pol\u00edtica"],"inLanguage":"pt-PT","potentialAction":[{"@type":"CommentAction","name":"Comment","target":["https:\/\/brasilnoticias.org\/site\/raimundo-costa-inaugura-fabrica-de-gelo-em-valenca-ba\/#respond"]}]},{"@type":"WebPage","@id":"https:\/\/brasilnoticias.org\/site\/raimundo-costa-inaugura-fabrica-de-gelo-em-valenca-ba\/","url":"https:\/\/brasilnoticias.org\/site\/raimundo-costa-inaugura-fabrica-de-gelo-em-valenca-ba\/","name":"Raimundo Costa inaugura f\u00e1brica de gelo em Valen\u00e7a (BA) - Brasil not\u00edcias","isPartOf":{"@id":"https:\/\/brasilnoticias.org\/site\/#website"},"primaryImageOfPage":{"@id":"https:\/\/brasilnoticias.org\/site\/raimundo-costa-inaugura-fabrica-de-gelo-em-valenca-ba\/#primaryimage"},"image":{"@id":"https:\/\/brasilnoticias.org\/site\/raimundo-costa-inaugura-fabrica-de-gelo-em-valenca-ba\/#primaryimage"},"thumbnailUrl":"https:\/\/brasilnoticias.org\/site\/wp-content\/uploads\/2023\/03\/WhatsApp-Image-2023-03-06-at-17.22.45-2.jpeg","datePublished":"2023-03-07T15:57:55+00:00","dateModified":"2023-03-07T16:18:11+00:00","breadcrumb":{"@id":"https:\/\/brasilnoticias.org\/site\/raimundo-costa-inaugura-fabrica-de-gelo-em-valenca-ba\/#breadcrumb"},"inLanguage":"pt-PT","potentialAction":[{"@type":"ReadAction","target":["https:\/\/brasilnoticias.org\/site\/raimundo-costa-inaugura-fabrica-de-gelo-em-valenca-ba\/"]}]},{"@type":"ImageObject","inLanguage":"pt-PT","@id":"https:\/\/brasilnoticias.org\/site\/raimundo-costa-inaugura-fabrica-de-gelo-em-valenca-ba\/#primaryimage","url":"https:\/\/brasilnoticias.org\/site\/wp-content\/uploads\/2023\/03\/WhatsApp-Image-2023-03-06-at-17.22.45-2.jpeg","contentUrl":"https:\/\/brasilnoticias.org\/site\/wp-content\/uploads\/2023\/03\/WhatsApp-Image-2023-03-06-at-17.22.45-2.jpeg","width":828,"height":1418},{"@type":"BreadcrumbList","@id":"https:\/\/brasilnoticias.org\/site\/raimundo-costa-inaugura-fabrica-de-gelo-em-valenca-ba\/#breadcrumb","itemListElement":[{"@type":"ListItem","position":1,"name":"In\u00edcio","item":"https:\/\/brasilnoticias.org\/site\/"},{"@type":"ListItem","position":2,"name":"Raimundo Costa inaugura f\u00e1brica de gelo em Valen\u00e7a (BA)"}]},{"@type":"WebSite","@id":"https:\/\/brasilnoticias.org\/site\/#website","url":"https:\/\/brasilnoticias.org\/site\/","name":"Brasil not\u00edcias","description":"Brasil not\u00edcias","publisher":{"@id":"https:\/\/brasilnoticias.org\/site\/#organization"},"potentialAction":[{"@type":"SearchAction","target":{"@type":"EntryPoint","urlTemplate":"https:\/\/brasilnoticias.org\/site\/?s={search_term_string}"},"query-input":{"@type":"PropertyValueSpecification","valueRequired":true,"valueName":"search_term_string"}}],"inLanguage":"pt-PT"},{"@type":"Organization","@id":"https:\/\/brasilnoticias.org\/site\/#organization","name":"Brasil not\u00edcias","url":"https:\/\/brasilnoticias.org\/site\/","logo":{"@type":"ImageObject","inLanguage":"pt-PT","@id":"https:\/\/brasilnoticias.org\/site\/#\/schema\/logo\/image\/","url":"https:\/\/brasilnoticias.org\/site\/wp-content\/uploads\/2022\/05\/cropped-brasilnoticias-mini.jpg","contentUrl":"https:\/\/brasilnoticias.org\/site\/wp-content\/uploads\/2022\/05\/cropped-brasilnoticias-mini.jpg","width":314,"height":86,"caption":"Brasil not\u00edcias"},"image":{"@id":"https:\/\/brasilnoticias.org\/site\/#\/schema\/logo\/image\/"}},{"@type":"Person","@id":"https:\/\/brasilnoticias.org\/site\/#\/schema\/person\/a0e05b973ec4d15c658d51911e53507b","name":"Reda\u00e7\u00e3o","image":{"@type":"ImageObject","inLanguage":"pt-PT","@id":"https:\/\/brasilnoticias.org\/site\/#\/schema\/person\/image\/","url":"https:\/\/secure.gravatar.com\/avatar\/75d8b050df2de108b08ae78dfb8e374892df24a383c67db9c46a9c604f6aee9c?s=96&d=mm&r=g","contentUrl":"https:\/\/secure.gravatar.com\/avatar\/75d8b050df2de108b08ae78dfb8e374892df24a383c67db9c46a9c604f6aee9c?s=96&d=mm&r=g","caption":"Reda\u00e7\u00e3o"},"sameAs":["https:\/\/brasilnoticias.org\/site"],"url":"https:\/\/brasilnoticias.org\/site\/author\/fernandozsngmail-com\/"}]}},"_links":{"self":[{"href":"https:\/\/brasilnoticias.org\/site\/wp-json\/wp\/v2\/posts\/4537","targetHints":{"allow":["GET"]}}],"collection":[{"href":"https:\/\/brasilnoticias.org\/site\/wp-json\/wp\/v2\/posts"}],"about":[{"href":"https:\/\/brasilnoticias.org\/site\/wp-json\/wp\/v2\/types\/post"}],"author":[{"embeddable":true,"href":"https:\/\/brasilnoticias.org\/site\/wp-json\/wp\/v2\/users\/1"}],"replies":[{"embeddable":true,"href":"https:\/\/brasilnoticias.org\/site\/wp-json\/wp\/v2\/comments?post=4537"}],"version-history":[{"count":1,"href":"https:\/\/brasilnoticias.org\/site\/wp-json\/wp\/v2\/posts\/4537\/revisions"}],"predecessor-version":[{"id":4543,"href":"https:\/\/brasilnoticias.org\/site\/wp-json\/wp\/v2\/posts\/4537\/revisions\/4543"}],"wp:featuredmedia":[{"embeddable":true,"href":"https:\/\/brasilnoticias.org\/site\/wp-json\/wp\/v2\/media\/4540"}],"wp:attachment":[{"href":"https:\/\/brasilnoticias.org\/site\/wp-json\/wp\/v2\/media?parent=4537"}],"wp:term":[{"taxonomy":"category","embeddable":true,"href":"https:\/\/brasilnoticias.org\/site\/wp-json\/wp\/v2\/categories?post=4537"},{"taxonomy":"post_tag","embeddable":true,"href":"https:\/\/brasilnoticias.org\/site\/wp-json\/wp\/v2\/tags?post=4537"}],"curies":[{"name":"wp","href":"https:\/\/api.w.org\/{rel}","templated":true}]}}