{"id":4572,"date":"2023-03-08T07:22:53","date_gmt":"2023-03-08T10:22:53","guid":{"rendered":"https:\/\/brasilnoticias.org\/site\/?p=4572"},"modified":"2023-03-08T07:22:53","modified_gmt":"2023-03-08T10:22:53","slug":"nenhuma-novidade-para-um-grupo-que-ja-defendeu-o-trafico-como-meio-empregaticio-para-jovens-diz-capitao-alden-apos-ministro-defender-legalizacao-das-drogas","status":"publish","type":"post","link":"https:\/\/brasilnoticias.org\/site\/nenhuma-novidade-para-um-grupo-que-ja-defendeu-o-trafico-como-meio-empregaticio-para-jovens-diz-capitao-alden-apos-ministro-defender-legalizacao-das-drogas\/","title":{"rendered":"\u201cNenhuma novidade para um grupo que j\u00e1 defendeu o tr\u00e1fico como meio empregat\u00edcio para jovens\u201d, diz Capit\u00e3o Alden ap\u00f3s ministro defender legaliza\u00e7\u00e3o das drogas"},"content":{"rendered":"<p>Reagindo \u00e0 declara\u00e7\u00e3o do ministro dos Direitos Humanos e da Cidadania, Silvio Almeida, que defendeu descriminalizar drogas para reduzir a popula\u00e7\u00e3o carcer\u00e1ria, o deputado federal Capit\u00e3o Alden (PL-BA) criticou a opini\u00e3o, mas afirmou que n\u00e3o se surpreendeu com a declara\u00e7\u00e3o. <\/p>\n<p>Para o parlamentar, o grupo petista segue a linha de proteger criminosos e transferir a responsabilidade do combate \u00e0 inseguran\u00e7a p\u00fablica. \u201cAo inv\u00e9s de se discutir melhores condi\u00e7\u00f5es para os agentes e pol\u00edticas de educa\u00e7\u00e3o, este governo prefere abra\u00e7ar a descrimina\u00e7\u00e3o das drogas, como j\u00e1 defenderam o tr\u00e1fico como meio empregat\u00edcio de jovens. Um verdadeiro tapa na cara da sociedade\u201d, disse Alden. <\/p>\n<p>O deputado federal ainda questionou ao ministro \u201cse ele teria coragem de dizer a uma m\u00e3e de fam\u00edlia que sofre com os seus filhos no tr\u00e1fico que o Governo Federal ir\u00e1 promover a regulamenta\u00e7\u00e3o das drogas\u201d. <\/p>\n<p>\u201cOs direitos humanos s\u00f3 s\u00e3o v\u00e1lidos para os criminosos. As pessoas que sofrem com o tr\u00e1fico, com a criminalidade, n\u00e3o possuem nenhum tipo de direito\u201d, completou.<\/p>\n","protected":false},"excerpt":{"rendered":"<p>Reagindo \u00e0 declara\u00e7\u00e3o do ministro dos Direitos Humanos e da Cidadania, Silvio Almeida, que defendeu descriminalizar drogas para reduzir a<\/p>\n","protected":false},"author":1,"featured_media":4573,"comment_status":"open","ping_status":"open","sticky":false,"template":"","format":"standard","meta":{"colormag_page_container_layout":"default_layout","colormag_page_sidebar_layout":"default_layout","_FSMCFIC_featured_image_caption":"","_FSMCFIC_featured_image_nocaption":"","_FSMCFIC_featured_image_hide":"","footnotes":""},"categories":[5],"tags":[],"class_list":["post-4572","post","type-post","status-publish","format-standard","has-post-thumbnail","hentry","category-politica"],"yoast_head":"<!-- This site is optimized with the Yoast SEO plugin v27.1.1 - https:\/\/yoast.com\/product\/yoast-seo-wordpress\/ -->\n<title>\u201cNenhuma novidade para um grupo que j\u00e1 defendeu o tr\u00e1fico como meio empregat\u00edcio para jovens\u201d, diz Capit\u00e3o Alden ap\u00f3s ministro defender legaliza\u00e7\u00e3o das drogas - Brasil not\u00edcias<\/title>\n<meta name=\"robots\" content=\"index, follow, max-snippet:-1, max-image-preview:large, max-video-preview:-1\" \/>\n<link rel=\"canonical\" href=\"https:\/\/brasilnoticias.org\/site\/nenhuma-novidade-para-um-grupo-que-ja-defendeu-o-trafico-como-meio-empregaticio-para-jovens-diz-capitao-alden-apos-ministro-defender-legalizacao-das-drogas\/\" \/>\n<meta property=\"og:locale\" content=\"pt_PT\" \/>\n<meta property=\"og:type\" content=\"article\" \/>\n<meta property=\"og:title\" content=\"\u201cNenhuma novidade para um grupo que j\u00e1 defendeu o tr\u00e1fico como meio empregat\u00edcio para jovens\u201d, diz Capit\u00e3o Alden ap\u00f3s ministro defender legaliza\u00e7\u00e3o das drogas - Brasil not\u00edcias\" \/>\n<meta property=\"og:description\" content=\"Reagindo \u00e0 declara\u00e7\u00e3o do ministro dos Direitos Humanos e da Cidadania, Silvio Almeida, que defendeu descriminalizar drogas para reduzir a\" \/>\n<meta property=\"og:url\" content=\"https:\/\/brasilnoticias.org\/site\/nenhuma-novidade-para-um-grupo-que-ja-defendeu-o-trafico-como-meio-empregaticio-para-jovens-diz-capitao-alden-apos-ministro-defender-legalizacao-das-drogas\/\" \/>\n<meta property=\"og:site_name\" content=\"Brasil not\u00edcias\" \/>\n<meta property=\"article:published_time\" content=\"2023-03-08T10:22:53+00:00\" \/>\n<meta property=\"og:image\" content=\"https:\/\/brasilnoticias.org\/site\/wp-content\/uploads\/2023\/03\/WhatsApp-Image-2023-03-08-at-06.51.43.jpeg\" \/>\n\t<meta property=\"og:image:width\" content=\"1600\" \/>\n\t<meta property=\"og:image:height\" content=\"1066\" \/>\n\t<meta property=\"og:image:type\" content=\"image\/jpeg\" \/>\n<meta name=\"author\" content=\"Reda\u00e7\u00e3o\" \/>\n<meta name=\"twitter:card\" content=\"summary_large_image\" \/>\n<meta name=\"twitter:label1\" content=\"Escrito por\" \/>\n\t<meta name=\"twitter:data1\" content=\"Reda\u00e7\u00e3o\" \/>\n<script type=\"application\/ld+json\" class=\"yoast-schema-graph\">{\"@context\":\"https:\/\/schema.org\",\"@graph\":[{\"@type\":\"Article\",\"@id\":\"https:\/\/brasilnoticias.org\/site\/nenhuma-novidade-para-um-grupo-que-ja-defendeu-o-trafico-como-meio-empregaticio-para-jovens-diz-capitao-alden-apos-ministro-defender-legalizacao-das-drogas\/#article\",\"isPartOf\":{\"@id\":\"https:\/\/brasilnoticias.org\/site\/nenhuma-novidade-para-um-grupo-que-ja-defendeu-o-trafico-como-meio-empregaticio-para-jovens-diz-capitao-alden-apos-ministro-defender-legalizacao-das-drogas\/\"},\"author\":{\"name\":\"Reda\u00e7\u00e3o\",\"@id\":\"https:\/\/brasilnoticias.org\/site\/#\/schema\/person\/a0e05b973ec4d15c658d51911e53507b\"},\"headline\":\"\u201cNenhuma novidade para um grupo que j\u00e1 defendeu o tr\u00e1fico como meio empregat\u00edcio para jovens\u201d, diz Capit\u00e3o Alden ap\u00f3s ministro defender legaliza\u00e7\u00e3o das drogas\",\"datePublished\":\"2023-03-08T10:22:53+00:00\",\"mainEntityOfPage\":{\"@id\":\"https:\/\/brasilnoticias.org\/site\/nenhuma-novidade-para-um-grupo-que-ja-defendeu-o-trafico-como-meio-empregaticio-para-jovens-diz-capitao-alden-apos-ministro-defender-legalizacao-das-drogas\/\"},\"wordCount\":216,\"commentCount\":0,\"publisher\":{\"@id\":\"https:\/\/brasilnoticias.org\/site\/#organization\"},\"image\":{\"@id\":\"https:\/\/brasilnoticias.org\/site\/nenhuma-novidade-para-um-grupo-que-ja-defendeu-o-trafico-como-meio-empregaticio-para-jovens-diz-capitao-alden-apos-ministro-defender-legalizacao-das-drogas\/#primaryimage\"},\"thumbnailUrl\":\"https:\/\/brasilnoticias.org\/site\/wp-content\/uploads\/2023\/03\/WhatsApp-Image-2023-03-08-at-06.51.43.jpeg\",\"articleSection\":[\"Pol\u00edtica\"],\"inLanguage\":\"pt-PT\",\"potentialAction\":[{\"@type\":\"CommentAction\",\"name\":\"Comment\",\"target\":[\"https:\/\/brasilnoticias.org\/site\/nenhuma-novidade-para-um-grupo-que-ja-defendeu-o-trafico-como-meio-empregaticio-para-jovens-diz-capitao-alden-apos-ministro-defender-legalizacao-das-drogas\/#respond\"]}]},{\"@type\":\"WebPage\",\"@id\":\"https:\/\/brasilnoticias.org\/site\/nenhuma-novidade-para-um-grupo-que-ja-defendeu-o-trafico-como-meio-empregaticio-para-jovens-diz-capitao-alden-apos-ministro-defender-legalizacao-das-drogas\/\",\"url\":\"https:\/\/brasilnoticias.org\/site\/nenhuma-novidade-para-um-grupo-que-ja-defendeu-o-trafico-como-meio-empregaticio-para-jovens-diz-capitao-alden-apos-ministro-defender-legalizacao-das-drogas\/\",\"name\":\"\u201cNenhuma novidade para um grupo que j\u00e1 defendeu o tr\u00e1fico como meio empregat\u00edcio para jovens\u201d, diz Capit\u00e3o Alden ap\u00f3s ministro defender legaliza\u00e7\u00e3o das drogas - Brasil not\u00edcias\",\"isPartOf\":{\"@id\":\"https:\/\/brasilnoticias.org\/site\/#website\"},\"primaryImageOfPage\":{\"@id\":\"https:\/\/brasilnoticias.org\/site\/nenhuma-novidade-para-um-grupo-que-ja-defendeu-o-trafico-como-meio-empregaticio-para-jovens-diz-capitao-alden-apos-ministro-defender-legalizacao-das-drogas\/#primaryimage\"},\"image\":{\"@id\":\"https:\/\/brasilnoticias.org\/site\/nenhuma-novidade-para-um-grupo-que-ja-defendeu-o-trafico-como-meio-empregaticio-para-jovens-diz-capitao-alden-apos-ministro-defender-legalizacao-das-drogas\/#primaryimage\"},\"thumbnailUrl\":\"https:\/\/brasilnoticias.org\/site\/wp-content\/uploads\/2023\/03\/WhatsApp-Image-2023-03-08-at-06.51.43.jpeg\",\"datePublished\":\"2023-03-08T10:22:53+00:00\",\"breadcrumb\":{\"@id\":\"https:\/\/brasilnoticias.org\/site\/nenhuma-novidade-para-um-grupo-que-ja-defendeu-o-trafico-como-meio-empregaticio-para-jovens-diz-capitao-alden-apos-ministro-defender-legalizacao-das-drogas\/#breadcrumb\"},\"inLanguage\":\"pt-PT\",\"potentialAction\":[{\"@type\":\"ReadAction\",\"target\":[\"https:\/\/brasilnoticias.org\/site\/nenhuma-novidade-para-um-grupo-que-ja-defendeu-o-trafico-como-meio-empregaticio-para-jovens-diz-capitao-alden-apos-ministro-defender-legalizacao-das-drogas\/\"]}]},{\"@type\":\"ImageObject\",\"inLanguage\":\"pt-PT\",\"@id\":\"https:\/\/brasilnoticias.org\/site\/nenhuma-novidade-para-um-grupo-que-ja-defendeu-o-trafico-como-meio-empregaticio-para-jovens-diz-capitao-alden-apos-ministro-defender-legalizacao-das-drogas\/#primaryimage\",\"url\":\"https:\/\/brasilnoticias.org\/site\/wp-content\/uploads\/2023\/03\/WhatsApp-Image-2023-03-08-at-06.51.43.jpeg\",\"contentUrl\":\"https:\/\/brasilnoticias.org\/site\/wp-content\/uploads\/2023\/03\/WhatsApp-Image-2023-03-08-at-06.51.43.jpeg\",\"width\":1600,\"height\":1066},{\"@type\":\"BreadcrumbList\",\"@id\":\"https:\/\/brasilnoticias.org\/site\/nenhuma-novidade-para-um-grupo-que-ja-defendeu-o-trafico-como-meio-empregaticio-para-jovens-diz-capitao-alden-apos-ministro-defender-legalizacao-das-drogas\/#breadcrumb\",\"itemListElement\":[{\"@type\":\"ListItem\",\"position\":1,\"name\":\"In\u00edcio\",\"item\":\"https:\/\/brasilnoticias.org\/site\/\"},{\"@type\":\"ListItem\",\"position\":2,\"name\":\"\u201cNenhuma novidade para um grupo que j\u00e1 defendeu o tr\u00e1fico como meio empregat\u00edcio para jovens\u201d, diz Capit\u00e3o Alden ap\u00f3s ministro defender legaliza\u00e7\u00e3o das drogas\"}]},{\"@type\":\"WebSite\",\"@id\":\"https:\/\/brasilnoticias.org\/site\/#website\",\"url\":\"https:\/\/brasilnoticias.org\/site\/\",\"name\":\"Brasil not\u00edcias\",\"description\":\"Brasil not\u00edcias\",\"publisher\":{\"@id\":\"https:\/\/brasilnoticias.org\/site\/#organization\"},\"potentialAction\":[{\"@type\":\"SearchAction\",\"target\":{\"@type\":\"EntryPoint\",\"urlTemplate\":\"https:\/\/brasilnoticias.org\/site\/?s={search_term_string}\"},\"query-input\":{\"@type\":\"PropertyValueSpecification\",\"valueRequired\":true,\"valueName\":\"search_term_string\"}}],\"inLanguage\":\"pt-PT\"},{\"@type\":\"Organization\",\"@id\":\"https:\/\/brasilnoticias.org\/site\/#organization\",\"name\":\"Brasil not\u00edcias\",\"url\":\"https:\/\/brasilnoticias.org\/site\/\",\"logo\":{\"@type\":\"ImageObject\",\"inLanguage\":\"pt-PT\",\"@id\":\"https:\/\/brasilnoticias.org\/site\/#\/schema\/logo\/image\/\",\"url\":\"https:\/\/brasilnoticias.org\/site\/wp-content\/uploads\/2022\/05\/cropped-brasilnoticias-mini.jpg\",\"contentUrl\":\"https:\/\/brasilnoticias.org\/site\/wp-content\/uploads\/2022\/05\/cropped-brasilnoticias-mini.jpg\",\"width\":314,\"height\":86,\"caption\":\"Brasil not\u00edcias\"},\"image\":{\"@id\":\"https:\/\/brasilnoticias.org\/site\/#\/schema\/logo\/image\/\"}},{\"@type\":\"Person\",\"@id\":\"https:\/\/brasilnoticias.org\/site\/#\/schema\/person\/a0e05b973ec4d15c658d51911e53507b\",\"name\":\"Reda\u00e7\u00e3o\",\"image\":{\"@type\":\"ImageObject\",\"inLanguage\":\"pt-PT\",\"@id\":\"https:\/\/brasilnoticias.org\/site\/#\/schema\/person\/image\/\",\"url\":\"https:\/\/secure.gravatar.com\/avatar\/75d8b050df2de108b08ae78dfb8e374892df24a383c67db9c46a9c604f6aee9c?s=96&d=mm&r=g\",\"contentUrl\":\"https:\/\/secure.gravatar.com\/avatar\/75d8b050df2de108b08ae78dfb8e374892df24a383c67db9c46a9c604f6aee9c?s=96&d=mm&r=g\",\"caption\":\"Reda\u00e7\u00e3o\"},\"sameAs\":[\"https:\/\/brasilnoticias.org\/site\"],\"url\":\"https:\/\/brasilnoticias.org\/site\/author\/fernandozsngmail-com\/\"}]}<\/script>\n<!-- \/ Yoast SEO plugin. -->","yoast_head_json":{"title":"\u201cNenhuma novidade para um grupo que j\u00e1 defendeu o tr\u00e1fico como meio empregat\u00edcio para jovens\u201d, diz Capit\u00e3o Alden ap\u00f3s ministro defender legaliza\u00e7\u00e3o das drogas - Brasil not\u00edcias","robots":{"index":"index","follow":"follow","max-snippet":"max-snippet:-1","max-image-preview":"max-image-preview:large","max-video-preview":"max-video-preview:-1"},"canonical":"https:\/\/brasilnoticias.org\/site\/nenhuma-novidade-para-um-grupo-que-ja-defendeu-o-trafico-como-meio-empregaticio-para-jovens-diz-capitao-alden-apos-ministro-defender-legalizacao-das-drogas\/","og_locale":"pt_PT","og_type":"article","og_title":"\u201cNenhuma novidade para um grupo que j\u00e1 defendeu o tr\u00e1fico como meio empregat\u00edcio para jovens\u201d, diz Capit\u00e3o Alden ap\u00f3s ministro defender legaliza\u00e7\u00e3o das drogas - Brasil not\u00edcias","og_description":"Reagindo \u00e0 declara\u00e7\u00e3o do ministro dos Direitos Humanos e da Cidadania, Silvio Almeida, que defendeu descriminalizar drogas para reduzir a","og_url":"https:\/\/brasilnoticias.org\/site\/nenhuma-novidade-para-um-grupo-que-ja-defendeu-o-trafico-como-meio-empregaticio-para-jovens-diz-capitao-alden-apos-ministro-defender-legalizacao-das-drogas\/","og_site_name":"Brasil not\u00edcias","article_published_time":"2023-03-08T10:22:53+00:00","og_image":[{"width":1600,"height":1066,"url":"https:\/\/brasilnoticias.org\/site\/wp-content\/uploads\/2023\/03\/WhatsApp-Image-2023-03-08-at-06.51.43.jpeg","type":"image\/jpeg"}],"author":"Reda\u00e7\u00e3o","twitter_card":"summary_large_image","twitter_misc":{"Escrito por":"Reda\u00e7\u00e3o"},"schema":{"@context":"https:\/\/schema.org","@graph":[{"@type":"Article","@id":"https:\/\/brasilnoticias.org\/site\/nenhuma-novidade-para-um-grupo-que-ja-defendeu-o-trafico-como-meio-empregaticio-para-jovens-diz-capitao-alden-apos-ministro-defender-legalizacao-das-drogas\/#article","isPartOf":{"@id":"https:\/\/brasilnoticias.org\/site\/nenhuma-novidade-para-um-grupo-que-ja-defendeu-o-trafico-como-meio-empregaticio-para-jovens-diz-capitao-alden-apos-ministro-defender-legalizacao-das-drogas\/"},"author":{"name":"Reda\u00e7\u00e3o","@id":"https:\/\/brasilnoticias.org\/site\/#\/schema\/person\/a0e05b973ec4d15c658d51911e53507b"},"headline":"\u201cNenhuma novidade para um grupo que j\u00e1 defendeu o tr\u00e1fico como meio empregat\u00edcio para jovens\u201d, diz Capit\u00e3o Alden ap\u00f3s ministro defender legaliza\u00e7\u00e3o das drogas","datePublished":"2023-03-08T10:22:53+00:00","mainEntityOfPage":{"@id":"https:\/\/brasilnoticias.org\/site\/nenhuma-novidade-para-um-grupo-que-ja-defendeu-o-trafico-como-meio-empregaticio-para-jovens-diz-capitao-alden-apos-ministro-defender-legalizacao-das-drogas\/"},"wordCount":216,"commentCount":0,"publisher":{"@id":"https:\/\/brasilnoticias.org\/site\/#organization"},"image":{"@id":"https:\/\/brasilnoticias.org\/site\/nenhuma-novidade-para-um-grupo-que-ja-defendeu-o-trafico-como-meio-empregaticio-para-jovens-diz-capitao-alden-apos-ministro-defender-legalizacao-das-drogas\/#primaryimage"},"thumbnailUrl":"https:\/\/brasilnoticias.org\/site\/wp-content\/uploads\/2023\/03\/WhatsApp-Image-2023-03-08-at-06.51.43.jpeg","articleSection":["Pol\u00edtica"],"inLanguage":"pt-PT","potentialAction":[{"@type":"CommentAction","name":"Comment","target":["https:\/\/brasilnoticias.org\/site\/nenhuma-novidade-para-um-grupo-que-ja-defendeu-o-trafico-como-meio-empregaticio-para-jovens-diz-capitao-alden-apos-ministro-defender-legalizacao-das-drogas\/#respond"]}]},{"@type":"WebPage","@id":"https:\/\/brasilnoticias.org\/site\/nenhuma-novidade-para-um-grupo-que-ja-defendeu-o-trafico-como-meio-empregaticio-para-jovens-diz-capitao-alden-apos-ministro-defender-legalizacao-das-drogas\/","url":"https:\/\/brasilnoticias.org\/site\/nenhuma-novidade-para-um-grupo-que-ja-defendeu-o-trafico-como-meio-empregaticio-para-jovens-diz-capitao-alden-apos-ministro-defender-legalizacao-das-drogas\/","name":"\u201cNenhuma novidade para um grupo que j\u00e1 defendeu o tr\u00e1fico como meio empregat\u00edcio para jovens\u201d, diz Capit\u00e3o Alden ap\u00f3s ministro defender legaliza\u00e7\u00e3o das drogas - Brasil not\u00edcias","isPartOf":{"@id":"https:\/\/brasilnoticias.org\/site\/#website"},"primaryImageOfPage":{"@id":"https:\/\/brasilnoticias.org\/site\/nenhuma-novidade-para-um-grupo-que-ja-defendeu-o-trafico-como-meio-empregaticio-para-jovens-diz-capitao-alden-apos-ministro-defender-legalizacao-das-drogas\/#primaryimage"},"image":{"@id":"https:\/\/brasilnoticias.org\/site\/nenhuma-novidade-para-um-grupo-que-ja-defendeu-o-trafico-como-meio-empregaticio-para-jovens-diz-capitao-alden-apos-ministro-defender-legalizacao-das-drogas\/#primaryimage"},"thumbnailUrl":"https:\/\/brasilnoticias.org\/site\/wp-content\/uploads\/2023\/03\/WhatsApp-Image-2023-03-08-at-06.51.43.jpeg","datePublished":"2023-03-08T10:22:53+00:00","breadcrumb":{"@id":"https:\/\/brasilnoticias.org\/site\/nenhuma-novidade-para-um-grupo-que-ja-defendeu-o-trafico-como-meio-empregaticio-para-jovens-diz-capitao-alden-apos-ministro-defender-legalizacao-das-drogas\/#breadcrumb"},"inLanguage":"pt-PT","potentialAction":[{"@type":"ReadAction","target":["https:\/\/brasilnoticias.org\/site\/nenhuma-novidade-para-um-grupo-que-ja-defendeu-o-trafico-como-meio-empregaticio-para-jovens-diz-capitao-alden-apos-ministro-defender-legalizacao-das-drogas\/"]}]},{"@type":"ImageObject","inLanguage":"pt-PT","@id":"https:\/\/brasilnoticias.org\/site\/nenhuma-novidade-para-um-grupo-que-ja-defendeu-o-trafico-como-meio-empregaticio-para-jovens-diz-capitao-alden-apos-ministro-defender-legalizacao-das-drogas\/#primaryimage","url":"https:\/\/brasilnoticias.org\/site\/wp-content\/uploads\/2023\/03\/WhatsApp-Image-2023-03-08-at-06.51.43.jpeg","contentUrl":"https:\/\/brasilnoticias.org\/site\/wp-content\/uploads\/2023\/03\/WhatsApp-Image-2023-03-08-at-06.51.43.jpeg","width":1600,"height":1066},{"@type":"BreadcrumbList","@id":"https:\/\/brasilnoticias.org\/site\/nenhuma-novidade-para-um-grupo-que-ja-defendeu-o-trafico-como-meio-empregaticio-para-jovens-diz-capitao-alden-apos-ministro-defender-legalizacao-das-drogas\/#breadcrumb","itemListElement":[{"@type":"ListItem","position":1,"name":"In\u00edcio","item":"https:\/\/brasilnoticias.org\/site\/"},{"@type":"ListItem","position":2,"name":"\u201cNenhuma novidade para um grupo que j\u00e1 defendeu o tr\u00e1fico como meio empregat\u00edcio para jovens\u201d, diz Capit\u00e3o Alden ap\u00f3s ministro defender legaliza\u00e7\u00e3o das drogas"}]},{"@type":"WebSite","@id":"https:\/\/brasilnoticias.org\/site\/#website","url":"https:\/\/brasilnoticias.org\/site\/","name":"Brasil not\u00edcias","description":"Brasil not\u00edcias","publisher":{"@id":"https:\/\/brasilnoticias.org\/site\/#organization"},"potentialAction":[{"@type":"SearchAction","target":{"@type":"EntryPoint","urlTemplate":"https:\/\/brasilnoticias.org\/site\/?s={search_term_string}"},"query-input":{"@type":"PropertyValueSpecification","valueRequired":true,"valueName":"search_term_string"}}],"inLanguage":"pt-PT"},{"@type":"Organization","@id":"https:\/\/brasilnoticias.org\/site\/#organization","name":"Brasil not\u00edcias","url":"https:\/\/brasilnoticias.org\/site\/","logo":{"@type":"ImageObject","inLanguage":"pt-PT","@id":"https:\/\/brasilnoticias.org\/site\/#\/schema\/logo\/image\/","url":"https:\/\/brasilnoticias.org\/site\/wp-content\/uploads\/2022\/05\/cropped-brasilnoticias-mini.jpg","contentUrl":"https:\/\/brasilnoticias.org\/site\/wp-content\/uploads\/2022\/05\/cropped-brasilnoticias-mini.jpg","width":314,"height":86,"caption":"Brasil not\u00edcias"},"image":{"@id":"https:\/\/brasilnoticias.org\/site\/#\/schema\/logo\/image\/"}},{"@type":"Person","@id":"https:\/\/brasilnoticias.org\/site\/#\/schema\/person\/a0e05b973ec4d15c658d51911e53507b","name":"Reda\u00e7\u00e3o","image":{"@type":"ImageObject","inLanguage":"pt-PT","@id":"https:\/\/brasilnoticias.org\/site\/#\/schema\/person\/image\/","url":"https:\/\/secure.gravatar.com\/avatar\/75d8b050df2de108b08ae78dfb8e374892df24a383c67db9c46a9c604f6aee9c?s=96&d=mm&r=g","contentUrl":"https:\/\/secure.gravatar.com\/avatar\/75d8b050df2de108b08ae78dfb8e374892df24a383c67db9c46a9c604f6aee9c?s=96&d=mm&r=g","caption":"Reda\u00e7\u00e3o"},"sameAs":["https:\/\/brasilnoticias.org\/site"],"url":"https:\/\/brasilnoticias.org\/site\/author\/fernandozsngmail-com\/"}]}},"_links":{"self":[{"href":"https:\/\/brasilnoticias.org\/site\/wp-json\/wp\/v2\/posts\/4572","targetHints":{"allow":["GET"]}}],"collection":[{"href":"https:\/\/brasilnoticias.org\/site\/wp-json\/wp\/v2\/posts"}],"about":[{"href":"https:\/\/brasilnoticias.org\/site\/wp-json\/wp\/v2\/types\/post"}],"author":[{"embeddable":true,"href":"https:\/\/brasilnoticias.org\/site\/wp-json\/wp\/v2\/users\/1"}],"replies":[{"embeddable":true,"href":"https:\/\/brasilnoticias.org\/site\/wp-json\/wp\/v2\/comments?post=4572"}],"version-history":[{"count":1,"href":"https:\/\/brasilnoticias.org\/site\/wp-json\/wp\/v2\/posts\/4572\/revisions"}],"predecessor-version":[{"id":4574,"href":"https:\/\/brasilnoticias.org\/site\/wp-json\/wp\/v2\/posts\/4572\/revisions\/4574"}],"wp:featuredmedia":[{"embeddable":true,"href":"https:\/\/brasilnoticias.org\/site\/wp-json\/wp\/v2\/media\/4573"}],"wp:attachment":[{"href":"https:\/\/brasilnoticias.org\/site\/wp-json\/wp\/v2\/media?parent=4572"}],"wp:term":[{"taxonomy":"category","embeddable":true,"href":"https:\/\/brasilnoticias.org\/site\/wp-json\/wp\/v2\/categories?post=4572"},{"taxonomy":"post_tag","embeddable":true,"href":"https:\/\/brasilnoticias.org\/site\/wp-json\/wp\/v2\/tags?post=4572"}],"curies":[{"name":"wp","href":"https:\/\/api.w.org\/{rel}","templated":true}]}}