{"id":4579,"date":"2023-03-08T18:00:06","date_gmt":"2023-03-08T21:00:06","guid":{"rendered":"https:\/\/brasilnoticias.org\/site\/?p=4579"},"modified":"2023-03-08T16:39:13","modified_gmt":"2023-03-08T19:39:13","slug":"bar-pega-fogo-no-barradao-e-assusta-funcionarios-vitoria-publica-nota-de-esclarecimento","status":"publish","type":"post","link":"https:\/\/brasilnoticias.org\/site\/bar-pega-fogo-no-barradao-e-assusta-funcionarios-vitoria-publica-nota-de-esclarecimento\/","title":{"rendered":"Bar pega fogo no Barrad\u00e3o e assusta funcion\u00e1rios; Vit\u00f3ria publica nota de esclarecimento"},"content":{"rendered":"<p>N\u00e3o h\u00e1 risco de adiamento da partida de quarta-feira (8), contra o Cear\u00e1<br \/>\nVivendo uma crise dentro e fora  de campo, o Esporte Clube Vit\u00f3ria passou por um susto na manh\u00e3 desta ter\u00e7a-feira (7). No Est\u00e1dio Manoel Barradas (Barrad\u00e3o), um inc\u00eandio assustou e chamou a aten\u00e7\u00e3o de quem passava pelo local.<\/p>\n<p>O ocorrido foi em um dos bares, localizado em frente \u00e0 arquibancada mais famosa do est\u00e1dio, onde fica posicionada a torcida organizada Os Imbat\u00edveis. De acordo com a assessoria do clube, o mesmo j\u00e1 foi controlado e n\u00e3o houve feridos.<\/p>\n<p>Eliminado da Copa do Brasil, Campeonato Baiano e Copa do Nordeste, o Rubro-negro se prepara para enfrentar o Cear\u00e1 na pr\u00f3xima quarta-feira (8), ainda pelo regional. O emabte ser\u00e1 no pr\u00f3prio Barrad\u00e3o, \u00e0s 21h30. N\u00e3o h\u00e1 riscos de adiamento da partida.<\/p>\n<p>CONFIRA A NOTA DE ESCLARECIMENTO DO CLUBE:<\/p>\n<p>&#8221;O inc\u00eandio ocorrido nesta ter\u00e7a-feira (7) no Est\u00e1dio Barrad\u00e3o foi provocado involuntariamente por um funcion\u00e1rio do clube ao atear fogo em algumas folhas secas. Uma fagulha caiu dentro do bar e o fogo se alastrou, sendo controlado pela brigada do clube. Os danos foram materiais.&#8221;<\/p>\n<p>Pnot\u00edcias<br \/>\nFoto reprodu\u00e7\u00e3o<\/p>\n","protected":false},"excerpt":{"rendered":"<p>N\u00e3o h\u00e1 risco de adiamento da partida de quarta-feira (8), contra o Cear\u00e1 Vivendo uma crise dentro e fora de<\/p>\n","protected":false},"author":1,"featured_media":4580,"comment_status":"open","ping_status":"open","sticky":false,"template":"","format":"standard","meta":{"colormag_page_container_layout":"default_layout","colormag_page_sidebar_layout":"default_layout","_FSMCFIC_featured_image_caption":"","_FSMCFIC_featured_image_nocaption":"","_FSMCFIC_featured_image_hide":"","footnotes":""},"categories":[2,1],"tags":[],"class_list":["post-4579","post","type-post","status-publish","format-standard","has-post-thumbnail","hentry","category-noticias","category-ultimas"],"yoast_head":"<!-- This site is optimized with the Yoast SEO plugin v27.1.1 - https:\/\/yoast.com\/product\/yoast-seo-wordpress\/ -->\n<title>Bar pega fogo no Barrad\u00e3o e assusta funcion\u00e1rios; Vit\u00f3ria publica nota de esclarecimento - Brasil not\u00edcias<\/title>\n<meta name=\"robots\" content=\"index, follow, max-snippet:-1, max-image-preview:large, max-video-preview:-1\" \/>\n<link rel=\"canonical\" href=\"https:\/\/brasilnoticias.org\/site\/bar-pega-fogo-no-barradao-e-assusta-funcionarios-vitoria-publica-nota-de-esclarecimento\/\" \/>\n<meta property=\"og:locale\" content=\"pt_PT\" \/>\n<meta property=\"og:type\" content=\"article\" \/>\n<meta property=\"og:title\" content=\"Bar pega fogo no Barrad\u00e3o e assusta funcion\u00e1rios; Vit\u00f3ria publica nota de esclarecimento - Brasil not\u00edcias\" \/>\n<meta property=\"og:description\" content=\"N\u00e3o h\u00e1 risco de adiamento da partida de quarta-feira (8), contra o Cear\u00e1 Vivendo uma crise dentro e fora de\" \/>\n<meta property=\"og:url\" content=\"https:\/\/brasilnoticias.org\/site\/bar-pega-fogo-no-barradao-e-assusta-funcionarios-vitoria-publica-nota-de-esclarecimento\/\" \/>\n<meta property=\"og:site_name\" content=\"Brasil not\u00edcias\" \/>\n<meta property=\"article:published_time\" content=\"2023-03-08T21:00:06+00:00\" \/>\n<meta property=\"og:image\" content=\"https:\/\/brasilnoticias.org\/site\/wp-content\/uploads\/2023\/03\/IMAGEM_NOTICIA_1.jpg\" \/>\n\t<meta property=\"og:image:width\" content=\"900\" \/>\n\t<meta property=\"og:image:height\" content=\"500\" \/>\n\t<meta property=\"og:image:type\" content=\"image\/jpeg\" \/>\n<meta name=\"author\" content=\"Reda\u00e7\u00e3o\" \/>\n<meta name=\"twitter:card\" content=\"summary_large_image\" \/>\n<meta name=\"twitter:label1\" content=\"Escrito por\" \/>\n\t<meta name=\"twitter:data1\" content=\"Reda\u00e7\u00e3o\" \/>\n<script type=\"application\/ld+json\" class=\"yoast-schema-graph\">{\"@context\":\"https:\/\/schema.org\",\"@graph\":[{\"@type\":\"Article\",\"@id\":\"https:\/\/brasilnoticias.org\/site\/bar-pega-fogo-no-barradao-e-assusta-funcionarios-vitoria-publica-nota-de-esclarecimento\/#article\",\"isPartOf\":{\"@id\":\"https:\/\/brasilnoticias.org\/site\/bar-pega-fogo-no-barradao-e-assusta-funcionarios-vitoria-publica-nota-de-esclarecimento\/\"},\"author\":{\"name\":\"Reda\u00e7\u00e3o\",\"@id\":\"https:\/\/brasilnoticias.org\/site\/#\/schema\/person\/a0e05b973ec4d15c658d51911e53507b\"},\"headline\":\"Bar pega fogo no Barrad\u00e3o e assusta funcion\u00e1rios; Vit\u00f3ria publica nota de esclarecimento\",\"datePublished\":\"2023-03-08T21:00:06+00:00\",\"mainEntityOfPage\":{\"@id\":\"https:\/\/brasilnoticias.org\/site\/bar-pega-fogo-no-barradao-e-assusta-funcionarios-vitoria-publica-nota-de-esclarecimento\/\"},\"wordCount\":220,\"commentCount\":0,\"publisher\":{\"@id\":\"https:\/\/brasilnoticias.org\/site\/#organization\"},\"image\":{\"@id\":\"https:\/\/brasilnoticias.org\/site\/bar-pega-fogo-no-barradao-e-assusta-funcionarios-vitoria-publica-nota-de-esclarecimento\/#primaryimage\"},\"thumbnailUrl\":\"https:\/\/brasilnoticias.org\/site\/wp-content\/uploads\/2023\/03\/IMAGEM_NOTICIA_1.jpg\",\"articleSection\":[\"Not\u00edcias\",\"\u00daltimas\"],\"inLanguage\":\"pt-PT\",\"potentialAction\":[{\"@type\":\"CommentAction\",\"name\":\"Comment\",\"target\":[\"https:\/\/brasilnoticias.org\/site\/bar-pega-fogo-no-barradao-e-assusta-funcionarios-vitoria-publica-nota-de-esclarecimento\/#respond\"]}]},{\"@type\":\"WebPage\",\"@id\":\"https:\/\/brasilnoticias.org\/site\/bar-pega-fogo-no-barradao-e-assusta-funcionarios-vitoria-publica-nota-de-esclarecimento\/\",\"url\":\"https:\/\/brasilnoticias.org\/site\/bar-pega-fogo-no-barradao-e-assusta-funcionarios-vitoria-publica-nota-de-esclarecimento\/\",\"name\":\"Bar pega fogo no Barrad\u00e3o e assusta funcion\u00e1rios; Vit\u00f3ria publica nota de esclarecimento - Brasil not\u00edcias\",\"isPartOf\":{\"@id\":\"https:\/\/brasilnoticias.org\/site\/#website\"},\"primaryImageOfPage\":{\"@id\":\"https:\/\/brasilnoticias.org\/site\/bar-pega-fogo-no-barradao-e-assusta-funcionarios-vitoria-publica-nota-de-esclarecimento\/#primaryimage\"},\"image\":{\"@id\":\"https:\/\/brasilnoticias.org\/site\/bar-pega-fogo-no-barradao-e-assusta-funcionarios-vitoria-publica-nota-de-esclarecimento\/#primaryimage\"},\"thumbnailUrl\":\"https:\/\/brasilnoticias.org\/site\/wp-content\/uploads\/2023\/03\/IMAGEM_NOTICIA_1.jpg\",\"datePublished\":\"2023-03-08T21:00:06+00:00\",\"breadcrumb\":{\"@id\":\"https:\/\/brasilnoticias.org\/site\/bar-pega-fogo-no-barradao-e-assusta-funcionarios-vitoria-publica-nota-de-esclarecimento\/#breadcrumb\"},\"inLanguage\":\"pt-PT\",\"potentialAction\":[{\"@type\":\"ReadAction\",\"target\":[\"https:\/\/brasilnoticias.org\/site\/bar-pega-fogo-no-barradao-e-assusta-funcionarios-vitoria-publica-nota-de-esclarecimento\/\"]}]},{\"@type\":\"ImageObject\",\"inLanguage\":\"pt-PT\",\"@id\":\"https:\/\/brasilnoticias.org\/site\/bar-pega-fogo-no-barradao-e-assusta-funcionarios-vitoria-publica-nota-de-esclarecimento\/#primaryimage\",\"url\":\"https:\/\/brasilnoticias.org\/site\/wp-content\/uploads\/2023\/03\/IMAGEM_NOTICIA_1.jpg\",\"contentUrl\":\"https:\/\/brasilnoticias.org\/site\/wp-content\/uploads\/2023\/03\/IMAGEM_NOTICIA_1.jpg\",\"width\":900,\"height\":500},{\"@type\":\"BreadcrumbList\",\"@id\":\"https:\/\/brasilnoticias.org\/site\/bar-pega-fogo-no-barradao-e-assusta-funcionarios-vitoria-publica-nota-de-esclarecimento\/#breadcrumb\",\"itemListElement\":[{\"@type\":\"ListItem\",\"position\":1,\"name\":\"In\u00edcio\",\"item\":\"https:\/\/brasilnoticias.org\/site\/\"},{\"@type\":\"ListItem\",\"position\":2,\"name\":\"Bar pega fogo no Barrad\u00e3o e assusta funcion\u00e1rios; Vit\u00f3ria publica nota de esclarecimento\"}]},{\"@type\":\"WebSite\",\"@id\":\"https:\/\/brasilnoticias.org\/site\/#website\",\"url\":\"https:\/\/brasilnoticias.org\/site\/\",\"name\":\"Brasil not\u00edcias\",\"description\":\"Brasil not\u00edcias\",\"publisher\":{\"@id\":\"https:\/\/brasilnoticias.org\/site\/#organization\"},\"potentialAction\":[{\"@type\":\"SearchAction\",\"target\":{\"@type\":\"EntryPoint\",\"urlTemplate\":\"https:\/\/brasilnoticias.org\/site\/?s={search_term_string}\"},\"query-input\":{\"@type\":\"PropertyValueSpecification\",\"valueRequired\":true,\"valueName\":\"search_term_string\"}}],\"inLanguage\":\"pt-PT\"},{\"@type\":\"Organization\",\"@id\":\"https:\/\/brasilnoticias.org\/site\/#organization\",\"name\":\"Brasil not\u00edcias\",\"url\":\"https:\/\/brasilnoticias.org\/site\/\",\"logo\":{\"@type\":\"ImageObject\",\"inLanguage\":\"pt-PT\",\"@id\":\"https:\/\/brasilnoticias.org\/site\/#\/schema\/logo\/image\/\",\"url\":\"https:\/\/brasilnoticias.org\/site\/wp-content\/uploads\/2022\/05\/cropped-brasilnoticias-mini.jpg\",\"contentUrl\":\"https:\/\/brasilnoticias.org\/site\/wp-content\/uploads\/2022\/05\/cropped-brasilnoticias-mini.jpg\",\"width\":314,\"height\":86,\"caption\":\"Brasil not\u00edcias\"},\"image\":{\"@id\":\"https:\/\/brasilnoticias.org\/site\/#\/schema\/logo\/image\/\"}},{\"@type\":\"Person\",\"@id\":\"https:\/\/brasilnoticias.org\/site\/#\/schema\/person\/a0e05b973ec4d15c658d51911e53507b\",\"name\":\"Reda\u00e7\u00e3o\",\"image\":{\"@type\":\"ImageObject\",\"inLanguage\":\"pt-PT\",\"@id\":\"https:\/\/brasilnoticias.org\/site\/#\/schema\/person\/image\/\",\"url\":\"https:\/\/secure.gravatar.com\/avatar\/75d8b050df2de108b08ae78dfb8e374892df24a383c67db9c46a9c604f6aee9c?s=96&d=mm&r=g\",\"contentUrl\":\"https:\/\/secure.gravatar.com\/avatar\/75d8b050df2de108b08ae78dfb8e374892df24a383c67db9c46a9c604f6aee9c?s=96&d=mm&r=g\",\"caption\":\"Reda\u00e7\u00e3o\"},\"sameAs\":[\"https:\/\/brasilnoticias.org\/site\"],\"url\":\"https:\/\/brasilnoticias.org\/site\/author\/fernandozsngmail-com\/\"}]}<\/script>\n<!-- \/ Yoast SEO plugin. -->","yoast_head_json":{"title":"Bar pega fogo no Barrad\u00e3o e assusta funcion\u00e1rios; Vit\u00f3ria publica nota de esclarecimento - Brasil not\u00edcias","robots":{"index":"index","follow":"follow","max-snippet":"max-snippet:-1","max-image-preview":"max-image-preview:large","max-video-preview":"max-video-preview:-1"},"canonical":"https:\/\/brasilnoticias.org\/site\/bar-pega-fogo-no-barradao-e-assusta-funcionarios-vitoria-publica-nota-de-esclarecimento\/","og_locale":"pt_PT","og_type":"article","og_title":"Bar pega fogo no Barrad\u00e3o e assusta funcion\u00e1rios; Vit\u00f3ria publica nota de esclarecimento - Brasil not\u00edcias","og_description":"N\u00e3o h\u00e1 risco de adiamento da partida de quarta-feira (8), contra o Cear\u00e1 Vivendo uma crise dentro e fora de","og_url":"https:\/\/brasilnoticias.org\/site\/bar-pega-fogo-no-barradao-e-assusta-funcionarios-vitoria-publica-nota-de-esclarecimento\/","og_site_name":"Brasil not\u00edcias","article_published_time":"2023-03-08T21:00:06+00:00","og_image":[{"width":900,"height":500,"url":"https:\/\/brasilnoticias.org\/site\/wp-content\/uploads\/2023\/03\/IMAGEM_NOTICIA_1.jpg","type":"image\/jpeg"}],"author":"Reda\u00e7\u00e3o","twitter_card":"summary_large_image","twitter_misc":{"Escrito por":"Reda\u00e7\u00e3o"},"schema":{"@context":"https:\/\/schema.org","@graph":[{"@type":"Article","@id":"https:\/\/brasilnoticias.org\/site\/bar-pega-fogo-no-barradao-e-assusta-funcionarios-vitoria-publica-nota-de-esclarecimento\/#article","isPartOf":{"@id":"https:\/\/brasilnoticias.org\/site\/bar-pega-fogo-no-barradao-e-assusta-funcionarios-vitoria-publica-nota-de-esclarecimento\/"},"author":{"name":"Reda\u00e7\u00e3o","@id":"https:\/\/brasilnoticias.org\/site\/#\/schema\/person\/a0e05b973ec4d15c658d51911e53507b"},"headline":"Bar pega fogo no Barrad\u00e3o e assusta funcion\u00e1rios; Vit\u00f3ria publica nota de esclarecimento","datePublished":"2023-03-08T21:00:06+00:00","mainEntityOfPage":{"@id":"https:\/\/brasilnoticias.org\/site\/bar-pega-fogo-no-barradao-e-assusta-funcionarios-vitoria-publica-nota-de-esclarecimento\/"},"wordCount":220,"commentCount":0,"publisher":{"@id":"https:\/\/brasilnoticias.org\/site\/#organization"},"image":{"@id":"https:\/\/brasilnoticias.org\/site\/bar-pega-fogo-no-barradao-e-assusta-funcionarios-vitoria-publica-nota-de-esclarecimento\/#primaryimage"},"thumbnailUrl":"https:\/\/brasilnoticias.org\/site\/wp-content\/uploads\/2023\/03\/IMAGEM_NOTICIA_1.jpg","articleSection":["Not\u00edcias","\u00daltimas"],"inLanguage":"pt-PT","potentialAction":[{"@type":"CommentAction","name":"Comment","target":["https:\/\/brasilnoticias.org\/site\/bar-pega-fogo-no-barradao-e-assusta-funcionarios-vitoria-publica-nota-de-esclarecimento\/#respond"]}]},{"@type":"WebPage","@id":"https:\/\/brasilnoticias.org\/site\/bar-pega-fogo-no-barradao-e-assusta-funcionarios-vitoria-publica-nota-de-esclarecimento\/","url":"https:\/\/brasilnoticias.org\/site\/bar-pega-fogo-no-barradao-e-assusta-funcionarios-vitoria-publica-nota-de-esclarecimento\/","name":"Bar pega fogo no Barrad\u00e3o e assusta funcion\u00e1rios; Vit\u00f3ria publica nota de esclarecimento - Brasil not\u00edcias","isPartOf":{"@id":"https:\/\/brasilnoticias.org\/site\/#website"},"primaryImageOfPage":{"@id":"https:\/\/brasilnoticias.org\/site\/bar-pega-fogo-no-barradao-e-assusta-funcionarios-vitoria-publica-nota-de-esclarecimento\/#primaryimage"},"image":{"@id":"https:\/\/brasilnoticias.org\/site\/bar-pega-fogo-no-barradao-e-assusta-funcionarios-vitoria-publica-nota-de-esclarecimento\/#primaryimage"},"thumbnailUrl":"https:\/\/brasilnoticias.org\/site\/wp-content\/uploads\/2023\/03\/IMAGEM_NOTICIA_1.jpg","datePublished":"2023-03-08T21:00:06+00:00","breadcrumb":{"@id":"https:\/\/brasilnoticias.org\/site\/bar-pega-fogo-no-barradao-e-assusta-funcionarios-vitoria-publica-nota-de-esclarecimento\/#breadcrumb"},"inLanguage":"pt-PT","potentialAction":[{"@type":"ReadAction","target":["https:\/\/brasilnoticias.org\/site\/bar-pega-fogo-no-barradao-e-assusta-funcionarios-vitoria-publica-nota-de-esclarecimento\/"]}]},{"@type":"ImageObject","inLanguage":"pt-PT","@id":"https:\/\/brasilnoticias.org\/site\/bar-pega-fogo-no-barradao-e-assusta-funcionarios-vitoria-publica-nota-de-esclarecimento\/#primaryimage","url":"https:\/\/brasilnoticias.org\/site\/wp-content\/uploads\/2023\/03\/IMAGEM_NOTICIA_1.jpg","contentUrl":"https:\/\/brasilnoticias.org\/site\/wp-content\/uploads\/2023\/03\/IMAGEM_NOTICIA_1.jpg","width":900,"height":500},{"@type":"BreadcrumbList","@id":"https:\/\/brasilnoticias.org\/site\/bar-pega-fogo-no-barradao-e-assusta-funcionarios-vitoria-publica-nota-de-esclarecimento\/#breadcrumb","itemListElement":[{"@type":"ListItem","position":1,"name":"In\u00edcio","item":"https:\/\/brasilnoticias.org\/site\/"},{"@type":"ListItem","position":2,"name":"Bar pega fogo no Barrad\u00e3o e assusta funcion\u00e1rios; Vit\u00f3ria publica nota de esclarecimento"}]},{"@type":"WebSite","@id":"https:\/\/brasilnoticias.org\/site\/#website","url":"https:\/\/brasilnoticias.org\/site\/","name":"Brasil not\u00edcias","description":"Brasil not\u00edcias","publisher":{"@id":"https:\/\/brasilnoticias.org\/site\/#organization"},"potentialAction":[{"@type":"SearchAction","target":{"@type":"EntryPoint","urlTemplate":"https:\/\/brasilnoticias.org\/site\/?s={search_term_string}"},"query-input":{"@type":"PropertyValueSpecification","valueRequired":true,"valueName":"search_term_string"}}],"inLanguage":"pt-PT"},{"@type":"Organization","@id":"https:\/\/brasilnoticias.org\/site\/#organization","name":"Brasil not\u00edcias","url":"https:\/\/brasilnoticias.org\/site\/","logo":{"@type":"ImageObject","inLanguage":"pt-PT","@id":"https:\/\/brasilnoticias.org\/site\/#\/schema\/logo\/image\/","url":"https:\/\/brasilnoticias.org\/site\/wp-content\/uploads\/2022\/05\/cropped-brasilnoticias-mini.jpg","contentUrl":"https:\/\/brasilnoticias.org\/site\/wp-content\/uploads\/2022\/05\/cropped-brasilnoticias-mini.jpg","width":314,"height":86,"caption":"Brasil not\u00edcias"},"image":{"@id":"https:\/\/brasilnoticias.org\/site\/#\/schema\/logo\/image\/"}},{"@type":"Person","@id":"https:\/\/brasilnoticias.org\/site\/#\/schema\/person\/a0e05b973ec4d15c658d51911e53507b","name":"Reda\u00e7\u00e3o","image":{"@type":"ImageObject","inLanguage":"pt-PT","@id":"https:\/\/brasilnoticias.org\/site\/#\/schema\/person\/image\/","url":"https:\/\/secure.gravatar.com\/avatar\/75d8b050df2de108b08ae78dfb8e374892df24a383c67db9c46a9c604f6aee9c?s=96&d=mm&r=g","contentUrl":"https:\/\/secure.gravatar.com\/avatar\/75d8b050df2de108b08ae78dfb8e374892df24a383c67db9c46a9c604f6aee9c?s=96&d=mm&r=g","caption":"Reda\u00e7\u00e3o"},"sameAs":["https:\/\/brasilnoticias.org\/site"],"url":"https:\/\/brasilnoticias.org\/site\/author\/fernandozsngmail-com\/"}]}},"_links":{"self":[{"href":"https:\/\/brasilnoticias.org\/site\/wp-json\/wp\/v2\/posts\/4579","targetHints":{"allow":["GET"]}}],"collection":[{"href":"https:\/\/brasilnoticias.org\/site\/wp-json\/wp\/v2\/posts"}],"about":[{"href":"https:\/\/brasilnoticias.org\/site\/wp-json\/wp\/v2\/types\/post"}],"author":[{"embeddable":true,"href":"https:\/\/brasilnoticias.org\/site\/wp-json\/wp\/v2\/users\/1"}],"replies":[{"embeddable":true,"href":"https:\/\/brasilnoticias.org\/site\/wp-json\/wp\/v2\/comments?post=4579"}],"version-history":[{"count":1,"href":"https:\/\/brasilnoticias.org\/site\/wp-json\/wp\/v2\/posts\/4579\/revisions"}],"predecessor-version":[{"id":4581,"href":"https:\/\/brasilnoticias.org\/site\/wp-json\/wp\/v2\/posts\/4579\/revisions\/4581"}],"wp:featuredmedia":[{"embeddable":true,"href":"https:\/\/brasilnoticias.org\/site\/wp-json\/wp\/v2\/media\/4580"}],"wp:attachment":[{"href":"https:\/\/brasilnoticias.org\/site\/wp-json\/wp\/v2\/media?parent=4579"}],"wp:term":[{"taxonomy":"category","embeddable":true,"href":"https:\/\/brasilnoticias.org\/site\/wp-json\/wp\/v2\/categories?post=4579"},{"taxonomy":"post_tag","embeddable":true,"href":"https:\/\/brasilnoticias.org\/site\/wp-json\/wp\/v2\/tags?post=4579"}],"curies":[{"name":"wp","href":"https:\/\/api.w.org\/{rel}","templated":true}]}}