{"id":4582,"date":"2023-03-08T18:10:22","date_gmt":"2023-03-08T21:10:22","guid":{"rendered":"https:\/\/brasilnoticias.org\/site\/?p=4582"},"modified":"2023-03-08T16:46:44","modified_gmt":"2023-03-08T19:46:44","slug":"mundo-de-15-anos-atras-nao-existe-mais-diz-bial-sobre-novo-linha-direta","status":"publish","type":"post","link":"https:\/\/brasilnoticias.org\/site\/mundo-de-15-anos-atras-nao-existe-mais-diz-bial-sobre-novo-linha-direta\/","title":{"rendered":"&#8216;Mundo de 15 anos atr\u00e1s n\u00e3o existe mais&#8217;, diz Bial sobre novo Linha Direta"},"content":{"rendered":"<p>A Globo deu o pontap\u00e9 inicial nas grava\u00e7\u00f5es do novo Linha Direta. As primeiras imagens do programa, que agora ser\u00e1 apresentado por Pedro Bial, foram registradas no in\u00edcio desta semana nos Est\u00fadios Globo, no Rio de Janeiro.<\/p>\n<p>&#8220;Estamos muito motivados por estrear um programa novo, que \u00e9 o &#8216;Linha Direta&#8217;. \u00c9 uma retomada de um formato de 15 anos atr\u00e1s, mas o mundo de 15 anos n\u00e3o existe mais&#8221;, disse o jornalista a Splash.<\/p>\n<p>Segundo Bial, que vai conciliar o comando da atra\u00e7\u00e3o com outros projetos da emissora -como Som Brasil, Conversa.doc e Conversa com Bial-, a ideia \u00e9 manter a ess\u00eancia do programa que foi sucesso nos anos 1990.<\/p>\n<p>&#8220;Esse programa vai evocar o Linha Direta l\u00e1 de tr\u00e1s, mas tamb\u00e9m anunciar as novas possibilidades de um programa que envolve true crime, justi\u00e7a e impunidade no Brasil&#8221;, completou<\/p>\n<p>COMO ERA O PROGRAMA?<\/p>\n<p>O Linha Direta estreou em 1990 e era marcado pela reconstitui\u00e7\u00e3o, com atores e entrevistas de testemunhas, de crimes e trag\u00e9dias de grande repercuss\u00e3o no Brasil.<\/p>\n<p>Com direito a sigilo total, os telespectadores faziam den\u00fancias por meio de uma central telef\u00f4nica, dispon\u00edvel 24 horas por dia, e pela p\u00e1gina do programa na internet.<\/p>\n<p>De acordo com a Globo, a divulga\u00e7\u00e3o dos rostos de acusados n\u00e3o apenas surtiu efeito, como acumulou \u00eaxitos em investiga\u00e7\u00f5es policiais por todo o pa\u00eds. Apenas com os casos relatados na atra\u00e7\u00e3o, cerca de 380 criminosos foram localizados por autoridades policiais.<\/p>\n<p>O programa contou com os jornalistas H\u00e9lio Costa, Marcelo Rezende e Domingos Meirelles na apresenta\u00e7\u00e3o ao longo dos anos.<\/p>\n<p>Foto Divulga\u00e7\u00e3o \/ TV Globo<br \/>\nNot\u00edcias ao minuto<\/p>\n","protected":false},"excerpt":{"rendered":"<p>A Globo deu o pontap\u00e9 inicial nas grava\u00e7\u00f5es do novo Linha Direta. As primeiras imagens do programa, que agora ser\u00e1<\/p>\n","protected":false},"author":1,"featured_media":4583,"comment_status":"open","ping_status":"open","sticky":false,"template":"","format":"standard","meta":{"colormag_page_container_layout":"default_layout","colormag_page_sidebar_layout":"default_layout","_FSMCFIC_featured_image_caption":"","_FSMCFIC_featured_image_nocaption":"","_FSMCFIC_featured_image_hide":"","footnotes":""},"categories":[8,1],"tags":[],"class_list":["post-4582","post","type-post","status-publish","format-standard","has-post-thumbnail","hentry","category-entretenimento","category-ultimas"],"yoast_head":"<!-- This site is optimized with the Yoast SEO plugin v27.1.1 - https:\/\/yoast.com\/product\/yoast-seo-wordpress\/ -->\n<title>&#039;Mundo de 15 anos atr\u00e1s n\u00e3o existe mais&#039;, diz Bial sobre novo Linha Direta - Brasil not\u00edcias<\/title>\n<meta name=\"robots\" content=\"index, follow, max-snippet:-1, max-image-preview:large, max-video-preview:-1\" \/>\n<link rel=\"canonical\" href=\"https:\/\/brasilnoticias.org\/site\/mundo-de-15-anos-atras-nao-existe-mais-diz-bial-sobre-novo-linha-direta\/\" \/>\n<meta property=\"og:locale\" content=\"pt_PT\" \/>\n<meta property=\"og:type\" content=\"article\" \/>\n<meta property=\"og:title\" content=\"&#039;Mundo de 15 anos atr\u00e1s n\u00e3o existe mais&#039;, diz Bial sobre novo Linha Direta - Brasil not\u00edcias\" \/>\n<meta property=\"og:description\" content=\"A Globo deu o pontap\u00e9 inicial nas grava\u00e7\u00f5es do novo Linha Direta. As primeiras imagens do programa, que agora ser\u00e1\" \/>\n<meta property=\"og:url\" content=\"https:\/\/brasilnoticias.org\/site\/mundo-de-15-anos-atras-nao-existe-mais-diz-bial-sobre-novo-linha-direta\/\" \/>\n<meta property=\"og:site_name\" content=\"Brasil not\u00edcias\" \/>\n<meta property=\"article:published_time\" content=\"2023-03-08T21:10:22+00:00\" \/>\n<meta property=\"og:image\" content=\"https:\/\/brasilnoticias.org\/site\/wp-content\/uploads\/2023\/03\/naom_5bab8495f0073.jpg\" \/>\n\t<meta property=\"og:image:width\" content=\"960\" \/>\n\t<meta property=\"og:image:height\" content=\"540\" \/>\n\t<meta property=\"og:image:type\" content=\"image\/jpeg\" \/>\n<meta name=\"author\" content=\"Reda\u00e7\u00e3o\" \/>\n<meta name=\"twitter:card\" content=\"summary_large_image\" \/>\n<meta name=\"twitter:label1\" content=\"Escrito por\" \/>\n\t<meta name=\"twitter:data1\" content=\"Reda\u00e7\u00e3o\" \/>\n<script type=\"application\/ld+json\" class=\"yoast-schema-graph\">{\"@context\":\"https:\/\/schema.org\",\"@graph\":[{\"@type\":\"Article\",\"@id\":\"https:\/\/brasilnoticias.org\/site\/mundo-de-15-anos-atras-nao-existe-mais-diz-bial-sobre-novo-linha-direta\/#article\",\"isPartOf\":{\"@id\":\"https:\/\/brasilnoticias.org\/site\/mundo-de-15-anos-atras-nao-existe-mais-diz-bial-sobre-novo-linha-direta\/\"},\"author\":{\"name\":\"Reda\u00e7\u00e3o\",\"@id\":\"https:\/\/brasilnoticias.org\/site\/#\/schema\/person\/a0e05b973ec4d15c658d51911e53507b\"},\"headline\":\"&#8216;Mundo de 15 anos atr\u00e1s n\u00e3o existe mais&#8217;, diz Bial sobre novo Linha Direta\",\"datePublished\":\"2023-03-08T21:10:22+00:00\",\"mainEntityOfPage\":{\"@id\":\"https:\/\/brasilnoticias.org\/site\/mundo-de-15-anos-atras-nao-existe-mais-diz-bial-sobre-novo-linha-direta\/\"},\"wordCount\":296,\"commentCount\":0,\"publisher\":{\"@id\":\"https:\/\/brasilnoticias.org\/site\/#organization\"},\"image\":{\"@id\":\"https:\/\/brasilnoticias.org\/site\/mundo-de-15-anos-atras-nao-existe-mais-diz-bial-sobre-novo-linha-direta\/#primaryimage\"},\"thumbnailUrl\":\"https:\/\/brasilnoticias.org\/site\/wp-content\/uploads\/2023\/03\/naom_5bab8495f0073.jpg\",\"articleSection\":[\"Entretenimento\",\"\u00daltimas\"],\"inLanguage\":\"pt-PT\",\"potentialAction\":[{\"@type\":\"CommentAction\",\"name\":\"Comment\",\"target\":[\"https:\/\/brasilnoticias.org\/site\/mundo-de-15-anos-atras-nao-existe-mais-diz-bial-sobre-novo-linha-direta\/#respond\"]}]},{\"@type\":\"WebPage\",\"@id\":\"https:\/\/brasilnoticias.org\/site\/mundo-de-15-anos-atras-nao-existe-mais-diz-bial-sobre-novo-linha-direta\/\",\"url\":\"https:\/\/brasilnoticias.org\/site\/mundo-de-15-anos-atras-nao-existe-mais-diz-bial-sobre-novo-linha-direta\/\",\"name\":\"'Mundo de 15 anos atr\u00e1s n\u00e3o existe mais', diz Bial sobre novo Linha Direta - Brasil not\u00edcias\",\"isPartOf\":{\"@id\":\"https:\/\/brasilnoticias.org\/site\/#website\"},\"primaryImageOfPage\":{\"@id\":\"https:\/\/brasilnoticias.org\/site\/mundo-de-15-anos-atras-nao-existe-mais-diz-bial-sobre-novo-linha-direta\/#primaryimage\"},\"image\":{\"@id\":\"https:\/\/brasilnoticias.org\/site\/mundo-de-15-anos-atras-nao-existe-mais-diz-bial-sobre-novo-linha-direta\/#primaryimage\"},\"thumbnailUrl\":\"https:\/\/brasilnoticias.org\/site\/wp-content\/uploads\/2023\/03\/naom_5bab8495f0073.jpg\",\"datePublished\":\"2023-03-08T21:10:22+00:00\",\"breadcrumb\":{\"@id\":\"https:\/\/brasilnoticias.org\/site\/mundo-de-15-anos-atras-nao-existe-mais-diz-bial-sobre-novo-linha-direta\/#breadcrumb\"},\"inLanguage\":\"pt-PT\",\"potentialAction\":[{\"@type\":\"ReadAction\",\"target\":[\"https:\/\/brasilnoticias.org\/site\/mundo-de-15-anos-atras-nao-existe-mais-diz-bial-sobre-novo-linha-direta\/\"]}]},{\"@type\":\"ImageObject\",\"inLanguage\":\"pt-PT\",\"@id\":\"https:\/\/brasilnoticias.org\/site\/mundo-de-15-anos-atras-nao-existe-mais-diz-bial-sobre-novo-linha-direta\/#primaryimage\",\"url\":\"https:\/\/brasilnoticias.org\/site\/wp-content\/uploads\/2023\/03\/naom_5bab8495f0073.jpg\",\"contentUrl\":\"https:\/\/brasilnoticias.org\/site\/wp-content\/uploads\/2023\/03\/naom_5bab8495f0073.jpg\",\"width\":960,\"height\":540},{\"@type\":\"BreadcrumbList\",\"@id\":\"https:\/\/brasilnoticias.org\/site\/mundo-de-15-anos-atras-nao-existe-mais-diz-bial-sobre-novo-linha-direta\/#breadcrumb\",\"itemListElement\":[{\"@type\":\"ListItem\",\"position\":1,\"name\":\"In\u00edcio\",\"item\":\"https:\/\/brasilnoticias.org\/site\/\"},{\"@type\":\"ListItem\",\"position\":2,\"name\":\"&#8216;Mundo de 15 anos atr\u00e1s n\u00e3o existe mais&#8217;, diz Bial sobre novo Linha Direta\"}]},{\"@type\":\"WebSite\",\"@id\":\"https:\/\/brasilnoticias.org\/site\/#website\",\"url\":\"https:\/\/brasilnoticias.org\/site\/\",\"name\":\"Brasil not\u00edcias\",\"description\":\"Brasil not\u00edcias\",\"publisher\":{\"@id\":\"https:\/\/brasilnoticias.org\/site\/#organization\"},\"potentialAction\":[{\"@type\":\"SearchAction\",\"target\":{\"@type\":\"EntryPoint\",\"urlTemplate\":\"https:\/\/brasilnoticias.org\/site\/?s={search_term_string}\"},\"query-input\":{\"@type\":\"PropertyValueSpecification\",\"valueRequired\":true,\"valueName\":\"search_term_string\"}}],\"inLanguage\":\"pt-PT\"},{\"@type\":\"Organization\",\"@id\":\"https:\/\/brasilnoticias.org\/site\/#organization\",\"name\":\"Brasil not\u00edcias\",\"url\":\"https:\/\/brasilnoticias.org\/site\/\",\"logo\":{\"@type\":\"ImageObject\",\"inLanguage\":\"pt-PT\",\"@id\":\"https:\/\/brasilnoticias.org\/site\/#\/schema\/logo\/image\/\",\"url\":\"https:\/\/brasilnoticias.org\/site\/wp-content\/uploads\/2022\/05\/cropped-brasilnoticias-mini.jpg\",\"contentUrl\":\"https:\/\/brasilnoticias.org\/site\/wp-content\/uploads\/2022\/05\/cropped-brasilnoticias-mini.jpg\",\"width\":314,\"height\":86,\"caption\":\"Brasil not\u00edcias\"},\"image\":{\"@id\":\"https:\/\/brasilnoticias.org\/site\/#\/schema\/logo\/image\/\"}},{\"@type\":\"Person\",\"@id\":\"https:\/\/brasilnoticias.org\/site\/#\/schema\/person\/a0e05b973ec4d15c658d51911e53507b\",\"name\":\"Reda\u00e7\u00e3o\",\"image\":{\"@type\":\"ImageObject\",\"inLanguage\":\"pt-PT\",\"@id\":\"https:\/\/brasilnoticias.org\/site\/#\/schema\/person\/image\/\",\"url\":\"https:\/\/secure.gravatar.com\/avatar\/75d8b050df2de108b08ae78dfb8e374892df24a383c67db9c46a9c604f6aee9c?s=96&d=mm&r=g\",\"contentUrl\":\"https:\/\/secure.gravatar.com\/avatar\/75d8b050df2de108b08ae78dfb8e374892df24a383c67db9c46a9c604f6aee9c?s=96&d=mm&r=g\",\"caption\":\"Reda\u00e7\u00e3o\"},\"sameAs\":[\"https:\/\/brasilnoticias.org\/site\"],\"url\":\"https:\/\/brasilnoticias.org\/site\/author\/fernandozsngmail-com\/\"}]}<\/script>\n<!-- \/ Yoast SEO plugin. -->","yoast_head_json":{"title":"'Mundo de 15 anos atr\u00e1s n\u00e3o existe mais', diz Bial sobre novo Linha Direta - Brasil not\u00edcias","robots":{"index":"index","follow":"follow","max-snippet":"max-snippet:-1","max-image-preview":"max-image-preview:large","max-video-preview":"max-video-preview:-1"},"canonical":"https:\/\/brasilnoticias.org\/site\/mundo-de-15-anos-atras-nao-existe-mais-diz-bial-sobre-novo-linha-direta\/","og_locale":"pt_PT","og_type":"article","og_title":"'Mundo de 15 anos atr\u00e1s n\u00e3o existe mais', diz Bial sobre novo Linha Direta - Brasil not\u00edcias","og_description":"A Globo deu o pontap\u00e9 inicial nas grava\u00e7\u00f5es do novo Linha Direta. As primeiras imagens do programa, que agora ser\u00e1","og_url":"https:\/\/brasilnoticias.org\/site\/mundo-de-15-anos-atras-nao-existe-mais-diz-bial-sobre-novo-linha-direta\/","og_site_name":"Brasil not\u00edcias","article_published_time":"2023-03-08T21:10:22+00:00","og_image":[{"width":960,"height":540,"url":"https:\/\/brasilnoticias.org\/site\/wp-content\/uploads\/2023\/03\/naom_5bab8495f0073.jpg","type":"image\/jpeg"}],"author":"Reda\u00e7\u00e3o","twitter_card":"summary_large_image","twitter_misc":{"Escrito por":"Reda\u00e7\u00e3o"},"schema":{"@context":"https:\/\/schema.org","@graph":[{"@type":"Article","@id":"https:\/\/brasilnoticias.org\/site\/mundo-de-15-anos-atras-nao-existe-mais-diz-bial-sobre-novo-linha-direta\/#article","isPartOf":{"@id":"https:\/\/brasilnoticias.org\/site\/mundo-de-15-anos-atras-nao-existe-mais-diz-bial-sobre-novo-linha-direta\/"},"author":{"name":"Reda\u00e7\u00e3o","@id":"https:\/\/brasilnoticias.org\/site\/#\/schema\/person\/a0e05b973ec4d15c658d51911e53507b"},"headline":"&#8216;Mundo de 15 anos atr\u00e1s n\u00e3o existe mais&#8217;, diz Bial sobre novo Linha Direta","datePublished":"2023-03-08T21:10:22+00:00","mainEntityOfPage":{"@id":"https:\/\/brasilnoticias.org\/site\/mundo-de-15-anos-atras-nao-existe-mais-diz-bial-sobre-novo-linha-direta\/"},"wordCount":296,"commentCount":0,"publisher":{"@id":"https:\/\/brasilnoticias.org\/site\/#organization"},"image":{"@id":"https:\/\/brasilnoticias.org\/site\/mundo-de-15-anos-atras-nao-existe-mais-diz-bial-sobre-novo-linha-direta\/#primaryimage"},"thumbnailUrl":"https:\/\/brasilnoticias.org\/site\/wp-content\/uploads\/2023\/03\/naom_5bab8495f0073.jpg","articleSection":["Entretenimento","\u00daltimas"],"inLanguage":"pt-PT","potentialAction":[{"@type":"CommentAction","name":"Comment","target":["https:\/\/brasilnoticias.org\/site\/mundo-de-15-anos-atras-nao-existe-mais-diz-bial-sobre-novo-linha-direta\/#respond"]}]},{"@type":"WebPage","@id":"https:\/\/brasilnoticias.org\/site\/mundo-de-15-anos-atras-nao-existe-mais-diz-bial-sobre-novo-linha-direta\/","url":"https:\/\/brasilnoticias.org\/site\/mundo-de-15-anos-atras-nao-existe-mais-diz-bial-sobre-novo-linha-direta\/","name":"'Mundo de 15 anos atr\u00e1s n\u00e3o existe mais', diz Bial sobre novo Linha Direta - Brasil not\u00edcias","isPartOf":{"@id":"https:\/\/brasilnoticias.org\/site\/#website"},"primaryImageOfPage":{"@id":"https:\/\/brasilnoticias.org\/site\/mundo-de-15-anos-atras-nao-existe-mais-diz-bial-sobre-novo-linha-direta\/#primaryimage"},"image":{"@id":"https:\/\/brasilnoticias.org\/site\/mundo-de-15-anos-atras-nao-existe-mais-diz-bial-sobre-novo-linha-direta\/#primaryimage"},"thumbnailUrl":"https:\/\/brasilnoticias.org\/site\/wp-content\/uploads\/2023\/03\/naom_5bab8495f0073.jpg","datePublished":"2023-03-08T21:10:22+00:00","breadcrumb":{"@id":"https:\/\/brasilnoticias.org\/site\/mundo-de-15-anos-atras-nao-existe-mais-diz-bial-sobre-novo-linha-direta\/#breadcrumb"},"inLanguage":"pt-PT","potentialAction":[{"@type":"ReadAction","target":["https:\/\/brasilnoticias.org\/site\/mundo-de-15-anos-atras-nao-existe-mais-diz-bial-sobre-novo-linha-direta\/"]}]},{"@type":"ImageObject","inLanguage":"pt-PT","@id":"https:\/\/brasilnoticias.org\/site\/mundo-de-15-anos-atras-nao-existe-mais-diz-bial-sobre-novo-linha-direta\/#primaryimage","url":"https:\/\/brasilnoticias.org\/site\/wp-content\/uploads\/2023\/03\/naom_5bab8495f0073.jpg","contentUrl":"https:\/\/brasilnoticias.org\/site\/wp-content\/uploads\/2023\/03\/naom_5bab8495f0073.jpg","width":960,"height":540},{"@type":"BreadcrumbList","@id":"https:\/\/brasilnoticias.org\/site\/mundo-de-15-anos-atras-nao-existe-mais-diz-bial-sobre-novo-linha-direta\/#breadcrumb","itemListElement":[{"@type":"ListItem","position":1,"name":"In\u00edcio","item":"https:\/\/brasilnoticias.org\/site\/"},{"@type":"ListItem","position":2,"name":"&#8216;Mundo de 15 anos atr\u00e1s n\u00e3o existe mais&#8217;, diz Bial sobre novo Linha Direta"}]},{"@type":"WebSite","@id":"https:\/\/brasilnoticias.org\/site\/#website","url":"https:\/\/brasilnoticias.org\/site\/","name":"Brasil not\u00edcias","description":"Brasil not\u00edcias","publisher":{"@id":"https:\/\/brasilnoticias.org\/site\/#organization"},"potentialAction":[{"@type":"SearchAction","target":{"@type":"EntryPoint","urlTemplate":"https:\/\/brasilnoticias.org\/site\/?s={search_term_string}"},"query-input":{"@type":"PropertyValueSpecification","valueRequired":true,"valueName":"search_term_string"}}],"inLanguage":"pt-PT"},{"@type":"Organization","@id":"https:\/\/brasilnoticias.org\/site\/#organization","name":"Brasil not\u00edcias","url":"https:\/\/brasilnoticias.org\/site\/","logo":{"@type":"ImageObject","inLanguage":"pt-PT","@id":"https:\/\/brasilnoticias.org\/site\/#\/schema\/logo\/image\/","url":"https:\/\/brasilnoticias.org\/site\/wp-content\/uploads\/2022\/05\/cropped-brasilnoticias-mini.jpg","contentUrl":"https:\/\/brasilnoticias.org\/site\/wp-content\/uploads\/2022\/05\/cropped-brasilnoticias-mini.jpg","width":314,"height":86,"caption":"Brasil not\u00edcias"},"image":{"@id":"https:\/\/brasilnoticias.org\/site\/#\/schema\/logo\/image\/"}},{"@type":"Person","@id":"https:\/\/brasilnoticias.org\/site\/#\/schema\/person\/a0e05b973ec4d15c658d51911e53507b","name":"Reda\u00e7\u00e3o","image":{"@type":"ImageObject","inLanguage":"pt-PT","@id":"https:\/\/brasilnoticias.org\/site\/#\/schema\/person\/image\/","url":"https:\/\/secure.gravatar.com\/avatar\/75d8b050df2de108b08ae78dfb8e374892df24a383c67db9c46a9c604f6aee9c?s=96&d=mm&r=g","contentUrl":"https:\/\/secure.gravatar.com\/avatar\/75d8b050df2de108b08ae78dfb8e374892df24a383c67db9c46a9c604f6aee9c?s=96&d=mm&r=g","caption":"Reda\u00e7\u00e3o"},"sameAs":["https:\/\/brasilnoticias.org\/site"],"url":"https:\/\/brasilnoticias.org\/site\/author\/fernandozsngmail-com\/"}]}},"_links":{"self":[{"href":"https:\/\/brasilnoticias.org\/site\/wp-json\/wp\/v2\/posts\/4582","targetHints":{"allow":["GET"]}}],"collection":[{"href":"https:\/\/brasilnoticias.org\/site\/wp-json\/wp\/v2\/posts"}],"about":[{"href":"https:\/\/brasilnoticias.org\/site\/wp-json\/wp\/v2\/types\/post"}],"author":[{"embeddable":true,"href":"https:\/\/brasilnoticias.org\/site\/wp-json\/wp\/v2\/users\/1"}],"replies":[{"embeddable":true,"href":"https:\/\/brasilnoticias.org\/site\/wp-json\/wp\/v2\/comments?post=4582"}],"version-history":[{"count":1,"href":"https:\/\/brasilnoticias.org\/site\/wp-json\/wp\/v2\/posts\/4582\/revisions"}],"predecessor-version":[{"id":4584,"href":"https:\/\/brasilnoticias.org\/site\/wp-json\/wp\/v2\/posts\/4582\/revisions\/4584"}],"wp:featuredmedia":[{"embeddable":true,"href":"https:\/\/brasilnoticias.org\/site\/wp-json\/wp\/v2\/media\/4583"}],"wp:attachment":[{"href":"https:\/\/brasilnoticias.org\/site\/wp-json\/wp\/v2\/media?parent=4582"}],"wp:term":[{"taxonomy":"category","embeddable":true,"href":"https:\/\/brasilnoticias.org\/site\/wp-json\/wp\/v2\/categories?post=4582"},{"taxonomy":"post_tag","embeddable":true,"href":"https:\/\/brasilnoticias.org\/site\/wp-json\/wp\/v2\/tags?post=4582"}],"curies":[{"name":"wp","href":"https:\/\/api.w.org\/{rel}","templated":true}]}}