{"id":459,"date":"2022-05-22T10:42:25","date_gmt":"2022-05-22T13:42:25","guid":{"rendered":"https:\/\/brasilnoticias.org\/site\/?p=459"},"modified":"2022-05-22T10:42:25","modified_gmt":"2022-05-22T13:42:25","slug":"frio-na-bahia-teixeira-de-freitas-no-extremo-sul-registra-minimas-de-12-e-11c","status":"publish","type":"post","link":"https:\/\/brasilnoticias.org\/site\/frio-na-bahia-teixeira-de-freitas-no-extremo-sul-registra-minimas-de-12-e-11c\/","title":{"rendered":"FRIO NA BAHIA: TEIXEIRA DE FREITAS, NO EXTREMO SUL, REGISTRA M\u00cdNIMAS DE 12 E 11\u00b0C"},"content":{"rendered":"<p>Se em\u00a0<a href=\"https:\/\/www.bnews.com.br\/salvador\" target=\"_blank\" rel=\"noopener\">Salvador<\/a>\u00a0a onda de frio que atingiu v\u00e1rias cidades do pa\u00eds n\u00e3o chegou, em algumas cidades do interior do Estado, ela apareceu com for\u00e7a.<\/p>\n<p>Em\u00a0<a href=\"https:\/\/www.bnews.com.br\/tags\/teixeira-de-freitas\" target=\"_blank\" rel=\"noopener\">Teixeira de Freitas<\/a>, no extremo sul, os term\u00f4metros chegaram \u00e0 casa dos 12\u00b0 C na \u00faltima quinta-feira (19).<\/p>\n<p>Para completar, para a madrugada de sexta-feira (20), a previs\u00e3o do tempo apontava que a cidade poderia atingir uma m\u00ednima de 11\u00b0 C.<\/p>\n<p>Teixeira de Freitas n\u00e3o foi a \u00fanica cidade da regi\u00e3o a enfrentar um clima incomum. Em outros munic\u00edpios, como\u00a0<a href=\"https:\/\/www.bnews.com.br\/noticias\/cidades\/cidade-no-extremo-sul-da-bahia-sofre-chuva-de-granizo.html\" target=\"_blank\" rel=\"noopener\">Mucuri\u00a0<\/a>e\u00a0<a href=\"https:\/\/www.bnews.com.br\/noticias\/cidades\/chuvas-de-granizo-atingem-cidade-de-prado-nesta-terca-feira.html\" target=\"_blank\" rel=\"noopener\">Prado<\/a>, foram registradas chuvas de granizo.<\/p>\n<p><a href=\"https:\/\/www.bnews.com.br\/noticias\/cidades\/fortes-ventos-e-chuva-de-granizo-assustam-moradores-de-taperoa.html\" target=\"_blank\" rel=\"noopener\">O mesmo aconteceu em Tapero\u00e1<\/a>, s\u00f3 que mais perto de Salvador, a cerca de 150 km da capital baiana.<\/p>\n<p>&nbsp;<\/p>\n<p>&nbsp;<\/p>\n<p>&nbsp;<\/p>\n<p>Bnews<\/p>\n","protected":false},"excerpt":{"rendered":"<p>Se em\u00a0Salvador\u00a0a onda de frio que atingiu v\u00e1rias cidades do pa\u00eds n\u00e3o chegou, em algumas cidades do interior do Estado,<\/p>\n","protected":false},"author":2,"featured_media":460,"comment_status":"open","ping_status":"open","sticky":false,"template":"","format":"standard","meta":{"colormag_page_container_layout":"default_layout","colormag_page_sidebar_layout":"default_layout","_FSMCFIC_featured_image_caption":"","_FSMCFIC_featured_image_nocaption":"","_FSMCFIC_featured_image_hide":"","footnotes":""},"categories":[2,1],"tags":[],"class_list":["post-459","post","type-post","status-publish","format-standard","has-post-thumbnail","hentry","category-noticias","category-ultimas"],"yoast_head":"<!-- This site is optimized with the Yoast SEO plugin v27.1.1 - https:\/\/yoast.com\/product\/yoast-seo-wordpress\/ -->\n<title>FRIO NA BAHIA: TEIXEIRA DE FREITAS, NO EXTREMO SUL, REGISTRA M\u00cdNIMAS DE 12 E 11\u00b0C - Brasil not\u00edcias<\/title>\n<meta name=\"robots\" content=\"index, follow, max-snippet:-1, max-image-preview:large, max-video-preview:-1\" \/>\n<link rel=\"canonical\" href=\"https:\/\/brasilnoticias.org\/site\/frio-na-bahia-teixeira-de-freitas-no-extremo-sul-registra-minimas-de-12-e-11c\/\" \/>\n<meta property=\"og:locale\" content=\"pt_PT\" \/>\n<meta property=\"og:type\" content=\"article\" \/>\n<meta property=\"og:title\" content=\"FRIO NA BAHIA: TEIXEIRA DE FREITAS, NO EXTREMO SUL, REGISTRA M\u00cdNIMAS DE 12 E 11\u00b0C - Brasil not\u00edcias\" \/>\n<meta property=\"og:description\" content=\"Se em\u00a0Salvador\u00a0a onda de frio que atingiu v\u00e1rias cidades do pa\u00eds n\u00e3o chegou, em algumas cidades do interior do Estado,\" \/>\n<meta property=\"og:url\" content=\"https:\/\/brasilnoticias.org\/site\/frio-na-bahia-teixeira-de-freitas-no-extremo-sul-registra-minimas-de-12-e-11c\/\" \/>\n<meta property=\"og:site_name\" content=\"Brasil not\u00edcias\" \/>\n<meta property=\"article:published_time\" content=\"2022-05-22T13:42:25+00:00\" \/>\n<meta property=\"og:image\" content=\"https:\/\/brasilnoticias.org\/site\/wp-content\/uploads\/2022\/05\/frio-na-bahia-teixeira-de-freitas_widelg.jpg\" \/>\n\t<meta property=\"og:image:width\" content=\"800\" \/>\n\t<meta property=\"og:image:height\" content=\"450\" \/>\n\t<meta property=\"og:image:type\" content=\"image\/jpeg\" \/>\n<meta name=\"author\" content=\"Reda\u00e7\u00e3o\" \/>\n<meta name=\"twitter:card\" content=\"summary_large_image\" \/>\n<meta name=\"twitter:label1\" content=\"Escrito por\" \/>\n\t<meta name=\"twitter:data1\" content=\"Reda\u00e7\u00e3o\" \/>\n\t<meta name=\"twitter:label2\" content=\"Tempo estimado de leitura\" \/>\n\t<meta name=\"twitter:data2\" content=\"1 minuto\" \/>\n<script type=\"application\/ld+json\" class=\"yoast-schema-graph\">{\"@context\":\"https:\/\/schema.org\",\"@graph\":[{\"@type\":\"Article\",\"@id\":\"https:\/\/brasilnoticias.org\/site\/frio-na-bahia-teixeira-de-freitas-no-extremo-sul-registra-minimas-de-12-e-11c\/#article\",\"isPartOf\":{\"@id\":\"https:\/\/brasilnoticias.org\/site\/frio-na-bahia-teixeira-de-freitas-no-extremo-sul-registra-minimas-de-12-e-11c\/\"},\"author\":{\"name\":\"Reda\u00e7\u00e3o\",\"@id\":\"https:\/\/brasilnoticias.org\/site\/#\/schema\/person\/f609fa847b5314f1c8b983342f34c798\"},\"headline\":\"FRIO NA BAHIA: TEIXEIRA DE FREITAS, NO EXTREMO SUL, REGISTRA M\u00cdNIMAS DE 12 E 11\u00b0C\",\"datePublished\":\"2022-05-22T13:42:25+00:00\",\"mainEntityOfPage\":{\"@id\":\"https:\/\/brasilnoticias.org\/site\/frio-na-bahia-teixeira-de-freitas-no-extremo-sul-registra-minimas-de-12-e-11c\/\"},\"wordCount\":137,\"commentCount\":0,\"publisher\":{\"@id\":\"https:\/\/brasilnoticias.org\/site\/#organization\"},\"image\":{\"@id\":\"https:\/\/brasilnoticias.org\/site\/frio-na-bahia-teixeira-de-freitas-no-extremo-sul-registra-minimas-de-12-e-11c\/#primaryimage\"},\"thumbnailUrl\":\"https:\/\/brasilnoticias.org\/site\/wp-content\/uploads\/2022\/05\/frio-na-bahia-teixeira-de-freitas_widelg.jpg\",\"articleSection\":[\"Not\u00edcias\",\"\u00daltimas\"],\"inLanguage\":\"pt-PT\",\"potentialAction\":[{\"@type\":\"CommentAction\",\"name\":\"Comment\",\"target\":[\"https:\/\/brasilnoticias.org\/site\/frio-na-bahia-teixeira-de-freitas-no-extremo-sul-registra-minimas-de-12-e-11c\/#respond\"]}]},{\"@type\":\"WebPage\",\"@id\":\"https:\/\/brasilnoticias.org\/site\/frio-na-bahia-teixeira-de-freitas-no-extremo-sul-registra-minimas-de-12-e-11c\/\",\"url\":\"https:\/\/brasilnoticias.org\/site\/frio-na-bahia-teixeira-de-freitas-no-extremo-sul-registra-minimas-de-12-e-11c\/\",\"name\":\"FRIO NA BAHIA: TEIXEIRA DE FREITAS, NO EXTREMO SUL, REGISTRA M\u00cdNIMAS DE 12 E 11\u00b0C - Brasil not\u00edcias\",\"isPartOf\":{\"@id\":\"https:\/\/brasilnoticias.org\/site\/#website\"},\"primaryImageOfPage\":{\"@id\":\"https:\/\/brasilnoticias.org\/site\/frio-na-bahia-teixeira-de-freitas-no-extremo-sul-registra-minimas-de-12-e-11c\/#primaryimage\"},\"image\":{\"@id\":\"https:\/\/brasilnoticias.org\/site\/frio-na-bahia-teixeira-de-freitas-no-extremo-sul-registra-minimas-de-12-e-11c\/#primaryimage\"},\"thumbnailUrl\":\"https:\/\/brasilnoticias.org\/site\/wp-content\/uploads\/2022\/05\/frio-na-bahia-teixeira-de-freitas_widelg.jpg\",\"datePublished\":\"2022-05-22T13:42:25+00:00\",\"breadcrumb\":{\"@id\":\"https:\/\/brasilnoticias.org\/site\/frio-na-bahia-teixeira-de-freitas-no-extremo-sul-registra-minimas-de-12-e-11c\/#breadcrumb\"},\"inLanguage\":\"pt-PT\",\"potentialAction\":[{\"@type\":\"ReadAction\",\"target\":[\"https:\/\/brasilnoticias.org\/site\/frio-na-bahia-teixeira-de-freitas-no-extremo-sul-registra-minimas-de-12-e-11c\/\"]}]},{\"@type\":\"ImageObject\",\"inLanguage\":\"pt-PT\",\"@id\":\"https:\/\/brasilnoticias.org\/site\/frio-na-bahia-teixeira-de-freitas-no-extremo-sul-registra-minimas-de-12-e-11c\/#primaryimage\",\"url\":\"https:\/\/brasilnoticias.org\/site\/wp-content\/uploads\/2022\/05\/frio-na-bahia-teixeira-de-freitas_widelg.jpg\",\"contentUrl\":\"https:\/\/brasilnoticias.org\/site\/wp-content\/uploads\/2022\/05\/frio-na-bahia-teixeira-de-freitas_widelg.jpg\",\"width\":800,\"height\":450},{\"@type\":\"BreadcrumbList\",\"@id\":\"https:\/\/brasilnoticias.org\/site\/frio-na-bahia-teixeira-de-freitas-no-extremo-sul-registra-minimas-de-12-e-11c\/#breadcrumb\",\"itemListElement\":[{\"@type\":\"ListItem\",\"position\":1,\"name\":\"In\u00edcio\",\"item\":\"https:\/\/brasilnoticias.org\/site\/\"},{\"@type\":\"ListItem\",\"position\":2,\"name\":\"FRIO NA BAHIA: TEIXEIRA DE FREITAS, NO EXTREMO SUL, REGISTRA M\u00cdNIMAS DE 12 E 11\u00b0C\"}]},{\"@type\":\"WebSite\",\"@id\":\"https:\/\/brasilnoticias.org\/site\/#website\",\"url\":\"https:\/\/brasilnoticias.org\/site\/\",\"name\":\"Brasil not\u00edcias\",\"description\":\"Brasil not\u00edcias\",\"publisher\":{\"@id\":\"https:\/\/brasilnoticias.org\/site\/#organization\"},\"potentialAction\":[{\"@type\":\"SearchAction\",\"target\":{\"@type\":\"EntryPoint\",\"urlTemplate\":\"https:\/\/brasilnoticias.org\/site\/?s={search_term_string}\"},\"query-input\":{\"@type\":\"PropertyValueSpecification\",\"valueRequired\":true,\"valueName\":\"search_term_string\"}}],\"inLanguage\":\"pt-PT\"},{\"@type\":\"Organization\",\"@id\":\"https:\/\/brasilnoticias.org\/site\/#organization\",\"name\":\"Brasil not\u00edcias\",\"url\":\"https:\/\/brasilnoticias.org\/site\/\",\"logo\":{\"@type\":\"ImageObject\",\"inLanguage\":\"pt-PT\",\"@id\":\"https:\/\/brasilnoticias.org\/site\/#\/schema\/logo\/image\/\",\"url\":\"https:\/\/brasilnoticias.org\/site\/wp-content\/uploads\/2022\/05\/cropped-brasilnoticias-mini.jpg\",\"contentUrl\":\"https:\/\/brasilnoticias.org\/site\/wp-content\/uploads\/2022\/05\/cropped-brasilnoticias-mini.jpg\",\"width\":314,\"height\":86,\"caption\":\"Brasil not\u00edcias\"},\"image\":{\"@id\":\"https:\/\/brasilnoticias.org\/site\/#\/schema\/logo\/image\/\"}},{\"@type\":\"Person\",\"@id\":\"https:\/\/brasilnoticias.org\/site\/#\/schema\/person\/f609fa847b5314f1c8b983342f34c798\",\"name\":\"Reda\u00e7\u00e3o\",\"image\":{\"@type\":\"ImageObject\",\"inLanguage\":\"pt-PT\",\"@id\":\"https:\/\/brasilnoticias.org\/site\/#\/schema\/person\/image\/\",\"url\":\"https:\/\/secure.gravatar.com\/avatar\/447284c06c1ad8b46465a36de9cd0d8326b73387a22799b8b1ffb1fbcff2ed0c?s=96&d=mm&r=g\",\"contentUrl\":\"https:\/\/secure.gravatar.com\/avatar\/447284c06c1ad8b46465a36de9cd0d8326b73387a22799b8b1ffb1fbcff2ed0c?s=96&d=mm&r=g\",\"caption\":\"Reda\u00e7\u00e3o\"},\"url\":\"https:\/\/brasilnoticias.org\/site\/author\/redacao\/\"}]}<\/script>\n<!-- \/ Yoast SEO plugin. -->","yoast_head_json":{"title":"FRIO NA BAHIA: TEIXEIRA DE FREITAS, NO EXTREMO SUL, REGISTRA M\u00cdNIMAS DE 12 E 11\u00b0C - Brasil not\u00edcias","robots":{"index":"index","follow":"follow","max-snippet":"max-snippet:-1","max-image-preview":"max-image-preview:large","max-video-preview":"max-video-preview:-1"},"canonical":"https:\/\/brasilnoticias.org\/site\/frio-na-bahia-teixeira-de-freitas-no-extremo-sul-registra-minimas-de-12-e-11c\/","og_locale":"pt_PT","og_type":"article","og_title":"FRIO NA BAHIA: TEIXEIRA DE FREITAS, NO EXTREMO SUL, REGISTRA M\u00cdNIMAS DE 12 E 11\u00b0C - Brasil not\u00edcias","og_description":"Se em\u00a0Salvador\u00a0a onda de frio que atingiu v\u00e1rias cidades do pa\u00eds n\u00e3o chegou, em algumas cidades do interior do Estado,","og_url":"https:\/\/brasilnoticias.org\/site\/frio-na-bahia-teixeira-de-freitas-no-extremo-sul-registra-minimas-de-12-e-11c\/","og_site_name":"Brasil not\u00edcias","article_published_time":"2022-05-22T13:42:25+00:00","og_image":[{"width":800,"height":450,"url":"https:\/\/brasilnoticias.org\/site\/wp-content\/uploads\/2022\/05\/frio-na-bahia-teixeira-de-freitas_widelg.jpg","type":"image\/jpeg"}],"author":"Reda\u00e7\u00e3o","twitter_card":"summary_large_image","twitter_misc":{"Escrito por":"Reda\u00e7\u00e3o","Tempo estimado de leitura":"1 minuto"},"schema":{"@context":"https:\/\/schema.org","@graph":[{"@type":"Article","@id":"https:\/\/brasilnoticias.org\/site\/frio-na-bahia-teixeira-de-freitas-no-extremo-sul-registra-minimas-de-12-e-11c\/#article","isPartOf":{"@id":"https:\/\/brasilnoticias.org\/site\/frio-na-bahia-teixeira-de-freitas-no-extremo-sul-registra-minimas-de-12-e-11c\/"},"author":{"name":"Reda\u00e7\u00e3o","@id":"https:\/\/brasilnoticias.org\/site\/#\/schema\/person\/f609fa847b5314f1c8b983342f34c798"},"headline":"FRIO NA BAHIA: TEIXEIRA DE FREITAS, NO EXTREMO SUL, REGISTRA M\u00cdNIMAS DE 12 E 11\u00b0C","datePublished":"2022-05-22T13:42:25+00:00","mainEntityOfPage":{"@id":"https:\/\/brasilnoticias.org\/site\/frio-na-bahia-teixeira-de-freitas-no-extremo-sul-registra-minimas-de-12-e-11c\/"},"wordCount":137,"commentCount":0,"publisher":{"@id":"https:\/\/brasilnoticias.org\/site\/#organization"},"image":{"@id":"https:\/\/brasilnoticias.org\/site\/frio-na-bahia-teixeira-de-freitas-no-extremo-sul-registra-minimas-de-12-e-11c\/#primaryimage"},"thumbnailUrl":"https:\/\/brasilnoticias.org\/site\/wp-content\/uploads\/2022\/05\/frio-na-bahia-teixeira-de-freitas_widelg.jpg","articleSection":["Not\u00edcias","\u00daltimas"],"inLanguage":"pt-PT","potentialAction":[{"@type":"CommentAction","name":"Comment","target":["https:\/\/brasilnoticias.org\/site\/frio-na-bahia-teixeira-de-freitas-no-extremo-sul-registra-minimas-de-12-e-11c\/#respond"]}]},{"@type":"WebPage","@id":"https:\/\/brasilnoticias.org\/site\/frio-na-bahia-teixeira-de-freitas-no-extremo-sul-registra-minimas-de-12-e-11c\/","url":"https:\/\/brasilnoticias.org\/site\/frio-na-bahia-teixeira-de-freitas-no-extremo-sul-registra-minimas-de-12-e-11c\/","name":"FRIO NA BAHIA: TEIXEIRA DE FREITAS, NO EXTREMO SUL, REGISTRA M\u00cdNIMAS DE 12 E 11\u00b0C - Brasil not\u00edcias","isPartOf":{"@id":"https:\/\/brasilnoticias.org\/site\/#website"},"primaryImageOfPage":{"@id":"https:\/\/brasilnoticias.org\/site\/frio-na-bahia-teixeira-de-freitas-no-extremo-sul-registra-minimas-de-12-e-11c\/#primaryimage"},"image":{"@id":"https:\/\/brasilnoticias.org\/site\/frio-na-bahia-teixeira-de-freitas-no-extremo-sul-registra-minimas-de-12-e-11c\/#primaryimage"},"thumbnailUrl":"https:\/\/brasilnoticias.org\/site\/wp-content\/uploads\/2022\/05\/frio-na-bahia-teixeira-de-freitas_widelg.jpg","datePublished":"2022-05-22T13:42:25+00:00","breadcrumb":{"@id":"https:\/\/brasilnoticias.org\/site\/frio-na-bahia-teixeira-de-freitas-no-extremo-sul-registra-minimas-de-12-e-11c\/#breadcrumb"},"inLanguage":"pt-PT","potentialAction":[{"@type":"ReadAction","target":["https:\/\/brasilnoticias.org\/site\/frio-na-bahia-teixeira-de-freitas-no-extremo-sul-registra-minimas-de-12-e-11c\/"]}]},{"@type":"ImageObject","inLanguage":"pt-PT","@id":"https:\/\/brasilnoticias.org\/site\/frio-na-bahia-teixeira-de-freitas-no-extremo-sul-registra-minimas-de-12-e-11c\/#primaryimage","url":"https:\/\/brasilnoticias.org\/site\/wp-content\/uploads\/2022\/05\/frio-na-bahia-teixeira-de-freitas_widelg.jpg","contentUrl":"https:\/\/brasilnoticias.org\/site\/wp-content\/uploads\/2022\/05\/frio-na-bahia-teixeira-de-freitas_widelg.jpg","width":800,"height":450},{"@type":"BreadcrumbList","@id":"https:\/\/brasilnoticias.org\/site\/frio-na-bahia-teixeira-de-freitas-no-extremo-sul-registra-minimas-de-12-e-11c\/#breadcrumb","itemListElement":[{"@type":"ListItem","position":1,"name":"In\u00edcio","item":"https:\/\/brasilnoticias.org\/site\/"},{"@type":"ListItem","position":2,"name":"FRIO NA BAHIA: TEIXEIRA DE FREITAS, NO EXTREMO SUL, REGISTRA M\u00cdNIMAS DE 12 E 11\u00b0C"}]},{"@type":"WebSite","@id":"https:\/\/brasilnoticias.org\/site\/#website","url":"https:\/\/brasilnoticias.org\/site\/","name":"Brasil not\u00edcias","description":"Brasil not\u00edcias","publisher":{"@id":"https:\/\/brasilnoticias.org\/site\/#organization"},"potentialAction":[{"@type":"SearchAction","target":{"@type":"EntryPoint","urlTemplate":"https:\/\/brasilnoticias.org\/site\/?s={search_term_string}"},"query-input":{"@type":"PropertyValueSpecification","valueRequired":true,"valueName":"search_term_string"}}],"inLanguage":"pt-PT"},{"@type":"Organization","@id":"https:\/\/brasilnoticias.org\/site\/#organization","name":"Brasil not\u00edcias","url":"https:\/\/brasilnoticias.org\/site\/","logo":{"@type":"ImageObject","inLanguage":"pt-PT","@id":"https:\/\/brasilnoticias.org\/site\/#\/schema\/logo\/image\/","url":"https:\/\/brasilnoticias.org\/site\/wp-content\/uploads\/2022\/05\/cropped-brasilnoticias-mini.jpg","contentUrl":"https:\/\/brasilnoticias.org\/site\/wp-content\/uploads\/2022\/05\/cropped-brasilnoticias-mini.jpg","width":314,"height":86,"caption":"Brasil not\u00edcias"},"image":{"@id":"https:\/\/brasilnoticias.org\/site\/#\/schema\/logo\/image\/"}},{"@type":"Person","@id":"https:\/\/brasilnoticias.org\/site\/#\/schema\/person\/f609fa847b5314f1c8b983342f34c798","name":"Reda\u00e7\u00e3o","image":{"@type":"ImageObject","inLanguage":"pt-PT","@id":"https:\/\/brasilnoticias.org\/site\/#\/schema\/person\/image\/","url":"https:\/\/secure.gravatar.com\/avatar\/447284c06c1ad8b46465a36de9cd0d8326b73387a22799b8b1ffb1fbcff2ed0c?s=96&d=mm&r=g","contentUrl":"https:\/\/secure.gravatar.com\/avatar\/447284c06c1ad8b46465a36de9cd0d8326b73387a22799b8b1ffb1fbcff2ed0c?s=96&d=mm&r=g","caption":"Reda\u00e7\u00e3o"},"url":"https:\/\/brasilnoticias.org\/site\/author\/redacao\/"}]}},"_links":{"self":[{"href":"https:\/\/brasilnoticias.org\/site\/wp-json\/wp\/v2\/posts\/459","targetHints":{"allow":["GET"]}}],"collection":[{"href":"https:\/\/brasilnoticias.org\/site\/wp-json\/wp\/v2\/posts"}],"about":[{"href":"https:\/\/brasilnoticias.org\/site\/wp-json\/wp\/v2\/types\/post"}],"author":[{"embeddable":true,"href":"https:\/\/brasilnoticias.org\/site\/wp-json\/wp\/v2\/users\/2"}],"replies":[{"embeddable":true,"href":"https:\/\/brasilnoticias.org\/site\/wp-json\/wp\/v2\/comments?post=459"}],"version-history":[{"count":1,"href":"https:\/\/brasilnoticias.org\/site\/wp-json\/wp\/v2\/posts\/459\/revisions"}],"predecessor-version":[{"id":461,"href":"https:\/\/brasilnoticias.org\/site\/wp-json\/wp\/v2\/posts\/459\/revisions\/461"}],"wp:featuredmedia":[{"embeddable":true,"href":"https:\/\/brasilnoticias.org\/site\/wp-json\/wp\/v2\/media\/460"}],"wp:attachment":[{"href":"https:\/\/brasilnoticias.org\/site\/wp-json\/wp\/v2\/media?parent=459"}],"wp:term":[{"taxonomy":"category","embeddable":true,"href":"https:\/\/brasilnoticias.org\/site\/wp-json\/wp\/v2\/categories?post=459"},{"taxonomy":"post_tag","embeddable":true,"href":"https:\/\/brasilnoticias.org\/site\/wp-json\/wp\/v2\/tags?post=459"}],"curies":[{"name":"wp","href":"https:\/\/api.w.org\/{rel}","templated":true}]}}