{"id":4597,"date":"2023-03-09T06:48:10","date_gmt":"2023-03-09T09:48:10","guid":{"rendered":"https:\/\/brasilnoticias.org\/site\/?p=4597"},"modified":"2023-03-09T06:48:10","modified_gmt":"2023-03-09T09:48:10","slug":"fluminense-vira-leva-a-taca-guanabara-e-vitor-pereira-perde-4a-taca-no-flamengo","status":"publish","type":"post","link":"https:\/\/brasilnoticias.org\/site\/fluminense-vira-leva-a-taca-guanabara-e-vitor-pereira-perde-4a-taca-no-flamengo\/","title":{"rendered":"Fluminense vira, leva a Ta\u00e7a Guanabara e V\u00edtor Pereira perde 4\u00aa ta\u00e7a no Flamengo"},"content":{"rendered":"<p>Parece filme repetitivo. Mas \u00e9 a triste realidade de V\u00edtor Pereira no Flamengo. Em pouco mais de dois meses no comando do clube carioca, o treinador portugu\u00eas acumulou seu quarto trof\u00e9u perdido ao levar a virada, por 2 a 1, do Fluminense, em jogo quente e cheio de confus\u00f5es no Maracan\u00e3, deixando escapar a Ta\u00e7a Guanabara. Bastava um empate \u00e0 equipe. Irritada, a torcida pediu a sa\u00edda do comandante e o chamou, em coro, de &#8220;burro&#8221;, quando substituiu Gabigol e Arrascaeta.<br \/>\nCom postura ofensiva, sobretudo na etapa final, o Fluminense mereceu a virada e fecha o primeiro turno com a melhor campanha e o 12\u00ba trof\u00e9u da Ta\u00e7a Guanabara ao somar 25 pontos diante de 23 do time rubro-negro.<\/p>\n<p>Jovem pedido por Fernando Diniz, com o qual trabalhou no Santos, Gabriel Pirani foi o her\u00f3i do Fluminense no Maracan\u00e3 ao marcar o gol da virada, aos 39 minutos. Cano havia empatado em pintura coletiva no come\u00e7o da etapa final ap\u00f3s Everton Cebolinha abrir o placar na primeira etapa. F\u00e1bio ainda fez grande defesa no fim para garantir a festa tricolor.<\/p>\n<p>Depois de ter perdido os t\u00edtulos do Mundial de Clubes (caiu na semifinal), a Recopa Sul-Americana diante do Independiente del Valle e a Supercopa do Brasil para o Palmeiras, evitar vexame na Ta\u00e7a Guanabara era obriga\u00e7\u00e3o de V\u00edtor Pereira e, mais uma vez, ele amargou uma frustra\u00e7\u00e3o no Brasil. Al\u00e9m de perder as tr\u00eas principais disputas com o clube e agora a Ta\u00e7a Guanabara, o comandante portugu\u00eas ainda havia ca\u00eddo na decis\u00e3o da Copa do Brasil com o Corinthians.<\/p>\n<p>Sob enorme press\u00e3o, V\u00edtor Pereira resolveu mexer bastante no Flamengo. Sem David Luiz e Thiago Maia, machucados, o treinador ainda surpreendeu ao deixar Santos, Varela, Fabr\u00edcio Bruno, Ayrton Lucas, Vidal, Everton Ribeiro e Pedro no banco de reservas. O esquema com tr\u00eas zagueiros j\u00e1 era previsto, mas a entrada de Pablo foi outro novidade. Para explicar sete titulares barrados, o portugu\u00eas justificou que eram os jogadores mais dispon\u00edveis para fazer o que ele queria.<\/p>\n<p>Necessitando da vit\u00f3ria para erguer o trof\u00e9u da Ta\u00e7a Guanabara, o Fluminense de Fernando Diniz estava com sua forma\u00e7\u00e3o ideal, com os mesmos titulares escalados nas duas \u00faltimas rodadas do estadual &#8211; 3 a 0 na Portuguesa e 5 a 0 no Bangu.<\/p>\n<p>A bola nem bem rolou no Maracan\u00e3 e Gabigol j\u00e1 recebeu amarelo. Com menos de um minuto, o atacante &#8211; foi xingado por torcedores em protesto na ter\u00e7a-feira &#8211; deu um pontap\u00e9 em Andr\u00e9 e ainda chutou a bola com raiva no volante tricolor. O Flamengo estava visivelmente nervoso. Aos 4, Matheus Fran\u00e7a entrou duro no goleiro F\u00e1bio.<\/p>\n<p>Em jogo quente, as emo\u00e7\u00f5es demoraram a surgir. E no primeiro grande lance, surgiu o gol. Everton Cebolinha fez fila para cima da marca\u00e7\u00e3o e bateu no canto de F\u00e1bio. O atacante beijou o escudo do Flamengo e &#8220;pediu os gritos&#8221; da torcida.<\/p>\n<p>O Fluminense respondeu somente aos 25 minutos. Cano parou em defesa do goleiro. Ap\u00f3s Arrascaeta desperdi\u00e7ar boa chance, Gabigol ampliou. Matheus Fran\u00e7a, ao roubar a bola de Andr\u00e9, por\u00e9m, fez falta ao agarrar o volante e ap\u00f3s an\u00e1lise no VAR o lance acabou impugnado. Keno ainda ficou no quase antes do intervalo.<\/p>\n<p>Mais calmo ap\u00f3s discuss\u00e3o r\u00edspida com V\u00edtor Pereira, Fernando Diniz optou por mudan\u00e7as no descanso ao lan\u00e7ar outros dois meias, Gabriel Pirani e Lima, colocando o Fluminense ainda mais para a frente. Sacrificou o zagueiro David Braz. Andr\u00e9 foi recuado, com somente Martinelli marcando no meio.<\/p>\n<p>A coragem do treinador foi premiada com somente sete minutos, em grande jogada coletiva. Martinelli lan\u00e7ou Pirani, que de primeira, achou Arias na \u00e1rea. O colombiano n\u00e3o foi fominha e tamb\u00e9m em toque r\u00e1pido serviu o artilheiro Cano: 1 a 1. Bateu raspando logo depois, quase virando o marcador. Mas estava impedido.<\/p>\n<p>Aos 20 minutos, V\u00edtor Pereira tirou Gabigol e Arrascaeta, recebeu enorme vaia e ainda foi chamado, em coro, de &#8220;burro.&#8221; Trocou tamb\u00e9m o jovem Igor Jesus por Vidal. Sem sintonia com a torcida, colocou Everton Ribeiro quando a torcida pediu Matheus Gon\u00e7alves. Mas como o meia tem prest\u00edgio com as arquibancadas, desta vez a troca passou sem cobran\u00e7as.<\/p>\n<p>Totalmente desorganizado em campo, o Flamengo n\u00e3o conseguia mais passar do meio-campo e sofria enorme press\u00e3o do Fluminense, que envolvia a marca\u00e7\u00e3o com passes r\u00e1pidos. Vidal, em sa\u00edda errada, quase entregou, mas se recuperou a tempo com carrinho perigoso, por tr\u00e1s.<\/p>\n<p>Em cobran\u00e7a de falta de Arias aos 39 minutos, Cano errou a finaliza\u00e7\u00e3o e a bola sobrou para Gabriel Pirani virar o placar. O jovem, ex-Santos e um pedido de Diniz, vibrou muito. O lance ainda foi para o VAR por poss\u00edvel impedimento. Mas o gol acabou validado.<\/p>\n<p>V\u00edtor Pereira, revoltado com provoca\u00e7\u00f5es, foi ao banco do Fluminense para brigar com Diniz. Mas acabou contido. Logo depois, Gerson derrubou e chutou Giovanni, no ch\u00e3o, e o clima esquentou. O volante levou somente o amarelo, enquanto Felipe Melo acabou expulso e chamou o \u00e1rbitro Grazianni Maciel Rocha de &#8220;mau car\u00e1ter&#8221;. Diniz reclamava da pior arbitragem&#8221; vista na competi\u00e7\u00e3o.<\/p>\n<p>Uma falta na entrada da \u00e1rea no minuto final dos sete dos acr\u00e9scimos deixou os tricolores apreensivos. Everton Ribeiro bateu colocado e F\u00e1bio voou para fazer a defesa e garantir a festa. O atual campe\u00e3o carioca fecha o turno no topo e vai com moral para as semifinais ap\u00f3s o quarto triunfo consecutivo.<\/p>\n<p>FICHA T\u00c9CNICA<\/p>\n<p>FLAMENGO 1 X 2 FLUMINENSE<\/p>\n<p>FLAMENGO &#8211; Matheus Cunha; Rodrigo Caio, Pablo e L\u00e9o Pereira (Fabr\u00edcio Bruno); Matheuzinho, G\u00e9rson, Matheus Fran\u00e7a (Everton Ribeiro), Arrascaeta (Ayrton Lucas) e Igor Jesus (Vidal); Everton Cebolinha e Gabigol (Mateus\u00e3o). T\u00e9cnico: V\u00edtor Pereira.<\/p>\n<p>FLUMINENSE &#8211; F\u00e1bio; Samuel Xavier, Nino, David Braz (Gabriel Pirani) e Alexsander; Andr\u00e9, Martinelli (Alan) e Ganso (Giovanni); Keno (Lima), Arias e Cano (Felipe Melo). T\u00e9cnico: Fernando Diniz.<\/p>\n<p>GOLS &#8211; Everton Cebolinha, aos 18 minutos do primeiro tempo; Cano, aos 7, e Gabriel Pirani, aos 39 do segundo.<\/p>\n<p>\u00c1RBITRO &#8211; Grazianni Maciel Rocha.<\/p>\n<p>CART\u00d5ES AMARELOS &#8211; Gabigol, Gerson, Matheus Cunha, Pablo e V\u00edtor Pereira (Flamengo); Arias e Fernando Diniz (Fluminense).<\/p>\n<p>CART\u00c3O VERMELHO &#8211; Felipe Melo (Fluminense).<\/p>\n<p>RENDA &#8211; N\u00e3o dispon\u00edvel.<\/p>\n<p>P\u00daBLICO &#8211; 56.409 presentes.<\/p>\n<p>LOCAL &#8211; Maracan\u00e3.<\/p>\n<p>Foto Getty<\/p>\n","protected":false},"excerpt":{"rendered":"<p>Parece filme repetitivo. Mas \u00e9 a triste realidade de V\u00edtor Pereira no Flamengo. Em pouco mais de dois meses no<\/p>\n","protected":false},"author":1,"featured_media":4598,"comment_status":"open","ping_status":"open","sticky":false,"template":"","format":"standard","meta":{"colormag_page_container_layout":"default_layout","colormag_page_sidebar_layout":"default_layout","_FSMCFIC_featured_image_caption":"","_FSMCFIC_featured_image_nocaption":"","_FSMCFIC_featured_image_hide":"","footnotes":""},"categories":[4,1],"tags":[],"class_list":["post-4597","post","type-post","status-publish","format-standard","has-post-thumbnail","hentry","category-esporte","category-ultimas"],"yoast_head":"<!-- This site is optimized with the Yoast SEO plugin v27.1.1 - https:\/\/yoast.com\/product\/yoast-seo-wordpress\/ -->\n<title>Fluminense vira, leva a Ta\u00e7a Guanabara e V\u00edtor Pereira perde 4\u00aa ta\u00e7a no Flamengo - Brasil not\u00edcias<\/title>\n<meta name=\"robots\" content=\"index, follow, max-snippet:-1, max-image-preview:large, max-video-preview:-1\" \/>\n<link rel=\"canonical\" href=\"https:\/\/brasilnoticias.org\/site\/fluminense-vira-leva-a-taca-guanabara-e-vitor-pereira-perde-4a-taca-no-flamengo\/\" \/>\n<meta property=\"og:locale\" content=\"pt_PT\" \/>\n<meta property=\"og:type\" content=\"article\" \/>\n<meta property=\"og:title\" content=\"Fluminense vira, leva a Ta\u00e7a Guanabara e V\u00edtor Pereira perde 4\u00aa ta\u00e7a no Flamengo - Brasil not\u00edcias\" \/>\n<meta property=\"og:description\" content=\"Parece filme repetitivo. Mas \u00e9 a triste realidade de V\u00edtor Pereira no Flamengo. Em pouco mais de dois meses no\" \/>\n<meta property=\"og:url\" content=\"https:\/\/brasilnoticias.org\/site\/fluminense-vira-leva-a-taca-guanabara-e-vitor-pereira-perde-4a-taca-no-flamengo\/\" \/>\n<meta property=\"og:site_name\" content=\"Brasil not\u00edcias\" \/>\n<meta property=\"article:published_time\" content=\"2023-03-09T09:48:10+00:00\" \/>\n<meta property=\"og:image\" content=\"https:\/\/brasilnoticias.org\/site\/wp-content\/uploads\/2023\/03\/csm_csm_Espaco_Cultural_da_Barroquinha__Divulgacao__fc0322f6f3_c6926d5efc.jpg\" \/>\n\t<meta property=\"og:image:width\" content=\"940\" \/>\n\t<meta property=\"og:image:height\" content=\"585\" \/>\n\t<meta property=\"og:image:type\" content=\"image\/jpeg\" \/>\n<meta name=\"author\" content=\"Reda\u00e7\u00e3o\" \/>\n<meta name=\"twitter:card\" content=\"summary_large_image\" \/>\n<meta name=\"twitter:label1\" content=\"Escrito por\" \/>\n\t<meta name=\"twitter:data1\" content=\"Reda\u00e7\u00e3o\" \/>\n<script type=\"application\/ld+json\" class=\"yoast-schema-graph\">{\"@context\":\"https:\/\/schema.org\",\"@graph\":[{\"@type\":\"Article\",\"@id\":\"https:\/\/brasilnoticias.org\/site\/fluminense-vira-leva-a-taca-guanabara-e-vitor-pereira-perde-4a-taca-no-flamengo\/#article\",\"isPartOf\":{\"@id\":\"https:\/\/brasilnoticias.org\/site\/fluminense-vira-leva-a-taca-guanabara-e-vitor-pereira-perde-4a-taca-no-flamengo\/\"},\"author\":{\"name\":\"Reda\u00e7\u00e3o\",\"@id\":\"https:\/\/brasilnoticias.org\/site\/#\/schema\/person\/a0e05b973ec4d15c658d51911e53507b\"},\"headline\":\"Fluminense vira, leva a Ta\u00e7a Guanabara e V\u00edtor Pereira perde 4\u00aa ta\u00e7a no Flamengo\",\"datePublished\":\"2023-03-09T09:48:10+00:00\",\"mainEntityOfPage\":{\"@id\":\"https:\/\/brasilnoticias.org\/site\/fluminense-vira-leva-a-taca-guanabara-e-vitor-pereira-perde-4a-taca-no-flamengo\/\"},\"wordCount\":1101,\"commentCount\":0,\"publisher\":{\"@id\":\"https:\/\/brasilnoticias.org\/site\/#organization\"},\"image\":{\"@id\":\"https:\/\/brasilnoticias.org\/site\/fluminense-vira-leva-a-taca-guanabara-e-vitor-pereira-perde-4a-taca-no-flamengo\/#primaryimage\"},\"thumbnailUrl\":\"https:\/\/brasilnoticias.org\/site\/wp-content\/uploads\/2023\/03\/csm_csm_Espaco_Cultural_da_Barroquinha__Divulgacao__fc0322f6f3_c6926d5efc.jpg\",\"articleSection\":[\"Esporte\",\"\u00daltimas\"],\"inLanguage\":\"pt-PT\",\"potentialAction\":[{\"@type\":\"CommentAction\",\"name\":\"Comment\",\"target\":[\"https:\/\/brasilnoticias.org\/site\/fluminense-vira-leva-a-taca-guanabara-e-vitor-pereira-perde-4a-taca-no-flamengo\/#respond\"]}]},{\"@type\":\"WebPage\",\"@id\":\"https:\/\/brasilnoticias.org\/site\/fluminense-vira-leva-a-taca-guanabara-e-vitor-pereira-perde-4a-taca-no-flamengo\/\",\"url\":\"https:\/\/brasilnoticias.org\/site\/fluminense-vira-leva-a-taca-guanabara-e-vitor-pereira-perde-4a-taca-no-flamengo\/\",\"name\":\"Fluminense vira, leva a Ta\u00e7a Guanabara e V\u00edtor Pereira perde 4\u00aa ta\u00e7a no Flamengo - Brasil not\u00edcias\",\"isPartOf\":{\"@id\":\"https:\/\/brasilnoticias.org\/site\/#website\"},\"primaryImageOfPage\":{\"@id\":\"https:\/\/brasilnoticias.org\/site\/fluminense-vira-leva-a-taca-guanabara-e-vitor-pereira-perde-4a-taca-no-flamengo\/#primaryimage\"},\"image\":{\"@id\":\"https:\/\/brasilnoticias.org\/site\/fluminense-vira-leva-a-taca-guanabara-e-vitor-pereira-perde-4a-taca-no-flamengo\/#primaryimage\"},\"thumbnailUrl\":\"https:\/\/brasilnoticias.org\/site\/wp-content\/uploads\/2023\/03\/csm_csm_Espaco_Cultural_da_Barroquinha__Divulgacao__fc0322f6f3_c6926d5efc.jpg\",\"datePublished\":\"2023-03-09T09:48:10+00:00\",\"breadcrumb\":{\"@id\":\"https:\/\/brasilnoticias.org\/site\/fluminense-vira-leva-a-taca-guanabara-e-vitor-pereira-perde-4a-taca-no-flamengo\/#breadcrumb\"},\"inLanguage\":\"pt-PT\",\"potentialAction\":[{\"@type\":\"ReadAction\",\"target\":[\"https:\/\/brasilnoticias.org\/site\/fluminense-vira-leva-a-taca-guanabara-e-vitor-pereira-perde-4a-taca-no-flamengo\/\"]}]},{\"@type\":\"ImageObject\",\"inLanguage\":\"pt-PT\",\"@id\":\"https:\/\/brasilnoticias.org\/site\/fluminense-vira-leva-a-taca-guanabara-e-vitor-pereira-perde-4a-taca-no-flamengo\/#primaryimage\",\"url\":\"https:\/\/brasilnoticias.org\/site\/wp-content\/uploads\/2023\/03\/csm_csm_Espaco_Cultural_da_Barroquinha__Divulgacao__fc0322f6f3_c6926d5efc.jpg\",\"contentUrl\":\"https:\/\/brasilnoticias.org\/site\/wp-content\/uploads\/2023\/03\/csm_csm_Espaco_Cultural_da_Barroquinha__Divulgacao__fc0322f6f3_c6926d5efc.jpg\",\"width\":940,\"height\":585},{\"@type\":\"BreadcrumbList\",\"@id\":\"https:\/\/brasilnoticias.org\/site\/fluminense-vira-leva-a-taca-guanabara-e-vitor-pereira-perde-4a-taca-no-flamengo\/#breadcrumb\",\"itemListElement\":[{\"@type\":\"ListItem\",\"position\":1,\"name\":\"In\u00edcio\",\"item\":\"https:\/\/brasilnoticias.org\/site\/\"},{\"@type\":\"ListItem\",\"position\":2,\"name\":\"Fluminense vira, leva a Ta\u00e7a Guanabara e V\u00edtor Pereira perde 4\u00aa ta\u00e7a no Flamengo\"}]},{\"@type\":\"WebSite\",\"@id\":\"https:\/\/brasilnoticias.org\/site\/#website\",\"url\":\"https:\/\/brasilnoticias.org\/site\/\",\"name\":\"Brasil not\u00edcias\",\"description\":\"Brasil not\u00edcias\",\"publisher\":{\"@id\":\"https:\/\/brasilnoticias.org\/site\/#organization\"},\"potentialAction\":[{\"@type\":\"SearchAction\",\"target\":{\"@type\":\"EntryPoint\",\"urlTemplate\":\"https:\/\/brasilnoticias.org\/site\/?s={search_term_string}\"},\"query-input\":{\"@type\":\"PropertyValueSpecification\",\"valueRequired\":true,\"valueName\":\"search_term_string\"}}],\"inLanguage\":\"pt-PT\"},{\"@type\":\"Organization\",\"@id\":\"https:\/\/brasilnoticias.org\/site\/#organization\",\"name\":\"Brasil not\u00edcias\",\"url\":\"https:\/\/brasilnoticias.org\/site\/\",\"logo\":{\"@type\":\"ImageObject\",\"inLanguage\":\"pt-PT\",\"@id\":\"https:\/\/brasilnoticias.org\/site\/#\/schema\/logo\/image\/\",\"url\":\"https:\/\/brasilnoticias.org\/site\/wp-content\/uploads\/2022\/05\/cropped-brasilnoticias-mini.jpg\",\"contentUrl\":\"https:\/\/brasilnoticias.org\/site\/wp-content\/uploads\/2022\/05\/cropped-brasilnoticias-mini.jpg\",\"width\":314,\"height\":86,\"caption\":\"Brasil not\u00edcias\"},\"image\":{\"@id\":\"https:\/\/brasilnoticias.org\/site\/#\/schema\/logo\/image\/\"}},{\"@type\":\"Person\",\"@id\":\"https:\/\/brasilnoticias.org\/site\/#\/schema\/person\/a0e05b973ec4d15c658d51911e53507b\",\"name\":\"Reda\u00e7\u00e3o\",\"image\":{\"@type\":\"ImageObject\",\"inLanguage\":\"pt-PT\",\"@id\":\"https:\/\/brasilnoticias.org\/site\/#\/schema\/person\/image\/\",\"url\":\"https:\/\/secure.gravatar.com\/avatar\/75d8b050df2de108b08ae78dfb8e374892df24a383c67db9c46a9c604f6aee9c?s=96&d=mm&r=g\",\"contentUrl\":\"https:\/\/secure.gravatar.com\/avatar\/75d8b050df2de108b08ae78dfb8e374892df24a383c67db9c46a9c604f6aee9c?s=96&d=mm&r=g\",\"caption\":\"Reda\u00e7\u00e3o\"},\"sameAs\":[\"https:\/\/brasilnoticias.org\/site\"],\"url\":\"https:\/\/brasilnoticias.org\/site\/author\/fernandozsngmail-com\/\"}]}<\/script>\n<!-- \/ Yoast SEO plugin. -->","yoast_head_json":{"title":"Fluminense vira, leva a Ta\u00e7a Guanabara e V\u00edtor Pereira perde 4\u00aa ta\u00e7a no Flamengo - Brasil not\u00edcias","robots":{"index":"index","follow":"follow","max-snippet":"max-snippet:-1","max-image-preview":"max-image-preview:large","max-video-preview":"max-video-preview:-1"},"canonical":"https:\/\/brasilnoticias.org\/site\/fluminense-vira-leva-a-taca-guanabara-e-vitor-pereira-perde-4a-taca-no-flamengo\/","og_locale":"pt_PT","og_type":"article","og_title":"Fluminense vira, leva a Ta\u00e7a Guanabara e V\u00edtor Pereira perde 4\u00aa ta\u00e7a no Flamengo - Brasil not\u00edcias","og_description":"Parece filme repetitivo. Mas \u00e9 a triste realidade de V\u00edtor Pereira no Flamengo. Em pouco mais de dois meses no","og_url":"https:\/\/brasilnoticias.org\/site\/fluminense-vira-leva-a-taca-guanabara-e-vitor-pereira-perde-4a-taca-no-flamengo\/","og_site_name":"Brasil not\u00edcias","article_published_time":"2023-03-09T09:48:10+00:00","og_image":[{"width":940,"height":585,"url":"https:\/\/brasilnoticias.org\/site\/wp-content\/uploads\/2023\/03\/csm_csm_Espaco_Cultural_da_Barroquinha__Divulgacao__fc0322f6f3_c6926d5efc.jpg","type":"image\/jpeg"}],"author":"Reda\u00e7\u00e3o","twitter_card":"summary_large_image","twitter_misc":{"Escrito por":"Reda\u00e7\u00e3o"},"schema":{"@context":"https:\/\/schema.org","@graph":[{"@type":"Article","@id":"https:\/\/brasilnoticias.org\/site\/fluminense-vira-leva-a-taca-guanabara-e-vitor-pereira-perde-4a-taca-no-flamengo\/#article","isPartOf":{"@id":"https:\/\/brasilnoticias.org\/site\/fluminense-vira-leva-a-taca-guanabara-e-vitor-pereira-perde-4a-taca-no-flamengo\/"},"author":{"name":"Reda\u00e7\u00e3o","@id":"https:\/\/brasilnoticias.org\/site\/#\/schema\/person\/a0e05b973ec4d15c658d51911e53507b"},"headline":"Fluminense vira, leva a Ta\u00e7a Guanabara e V\u00edtor Pereira perde 4\u00aa ta\u00e7a no Flamengo","datePublished":"2023-03-09T09:48:10+00:00","mainEntityOfPage":{"@id":"https:\/\/brasilnoticias.org\/site\/fluminense-vira-leva-a-taca-guanabara-e-vitor-pereira-perde-4a-taca-no-flamengo\/"},"wordCount":1101,"commentCount":0,"publisher":{"@id":"https:\/\/brasilnoticias.org\/site\/#organization"},"image":{"@id":"https:\/\/brasilnoticias.org\/site\/fluminense-vira-leva-a-taca-guanabara-e-vitor-pereira-perde-4a-taca-no-flamengo\/#primaryimage"},"thumbnailUrl":"https:\/\/brasilnoticias.org\/site\/wp-content\/uploads\/2023\/03\/csm_csm_Espaco_Cultural_da_Barroquinha__Divulgacao__fc0322f6f3_c6926d5efc.jpg","articleSection":["Esporte","\u00daltimas"],"inLanguage":"pt-PT","potentialAction":[{"@type":"CommentAction","name":"Comment","target":["https:\/\/brasilnoticias.org\/site\/fluminense-vira-leva-a-taca-guanabara-e-vitor-pereira-perde-4a-taca-no-flamengo\/#respond"]}]},{"@type":"WebPage","@id":"https:\/\/brasilnoticias.org\/site\/fluminense-vira-leva-a-taca-guanabara-e-vitor-pereira-perde-4a-taca-no-flamengo\/","url":"https:\/\/brasilnoticias.org\/site\/fluminense-vira-leva-a-taca-guanabara-e-vitor-pereira-perde-4a-taca-no-flamengo\/","name":"Fluminense vira, leva a Ta\u00e7a Guanabara e V\u00edtor Pereira perde 4\u00aa ta\u00e7a no Flamengo - Brasil not\u00edcias","isPartOf":{"@id":"https:\/\/brasilnoticias.org\/site\/#website"},"primaryImageOfPage":{"@id":"https:\/\/brasilnoticias.org\/site\/fluminense-vira-leva-a-taca-guanabara-e-vitor-pereira-perde-4a-taca-no-flamengo\/#primaryimage"},"image":{"@id":"https:\/\/brasilnoticias.org\/site\/fluminense-vira-leva-a-taca-guanabara-e-vitor-pereira-perde-4a-taca-no-flamengo\/#primaryimage"},"thumbnailUrl":"https:\/\/brasilnoticias.org\/site\/wp-content\/uploads\/2023\/03\/csm_csm_Espaco_Cultural_da_Barroquinha__Divulgacao__fc0322f6f3_c6926d5efc.jpg","datePublished":"2023-03-09T09:48:10+00:00","breadcrumb":{"@id":"https:\/\/brasilnoticias.org\/site\/fluminense-vira-leva-a-taca-guanabara-e-vitor-pereira-perde-4a-taca-no-flamengo\/#breadcrumb"},"inLanguage":"pt-PT","potentialAction":[{"@type":"ReadAction","target":["https:\/\/brasilnoticias.org\/site\/fluminense-vira-leva-a-taca-guanabara-e-vitor-pereira-perde-4a-taca-no-flamengo\/"]}]},{"@type":"ImageObject","inLanguage":"pt-PT","@id":"https:\/\/brasilnoticias.org\/site\/fluminense-vira-leva-a-taca-guanabara-e-vitor-pereira-perde-4a-taca-no-flamengo\/#primaryimage","url":"https:\/\/brasilnoticias.org\/site\/wp-content\/uploads\/2023\/03\/csm_csm_Espaco_Cultural_da_Barroquinha__Divulgacao__fc0322f6f3_c6926d5efc.jpg","contentUrl":"https:\/\/brasilnoticias.org\/site\/wp-content\/uploads\/2023\/03\/csm_csm_Espaco_Cultural_da_Barroquinha__Divulgacao__fc0322f6f3_c6926d5efc.jpg","width":940,"height":585},{"@type":"BreadcrumbList","@id":"https:\/\/brasilnoticias.org\/site\/fluminense-vira-leva-a-taca-guanabara-e-vitor-pereira-perde-4a-taca-no-flamengo\/#breadcrumb","itemListElement":[{"@type":"ListItem","position":1,"name":"In\u00edcio","item":"https:\/\/brasilnoticias.org\/site\/"},{"@type":"ListItem","position":2,"name":"Fluminense vira, leva a Ta\u00e7a Guanabara e V\u00edtor Pereira perde 4\u00aa ta\u00e7a no Flamengo"}]},{"@type":"WebSite","@id":"https:\/\/brasilnoticias.org\/site\/#website","url":"https:\/\/brasilnoticias.org\/site\/","name":"Brasil not\u00edcias","description":"Brasil not\u00edcias","publisher":{"@id":"https:\/\/brasilnoticias.org\/site\/#organization"},"potentialAction":[{"@type":"SearchAction","target":{"@type":"EntryPoint","urlTemplate":"https:\/\/brasilnoticias.org\/site\/?s={search_term_string}"},"query-input":{"@type":"PropertyValueSpecification","valueRequired":true,"valueName":"search_term_string"}}],"inLanguage":"pt-PT"},{"@type":"Organization","@id":"https:\/\/brasilnoticias.org\/site\/#organization","name":"Brasil not\u00edcias","url":"https:\/\/brasilnoticias.org\/site\/","logo":{"@type":"ImageObject","inLanguage":"pt-PT","@id":"https:\/\/brasilnoticias.org\/site\/#\/schema\/logo\/image\/","url":"https:\/\/brasilnoticias.org\/site\/wp-content\/uploads\/2022\/05\/cropped-brasilnoticias-mini.jpg","contentUrl":"https:\/\/brasilnoticias.org\/site\/wp-content\/uploads\/2022\/05\/cropped-brasilnoticias-mini.jpg","width":314,"height":86,"caption":"Brasil not\u00edcias"},"image":{"@id":"https:\/\/brasilnoticias.org\/site\/#\/schema\/logo\/image\/"}},{"@type":"Person","@id":"https:\/\/brasilnoticias.org\/site\/#\/schema\/person\/a0e05b973ec4d15c658d51911e53507b","name":"Reda\u00e7\u00e3o","image":{"@type":"ImageObject","inLanguage":"pt-PT","@id":"https:\/\/brasilnoticias.org\/site\/#\/schema\/person\/image\/","url":"https:\/\/secure.gravatar.com\/avatar\/75d8b050df2de108b08ae78dfb8e374892df24a383c67db9c46a9c604f6aee9c?s=96&d=mm&r=g","contentUrl":"https:\/\/secure.gravatar.com\/avatar\/75d8b050df2de108b08ae78dfb8e374892df24a383c67db9c46a9c604f6aee9c?s=96&d=mm&r=g","caption":"Reda\u00e7\u00e3o"},"sameAs":["https:\/\/brasilnoticias.org\/site"],"url":"https:\/\/brasilnoticias.org\/site\/author\/fernandozsngmail-com\/"}]}},"_links":{"self":[{"href":"https:\/\/brasilnoticias.org\/site\/wp-json\/wp\/v2\/posts\/4597","targetHints":{"allow":["GET"]}}],"collection":[{"href":"https:\/\/brasilnoticias.org\/site\/wp-json\/wp\/v2\/posts"}],"about":[{"href":"https:\/\/brasilnoticias.org\/site\/wp-json\/wp\/v2\/types\/post"}],"author":[{"embeddable":true,"href":"https:\/\/brasilnoticias.org\/site\/wp-json\/wp\/v2\/users\/1"}],"replies":[{"embeddable":true,"href":"https:\/\/brasilnoticias.org\/site\/wp-json\/wp\/v2\/comments?post=4597"}],"version-history":[{"count":1,"href":"https:\/\/brasilnoticias.org\/site\/wp-json\/wp\/v2\/posts\/4597\/revisions"}],"predecessor-version":[{"id":4599,"href":"https:\/\/brasilnoticias.org\/site\/wp-json\/wp\/v2\/posts\/4597\/revisions\/4599"}],"wp:featuredmedia":[{"embeddable":true,"href":"https:\/\/brasilnoticias.org\/site\/wp-json\/wp\/v2\/media\/4598"}],"wp:attachment":[{"href":"https:\/\/brasilnoticias.org\/site\/wp-json\/wp\/v2\/media?parent=4597"}],"wp:term":[{"taxonomy":"category","embeddable":true,"href":"https:\/\/brasilnoticias.org\/site\/wp-json\/wp\/v2\/categories?post=4597"},{"taxonomy":"post_tag","embeddable":true,"href":"https:\/\/brasilnoticias.org\/site\/wp-json\/wp\/v2\/tags?post=4597"}],"curies":[{"name":"wp","href":"https:\/\/api.w.org\/{rel}","templated":true}]}}