{"id":4607,"date":"2023-03-09T18:00:26","date_gmt":"2023-03-09T21:00:26","guid":{"rendered":"https:\/\/brasilnoticias.org\/site\/?p=4607"},"modified":"2023-03-09T16:56:34","modified_gmt":"2023-03-09T19:56:34","slug":"cbf-afasta-arbitro-que-marcou-penalti-inexistente-para-tombense-na-copa-do-brasil","status":"publish","type":"post","link":"https:\/\/brasilnoticias.org\/site\/cbf-afasta-arbitro-que-marcou-penalti-inexistente-para-tombense-na-copa-do-brasil\/","title":{"rendered":"CBF afasta \u00e1rbitro que marcou p\u00eanalti inexistente para Tombense na Copa do Brasil"},"content":{"rendered":"<p>A Comiss\u00e3o de Arbitragem da CBF n\u00e3o esperou nem 12 horas para afastar o \u00e1rbitro Paulo Roberto Alves J\u00fanior, da federa\u00e7\u00e3o paranaense, que na noite de quarta-feira apitou o confronto entre Tombense e Retr\u00f4, pela segunda fase da Copa do Brasil. Na reta final da partida, Paulo Roberto assinalou um p\u00eanalti inexistente em favor da equipe mineira. \u00c0quela altura, a partida estava empatada e a penalidade acabou resultando no gol que classificou o Tombense.<br \/>\nO lance aconteceu aos 35 minutos do segundo tempo. A bola sobrou no interior da \u00e1rea e tr\u00eas jogadores do Tombense tentam alcan\u00e7\u00e1-la. Dois deles acabam se chocando e um vai ao ch\u00e3o. Nenhum jogador do Retr\u00f4 acerta qualquer um dos advers\u00e1rios, mas ainda assim o juiz assinalou o p\u00eanalti. Como n\u00e3o h\u00e1 \u00e1rbitro de v\u00eddeo nessa fase da Copa do Brasil, o lance n\u00e3o passou por qualquer revis\u00e3o.<\/p>\n<p>Com a marca\u00e7\u00e3o equivocada do p\u00eanalti, os jogadores da equipe pernambucana se revoltaram e reclamaram muito. Dois deles receberam cart\u00e3o amarelo. O jogo ficou paralisado por mais de tr\u00eas minutos. Na cobran\u00e7a do p\u00eanalti, Jean defendeu o chute de Alex Sandro, mas no rebote o pr\u00f3prio Alex Sandro marcou o gol que classificou o Tombense.<\/p>\n<p>Al\u00e9m de ser eliminado da competi\u00e7\u00e3o, o Retr\u00f4 teve um preju\u00edzo milion\u00e1rio com o erro do \u00e1rbitro. Isso porque a classifica\u00e7\u00e3o \u00e0 pr\u00f3xima fase da competi\u00e7\u00e3o renderia uma premia\u00e7\u00e3o de R$ 2,1 milh\u00f5es, garantida pelo regulamento da Copa do Brasil.<\/p>\n<p>No in\u00edcio da manh\u00e3 desta quinta, a Comiss\u00e3o de Arbitragem da CBF emitiu nota informando que &#8220;o \u00e1rbitro Paulo Roberto Alves J\u00fanior foi inclu\u00eddo no Programa de Assist\u00eancia ao Desempenho da Arbitragem (Pada)&#8221;. O Pada \u00e9 como \u00e9 chamado atualmente as atividades de &#8220;reciclagem&#8221; dos \u00e1rbitros. Durante esse per\u00edodo, Paulo Roberto n\u00e3o ser\u00e1 escalado para jogos.<\/p>\n<p>Foto Pixabay<br \/>\nNot\u00edcias ao minuto<\/p>\n","protected":false},"excerpt":{"rendered":"<p>A Comiss\u00e3o de Arbitragem da CBF n\u00e3o esperou nem 12 horas para afastar o \u00e1rbitro Paulo Roberto Alves J\u00fanior, da<\/p>\n","protected":false},"author":1,"featured_media":4608,"comment_status":"open","ping_status":"open","sticky":false,"template":"","format":"standard","meta":{"colormag_page_container_layout":"default_layout","colormag_page_sidebar_layout":"default_layout","_FSMCFIC_featured_image_caption":"","_FSMCFIC_featured_image_nocaption":"","_FSMCFIC_featured_image_hide":"","footnotes":""},"categories":[4,1],"tags":[],"class_list":["post-4607","post","type-post","status-publish","format-standard","has-post-thumbnail","hentry","category-esporte","category-ultimas"],"yoast_head":"<!-- This site is optimized with the Yoast SEO plugin v27.1.1 - https:\/\/yoast.com\/product\/yoast-seo-wordpress\/ -->\n<title>CBF afasta \u00e1rbitro que marcou p\u00eanalti inexistente para Tombense na Copa do Brasil - Brasil not\u00edcias<\/title>\n<meta name=\"robots\" content=\"index, follow, max-snippet:-1, max-image-preview:large, max-video-preview:-1\" \/>\n<link rel=\"canonical\" href=\"https:\/\/brasilnoticias.org\/site\/cbf-afasta-arbitro-que-marcou-penalti-inexistente-para-tombense-na-copa-do-brasil\/\" \/>\n<meta property=\"og:locale\" content=\"pt_PT\" \/>\n<meta property=\"og:type\" content=\"article\" \/>\n<meta property=\"og:title\" content=\"CBF afasta \u00e1rbitro que marcou p\u00eanalti inexistente para Tombense na Copa do Brasil - Brasil not\u00edcias\" \/>\n<meta property=\"og:description\" content=\"A Comiss\u00e3o de Arbitragem da CBF n\u00e3o esperou nem 12 horas para afastar o \u00e1rbitro Paulo Roberto Alves J\u00fanior, da\" \/>\n<meta property=\"og:url\" content=\"https:\/\/brasilnoticias.org\/site\/cbf-afasta-arbitro-que-marcou-penalti-inexistente-para-tombense-na-copa-do-brasil\/\" \/>\n<meta property=\"og:site_name\" content=\"Brasil not\u00edcias\" \/>\n<meta property=\"article:published_time\" content=\"2023-03-09T21:00:26+00:00\" \/>\n<meta property=\"og:image\" content=\"https:\/\/brasilnoticias.org\/site\/wp-content\/uploads\/2023\/03\/naom_5bf28fc72ba25.jpg\" \/>\n\t<meta property=\"og:image:width\" content=\"960\" \/>\n\t<meta property=\"og:image:height\" content=\"540\" \/>\n\t<meta property=\"og:image:type\" content=\"image\/jpeg\" \/>\n<meta name=\"author\" content=\"Reda\u00e7\u00e3o\" \/>\n<meta name=\"twitter:card\" content=\"summary_large_image\" \/>\n<meta name=\"twitter:label1\" content=\"Escrito por\" \/>\n\t<meta name=\"twitter:data1\" content=\"Reda\u00e7\u00e3o\" \/>\n<script type=\"application\/ld+json\" class=\"yoast-schema-graph\">{\"@context\":\"https:\/\/schema.org\",\"@graph\":[{\"@type\":\"Article\",\"@id\":\"https:\/\/brasilnoticias.org\/site\/cbf-afasta-arbitro-que-marcou-penalti-inexistente-para-tombense-na-copa-do-brasil\/#article\",\"isPartOf\":{\"@id\":\"https:\/\/brasilnoticias.org\/site\/cbf-afasta-arbitro-que-marcou-penalti-inexistente-para-tombense-na-copa-do-brasil\/\"},\"author\":{\"name\":\"Reda\u00e7\u00e3o\",\"@id\":\"https:\/\/brasilnoticias.org\/site\/#\/schema\/person\/a0e05b973ec4d15c658d51911e53507b\"},\"headline\":\"CBF afasta \u00e1rbitro que marcou p\u00eanalti inexistente para Tombense na Copa do Brasil\",\"datePublished\":\"2023-03-09T21:00:26+00:00\",\"mainEntityOfPage\":{\"@id\":\"https:\/\/brasilnoticias.org\/site\/cbf-afasta-arbitro-que-marcou-penalti-inexistente-para-tombense-na-copa-do-brasil\/\"},\"wordCount\":345,\"commentCount\":0,\"publisher\":{\"@id\":\"https:\/\/brasilnoticias.org\/site\/#organization\"},\"image\":{\"@id\":\"https:\/\/brasilnoticias.org\/site\/cbf-afasta-arbitro-que-marcou-penalti-inexistente-para-tombense-na-copa-do-brasil\/#primaryimage\"},\"thumbnailUrl\":\"https:\/\/brasilnoticias.org\/site\/wp-content\/uploads\/2023\/03\/naom_5bf28fc72ba25.jpg\",\"articleSection\":[\"Esporte\",\"\u00daltimas\"],\"inLanguage\":\"pt-PT\",\"potentialAction\":[{\"@type\":\"CommentAction\",\"name\":\"Comment\",\"target\":[\"https:\/\/brasilnoticias.org\/site\/cbf-afasta-arbitro-que-marcou-penalti-inexistente-para-tombense-na-copa-do-brasil\/#respond\"]}]},{\"@type\":\"WebPage\",\"@id\":\"https:\/\/brasilnoticias.org\/site\/cbf-afasta-arbitro-que-marcou-penalti-inexistente-para-tombense-na-copa-do-brasil\/\",\"url\":\"https:\/\/brasilnoticias.org\/site\/cbf-afasta-arbitro-que-marcou-penalti-inexistente-para-tombense-na-copa-do-brasil\/\",\"name\":\"CBF afasta \u00e1rbitro que marcou p\u00eanalti inexistente para Tombense na Copa do Brasil - Brasil not\u00edcias\",\"isPartOf\":{\"@id\":\"https:\/\/brasilnoticias.org\/site\/#website\"},\"primaryImageOfPage\":{\"@id\":\"https:\/\/brasilnoticias.org\/site\/cbf-afasta-arbitro-que-marcou-penalti-inexistente-para-tombense-na-copa-do-brasil\/#primaryimage\"},\"image\":{\"@id\":\"https:\/\/brasilnoticias.org\/site\/cbf-afasta-arbitro-que-marcou-penalti-inexistente-para-tombense-na-copa-do-brasil\/#primaryimage\"},\"thumbnailUrl\":\"https:\/\/brasilnoticias.org\/site\/wp-content\/uploads\/2023\/03\/naom_5bf28fc72ba25.jpg\",\"datePublished\":\"2023-03-09T21:00:26+00:00\",\"breadcrumb\":{\"@id\":\"https:\/\/brasilnoticias.org\/site\/cbf-afasta-arbitro-que-marcou-penalti-inexistente-para-tombense-na-copa-do-brasil\/#breadcrumb\"},\"inLanguage\":\"pt-PT\",\"potentialAction\":[{\"@type\":\"ReadAction\",\"target\":[\"https:\/\/brasilnoticias.org\/site\/cbf-afasta-arbitro-que-marcou-penalti-inexistente-para-tombense-na-copa-do-brasil\/\"]}]},{\"@type\":\"ImageObject\",\"inLanguage\":\"pt-PT\",\"@id\":\"https:\/\/brasilnoticias.org\/site\/cbf-afasta-arbitro-que-marcou-penalti-inexistente-para-tombense-na-copa-do-brasil\/#primaryimage\",\"url\":\"https:\/\/brasilnoticias.org\/site\/wp-content\/uploads\/2023\/03\/naom_5bf28fc72ba25.jpg\",\"contentUrl\":\"https:\/\/brasilnoticias.org\/site\/wp-content\/uploads\/2023\/03\/naom_5bf28fc72ba25.jpg\",\"width\":960,\"height\":540},{\"@type\":\"BreadcrumbList\",\"@id\":\"https:\/\/brasilnoticias.org\/site\/cbf-afasta-arbitro-que-marcou-penalti-inexistente-para-tombense-na-copa-do-brasil\/#breadcrumb\",\"itemListElement\":[{\"@type\":\"ListItem\",\"position\":1,\"name\":\"In\u00edcio\",\"item\":\"https:\/\/brasilnoticias.org\/site\/\"},{\"@type\":\"ListItem\",\"position\":2,\"name\":\"CBF afasta \u00e1rbitro que marcou p\u00eanalti inexistente para Tombense na Copa do Brasil\"}]},{\"@type\":\"WebSite\",\"@id\":\"https:\/\/brasilnoticias.org\/site\/#website\",\"url\":\"https:\/\/brasilnoticias.org\/site\/\",\"name\":\"Brasil not\u00edcias\",\"description\":\"Brasil not\u00edcias\",\"publisher\":{\"@id\":\"https:\/\/brasilnoticias.org\/site\/#organization\"},\"potentialAction\":[{\"@type\":\"SearchAction\",\"target\":{\"@type\":\"EntryPoint\",\"urlTemplate\":\"https:\/\/brasilnoticias.org\/site\/?s={search_term_string}\"},\"query-input\":{\"@type\":\"PropertyValueSpecification\",\"valueRequired\":true,\"valueName\":\"search_term_string\"}}],\"inLanguage\":\"pt-PT\"},{\"@type\":\"Organization\",\"@id\":\"https:\/\/brasilnoticias.org\/site\/#organization\",\"name\":\"Brasil not\u00edcias\",\"url\":\"https:\/\/brasilnoticias.org\/site\/\",\"logo\":{\"@type\":\"ImageObject\",\"inLanguage\":\"pt-PT\",\"@id\":\"https:\/\/brasilnoticias.org\/site\/#\/schema\/logo\/image\/\",\"url\":\"https:\/\/brasilnoticias.org\/site\/wp-content\/uploads\/2022\/05\/cropped-brasilnoticias-mini.jpg\",\"contentUrl\":\"https:\/\/brasilnoticias.org\/site\/wp-content\/uploads\/2022\/05\/cropped-brasilnoticias-mini.jpg\",\"width\":314,\"height\":86,\"caption\":\"Brasil not\u00edcias\"},\"image\":{\"@id\":\"https:\/\/brasilnoticias.org\/site\/#\/schema\/logo\/image\/\"}},{\"@type\":\"Person\",\"@id\":\"https:\/\/brasilnoticias.org\/site\/#\/schema\/person\/a0e05b973ec4d15c658d51911e53507b\",\"name\":\"Reda\u00e7\u00e3o\",\"image\":{\"@type\":\"ImageObject\",\"inLanguage\":\"pt-PT\",\"@id\":\"https:\/\/brasilnoticias.org\/site\/#\/schema\/person\/image\/\",\"url\":\"https:\/\/secure.gravatar.com\/avatar\/75d8b050df2de108b08ae78dfb8e374892df24a383c67db9c46a9c604f6aee9c?s=96&d=mm&r=g\",\"contentUrl\":\"https:\/\/secure.gravatar.com\/avatar\/75d8b050df2de108b08ae78dfb8e374892df24a383c67db9c46a9c604f6aee9c?s=96&d=mm&r=g\",\"caption\":\"Reda\u00e7\u00e3o\"},\"sameAs\":[\"https:\/\/brasilnoticias.org\/site\"],\"url\":\"https:\/\/brasilnoticias.org\/site\/author\/fernandozsngmail-com\/\"}]}<\/script>\n<!-- \/ Yoast SEO plugin. -->","yoast_head_json":{"title":"CBF afasta \u00e1rbitro que marcou p\u00eanalti inexistente para Tombense na Copa do Brasil - Brasil not\u00edcias","robots":{"index":"index","follow":"follow","max-snippet":"max-snippet:-1","max-image-preview":"max-image-preview:large","max-video-preview":"max-video-preview:-1"},"canonical":"https:\/\/brasilnoticias.org\/site\/cbf-afasta-arbitro-que-marcou-penalti-inexistente-para-tombense-na-copa-do-brasil\/","og_locale":"pt_PT","og_type":"article","og_title":"CBF afasta \u00e1rbitro que marcou p\u00eanalti inexistente para Tombense na Copa do Brasil - Brasil not\u00edcias","og_description":"A Comiss\u00e3o de Arbitragem da CBF n\u00e3o esperou nem 12 horas para afastar o \u00e1rbitro Paulo Roberto Alves J\u00fanior, da","og_url":"https:\/\/brasilnoticias.org\/site\/cbf-afasta-arbitro-que-marcou-penalti-inexistente-para-tombense-na-copa-do-brasil\/","og_site_name":"Brasil not\u00edcias","article_published_time":"2023-03-09T21:00:26+00:00","og_image":[{"width":960,"height":540,"url":"https:\/\/brasilnoticias.org\/site\/wp-content\/uploads\/2023\/03\/naom_5bf28fc72ba25.jpg","type":"image\/jpeg"}],"author":"Reda\u00e7\u00e3o","twitter_card":"summary_large_image","twitter_misc":{"Escrito por":"Reda\u00e7\u00e3o"},"schema":{"@context":"https:\/\/schema.org","@graph":[{"@type":"Article","@id":"https:\/\/brasilnoticias.org\/site\/cbf-afasta-arbitro-que-marcou-penalti-inexistente-para-tombense-na-copa-do-brasil\/#article","isPartOf":{"@id":"https:\/\/brasilnoticias.org\/site\/cbf-afasta-arbitro-que-marcou-penalti-inexistente-para-tombense-na-copa-do-brasil\/"},"author":{"name":"Reda\u00e7\u00e3o","@id":"https:\/\/brasilnoticias.org\/site\/#\/schema\/person\/a0e05b973ec4d15c658d51911e53507b"},"headline":"CBF afasta \u00e1rbitro que marcou p\u00eanalti inexistente para Tombense na Copa do Brasil","datePublished":"2023-03-09T21:00:26+00:00","mainEntityOfPage":{"@id":"https:\/\/brasilnoticias.org\/site\/cbf-afasta-arbitro-que-marcou-penalti-inexistente-para-tombense-na-copa-do-brasil\/"},"wordCount":345,"commentCount":0,"publisher":{"@id":"https:\/\/brasilnoticias.org\/site\/#organization"},"image":{"@id":"https:\/\/brasilnoticias.org\/site\/cbf-afasta-arbitro-que-marcou-penalti-inexistente-para-tombense-na-copa-do-brasil\/#primaryimage"},"thumbnailUrl":"https:\/\/brasilnoticias.org\/site\/wp-content\/uploads\/2023\/03\/naom_5bf28fc72ba25.jpg","articleSection":["Esporte","\u00daltimas"],"inLanguage":"pt-PT","potentialAction":[{"@type":"CommentAction","name":"Comment","target":["https:\/\/brasilnoticias.org\/site\/cbf-afasta-arbitro-que-marcou-penalti-inexistente-para-tombense-na-copa-do-brasil\/#respond"]}]},{"@type":"WebPage","@id":"https:\/\/brasilnoticias.org\/site\/cbf-afasta-arbitro-que-marcou-penalti-inexistente-para-tombense-na-copa-do-brasil\/","url":"https:\/\/brasilnoticias.org\/site\/cbf-afasta-arbitro-que-marcou-penalti-inexistente-para-tombense-na-copa-do-brasil\/","name":"CBF afasta \u00e1rbitro que marcou p\u00eanalti inexistente para Tombense na Copa do Brasil - Brasil not\u00edcias","isPartOf":{"@id":"https:\/\/brasilnoticias.org\/site\/#website"},"primaryImageOfPage":{"@id":"https:\/\/brasilnoticias.org\/site\/cbf-afasta-arbitro-que-marcou-penalti-inexistente-para-tombense-na-copa-do-brasil\/#primaryimage"},"image":{"@id":"https:\/\/brasilnoticias.org\/site\/cbf-afasta-arbitro-que-marcou-penalti-inexistente-para-tombense-na-copa-do-brasil\/#primaryimage"},"thumbnailUrl":"https:\/\/brasilnoticias.org\/site\/wp-content\/uploads\/2023\/03\/naom_5bf28fc72ba25.jpg","datePublished":"2023-03-09T21:00:26+00:00","breadcrumb":{"@id":"https:\/\/brasilnoticias.org\/site\/cbf-afasta-arbitro-que-marcou-penalti-inexistente-para-tombense-na-copa-do-brasil\/#breadcrumb"},"inLanguage":"pt-PT","potentialAction":[{"@type":"ReadAction","target":["https:\/\/brasilnoticias.org\/site\/cbf-afasta-arbitro-que-marcou-penalti-inexistente-para-tombense-na-copa-do-brasil\/"]}]},{"@type":"ImageObject","inLanguage":"pt-PT","@id":"https:\/\/brasilnoticias.org\/site\/cbf-afasta-arbitro-que-marcou-penalti-inexistente-para-tombense-na-copa-do-brasil\/#primaryimage","url":"https:\/\/brasilnoticias.org\/site\/wp-content\/uploads\/2023\/03\/naom_5bf28fc72ba25.jpg","contentUrl":"https:\/\/brasilnoticias.org\/site\/wp-content\/uploads\/2023\/03\/naom_5bf28fc72ba25.jpg","width":960,"height":540},{"@type":"BreadcrumbList","@id":"https:\/\/brasilnoticias.org\/site\/cbf-afasta-arbitro-que-marcou-penalti-inexistente-para-tombense-na-copa-do-brasil\/#breadcrumb","itemListElement":[{"@type":"ListItem","position":1,"name":"In\u00edcio","item":"https:\/\/brasilnoticias.org\/site\/"},{"@type":"ListItem","position":2,"name":"CBF afasta \u00e1rbitro que marcou p\u00eanalti inexistente para Tombense na Copa do Brasil"}]},{"@type":"WebSite","@id":"https:\/\/brasilnoticias.org\/site\/#website","url":"https:\/\/brasilnoticias.org\/site\/","name":"Brasil not\u00edcias","description":"Brasil not\u00edcias","publisher":{"@id":"https:\/\/brasilnoticias.org\/site\/#organization"},"potentialAction":[{"@type":"SearchAction","target":{"@type":"EntryPoint","urlTemplate":"https:\/\/brasilnoticias.org\/site\/?s={search_term_string}"},"query-input":{"@type":"PropertyValueSpecification","valueRequired":true,"valueName":"search_term_string"}}],"inLanguage":"pt-PT"},{"@type":"Organization","@id":"https:\/\/brasilnoticias.org\/site\/#organization","name":"Brasil not\u00edcias","url":"https:\/\/brasilnoticias.org\/site\/","logo":{"@type":"ImageObject","inLanguage":"pt-PT","@id":"https:\/\/brasilnoticias.org\/site\/#\/schema\/logo\/image\/","url":"https:\/\/brasilnoticias.org\/site\/wp-content\/uploads\/2022\/05\/cropped-brasilnoticias-mini.jpg","contentUrl":"https:\/\/brasilnoticias.org\/site\/wp-content\/uploads\/2022\/05\/cropped-brasilnoticias-mini.jpg","width":314,"height":86,"caption":"Brasil not\u00edcias"},"image":{"@id":"https:\/\/brasilnoticias.org\/site\/#\/schema\/logo\/image\/"}},{"@type":"Person","@id":"https:\/\/brasilnoticias.org\/site\/#\/schema\/person\/a0e05b973ec4d15c658d51911e53507b","name":"Reda\u00e7\u00e3o","image":{"@type":"ImageObject","inLanguage":"pt-PT","@id":"https:\/\/brasilnoticias.org\/site\/#\/schema\/person\/image\/","url":"https:\/\/secure.gravatar.com\/avatar\/75d8b050df2de108b08ae78dfb8e374892df24a383c67db9c46a9c604f6aee9c?s=96&d=mm&r=g","contentUrl":"https:\/\/secure.gravatar.com\/avatar\/75d8b050df2de108b08ae78dfb8e374892df24a383c67db9c46a9c604f6aee9c?s=96&d=mm&r=g","caption":"Reda\u00e7\u00e3o"},"sameAs":["https:\/\/brasilnoticias.org\/site"],"url":"https:\/\/brasilnoticias.org\/site\/author\/fernandozsngmail-com\/"}]}},"_links":{"self":[{"href":"https:\/\/brasilnoticias.org\/site\/wp-json\/wp\/v2\/posts\/4607","targetHints":{"allow":["GET"]}}],"collection":[{"href":"https:\/\/brasilnoticias.org\/site\/wp-json\/wp\/v2\/posts"}],"about":[{"href":"https:\/\/brasilnoticias.org\/site\/wp-json\/wp\/v2\/types\/post"}],"author":[{"embeddable":true,"href":"https:\/\/brasilnoticias.org\/site\/wp-json\/wp\/v2\/users\/1"}],"replies":[{"embeddable":true,"href":"https:\/\/brasilnoticias.org\/site\/wp-json\/wp\/v2\/comments?post=4607"}],"version-history":[{"count":1,"href":"https:\/\/brasilnoticias.org\/site\/wp-json\/wp\/v2\/posts\/4607\/revisions"}],"predecessor-version":[{"id":4609,"href":"https:\/\/brasilnoticias.org\/site\/wp-json\/wp\/v2\/posts\/4607\/revisions\/4609"}],"wp:featuredmedia":[{"embeddable":true,"href":"https:\/\/brasilnoticias.org\/site\/wp-json\/wp\/v2\/media\/4608"}],"wp:attachment":[{"href":"https:\/\/brasilnoticias.org\/site\/wp-json\/wp\/v2\/media?parent=4607"}],"wp:term":[{"taxonomy":"category","embeddable":true,"href":"https:\/\/brasilnoticias.org\/site\/wp-json\/wp\/v2\/categories?post=4607"},{"taxonomy":"post_tag","embeddable":true,"href":"https:\/\/brasilnoticias.org\/site\/wp-json\/wp\/v2\/tags?post=4607"}],"curies":[{"name":"wp","href":"https:\/\/api.w.org\/{rel}","templated":true}]}}