{"id":4610,"date":"2023-03-09T18:10:41","date_gmt":"2023-03-09T21:10:41","guid":{"rendered":"https:\/\/brasilnoticias.org\/site\/?p=4610"},"modified":"2023-03-09T16:58:34","modified_gmt":"2023-03-09T19:58:34","slug":"vital-para-evitar-cancer-nova-vacina-para-hpv-e-lancada-no-brasil","status":"publish","type":"post","link":"https:\/\/brasilnoticias.org\/site\/vital-para-evitar-cancer-nova-vacina-para-hpv-e-lancada-no-brasil\/","title":{"rendered":"Vital para evitar c\u00e2ncer, nova vacina para HPV \u00e9 lan\u00e7ada no Brasil"},"content":{"rendered":"<p>Uma nova vacina utilizada contra o HPV, o papilomav\u00edrus humano, foi lan\u00e7ada nesta quarta (8) no Brasil. O novo imunizante, fabricado pela farmac\u00eautica MSD, \u00e9 formulado com nove sorotipos, cinco a mais se comparado com a vacina que j\u00e1 existe no pa\u00eds. O pre\u00e7o da dose est\u00e1 entre R$ 800 e R$ 950 -em adultos, a recomenda\u00e7\u00e3o \u00e9 de tr\u00eas aplica\u00e7\u00f5es.<\/p>\n<p>O HPV \u00e9 um v\u00edrus sexualmente transmiss\u00edvel e, em muitos casos, pode n\u00e3o causar nenhum sintoma de in\u00edcio. Mas em situa\u00e7\u00f5es como de imunidade baixa, les\u00f5es semelhantes a verrugas podem surgir na pessoa infectada.<\/p>\n<p>Al\u00e9m dessa manifesta\u00e7\u00e3o, a longo prazo, o v\u00edrus pode causar o desenvolvimento de diferentes tipos de c\u00e2nceres, como de colo de \u00fatero e de p\u00eanis. Tumores de boca e de garganta tamb\u00e9m t\u00eam associa\u00e7\u00e3o com o agente.<\/p>\n<p>Uma das principais formas de prevenir a infec\u00e7\u00e3o e os efeitos negativos do HPV \u00e9 pela vacina\u00e7\u00e3o. A OMS (Organiza\u00e7\u00e3o Mundial da Sa\u00fade) reconhece seis tipos de vacinas contra o HPV: tr\u00eas s\u00e3o bivalentes, duas quadrivalentes e uma nonavalente -esta \u00faltima \u00e9 a lan\u00e7ada agora no Brasil, mas j\u00e1 estava dispon\u00edvel em outros pa\u00edses, como os EUA.<\/p>\n<p>Embora conte com diferen\u00e7as na formula\u00e7\u00e3o, todos esses imunizantes protegem contra os dois tipos de HPV que mais causam o c\u00e2ncer de colo de \u00fatero. Isso porque o v\u00edrus tem uma forte associa\u00e7\u00e3o com o aparecimento desse tipo de tumor: cerca de 70% dos casos est\u00e3o relacionados com a infec\u00e7\u00e3o. Mas, por agir contra uma quantidade maior de sorotipos, a nova vacina resulta em uma melhoria na prote\u00e7\u00e3o.<\/p>\n<p>&#8220;A probabilidade de aumentar em mais cinco sorotipos que tamb\u00e9m causam c\u00e2ncer em menor preval\u00eancia [&#8230;] \u00e9 \u00f3timo para a possibilidade da gente poder aumentar a resposta e a prote\u00e7\u00e3o&#8221;, afirma Marcia Abadi, diretora m\u00e9dica da MSD no Brasil.<\/p>\n<p>Por exemplo, um estudo observou um aumento na prote\u00e7\u00e3o contra o c\u00e2ncer de colo de \u00fatero: saltou de 70% no caso da vacina quadrivalente para 90% no imunizante rec\u00e9m-lan\u00e7ado no pa\u00eds.<\/p>\n<p>Por ter efic\u00e1cia contra o c\u00e2ncer de colo \u00fatero, tanto a vacina rec\u00e9m-lan\u00e7ada quanto a quadrivalente que j\u00e1 estava dispon\u00edvel no Brasil s\u00e3o essenciais no combate a esse tumor. No pa\u00eds, o Inca (Instituto Nacional do C\u00e2ncer) estima que, entre 2023 e 2025, ser\u00e3o cerca de 15 novos casos da doen\u00e7a por ano a cada 100 mil mulheres. O n\u00famero faz com que o c\u00e2ncer de colo de \u00fatero seja o terceiro com maior incid\u00eancia entre a popula\u00e7\u00e3o feminina.<\/p>\n<p>Al\u00e9m das mulheres, o imunizante tamb\u00e9m \u00e9 indicado para os homens. O f\u00e1rmaco \u00e9 importante porque, mesmo que em menor grau, evita c\u00e2nceres no p\u00fablico masculino, como o de p\u00eanis. Al\u00e9m disso, a vacina\u00e7\u00e3o impede que eles transmitam o v\u00edrus para mulheres. Ou seja, a imuniza\u00e7\u00e3o masculina colabora, de forma indireta, para a diminui\u00e7\u00e3o de c\u00e2nceres comuns no p\u00fablico feminino.<\/p>\n<p>Vacina no SUS Mesmo com o lan\u00e7amento da nova vers\u00e3o, a vacina quadrivalente j\u00e1 est\u00e1 dispon\u00edvel no SUS desde 2014 e registra alta efic\u00e1cia contra os sorotipos do v\u00edrus que mais causam c\u00e2nceres. A introdu\u00e7\u00e3o do imunizante, inicialmente, foi feita somente para meninas com 11 a 13 anos.<\/p>\n<p>Com o tempo, os meninos tamb\u00e9m compuseram o p\u00fablico-alvo da vacina\u00e7\u00e3o, al\u00e9m de haver o alargamento da faixa et\u00e1ria. Em 2022, ocorreu a \u00faltima altera\u00e7\u00e3o, que fez com que garotos e garotas de 9 a 14 anos estejam aptos a tomarem as duas doses do f\u00e1rmaco. Pessoas que vivem com HIV e pacientes oncol\u00f3gicos tamb\u00e9m podem se vacinar de forma gratuita pelo SUS.<\/p>\n<p>Entre os mais jovens, no entanto, a cobertura vacinal ainda n\u00e3o atingiu a meta de 80% da faixa et\u00e1ria. Entre as meninas, cerca de 57% j\u00e1 tomaram as duas doses da vacina. Nos garotos, o n\u00famero \u00e9 mais preocupante: 36%.<\/p>\n<p>A nova vacina com maior quantidade de sorotipos ainda n\u00e3o se encontra dispon\u00edvel na rede p\u00fablica de sa\u00fade, mas a diretora m\u00e9dica da MSD afirmou que existe &#8220;uma pretens\u00e3o de uma conversa com o governo&#8221;. A Folha questionou se o Minist\u00e9rio da Sa\u00fade pretende adicionar a nova vacina ao rol do PNI (Plano Nacional de Imuniza\u00e7\u00e3o), mas n\u00e3o obteve resposta.<\/p>\n<p>Ent\u00e3o, por enquanto, o imunizante s\u00f3 \u00e9 encontrado no mercado privado. Para meninos e meninas de 9 a 14 anos s\u00e3o duas aplica\u00e7\u00f5es, enquanto para adultos a recomenda\u00e7\u00e3o \u00e9 de tr\u00eas.<\/p>\n<p>Foto iStock<br \/>\nNot\u00edcias ao minuto<\/p>\n","protected":false},"excerpt":{"rendered":"<p>Uma nova vacina utilizada contra o HPV, o papilomav\u00edrus humano, foi lan\u00e7ada nesta quarta (8) no Brasil. O novo imunizante,<\/p>\n","protected":false},"author":1,"featured_media":4611,"comment_status":"open","ping_status":"open","sticky":false,"template":"","format":"standard","meta":{"colormag_page_container_layout":"default_layout","colormag_page_sidebar_layout":"default_layout","_FSMCFIC_featured_image_caption":"","_FSMCFIC_featured_image_nocaption":"","_FSMCFIC_featured_image_hide":"","footnotes":""},"categories":[2,1],"tags":[],"class_list":["post-4610","post","type-post","status-publish","format-standard","has-post-thumbnail","hentry","category-noticias","category-ultimas"],"yoast_head":"<!-- This site is optimized with the Yoast SEO plugin v27.1.1 - https:\/\/yoast.com\/product\/yoast-seo-wordpress\/ -->\n<title>Vital para evitar c\u00e2ncer, nova vacina para HPV \u00e9 lan\u00e7ada no Brasil - Brasil not\u00edcias<\/title>\n<meta name=\"robots\" content=\"index, follow, max-snippet:-1, max-image-preview:large, max-video-preview:-1\" \/>\n<link rel=\"canonical\" href=\"https:\/\/brasilnoticias.org\/site\/vital-para-evitar-cancer-nova-vacina-para-hpv-e-lancada-no-brasil\/\" \/>\n<meta property=\"og:locale\" content=\"pt_PT\" \/>\n<meta property=\"og:type\" content=\"article\" \/>\n<meta property=\"og:title\" content=\"Vital para evitar c\u00e2ncer, nova vacina para HPV \u00e9 lan\u00e7ada no Brasil - Brasil not\u00edcias\" \/>\n<meta property=\"og:description\" content=\"Uma nova vacina utilizada contra o HPV, o papilomav\u00edrus humano, foi lan\u00e7ada nesta quarta (8) no Brasil. O novo imunizante,\" \/>\n<meta property=\"og:url\" content=\"https:\/\/brasilnoticias.org\/site\/vital-para-evitar-cancer-nova-vacina-para-hpv-e-lancada-no-brasil\/\" \/>\n<meta property=\"og:site_name\" content=\"Brasil not\u00edcias\" \/>\n<meta property=\"article:published_time\" content=\"2023-03-09T21:10:41+00:00\" \/>\n<meta property=\"og:image\" content=\"https:\/\/brasilnoticias.org\/site\/wp-content\/uploads\/2023\/03\/naom_5bee710a339e8.jpg\" \/>\n\t<meta property=\"og:image:width\" content=\"960\" \/>\n\t<meta property=\"og:image:height\" content=\"540\" \/>\n\t<meta property=\"og:image:type\" content=\"image\/jpeg\" \/>\n<meta name=\"author\" content=\"Reda\u00e7\u00e3o\" \/>\n<meta name=\"twitter:card\" content=\"summary_large_image\" \/>\n<meta name=\"twitter:label1\" content=\"Escrito por\" \/>\n\t<meta name=\"twitter:data1\" content=\"Reda\u00e7\u00e3o\" \/>\n<script type=\"application\/ld+json\" class=\"yoast-schema-graph\">{\"@context\":\"https:\/\/schema.org\",\"@graph\":[{\"@type\":\"Article\",\"@id\":\"https:\/\/brasilnoticias.org\/site\/vital-para-evitar-cancer-nova-vacina-para-hpv-e-lancada-no-brasil\/#article\",\"isPartOf\":{\"@id\":\"https:\/\/brasilnoticias.org\/site\/vital-para-evitar-cancer-nova-vacina-para-hpv-e-lancada-no-brasil\/\"},\"author\":{\"name\":\"Reda\u00e7\u00e3o\",\"@id\":\"https:\/\/brasilnoticias.org\/site\/#\/schema\/person\/a0e05b973ec4d15c658d51911e53507b\"},\"headline\":\"Vital para evitar c\u00e2ncer, nova vacina para HPV \u00e9 lan\u00e7ada no Brasil\",\"datePublished\":\"2023-03-09T21:10:41+00:00\",\"mainEntityOfPage\":{\"@id\":\"https:\/\/brasilnoticias.org\/site\/vital-para-evitar-cancer-nova-vacina-para-hpv-e-lancada-no-brasil\/\"},\"wordCount\":804,\"commentCount\":0,\"publisher\":{\"@id\":\"https:\/\/brasilnoticias.org\/site\/#organization\"},\"image\":{\"@id\":\"https:\/\/brasilnoticias.org\/site\/vital-para-evitar-cancer-nova-vacina-para-hpv-e-lancada-no-brasil\/#primaryimage\"},\"thumbnailUrl\":\"https:\/\/brasilnoticias.org\/site\/wp-content\/uploads\/2023\/03\/naom_5bee710a339e8.jpg\",\"articleSection\":[\"Not\u00edcias\",\"\u00daltimas\"],\"inLanguage\":\"pt-PT\",\"potentialAction\":[{\"@type\":\"CommentAction\",\"name\":\"Comment\",\"target\":[\"https:\/\/brasilnoticias.org\/site\/vital-para-evitar-cancer-nova-vacina-para-hpv-e-lancada-no-brasil\/#respond\"]}]},{\"@type\":\"WebPage\",\"@id\":\"https:\/\/brasilnoticias.org\/site\/vital-para-evitar-cancer-nova-vacina-para-hpv-e-lancada-no-brasil\/\",\"url\":\"https:\/\/brasilnoticias.org\/site\/vital-para-evitar-cancer-nova-vacina-para-hpv-e-lancada-no-brasil\/\",\"name\":\"Vital para evitar c\u00e2ncer, nova vacina para HPV \u00e9 lan\u00e7ada no Brasil - Brasil not\u00edcias\",\"isPartOf\":{\"@id\":\"https:\/\/brasilnoticias.org\/site\/#website\"},\"primaryImageOfPage\":{\"@id\":\"https:\/\/brasilnoticias.org\/site\/vital-para-evitar-cancer-nova-vacina-para-hpv-e-lancada-no-brasil\/#primaryimage\"},\"image\":{\"@id\":\"https:\/\/brasilnoticias.org\/site\/vital-para-evitar-cancer-nova-vacina-para-hpv-e-lancada-no-brasil\/#primaryimage\"},\"thumbnailUrl\":\"https:\/\/brasilnoticias.org\/site\/wp-content\/uploads\/2023\/03\/naom_5bee710a339e8.jpg\",\"datePublished\":\"2023-03-09T21:10:41+00:00\",\"breadcrumb\":{\"@id\":\"https:\/\/brasilnoticias.org\/site\/vital-para-evitar-cancer-nova-vacina-para-hpv-e-lancada-no-brasil\/#breadcrumb\"},\"inLanguage\":\"pt-PT\",\"potentialAction\":[{\"@type\":\"ReadAction\",\"target\":[\"https:\/\/brasilnoticias.org\/site\/vital-para-evitar-cancer-nova-vacina-para-hpv-e-lancada-no-brasil\/\"]}]},{\"@type\":\"ImageObject\",\"inLanguage\":\"pt-PT\",\"@id\":\"https:\/\/brasilnoticias.org\/site\/vital-para-evitar-cancer-nova-vacina-para-hpv-e-lancada-no-brasil\/#primaryimage\",\"url\":\"https:\/\/brasilnoticias.org\/site\/wp-content\/uploads\/2023\/03\/naom_5bee710a339e8.jpg\",\"contentUrl\":\"https:\/\/brasilnoticias.org\/site\/wp-content\/uploads\/2023\/03\/naom_5bee710a339e8.jpg\",\"width\":960,\"height\":540},{\"@type\":\"BreadcrumbList\",\"@id\":\"https:\/\/brasilnoticias.org\/site\/vital-para-evitar-cancer-nova-vacina-para-hpv-e-lancada-no-brasil\/#breadcrumb\",\"itemListElement\":[{\"@type\":\"ListItem\",\"position\":1,\"name\":\"In\u00edcio\",\"item\":\"https:\/\/brasilnoticias.org\/site\/\"},{\"@type\":\"ListItem\",\"position\":2,\"name\":\"Vital para evitar c\u00e2ncer, nova vacina para HPV \u00e9 lan\u00e7ada no Brasil\"}]},{\"@type\":\"WebSite\",\"@id\":\"https:\/\/brasilnoticias.org\/site\/#website\",\"url\":\"https:\/\/brasilnoticias.org\/site\/\",\"name\":\"Brasil not\u00edcias\",\"description\":\"Brasil not\u00edcias\",\"publisher\":{\"@id\":\"https:\/\/brasilnoticias.org\/site\/#organization\"},\"potentialAction\":[{\"@type\":\"SearchAction\",\"target\":{\"@type\":\"EntryPoint\",\"urlTemplate\":\"https:\/\/brasilnoticias.org\/site\/?s={search_term_string}\"},\"query-input\":{\"@type\":\"PropertyValueSpecification\",\"valueRequired\":true,\"valueName\":\"search_term_string\"}}],\"inLanguage\":\"pt-PT\"},{\"@type\":\"Organization\",\"@id\":\"https:\/\/brasilnoticias.org\/site\/#organization\",\"name\":\"Brasil not\u00edcias\",\"url\":\"https:\/\/brasilnoticias.org\/site\/\",\"logo\":{\"@type\":\"ImageObject\",\"inLanguage\":\"pt-PT\",\"@id\":\"https:\/\/brasilnoticias.org\/site\/#\/schema\/logo\/image\/\",\"url\":\"https:\/\/brasilnoticias.org\/site\/wp-content\/uploads\/2022\/05\/cropped-brasilnoticias-mini.jpg\",\"contentUrl\":\"https:\/\/brasilnoticias.org\/site\/wp-content\/uploads\/2022\/05\/cropped-brasilnoticias-mini.jpg\",\"width\":314,\"height\":86,\"caption\":\"Brasil not\u00edcias\"},\"image\":{\"@id\":\"https:\/\/brasilnoticias.org\/site\/#\/schema\/logo\/image\/\"}},{\"@type\":\"Person\",\"@id\":\"https:\/\/brasilnoticias.org\/site\/#\/schema\/person\/a0e05b973ec4d15c658d51911e53507b\",\"name\":\"Reda\u00e7\u00e3o\",\"image\":{\"@type\":\"ImageObject\",\"inLanguage\":\"pt-PT\",\"@id\":\"https:\/\/brasilnoticias.org\/site\/#\/schema\/person\/image\/\",\"url\":\"https:\/\/secure.gravatar.com\/avatar\/75d8b050df2de108b08ae78dfb8e374892df24a383c67db9c46a9c604f6aee9c?s=96&d=mm&r=g\",\"contentUrl\":\"https:\/\/secure.gravatar.com\/avatar\/75d8b050df2de108b08ae78dfb8e374892df24a383c67db9c46a9c604f6aee9c?s=96&d=mm&r=g\",\"caption\":\"Reda\u00e7\u00e3o\"},\"sameAs\":[\"https:\/\/brasilnoticias.org\/site\"],\"url\":\"https:\/\/brasilnoticias.org\/site\/author\/fernandozsngmail-com\/\"}]}<\/script>\n<!-- \/ Yoast SEO plugin. -->","yoast_head_json":{"title":"Vital para evitar c\u00e2ncer, nova vacina para HPV \u00e9 lan\u00e7ada no Brasil - Brasil not\u00edcias","robots":{"index":"index","follow":"follow","max-snippet":"max-snippet:-1","max-image-preview":"max-image-preview:large","max-video-preview":"max-video-preview:-1"},"canonical":"https:\/\/brasilnoticias.org\/site\/vital-para-evitar-cancer-nova-vacina-para-hpv-e-lancada-no-brasil\/","og_locale":"pt_PT","og_type":"article","og_title":"Vital para evitar c\u00e2ncer, nova vacina para HPV \u00e9 lan\u00e7ada no Brasil - Brasil not\u00edcias","og_description":"Uma nova vacina utilizada contra o HPV, o papilomav\u00edrus humano, foi lan\u00e7ada nesta quarta (8) no Brasil. O novo imunizante,","og_url":"https:\/\/brasilnoticias.org\/site\/vital-para-evitar-cancer-nova-vacina-para-hpv-e-lancada-no-brasil\/","og_site_name":"Brasil not\u00edcias","article_published_time":"2023-03-09T21:10:41+00:00","og_image":[{"width":960,"height":540,"url":"https:\/\/brasilnoticias.org\/site\/wp-content\/uploads\/2023\/03\/naom_5bee710a339e8.jpg","type":"image\/jpeg"}],"author":"Reda\u00e7\u00e3o","twitter_card":"summary_large_image","twitter_misc":{"Escrito por":"Reda\u00e7\u00e3o"},"schema":{"@context":"https:\/\/schema.org","@graph":[{"@type":"Article","@id":"https:\/\/brasilnoticias.org\/site\/vital-para-evitar-cancer-nova-vacina-para-hpv-e-lancada-no-brasil\/#article","isPartOf":{"@id":"https:\/\/brasilnoticias.org\/site\/vital-para-evitar-cancer-nova-vacina-para-hpv-e-lancada-no-brasil\/"},"author":{"name":"Reda\u00e7\u00e3o","@id":"https:\/\/brasilnoticias.org\/site\/#\/schema\/person\/a0e05b973ec4d15c658d51911e53507b"},"headline":"Vital para evitar c\u00e2ncer, nova vacina para HPV \u00e9 lan\u00e7ada no Brasil","datePublished":"2023-03-09T21:10:41+00:00","mainEntityOfPage":{"@id":"https:\/\/brasilnoticias.org\/site\/vital-para-evitar-cancer-nova-vacina-para-hpv-e-lancada-no-brasil\/"},"wordCount":804,"commentCount":0,"publisher":{"@id":"https:\/\/brasilnoticias.org\/site\/#organization"},"image":{"@id":"https:\/\/brasilnoticias.org\/site\/vital-para-evitar-cancer-nova-vacina-para-hpv-e-lancada-no-brasil\/#primaryimage"},"thumbnailUrl":"https:\/\/brasilnoticias.org\/site\/wp-content\/uploads\/2023\/03\/naom_5bee710a339e8.jpg","articleSection":["Not\u00edcias","\u00daltimas"],"inLanguage":"pt-PT","potentialAction":[{"@type":"CommentAction","name":"Comment","target":["https:\/\/brasilnoticias.org\/site\/vital-para-evitar-cancer-nova-vacina-para-hpv-e-lancada-no-brasil\/#respond"]}]},{"@type":"WebPage","@id":"https:\/\/brasilnoticias.org\/site\/vital-para-evitar-cancer-nova-vacina-para-hpv-e-lancada-no-brasil\/","url":"https:\/\/brasilnoticias.org\/site\/vital-para-evitar-cancer-nova-vacina-para-hpv-e-lancada-no-brasil\/","name":"Vital para evitar c\u00e2ncer, nova vacina para HPV \u00e9 lan\u00e7ada no Brasil - Brasil not\u00edcias","isPartOf":{"@id":"https:\/\/brasilnoticias.org\/site\/#website"},"primaryImageOfPage":{"@id":"https:\/\/brasilnoticias.org\/site\/vital-para-evitar-cancer-nova-vacina-para-hpv-e-lancada-no-brasil\/#primaryimage"},"image":{"@id":"https:\/\/brasilnoticias.org\/site\/vital-para-evitar-cancer-nova-vacina-para-hpv-e-lancada-no-brasil\/#primaryimage"},"thumbnailUrl":"https:\/\/brasilnoticias.org\/site\/wp-content\/uploads\/2023\/03\/naom_5bee710a339e8.jpg","datePublished":"2023-03-09T21:10:41+00:00","breadcrumb":{"@id":"https:\/\/brasilnoticias.org\/site\/vital-para-evitar-cancer-nova-vacina-para-hpv-e-lancada-no-brasil\/#breadcrumb"},"inLanguage":"pt-PT","potentialAction":[{"@type":"ReadAction","target":["https:\/\/brasilnoticias.org\/site\/vital-para-evitar-cancer-nova-vacina-para-hpv-e-lancada-no-brasil\/"]}]},{"@type":"ImageObject","inLanguage":"pt-PT","@id":"https:\/\/brasilnoticias.org\/site\/vital-para-evitar-cancer-nova-vacina-para-hpv-e-lancada-no-brasil\/#primaryimage","url":"https:\/\/brasilnoticias.org\/site\/wp-content\/uploads\/2023\/03\/naom_5bee710a339e8.jpg","contentUrl":"https:\/\/brasilnoticias.org\/site\/wp-content\/uploads\/2023\/03\/naom_5bee710a339e8.jpg","width":960,"height":540},{"@type":"BreadcrumbList","@id":"https:\/\/brasilnoticias.org\/site\/vital-para-evitar-cancer-nova-vacina-para-hpv-e-lancada-no-brasil\/#breadcrumb","itemListElement":[{"@type":"ListItem","position":1,"name":"In\u00edcio","item":"https:\/\/brasilnoticias.org\/site\/"},{"@type":"ListItem","position":2,"name":"Vital para evitar c\u00e2ncer, nova vacina para HPV \u00e9 lan\u00e7ada no Brasil"}]},{"@type":"WebSite","@id":"https:\/\/brasilnoticias.org\/site\/#website","url":"https:\/\/brasilnoticias.org\/site\/","name":"Brasil not\u00edcias","description":"Brasil not\u00edcias","publisher":{"@id":"https:\/\/brasilnoticias.org\/site\/#organization"},"potentialAction":[{"@type":"SearchAction","target":{"@type":"EntryPoint","urlTemplate":"https:\/\/brasilnoticias.org\/site\/?s={search_term_string}"},"query-input":{"@type":"PropertyValueSpecification","valueRequired":true,"valueName":"search_term_string"}}],"inLanguage":"pt-PT"},{"@type":"Organization","@id":"https:\/\/brasilnoticias.org\/site\/#organization","name":"Brasil not\u00edcias","url":"https:\/\/brasilnoticias.org\/site\/","logo":{"@type":"ImageObject","inLanguage":"pt-PT","@id":"https:\/\/brasilnoticias.org\/site\/#\/schema\/logo\/image\/","url":"https:\/\/brasilnoticias.org\/site\/wp-content\/uploads\/2022\/05\/cropped-brasilnoticias-mini.jpg","contentUrl":"https:\/\/brasilnoticias.org\/site\/wp-content\/uploads\/2022\/05\/cropped-brasilnoticias-mini.jpg","width":314,"height":86,"caption":"Brasil not\u00edcias"},"image":{"@id":"https:\/\/brasilnoticias.org\/site\/#\/schema\/logo\/image\/"}},{"@type":"Person","@id":"https:\/\/brasilnoticias.org\/site\/#\/schema\/person\/a0e05b973ec4d15c658d51911e53507b","name":"Reda\u00e7\u00e3o","image":{"@type":"ImageObject","inLanguage":"pt-PT","@id":"https:\/\/brasilnoticias.org\/site\/#\/schema\/person\/image\/","url":"https:\/\/secure.gravatar.com\/avatar\/75d8b050df2de108b08ae78dfb8e374892df24a383c67db9c46a9c604f6aee9c?s=96&d=mm&r=g","contentUrl":"https:\/\/secure.gravatar.com\/avatar\/75d8b050df2de108b08ae78dfb8e374892df24a383c67db9c46a9c604f6aee9c?s=96&d=mm&r=g","caption":"Reda\u00e7\u00e3o"},"sameAs":["https:\/\/brasilnoticias.org\/site"],"url":"https:\/\/brasilnoticias.org\/site\/author\/fernandozsngmail-com\/"}]}},"_links":{"self":[{"href":"https:\/\/brasilnoticias.org\/site\/wp-json\/wp\/v2\/posts\/4610","targetHints":{"allow":["GET"]}}],"collection":[{"href":"https:\/\/brasilnoticias.org\/site\/wp-json\/wp\/v2\/posts"}],"about":[{"href":"https:\/\/brasilnoticias.org\/site\/wp-json\/wp\/v2\/types\/post"}],"author":[{"embeddable":true,"href":"https:\/\/brasilnoticias.org\/site\/wp-json\/wp\/v2\/users\/1"}],"replies":[{"embeddable":true,"href":"https:\/\/brasilnoticias.org\/site\/wp-json\/wp\/v2\/comments?post=4610"}],"version-history":[{"count":1,"href":"https:\/\/brasilnoticias.org\/site\/wp-json\/wp\/v2\/posts\/4610\/revisions"}],"predecessor-version":[{"id":4612,"href":"https:\/\/brasilnoticias.org\/site\/wp-json\/wp\/v2\/posts\/4610\/revisions\/4612"}],"wp:featuredmedia":[{"embeddable":true,"href":"https:\/\/brasilnoticias.org\/site\/wp-json\/wp\/v2\/media\/4611"}],"wp:attachment":[{"href":"https:\/\/brasilnoticias.org\/site\/wp-json\/wp\/v2\/media?parent=4610"}],"wp:term":[{"taxonomy":"category","embeddable":true,"href":"https:\/\/brasilnoticias.org\/site\/wp-json\/wp\/v2\/categories?post=4610"},{"taxonomy":"post_tag","embeddable":true,"href":"https:\/\/brasilnoticias.org\/site\/wp-json\/wp\/v2\/tags?post=4610"}],"curies":[{"name":"wp","href":"https:\/\/api.w.org\/{rel}","templated":true}]}}