{"id":4613,"date":"2023-03-09T18:20:40","date_gmt":"2023-03-09T21:20:40","guid":{"rendered":"https:\/\/brasilnoticias.org\/site\/?p=4613"},"modified":"2023-03-09T17:00:22","modified_gmt":"2023-03-09T20:00:22","slug":"clubes-assinam-contrato-para-venda-de-direitos-da-serie-b-ate-2026","status":"publish","type":"post","link":"https:\/\/brasilnoticias.org\/site\/clubes-assinam-contrato-para-venda-de-direitos-da-serie-b-ate-2026\/","title":{"rendered":"Clubes assinam contrato para venda de direitos da S\u00e9rie B at\u00e9 2026"},"content":{"rendered":"<p>Os clubes da S\u00e9rie B aceitaram a proposta para venda dos direitos de transmiss\u00e3o da competi\u00e7\u00e3o pelos pr\u00f3ximos quatro anos. O acordo foi fechado com a Brax, ap\u00f3s decis\u00e3o un\u00e2nime em reuni\u00e3o feita nesta quinta-feira (9), na CBF.<\/p>\n<p>O contrato envolve os direitos da S\u00e9rie B at\u00e9 2026 e render\u00e1 o pagamento de R$ 210 milh\u00f5es no primeiro ano.<\/p>\n<p>Os valores envolvidos por temporada ser\u00e3o corrigidos, gerando o escalonamento a seguir, segundo a reportagem apurou:<\/p>\n<p>&#8211; 2023: R$ 210 milh\u00f5es<br \/>\n&#8211; 2024: R$ 231 milh\u00f5es<br \/>\n&#8211; 2025: R$ 254 milh\u00f5es<br \/>\n&#8211; 2026: R$ 279 milh\u00f5es<\/p>\n<p>A Brax agora tem o direito de ir ao mercado e negociar com emissoras e plataformas como ser\u00e1 a transmiss\u00e3o da S\u00e9rie B. Um contrato com a Band \u00e9 uma possibilidade, diante da proximidade entre as duas empresas.<\/p>\n<p>O contrato faz com que a Brax assegure um pagamento m\u00ednimo aos clubes. Neste primeiro ano, a estimativa que cada um dos 20 participantes da S\u00e9rie B receba cerca de R$ 10 milh\u00f5es.<\/p>\n<p>A CBF se comprometeu a custear as despesas com log\u00edstica na competi\u00e7\u00e3o, o que n\u00e3o acontecia nos anos anteriores. Isso vai fazer com que o valor l\u00edquido na m\u00e3o dos clubes seja cerca de 10% maior do que nas temporadas passadas, segundo estimativas dos dirigentes.<\/p>\n<p>LIGAS DE ACORDO<\/p>\n<p>O fato de o acordo envolver os anos de 2025 e 2026 afeta os planos iniciais das ligas do futebol brasileiro. Tanto a Forte Futebol quanto a Libra tinham planos de iniciar uma venda casada dos direitos das S\u00e9ries A e B a partir de 2025. Mas os dois lados acharam por bem aceitar a proposta do momento.<\/p>\n<p>AL\u00cdVIO<\/p>\n<p>A assinatura do contrato \u00e9 um al\u00edvio para os clubes diante da incerteza que rondava a S\u00e9rie B. O contrato com a Globo terminou em 2022 e rendia R$ 208 milh\u00f5es por temporada.<\/p>\n<p>A renova\u00e7\u00e3o conduzida pela Associa\u00e7\u00e3o Nacional de Clubes de Futebol (ANCF) n\u00e3o avan\u00e7ou e o tempo ficou curto. A CBF chegou a organizar uma concorr\u00eancia para venda dos direitos, mas n\u00e3o atraiu investimentos satisfat\u00f3rios. A Globo, por exemplo, s\u00f3 sinalizou com R$ 80 milh\u00f5es.<\/p>\n<p>Uma tentativa mais recente foi fechar diretamente com TV Brasil e Bando, mas essa hip\u00f3tese tampouco se concretizou.<\/p>\n<p>A\u00ed, apareceu a proposta da Brax que gerou uma discuss\u00e3o e an\u00e1lise interna entre os clubes desde ter\u00e7a-feira. Hoje, todos embarcaram no projeto.<\/p>\n<p>Foto Shutterstock<br \/>\nNot\u00edcias ao minuto<\/p>\n","protected":false},"excerpt":{"rendered":"<p>Os clubes da S\u00e9rie B aceitaram a proposta para venda dos direitos de transmiss\u00e3o da competi\u00e7\u00e3o pelos pr\u00f3ximos quatro anos.<\/p>\n","protected":false},"author":1,"featured_media":4614,"comment_status":"open","ping_status":"open","sticky":false,"template":"","format":"standard","meta":{"colormag_page_container_layout":"default_layout","colormag_page_sidebar_layout":"default_layout","_FSMCFIC_featured_image_caption":"","_FSMCFIC_featured_image_nocaption":"","_FSMCFIC_featured_image_hide":"","footnotes":""},"categories":[4,1],"tags":[],"class_list":["post-4613","post","type-post","status-publish","format-standard","has-post-thumbnail","hentry","category-esporte","category-ultimas"],"yoast_head":"<!-- This site is optimized with the Yoast SEO plugin v27.1.1 - https:\/\/yoast.com\/product\/yoast-seo-wordpress\/ -->\n<title>Clubes assinam contrato para venda de direitos da S\u00e9rie B at\u00e9 2026 - Brasil not\u00edcias<\/title>\n<meta name=\"robots\" content=\"index, follow, max-snippet:-1, max-image-preview:large, max-video-preview:-1\" \/>\n<link rel=\"canonical\" href=\"https:\/\/brasilnoticias.org\/site\/clubes-assinam-contrato-para-venda-de-direitos-da-serie-b-ate-2026\/\" \/>\n<meta property=\"og:locale\" content=\"pt_PT\" \/>\n<meta property=\"og:type\" content=\"article\" \/>\n<meta property=\"og:title\" content=\"Clubes assinam contrato para venda de direitos da S\u00e9rie B at\u00e9 2026 - Brasil not\u00edcias\" \/>\n<meta property=\"og:description\" content=\"Os clubes da S\u00e9rie B aceitaram a proposta para venda dos direitos de transmiss\u00e3o da competi\u00e7\u00e3o pelos pr\u00f3ximos quatro anos.\" \/>\n<meta property=\"og:url\" content=\"https:\/\/brasilnoticias.org\/site\/clubes-assinam-contrato-para-venda-de-direitos-da-serie-b-ate-2026\/\" \/>\n<meta property=\"og:site_name\" content=\"Brasil not\u00edcias\" \/>\n<meta property=\"article:published_time\" content=\"2023-03-09T21:20:40+00:00\" \/>\n<meta property=\"og:image\" content=\"https:\/\/brasilnoticias.org\/site\/wp-content\/uploads\/2023\/03\/naom_5fedb1a01be07.jpg\" \/>\n\t<meta property=\"og:image:width\" content=\"960\" \/>\n\t<meta property=\"og:image:height\" content=\"540\" \/>\n\t<meta property=\"og:image:type\" content=\"image\/jpeg\" \/>\n<meta name=\"author\" content=\"Reda\u00e7\u00e3o\" \/>\n<meta name=\"twitter:card\" content=\"summary_large_image\" \/>\n<meta name=\"twitter:label1\" content=\"Escrito por\" \/>\n\t<meta name=\"twitter:data1\" content=\"Reda\u00e7\u00e3o\" \/>\n<script type=\"application\/ld+json\" class=\"yoast-schema-graph\">{\"@context\":\"https:\/\/schema.org\",\"@graph\":[{\"@type\":\"Article\",\"@id\":\"https:\/\/brasilnoticias.org\/site\/clubes-assinam-contrato-para-venda-de-direitos-da-serie-b-ate-2026\/#article\",\"isPartOf\":{\"@id\":\"https:\/\/brasilnoticias.org\/site\/clubes-assinam-contrato-para-venda-de-direitos-da-serie-b-ate-2026\/\"},\"author\":{\"name\":\"Reda\u00e7\u00e3o\",\"@id\":\"https:\/\/brasilnoticias.org\/site\/#\/schema\/person\/a0e05b973ec4d15c658d51911e53507b\"},\"headline\":\"Clubes assinam contrato para venda de direitos da S\u00e9rie B at\u00e9 2026\",\"datePublished\":\"2023-03-09T21:20:40+00:00\",\"mainEntityOfPage\":{\"@id\":\"https:\/\/brasilnoticias.org\/site\/clubes-assinam-contrato-para-venda-de-direitos-da-serie-b-ate-2026\/\"},\"wordCount\":429,\"commentCount\":0,\"publisher\":{\"@id\":\"https:\/\/brasilnoticias.org\/site\/#organization\"},\"image\":{\"@id\":\"https:\/\/brasilnoticias.org\/site\/clubes-assinam-contrato-para-venda-de-direitos-da-serie-b-ate-2026\/#primaryimage\"},\"thumbnailUrl\":\"https:\/\/brasilnoticias.org\/site\/wp-content\/uploads\/2023\/03\/naom_5fedb1a01be07.jpg\",\"articleSection\":[\"Esporte\",\"\u00daltimas\"],\"inLanguage\":\"pt-PT\",\"potentialAction\":[{\"@type\":\"CommentAction\",\"name\":\"Comment\",\"target\":[\"https:\/\/brasilnoticias.org\/site\/clubes-assinam-contrato-para-venda-de-direitos-da-serie-b-ate-2026\/#respond\"]}]},{\"@type\":\"WebPage\",\"@id\":\"https:\/\/brasilnoticias.org\/site\/clubes-assinam-contrato-para-venda-de-direitos-da-serie-b-ate-2026\/\",\"url\":\"https:\/\/brasilnoticias.org\/site\/clubes-assinam-contrato-para-venda-de-direitos-da-serie-b-ate-2026\/\",\"name\":\"Clubes assinam contrato para venda de direitos da S\u00e9rie B at\u00e9 2026 - Brasil not\u00edcias\",\"isPartOf\":{\"@id\":\"https:\/\/brasilnoticias.org\/site\/#website\"},\"primaryImageOfPage\":{\"@id\":\"https:\/\/brasilnoticias.org\/site\/clubes-assinam-contrato-para-venda-de-direitos-da-serie-b-ate-2026\/#primaryimage\"},\"image\":{\"@id\":\"https:\/\/brasilnoticias.org\/site\/clubes-assinam-contrato-para-venda-de-direitos-da-serie-b-ate-2026\/#primaryimage\"},\"thumbnailUrl\":\"https:\/\/brasilnoticias.org\/site\/wp-content\/uploads\/2023\/03\/naom_5fedb1a01be07.jpg\",\"datePublished\":\"2023-03-09T21:20:40+00:00\",\"breadcrumb\":{\"@id\":\"https:\/\/brasilnoticias.org\/site\/clubes-assinam-contrato-para-venda-de-direitos-da-serie-b-ate-2026\/#breadcrumb\"},\"inLanguage\":\"pt-PT\",\"potentialAction\":[{\"@type\":\"ReadAction\",\"target\":[\"https:\/\/brasilnoticias.org\/site\/clubes-assinam-contrato-para-venda-de-direitos-da-serie-b-ate-2026\/\"]}]},{\"@type\":\"ImageObject\",\"inLanguage\":\"pt-PT\",\"@id\":\"https:\/\/brasilnoticias.org\/site\/clubes-assinam-contrato-para-venda-de-direitos-da-serie-b-ate-2026\/#primaryimage\",\"url\":\"https:\/\/brasilnoticias.org\/site\/wp-content\/uploads\/2023\/03\/naom_5fedb1a01be07.jpg\",\"contentUrl\":\"https:\/\/brasilnoticias.org\/site\/wp-content\/uploads\/2023\/03\/naom_5fedb1a01be07.jpg\",\"width\":960,\"height\":540},{\"@type\":\"BreadcrumbList\",\"@id\":\"https:\/\/brasilnoticias.org\/site\/clubes-assinam-contrato-para-venda-de-direitos-da-serie-b-ate-2026\/#breadcrumb\",\"itemListElement\":[{\"@type\":\"ListItem\",\"position\":1,\"name\":\"In\u00edcio\",\"item\":\"https:\/\/brasilnoticias.org\/site\/\"},{\"@type\":\"ListItem\",\"position\":2,\"name\":\"Clubes assinam contrato para venda de direitos da S\u00e9rie B at\u00e9 2026\"}]},{\"@type\":\"WebSite\",\"@id\":\"https:\/\/brasilnoticias.org\/site\/#website\",\"url\":\"https:\/\/brasilnoticias.org\/site\/\",\"name\":\"Brasil not\u00edcias\",\"description\":\"Brasil not\u00edcias\",\"publisher\":{\"@id\":\"https:\/\/brasilnoticias.org\/site\/#organization\"},\"potentialAction\":[{\"@type\":\"SearchAction\",\"target\":{\"@type\":\"EntryPoint\",\"urlTemplate\":\"https:\/\/brasilnoticias.org\/site\/?s={search_term_string}\"},\"query-input\":{\"@type\":\"PropertyValueSpecification\",\"valueRequired\":true,\"valueName\":\"search_term_string\"}}],\"inLanguage\":\"pt-PT\"},{\"@type\":\"Organization\",\"@id\":\"https:\/\/brasilnoticias.org\/site\/#organization\",\"name\":\"Brasil not\u00edcias\",\"url\":\"https:\/\/brasilnoticias.org\/site\/\",\"logo\":{\"@type\":\"ImageObject\",\"inLanguage\":\"pt-PT\",\"@id\":\"https:\/\/brasilnoticias.org\/site\/#\/schema\/logo\/image\/\",\"url\":\"https:\/\/brasilnoticias.org\/site\/wp-content\/uploads\/2022\/05\/cropped-brasilnoticias-mini.jpg\",\"contentUrl\":\"https:\/\/brasilnoticias.org\/site\/wp-content\/uploads\/2022\/05\/cropped-brasilnoticias-mini.jpg\",\"width\":314,\"height\":86,\"caption\":\"Brasil not\u00edcias\"},\"image\":{\"@id\":\"https:\/\/brasilnoticias.org\/site\/#\/schema\/logo\/image\/\"}},{\"@type\":\"Person\",\"@id\":\"https:\/\/brasilnoticias.org\/site\/#\/schema\/person\/a0e05b973ec4d15c658d51911e53507b\",\"name\":\"Reda\u00e7\u00e3o\",\"image\":{\"@type\":\"ImageObject\",\"inLanguage\":\"pt-PT\",\"@id\":\"https:\/\/brasilnoticias.org\/site\/#\/schema\/person\/image\/\",\"url\":\"https:\/\/secure.gravatar.com\/avatar\/75d8b050df2de108b08ae78dfb8e374892df24a383c67db9c46a9c604f6aee9c?s=96&d=mm&r=g\",\"contentUrl\":\"https:\/\/secure.gravatar.com\/avatar\/75d8b050df2de108b08ae78dfb8e374892df24a383c67db9c46a9c604f6aee9c?s=96&d=mm&r=g\",\"caption\":\"Reda\u00e7\u00e3o\"},\"sameAs\":[\"https:\/\/brasilnoticias.org\/site\"],\"url\":\"https:\/\/brasilnoticias.org\/site\/author\/fernandozsngmail-com\/\"}]}<\/script>\n<!-- \/ Yoast SEO plugin. -->","yoast_head_json":{"title":"Clubes assinam contrato para venda de direitos da S\u00e9rie B at\u00e9 2026 - Brasil not\u00edcias","robots":{"index":"index","follow":"follow","max-snippet":"max-snippet:-1","max-image-preview":"max-image-preview:large","max-video-preview":"max-video-preview:-1"},"canonical":"https:\/\/brasilnoticias.org\/site\/clubes-assinam-contrato-para-venda-de-direitos-da-serie-b-ate-2026\/","og_locale":"pt_PT","og_type":"article","og_title":"Clubes assinam contrato para venda de direitos da S\u00e9rie B at\u00e9 2026 - Brasil not\u00edcias","og_description":"Os clubes da S\u00e9rie B aceitaram a proposta para venda dos direitos de transmiss\u00e3o da competi\u00e7\u00e3o pelos pr\u00f3ximos quatro anos.","og_url":"https:\/\/brasilnoticias.org\/site\/clubes-assinam-contrato-para-venda-de-direitos-da-serie-b-ate-2026\/","og_site_name":"Brasil not\u00edcias","article_published_time":"2023-03-09T21:20:40+00:00","og_image":[{"width":960,"height":540,"url":"https:\/\/brasilnoticias.org\/site\/wp-content\/uploads\/2023\/03\/naom_5fedb1a01be07.jpg","type":"image\/jpeg"}],"author":"Reda\u00e7\u00e3o","twitter_card":"summary_large_image","twitter_misc":{"Escrito por":"Reda\u00e7\u00e3o"},"schema":{"@context":"https:\/\/schema.org","@graph":[{"@type":"Article","@id":"https:\/\/brasilnoticias.org\/site\/clubes-assinam-contrato-para-venda-de-direitos-da-serie-b-ate-2026\/#article","isPartOf":{"@id":"https:\/\/brasilnoticias.org\/site\/clubes-assinam-contrato-para-venda-de-direitos-da-serie-b-ate-2026\/"},"author":{"name":"Reda\u00e7\u00e3o","@id":"https:\/\/brasilnoticias.org\/site\/#\/schema\/person\/a0e05b973ec4d15c658d51911e53507b"},"headline":"Clubes assinam contrato para venda de direitos da S\u00e9rie B at\u00e9 2026","datePublished":"2023-03-09T21:20:40+00:00","mainEntityOfPage":{"@id":"https:\/\/brasilnoticias.org\/site\/clubes-assinam-contrato-para-venda-de-direitos-da-serie-b-ate-2026\/"},"wordCount":429,"commentCount":0,"publisher":{"@id":"https:\/\/brasilnoticias.org\/site\/#organization"},"image":{"@id":"https:\/\/brasilnoticias.org\/site\/clubes-assinam-contrato-para-venda-de-direitos-da-serie-b-ate-2026\/#primaryimage"},"thumbnailUrl":"https:\/\/brasilnoticias.org\/site\/wp-content\/uploads\/2023\/03\/naom_5fedb1a01be07.jpg","articleSection":["Esporte","\u00daltimas"],"inLanguage":"pt-PT","potentialAction":[{"@type":"CommentAction","name":"Comment","target":["https:\/\/brasilnoticias.org\/site\/clubes-assinam-contrato-para-venda-de-direitos-da-serie-b-ate-2026\/#respond"]}]},{"@type":"WebPage","@id":"https:\/\/brasilnoticias.org\/site\/clubes-assinam-contrato-para-venda-de-direitos-da-serie-b-ate-2026\/","url":"https:\/\/brasilnoticias.org\/site\/clubes-assinam-contrato-para-venda-de-direitos-da-serie-b-ate-2026\/","name":"Clubes assinam contrato para venda de direitos da S\u00e9rie B at\u00e9 2026 - Brasil not\u00edcias","isPartOf":{"@id":"https:\/\/brasilnoticias.org\/site\/#website"},"primaryImageOfPage":{"@id":"https:\/\/brasilnoticias.org\/site\/clubes-assinam-contrato-para-venda-de-direitos-da-serie-b-ate-2026\/#primaryimage"},"image":{"@id":"https:\/\/brasilnoticias.org\/site\/clubes-assinam-contrato-para-venda-de-direitos-da-serie-b-ate-2026\/#primaryimage"},"thumbnailUrl":"https:\/\/brasilnoticias.org\/site\/wp-content\/uploads\/2023\/03\/naom_5fedb1a01be07.jpg","datePublished":"2023-03-09T21:20:40+00:00","breadcrumb":{"@id":"https:\/\/brasilnoticias.org\/site\/clubes-assinam-contrato-para-venda-de-direitos-da-serie-b-ate-2026\/#breadcrumb"},"inLanguage":"pt-PT","potentialAction":[{"@type":"ReadAction","target":["https:\/\/brasilnoticias.org\/site\/clubes-assinam-contrato-para-venda-de-direitos-da-serie-b-ate-2026\/"]}]},{"@type":"ImageObject","inLanguage":"pt-PT","@id":"https:\/\/brasilnoticias.org\/site\/clubes-assinam-contrato-para-venda-de-direitos-da-serie-b-ate-2026\/#primaryimage","url":"https:\/\/brasilnoticias.org\/site\/wp-content\/uploads\/2023\/03\/naom_5fedb1a01be07.jpg","contentUrl":"https:\/\/brasilnoticias.org\/site\/wp-content\/uploads\/2023\/03\/naom_5fedb1a01be07.jpg","width":960,"height":540},{"@type":"BreadcrumbList","@id":"https:\/\/brasilnoticias.org\/site\/clubes-assinam-contrato-para-venda-de-direitos-da-serie-b-ate-2026\/#breadcrumb","itemListElement":[{"@type":"ListItem","position":1,"name":"In\u00edcio","item":"https:\/\/brasilnoticias.org\/site\/"},{"@type":"ListItem","position":2,"name":"Clubes assinam contrato para venda de direitos da S\u00e9rie B at\u00e9 2026"}]},{"@type":"WebSite","@id":"https:\/\/brasilnoticias.org\/site\/#website","url":"https:\/\/brasilnoticias.org\/site\/","name":"Brasil not\u00edcias","description":"Brasil not\u00edcias","publisher":{"@id":"https:\/\/brasilnoticias.org\/site\/#organization"},"potentialAction":[{"@type":"SearchAction","target":{"@type":"EntryPoint","urlTemplate":"https:\/\/brasilnoticias.org\/site\/?s={search_term_string}"},"query-input":{"@type":"PropertyValueSpecification","valueRequired":true,"valueName":"search_term_string"}}],"inLanguage":"pt-PT"},{"@type":"Organization","@id":"https:\/\/brasilnoticias.org\/site\/#organization","name":"Brasil not\u00edcias","url":"https:\/\/brasilnoticias.org\/site\/","logo":{"@type":"ImageObject","inLanguage":"pt-PT","@id":"https:\/\/brasilnoticias.org\/site\/#\/schema\/logo\/image\/","url":"https:\/\/brasilnoticias.org\/site\/wp-content\/uploads\/2022\/05\/cropped-brasilnoticias-mini.jpg","contentUrl":"https:\/\/brasilnoticias.org\/site\/wp-content\/uploads\/2022\/05\/cropped-brasilnoticias-mini.jpg","width":314,"height":86,"caption":"Brasil not\u00edcias"},"image":{"@id":"https:\/\/brasilnoticias.org\/site\/#\/schema\/logo\/image\/"}},{"@type":"Person","@id":"https:\/\/brasilnoticias.org\/site\/#\/schema\/person\/a0e05b973ec4d15c658d51911e53507b","name":"Reda\u00e7\u00e3o","image":{"@type":"ImageObject","inLanguage":"pt-PT","@id":"https:\/\/brasilnoticias.org\/site\/#\/schema\/person\/image\/","url":"https:\/\/secure.gravatar.com\/avatar\/75d8b050df2de108b08ae78dfb8e374892df24a383c67db9c46a9c604f6aee9c?s=96&d=mm&r=g","contentUrl":"https:\/\/secure.gravatar.com\/avatar\/75d8b050df2de108b08ae78dfb8e374892df24a383c67db9c46a9c604f6aee9c?s=96&d=mm&r=g","caption":"Reda\u00e7\u00e3o"},"sameAs":["https:\/\/brasilnoticias.org\/site"],"url":"https:\/\/brasilnoticias.org\/site\/author\/fernandozsngmail-com\/"}]}},"_links":{"self":[{"href":"https:\/\/brasilnoticias.org\/site\/wp-json\/wp\/v2\/posts\/4613","targetHints":{"allow":["GET"]}}],"collection":[{"href":"https:\/\/brasilnoticias.org\/site\/wp-json\/wp\/v2\/posts"}],"about":[{"href":"https:\/\/brasilnoticias.org\/site\/wp-json\/wp\/v2\/types\/post"}],"author":[{"embeddable":true,"href":"https:\/\/brasilnoticias.org\/site\/wp-json\/wp\/v2\/users\/1"}],"replies":[{"embeddable":true,"href":"https:\/\/brasilnoticias.org\/site\/wp-json\/wp\/v2\/comments?post=4613"}],"version-history":[{"count":1,"href":"https:\/\/brasilnoticias.org\/site\/wp-json\/wp\/v2\/posts\/4613\/revisions"}],"predecessor-version":[{"id":4615,"href":"https:\/\/brasilnoticias.org\/site\/wp-json\/wp\/v2\/posts\/4613\/revisions\/4615"}],"wp:featuredmedia":[{"embeddable":true,"href":"https:\/\/brasilnoticias.org\/site\/wp-json\/wp\/v2\/media\/4614"}],"wp:attachment":[{"href":"https:\/\/brasilnoticias.org\/site\/wp-json\/wp\/v2\/media?parent=4613"}],"wp:term":[{"taxonomy":"category","embeddable":true,"href":"https:\/\/brasilnoticias.org\/site\/wp-json\/wp\/v2\/categories?post=4613"},{"taxonomy":"post_tag","embeddable":true,"href":"https:\/\/brasilnoticias.org\/site\/wp-json\/wp\/v2\/tags?post=4613"}],"curies":[{"name":"wp","href":"https:\/\/api.w.org\/{rel}","templated":true}]}}