{"id":4619,"date":"2023-03-10T11:18:24","date_gmt":"2023-03-10T14:18:24","guid":{"rendered":"https:\/\/brasilnoticias.org\/site\/?p=4619"},"modified":"2023-03-10T11:18:24","modified_gmt":"2023-03-10T14:18:24","slug":"luis-eduardo-magalhaes-reforcando-parcerias-capitao-alden-cumpre-agenda-na-regiao","status":"publish","type":"post","link":"https:\/\/brasilnoticias.org\/site\/luis-eduardo-magalhaes-reforcando-parcerias-capitao-alden-cumpre-agenda-na-regiao\/","title":{"rendered":"Lu\u00eds Eduardo Magalh\u00e3es: refor\u00e7ando parcerias Capit\u00e3o Alden cumpre agenda na regi\u00e3o"},"content":{"rendered":"<p>Deputado esteve com o prefeito J\u00fanior Marab\u00e1 e lideran\u00e7as locais <\/p>\n<p>Nem s\u00f3 de sess\u00f5es no plen\u00e1rio da C\u00e2mara Federal vivem os parlamentares, os pol\u00edticos necessitam estar perto do povo, pois foi o voto popular que permitiu sua ascens\u00e3o atrav\u00e9s de seu mandato. Essa \u201creceita de bolo\u201d \u00e9 seguida ao p\u00e9 da letra pelo deputado federal Capit\u00e3o Alden (PL-BA), que sempre teve como caracter\u00edstica de sua atividade parlamentar percorrer os munic\u00edpios baianos checando demandas e buscando viabilizar solu\u00e7\u00f5es. <\/p>\n<p>Nesta quinta-feira (9), o parlamentar cumpriu agenda oficial em Lu\u00eds Eduardo Magalh\u00e3es, cidade que fica a cerca de 900 km da capital da Bahia, Salvador. Na regi\u00e3o, o pol\u00edtico contou com a companhia do prefeito do munic\u00edpio, J\u00fanior Marab\u00e1, onde percorrem a localidade onde ser\u00e1 constru\u00edda uma pra\u00e7a na localidade fruto de uma emenda intermediada pelo deputado federal Capit\u00e3o Alden no valor de R$ 1.5 milh\u00e3o. <\/p>\n<p><img loading=\"lazy\" decoding=\"async\" src=\"https:\/\/brasilnoticias.org\/site\/wp-content\/uploads\/2023\/03\/WhatsApp-Image-2023-03-10-at-10.00.22-2.jpeg\" alt=\"\" width=\"1600\" height=\"900\" class=\"alignnone size-full wp-image-4621\" srcset=\"https:\/\/brasilnoticias.org\/site\/wp-content\/uploads\/2023\/03\/WhatsApp-Image-2023-03-10-at-10.00.22-2.jpeg 1600w, https:\/\/brasilnoticias.org\/site\/wp-content\/uploads\/2023\/03\/WhatsApp-Image-2023-03-10-at-10.00.22-2-500x281.jpeg 500w, https:\/\/brasilnoticias.org\/site\/wp-content\/uploads\/2023\/03\/WhatsApp-Image-2023-03-10-at-10.00.22-2-768x432.jpeg 768w, https:\/\/brasilnoticias.org\/site\/wp-content\/uploads\/2023\/03\/WhatsApp-Image-2023-03-10-at-10.00.22-2-1536x864.jpeg 1536w\" sizes=\"auto, (max-width: 1600px) 100vw, 1600px\" \/><\/p>\n<p>Al\u00e9m disso, o parlamentar acompanhou a cerim\u00f4nia do lan\u00e7amento da Pedra Fundamental<br \/>\nda constru\u00e7\u00e3o do Pr\u00e9dio da Cooperfarms (Cooperativa de Produtores Rurais) na cidade de Lu\u00eds Eduardo Magalh\u00e3es. Ao lado do diretor-presidente da Cooperfarms, Marcelino Kuhnen, o pol\u00edtico destacou seu empenho para a\u00e7\u00f5es em prol do segmento, a exemplo de seu recente projeto de lei que considera invas\u00e3o de terra armada como ato de terrorismo.<\/p>\n","protected":false},"excerpt":{"rendered":"<p>Deputado esteve com o prefeito J\u00fanior Marab\u00e1 e lideran\u00e7as locais Nem s\u00f3 de sess\u00f5es no plen\u00e1rio da C\u00e2mara Federal vivem<\/p>\n","protected":false},"author":1,"featured_media":4620,"comment_status":"open","ping_status":"open","sticky":false,"template":"","format":"standard","meta":{"colormag_page_container_layout":"default_layout","colormag_page_sidebar_layout":"default_layout","_FSMCFIC_featured_image_caption":"","_FSMCFIC_featured_image_nocaption":"","_FSMCFIC_featured_image_hide":"","footnotes":""},"categories":[2,1],"tags":[],"class_list":["post-4619","post","type-post","status-publish","format-standard","has-post-thumbnail","hentry","category-noticias","category-ultimas"],"yoast_head":"<!-- This site is optimized with the Yoast SEO plugin v27.1.1 - https:\/\/yoast.com\/product\/yoast-seo-wordpress\/ -->\n<title>Lu\u00eds Eduardo Magalh\u00e3es: refor\u00e7ando parcerias Capit\u00e3o Alden cumpre agenda na regi\u00e3o - Brasil not\u00edcias<\/title>\n<meta name=\"robots\" content=\"index, follow, max-snippet:-1, max-image-preview:large, max-video-preview:-1\" \/>\n<link rel=\"canonical\" href=\"https:\/\/brasilnoticias.org\/site\/luis-eduardo-magalhaes-reforcando-parcerias-capitao-alden-cumpre-agenda-na-regiao\/\" \/>\n<meta property=\"og:locale\" content=\"pt_PT\" \/>\n<meta property=\"og:type\" content=\"article\" \/>\n<meta property=\"og:title\" content=\"Lu\u00eds Eduardo Magalh\u00e3es: refor\u00e7ando parcerias Capit\u00e3o Alden cumpre agenda na regi\u00e3o - Brasil not\u00edcias\" \/>\n<meta property=\"og:description\" content=\"Deputado esteve com o prefeito J\u00fanior Marab\u00e1 e lideran\u00e7as locais Nem s\u00f3 de sess\u00f5es no plen\u00e1rio da C\u00e2mara Federal vivem\" \/>\n<meta property=\"og:url\" content=\"https:\/\/brasilnoticias.org\/site\/luis-eduardo-magalhaes-reforcando-parcerias-capitao-alden-cumpre-agenda-na-regiao\/\" \/>\n<meta property=\"og:site_name\" content=\"Brasil not\u00edcias\" \/>\n<meta property=\"article:published_time\" content=\"2023-03-10T14:18:24+00:00\" \/>\n<meta property=\"og:image\" content=\"https:\/\/brasilnoticias.org\/site\/wp-content\/uploads\/2023\/03\/WhatsApp-Image-2023-03-10-at-10.00.22-3.jpeg\" \/>\n\t<meta property=\"og:image:width\" content=\"1600\" \/>\n\t<meta property=\"og:image:height\" content=\"900\" \/>\n\t<meta property=\"og:image:type\" content=\"image\/jpeg\" \/>\n<meta name=\"author\" content=\"Reda\u00e7\u00e3o\" \/>\n<meta name=\"twitter:card\" content=\"summary_large_image\" \/>\n<meta name=\"twitter:label1\" content=\"Escrito por\" \/>\n\t<meta name=\"twitter:data1\" content=\"Reda\u00e7\u00e3o\" \/>\n<script type=\"application\/ld+json\" class=\"yoast-schema-graph\">{\"@context\":\"https:\/\/schema.org\",\"@graph\":[{\"@type\":\"Article\",\"@id\":\"https:\/\/brasilnoticias.org\/site\/luis-eduardo-magalhaes-reforcando-parcerias-capitao-alden-cumpre-agenda-na-regiao\/#article\",\"isPartOf\":{\"@id\":\"https:\/\/brasilnoticias.org\/site\/luis-eduardo-magalhaes-reforcando-parcerias-capitao-alden-cumpre-agenda-na-regiao\/\"},\"author\":{\"name\":\"Reda\u00e7\u00e3o\",\"@id\":\"https:\/\/brasilnoticias.org\/site\/#\/schema\/person\/a0e05b973ec4d15c658d51911e53507b\"},\"headline\":\"Lu\u00eds Eduardo Magalh\u00e3es: refor\u00e7ando parcerias Capit\u00e3o Alden cumpre agenda na regi\u00e3o\",\"datePublished\":\"2023-03-10T14:18:24+00:00\",\"mainEntityOfPage\":{\"@id\":\"https:\/\/brasilnoticias.org\/site\/luis-eduardo-magalhaes-reforcando-parcerias-capitao-alden-cumpre-agenda-na-regiao\/\"},\"wordCount\":252,\"commentCount\":0,\"publisher\":{\"@id\":\"https:\/\/brasilnoticias.org\/site\/#organization\"},\"image\":{\"@id\":\"https:\/\/brasilnoticias.org\/site\/luis-eduardo-magalhaes-reforcando-parcerias-capitao-alden-cumpre-agenda-na-regiao\/#primaryimage\"},\"thumbnailUrl\":\"https:\/\/brasilnoticias.org\/site\/wp-content\/uploads\/2023\/03\/WhatsApp-Image-2023-03-10-at-10.00.22-3.jpeg\",\"articleSection\":[\"Not\u00edcias\",\"\u00daltimas\"],\"inLanguage\":\"pt-PT\",\"potentialAction\":[{\"@type\":\"CommentAction\",\"name\":\"Comment\",\"target\":[\"https:\/\/brasilnoticias.org\/site\/luis-eduardo-magalhaes-reforcando-parcerias-capitao-alden-cumpre-agenda-na-regiao\/#respond\"]}]},{\"@type\":\"WebPage\",\"@id\":\"https:\/\/brasilnoticias.org\/site\/luis-eduardo-magalhaes-reforcando-parcerias-capitao-alden-cumpre-agenda-na-regiao\/\",\"url\":\"https:\/\/brasilnoticias.org\/site\/luis-eduardo-magalhaes-reforcando-parcerias-capitao-alden-cumpre-agenda-na-regiao\/\",\"name\":\"Lu\u00eds Eduardo Magalh\u00e3es: refor\u00e7ando parcerias Capit\u00e3o Alden cumpre agenda na regi\u00e3o - Brasil not\u00edcias\",\"isPartOf\":{\"@id\":\"https:\/\/brasilnoticias.org\/site\/#website\"},\"primaryImageOfPage\":{\"@id\":\"https:\/\/brasilnoticias.org\/site\/luis-eduardo-magalhaes-reforcando-parcerias-capitao-alden-cumpre-agenda-na-regiao\/#primaryimage\"},\"image\":{\"@id\":\"https:\/\/brasilnoticias.org\/site\/luis-eduardo-magalhaes-reforcando-parcerias-capitao-alden-cumpre-agenda-na-regiao\/#primaryimage\"},\"thumbnailUrl\":\"https:\/\/brasilnoticias.org\/site\/wp-content\/uploads\/2023\/03\/WhatsApp-Image-2023-03-10-at-10.00.22-3.jpeg\",\"datePublished\":\"2023-03-10T14:18:24+00:00\",\"breadcrumb\":{\"@id\":\"https:\/\/brasilnoticias.org\/site\/luis-eduardo-magalhaes-reforcando-parcerias-capitao-alden-cumpre-agenda-na-regiao\/#breadcrumb\"},\"inLanguage\":\"pt-PT\",\"potentialAction\":[{\"@type\":\"ReadAction\",\"target\":[\"https:\/\/brasilnoticias.org\/site\/luis-eduardo-magalhaes-reforcando-parcerias-capitao-alden-cumpre-agenda-na-regiao\/\"]}]},{\"@type\":\"ImageObject\",\"inLanguage\":\"pt-PT\",\"@id\":\"https:\/\/brasilnoticias.org\/site\/luis-eduardo-magalhaes-reforcando-parcerias-capitao-alden-cumpre-agenda-na-regiao\/#primaryimage\",\"url\":\"https:\/\/brasilnoticias.org\/site\/wp-content\/uploads\/2023\/03\/WhatsApp-Image-2023-03-10-at-10.00.22-3.jpeg\",\"contentUrl\":\"https:\/\/brasilnoticias.org\/site\/wp-content\/uploads\/2023\/03\/WhatsApp-Image-2023-03-10-at-10.00.22-3.jpeg\",\"width\":1600,\"height\":900},{\"@type\":\"BreadcrumbList\",\"@id\":\"https:\/\/brasilnoticias.org\/site\/luis-eduardo-magalhaes-reforcando-parcerias-capitao-alden-cumpre-agenda-na-regiao\/#breadcrumb\",\"itemListElement\":[{\"@type\":\"ListItem\",\"position\":1,\"name\":\"In\u00edcio\",\"item\":\"https:\/\/brasilnoticias.org\/site\/\"},{\"@type\":\"ListItem\",\"position\":2,\"name\":\"Lu\u00eds Eduardo Magalh\u00e3es: refor\u00e7ando parcerias Capit\u00e3o Alden cumpre agenda na regi\u00e3o\"}]},{\"@type\":\"WebSite\",\"@id\":\"https:\/\/brasilnoticias.org\/site\/#website\",\"url\":\"https:\/\/brasilnoticias.org\/site\/\",\"name\":\"Brasil not\u00edcias\",\"description\":\"Brasil not\u00edcias\",\"publisher\":{\"@id\":\"https:\/\/brasilnoticias.org\/site\/#organization\"},\"potentialAction\":[{\"@type\":\"SearchAction\",\"target\":{\"@type\":\"EntryPoint\",\"urlTemplate\":\"https:\/\/brasilnoticias.org\/site\/?s={search_term_string}\"},\"query-input\":{\"@type\":\"PropertyValueSpecification\",\"valueRequired\":true,\"valueName\":\"search_term_string\"}}],\"inLanguage\":\"pt-PT\"},{\"@type\":\"Organization\",\"@id\":\"https:\/\/brasilnoticias.org\/site\/#organization\",\"name\":\"Brasil not\u00edcias\",\"url\":\"https:\/\/brasilnoticias.org\/site\/\",\"logo\":{\"@type\":\"ImageObject\",\"inLanguage\":\"pt-PT\",\"@id\":\"https:\/\/brasilnoticias.org\/site\/#\/schema\/logo\/image\/\",\"url\":\"https:\/\/brasilnoticias.org\/site\/wp-content\/uploads\/2022\/05\/cropped-brasilnoticias-mini.jpg\",\"contentUrl\":\"https:\/\/brasilnoticias.org\/site\/wp-content\/uploads\/2022\/05\/cropped-brasilnoticias-mini.jpg\",\"width\":314,\"height\":86,\"caption\":\"Brasil not\u00edcias\"},\"image\":{\"@id\":\"https:\/\/brasilnoticias.org\/site\/#\/schema\/logo\/image\/\"}},{\"@type\":\"Person\",\"@id\":\"https:\/\/brasilnoticias.org\/site\/#\/schema\/person\/a0e05b973ec4d15c658d51911e53507b\",\"name\":\"Reda\u00e7\u00e3o\",\"image\":{\"@type\":\"ImageObject\",\"inLanguage\":\"pt-PT\",\"@id\":\"https:\/\/brasilnoticias.org\/site\/#\/schema\/person\/image\/\",\"url\":\"https:\/\/secure.gravatar.com\/avatar\/75d8b050df2de108b08ae78dfb8e374892df24a383c67db9c46a9c604f6aee9c?s=96&d=mm&r=g\",\"contentUrl\":\"https:\/\/secure.gravatar.com\/avatar\/75d8b050df2de108b08ae78dfb8e374892df24a383c67db9c46a9c604f6aee9c?s=96&d=mm&r=g\",\"caption\":\"Reda\u00e7\u00e3o\"},\"sameAs\":[\"https:\/\/brasilnoticias.org\/site\"],\"url\":\"https:\/\/brasilnoticias.org\/site\/author\/fernandozsngmail-com\/\"}]}<\/script>\n<!-- \/ Yoast SEO plugin. -->","yoast_head_json":{"title":"Lu\u00eds Eduardo Magalh\u00e3es: refor\u00e7ando parcerias Capit\u00e3o Alden cumpre agenda na regi\u00e3o - Brasil not\u00edcias","robots":{"index":"index","follow":"follow","max-snippet":"max-snippet:-1","max-image-preview":"max-image-preview:large","max-video-preview":"max-video-preview:-1"},"canonical":"https:\/\/brasilnoticias.org\/site\/luis-eduardo-magalhaes-reforcando-parcerias-capitao-alden-cumpre-agenda-na-regiao\/","og_locale":"pt_PT","og_type":"article","og_title":"Lu\u00eds Eduardo Magalh\u00e3es: refor\u00e7ando parcerias Capit\u00e3o Alden cumpre agenda na regi\u00e3o - Brasil not\u00edcias","og_description":"Deputado esteve com o prefeito J\u00fanior Marab\u00e1 e lideran\u00e7as locais Nem s\u00f3 de sess\u00f5es no plen\u00e1rio da C\u00e2mara Federal vivem","og_url":"https:\/\/brasilnoticias.org\/site\/luis-eduardo-magalhaes-reforcando-parcerias-capitao-alden-cumpre-agenda-na-regiao\/","og_site_name":"Brasil not\u00edcias","article_published_time":"2023-03-10T14:18:24+00:00","og_image":[{"width":1600,"height":900,"url":"https:\/\/brasilnoticias.org\/site\/wp-content\/uploads\/2023\/03\/WhatsApp-Image-2023-03-10-at-10.00.22-3.jpeg","type":"image\/jpeg"}],"author":"Reda\u00e7\u00e3o","twitter_card":"summary_large_image","twitter_misc":{"Escrito por":"Reda\u00e7\u00e3o"},"schema":{"@context":"https:\/\/schema.org","@graph":[{"@type":"Article","@id":"https:\/\/brasilnoticias.org\/site\/luis-eduardo-magalhaes-reforcando-parcerias-capitao-alden-cumpre-agenda-na-regiao\/#article","isPartOf":{"@id":"https:\/\/brasilnoticias.org\/site\/luis-eduardo-magalhaes-reforcando-parcerias-capitao-alden-cumpre-agenda-na-regiao\/"},"author":{"name":"Reda\u00e7\u00e3o","@id":"https:\/\/brasilnoticias.org\/site\/#\/schema\/person\/a0e05b973ec4d15c658d51911e53507b"},"headline":"Lu\u00eds Eduardo Magalh\u00e3es: refor\u00e7ando parcerias Capit\u00e3o Alden cumpre agenda na regi\u00e3o","datePublished":"2023-03-10T14:18:24+00:00","mainEntityOfPage":{"@id":"https:\/\/brasilnoticias.org\/site\/luis-eduardo-magalhaes-reforcando-parcerias-capitao-alden-cumpre-agenda-na-regiao\/"},"wordCount":252,"commentCount":0,"publisher":{"@id":"https:\/\/brasilnoticias.org\/site\/#organization"},"image":{"@id":"https:\/\/brasilnoticias.org\/site\/luis-eduardo-magalhaes-reforcando-parcerias-capitao-alden-cumpre-agenda-na-regiao\/#primaryimage"},"thumbnailUrl":"https:\/\/brasilnoticias.org\/site\/wp-content\/uploads\/2023\/03\/WhatsApp-Image-2023-03-10-at-10.00.22-3.jpeg","articleSection":["Not\u00edcias","\u00daltimas"],"inLanguage":"pt-PT","potentialAction":[{"@type":"CommentAction","name":"Comment","target":["https:\/\/brasilnoticias.org\/site\/luis-eduardo-magalhaes-reforcando-parcerias-capitao-alden-cumpre-agenda-na-regiao\/#respond"]}]},{"@type":"WebPage","@id":"https:\/\/brasilnoticias.org\/site\/luis-eduardo-magalhaes-reforcando-parcerias-capitao-alden-cumpre-agenda-na-regiao\/","url":"https:\/\/brasilnoticias.org\/site\/luis-eduardo-magalhaes-reforcando-parcerias-capitao-alden-cumpre-agenda-na-regiao\/","name":"Lu\u00eds Eduardo Magalh\u00e3es: refor\u00e7ando parcerias Capit\u00e3o Alden cumpre agenda na regi\u00e3o - Brasil not\u00edcias","isPartOf":{"@id":"https:\/\/brasilnoticias.org\/site\/#website"},"primaryImageOfPage":{"@id":"https:\/\/brasilnoticias.org\/site\/luis-eduardo-magalhaes-reforcando-parcerias-capitao-alden-cumpre-agenda-na-regiao\/#primaryimage"},"image":{"@id":"https:\/\/brasilnoticias.org\/site\/luis-eduardo-magalhaes-reforcando-parcerias-capitao-alden-cumpre-agenda-na-regiao\/#primaryimage"},"thumbnailUrl":"https:\/\/brasilnoticias.org\/site\/wp-content\/uploads\/2023\/03\/WhatsApp-Image-2023-03-10-at-10.00.22-3.jpeg","datePublished":"2023-03-10T14:18:24+00:00","breadcrumb":{"@id":"https:\/\/brasilnoticias.org\/site\/luis-eduardo-magalhaes-reforcando-parcerias-capitao-alden-cumpre-agenda-na-regiao\/#breadcrumb"},"inLanguage":"pt-PT","potentialAction":[{"@type":"ReadAction","target":["https:\/\/brasilnoticias.org\/site\/luis-eduardo-magalhaes-reforcando-parcerias-capitao-alden-cumpre-agenda-na-regiao\/"]}]},{"@type":"ImageObject","inLanguage":"pt-PT","@id":"https:\/\/brasilnoticias.org\/site\/luis-eduardo-magalhaes-reforcando-parcerias-capitao-alden-cumpre-agenda-na-regiao\/#primaryimage","url":"https:\/\/brasilnoticias.org\/site\/wp-content\/uploads\/2023\/03\/WhatsApp-Image-2023-03-10-at-10.00.22-3.jpeg","contentUrl":"https:\/\/brasilnoticias.org\/site\/wp-content\/uploads\/2023\/03\/WhatsApp-Image-2023-03-10-at-10.00.22-3.jpeg","width":1600,"height":900},{"@type":"BreadcrumbList","@id":"https:\/\/brasilnoticias.org\/site\/luis-eduardo-magalhaes-reforcando-parcerias-capitao-alden-cumpre-agenda-na-regiao\/#breadcrumb","itemListElement":[{"@type":"ListItem","position":1,"name":"In\u00edcio","item":"https:\/\/brasilnoticias.org\/site\/"},{"@type":"ListItem","position":2,"name":"Lu\u00eds Eduardo Magalh\u00e3es: refor\u00e7ando parcerias Capit\u00e3o Alden cumpre agenda na regi\u00e3o"}]},{"@type":"WebSite","@id":"https:\/\/brasilnoticias.org\/site\/#website","url":"https:\/\/brasilnoticias.org\/site\/","name":"Brasil not\u00edcias","description":"Brasil not\u00edcias","publisher":{"@id":"https:\/\/brasilnoticias.org\/site\/#organization"},"potentialAction":[{"@type":"SearchAction","target":{"@type":"EntryPoint","urlTemplate":"https:\/\/brasilnoticias.org\/site\/?s={search_term_string}"},"query-input":{"@type":"PropertyValueSpecification","valueRequired":true,"valueName":"search_term_string"}}],"inLanguage":"pt-PT"},{"@type":"Organization","@id":"https:\/\/brasilnoticias.org\/site\/#organization","name":"Brasil not\u00edcias","url":"https:\/\/brasilnoticias.org\/site\/","logo":{"@type":"ImageObject","inLanguage":"pt-PT","@id":"https:\/\/brasilnoticias.org\/site\/#\/schema\/logo\/image\/","url":"https:\/\/brasilnoticias.org\/site\/wp-content\/uploads\/2022\/05\/cropped-brasilnoticias-mini.jpg","contentUrl":"https:\/\/brasilnoticias.org\/site\/wp-content\/uploads\/2022\/05\/cropped-brasilnoticias-mini.jpg","width":314,"height":86,"caption":"Brasil not\u00edcias"},"image":{"@id":"https:\/\/brasilnoticias.org\/site\/#\/schema\/logo\/image\/"}},{"@type":"Person","@id":"https:\/\/brasilnoticias.org\/site\/#\/schema\/person\/a0e05b973ec4d15c658d51911e53507b","name":"Reda\u00e7\u00e3o","image":{"@type":"ImageObject","inLanguage":"pt-PT","@id":"https:\/\/brasilnoticias.org\/site\/#\/schema\/person\/image\/","url":"https:\/\/secure.gravatar.com\/avatar\/75d8b050df2de108b08ae78dfb8e374892df24a383c67db9c46a9c604f6aee9c?s=96&d=mm&r=g","contentUrl":"https:\/\/secure.gravatar.com\/avatar\/75d8b050df2de108b08ae78dfb8e374892df24a383c67db9c46a9c604f6aee9c?s=96&d=mm&r=g","caption":"Reda\u00e7\u00e3o"},"sameAs":["https:\/\/brasilnoticias.org\/site"],"url":"https:\/\/brasilnoticias.org\/site\/author\/fernandozsngmail-com\/"}]}},"_links":{"self":[{"href":"https:\/\/brasilnoticias.org\/site\/wp-json\/wp\/v2\/posts\/4619","targetHints":{"allow":["GET"]}}],"collection":[{"href":"https:\/\/brasilnoticias.org\/site\/wp-json\/wp\/v2\/posts"}],"about":[{"href":"https:\/\/brasilnoticias.org\/site\/wp-json\/wp\/v2\/types\/post"}],"author":[{"embeddable":true,"href":"https:\/\/brasilnoticias.org\/site\/wp-json\/wp\/v2\/users\/1"}],"replies":[{"embeddable":true,"href":"https:\/\/brasilnoticias.org\/site\/wp-json\/wp\/v2\/comments?post=4619"}],"version-history":[{"count":1,"href":"https:\/\/brasilnoticias.org\/site\/wp-json\/wp\/v2\/posts\/4619\/revisions"}],"predecessor-version":[{"id":4622,"href":"https:\/\/brasilnoticias.org\/site\/wp-json\/wp\/v2\/posts\/4619\/revisions\/4622"}],"wp:featuredmedia":[{"embeddable":true,"href":"https:\/\/brasilnoticias.org\/site\/wp-json\/wp\/v2\/media\/4620"}],"wp:attachment":[{"href":"https:\/\/brasilnoticias.org\/site\/wp-json\/wp\/v2\/media?parent=4619"}],"wp:term":[{"taxonomy":"category","embeddable":true,"href":"https:\/\/brasilnoticias.org\/site\/wp-json\/wp\/v2\/categories?post=4619"},{"taxonomy":"post_tag","embeddable":true,"href":"https:\/\/brasilnoticias.org\/site\/wp-json\/wp\/v2\/tags?post=4619"}],"curies":[{"name":"wp","href":"https:\/\/api.w.org\/{rel}","templated":true}]}}