{"id":462,"date":"2022-05-22T10:43:26","date_gmt":"2022-05-22T13:43:26","guid":{"rendered":"https:\/\/brasilnoticias.org\/site\/?p=462"},"modified":"2022-05-22T10:43:26","modified_gmt":"2022-05-22T13:43:26","slug":"julgamento-entre-johnny-depp-e-amber-heard-cita-bilionario-famoso-que-esteve-no-brasil-confira","status":"publish","type":"post","link":"https:\/\/brasilnoticias.org\/site\/julgamento-entre-johnny-depp-e-amber-heard-cita-bilionario-famoso-que-esteve-no-brasil-confira\/","title":{"rendered":"JULGAMENTO ENTRE JOHNNY DEPP E AMBER HEARD CITA BILION\u00c1RIO FAMOSO QUE ESTEVE NO BRASIL; CONFIRA"},"content":{"rendered":"<p>Pouco antes de vir ao Brasil, o bilion\u00e1rio Elon Musk (50) quase participou, de forma ativa, de um dos casos de maior repercuss\u00e3o do showbizz americano nos \u00faltimos tempos: o julgamento, transmitido ao vivo pela TV, de Johnny Depp (58) e Amber Heard (36).<\/p>\n<p>O que Musk tem a ver com isso? O homem de US$ 263 bilh\u00f5es foi listado como poss\u00edvel testemunha no caso, assim como o ator James Franco (44), apontado pela defesa de Heard como amigo pr\u00f3ximo da atriz. Com Musk, a rela\u00e7\u00e3o de Amber foi al\u00e9m da amizade, eles tiveram um breve relacionamento em 2016, logo ap\u00f3s a atriz se separar de Depp.<\/p>\n<p>Musk, segundo Depp afirmou no julgamento, seria o pai biol\u00f3gico da filha de Amber. A crian\u00e7a foi concebida atrav\u00e9s de uma barriga de aluguel, o que \u00e9 permitido nos Estados Unidos. Depp disse ter pistas que levariam \u00e0 prova de que Musk seria o doador do esperma.<\/p>\n<p>A defesa de Depp tamb\u00e9m acusou Amber de ficar com parte dos US$ 7 milh\u00f5es que recebeu no div\u00f3rcio, e que havia prometido repassar inteiramente para a caridade. Em sua defesa, a atriz disse que n\u00e3o cumpriu com a promessa ap\u00f3s ser processada pelo ex-marido, em 2019, por difama\u00e7\u00e3o.<\/p>\n<p>Esta \u00e9 a segunda vez que o casal Heard e Depp se enfrenta no tribunal em 2022. A primeira, em mar\u00e7o, foi em Londres, na Inglaterra, por acusa\u00e7\u00f5es m\u00fatuas de difama\u00e7\u00e3o. Na \u00e9poca, Depp sugeriu que a atriz mantinha um relacionamento em segredo com Musk, mesmo antes da separa\u00e7\u00e3o do casal.<\/p>\n<p>Representantes de Musk e Franco n\u00e3o se pronunciaram sobre o motivo que os levou a decidir n\u00e3o participar do julgamento, iniciado em 11 de abril, na Virg\u00ednia, nos EUA.<\/p>\n<p>&nbsp;<\/p>\n<p>&nbsp;<\/p>\n<p>&nbsp;<\/p>\n<p>&nbsp;<\/p>\n<p>Bnews<\/p>\n","protected":false},"excerpt":{"rendered":"<p>Pouco antes de vir ao Brasil, o bilion\u00e1rio Elon Musk (50) quase participou, de forma ativa, de um dos casos<\/p>\n","protected":false},"author":2,"featured_media":463,"comment_status":"open","ping_status":"open","sticky":false,"template":"","format":"standard","meta":{"colormag_page_container_layout":"default_layout","colormag_page_sidebar_layout":"default_layout","_FSMCFIC_featured_image_caption":"","_FSMCFIC_featured_image_nocaption":"","_FSMCFIC_featured_image_hide":"","footnotes":""},"categories":[6,1],"tags":[],"class_list":["post-462","post","type-post","status-publish","format-standard","has-post-thumbnail","hentry","category-mundo","category-ultimas"],"yoast_head":"<!-- This site is optimized with the Yoast SEO plugin v27.1.1 - https:\/\/yoast.com\/product\/yoast-seo-wordpress\/ -->\n<title>JULGAMENTO ENTRE JOHNNY DEPP E AMBER HEARD CITA BILION\u00c1RIO FAMOSO QUE ESTEVE NO BRASIL; CONFIRA - Brasil not\u00edcias<\/title>\n<meta name=\"robots\" content=\"index, follow, max-snippet:-1, max-image-preview:large, max-video-preview:-1\" \/>\n<link rel=\"canonical\" href=\"https:\/\/brasilnoticias.org\/site\/julgamento-entre-johnny-depp-e-amber-heard-cita-bilionario-famoso-que-esteve-no-brasil-confira\/\" \/>\n<meta property=\"og:locale\" content=\"pt_PT\" \/>\n<meta property=\"og:type\" content=\"article\" \/>\n<meta property=\"og:title\" content=\"JULGAMENTO ENTRE JOHNNY DEPP E AMBER HEARD CITA BILION\u00c1RIO FAMOSO QUE ESTEVE NO BRASIL; CONFIRA - Brasil not\u00edcias\" \/>\n<meta property=\"og:description\" content=\"Pouco antes de vir ao Brasil, o bilion\u00e1rio Elon Musk (50) quase participou, de forma ativa, de um dos casos\" \/>\n<meta property=\"og:url\" content=\"https:\/\/brasilnoticias.org\/site\/julgamento-entre-johnny-depp-e-amber-heard-cita-bilionario-famoso-que-esteve-no-brasil-confira\/\" \/>\n<meta property=\"og:site_name\" content=\"Brasil not\u00edcias\" \/>\n<meta property=\"article:published_time\" content=\"2022-05-22T13:43:26+00:00\" \/>\n<meta property=\"og:image\" content=\"https:\/\/brasilnoticias.org\/site\/wp-content\/uploads\/2022\/05\/14861885-high_widelg-1.jpeg\" \/>\n\t<meta property=\"og:image:width\" content=\"800\" \/>\n\t<meta property=\"og:image:height\" content=\"450\" \/>\n\t<meta property=\"og:image:type\" content=\"image\/jpeg\" \/>\n<meta name=\"author\" content=\"Reda\u00e7\u00e3o\" \/>\n<meta name=\"twitter:card\" content=\"summary_large_image\" \/>\n<meta name=\"twitter:label1\" content=\"Escrito por\" \/>\n\t<meta name=\"twitter:data1\" content=\"Reda\u00e7\u00e3o\" \/>\n\t<meta name=\"twitter:label2\" content=\"Tempo estimado de leitura\" \/>\n\t<meta name=\"twitter:data2\" content=\"2 minutos\" \/>\n<script type=\"application\/ld+json\" class=\"yoast-schema-graph\">{\"@context\":\"https:\/\/schema.org\",\"@graph\":[{\"@type\":\"Article\",\"@id\":\"https:\/\/brasilnoticias.org\/site\/julgamento-entre-johnny-depp-e-amber-heard-cita-bilionario-famoso-que-esteve-no-brasil-confira\/#article\",\"isPartOf\":{\"@id\":\"https:\/\/brasilnoticias.org\/site\/julgamento-entre-johnny-depp-e-amber-heard-cita-bilionario-famoso-que-esteve-no-brasil-confira\/\"},\"author\":{\"name\":\"Reda\u00e7\u00e3o\",\"@id\":\"https:\/\/brasilnoticias.org\/site\/#\/schema\/person\/f609fa847b5314f1c8b983342f34c798\"},\"headline\":\"JULGAMENTO ENTRE JOHNNY DEPP E AMBER HEARD CITA BILION\u00c1RIO FAMOSO QUE ESTEVE NO BRASIL; CONFIRA\",\"datePublished\":\"2022-05-22T13:43:26+00:00\",\"mainEntityOfPage\":{\"@id\":\"https:\/\/brasilnoticias.org\/site\/julgamento-entre-johnny-depp-e-amber-heard-cita-bilionario-famoso-que-esteve-no-brasil-confira\/\"},\"wordCount\":316,\"commentCount\":0,\"publisher\":{\"@id\":\"https:\/\/brasilnoticias.org\/site\/#organization\"},\"image\":{\"@id\":\"https:\/\/brasilnoticias.org\/site\/julgamento-entre-johnny-depp-e-amber-heard-cita-bilionario-famoso-que-esteve-no-brasil-confira\/#primaryimage\"},\"thumbnailUrl\":\"https:\/\/brasilnoticias.org\/site\/wp-content\/uploads\/2022\/05\/14861885-high_widelg-1.jpeg\",\"articleSection\":[\"Mundo\",\"\u00daltimas\"],\"inLanguage\":\"pt-PT\",\"potentialAction\":[{\"@type\":\"CommentAction\",\"name\":\"Comment\",\"target\":[\"https:\/\/brasilnoticias.org\/site\/julgamento-entre-johnny-depp-e-amber-heard-cita-bilionario-famoso-que-esteve-no-brasil-confira\/#respond\"]}]},{\"@type\":\"WebPage\",\"@id\":\"https:\/\/brasilnoticias.org\/site\/julgamento-entre-johnny-depp-e-amber-heard-cita-bilionario-famoso-que-esteve-no-brasil-confira\/\",\"url\":\"https:\/\/brasilnoticias.org\/site\/julgamento-entre-johnny-depp-e-amber-heard-cita-bilionario-famoso-que-esteve-no-brasil-confira\/\",\"name\":\"JULGAMENTO ENTRE JOHNNY DEPP E AMBER HEARD CITA BILION\u00c1RIO FAMOSO QUE ESTEVE NO BRASIL; CONFIRA - Brasil not\u00edcias\",\"isPartOf\":{\"@id\":\"https:\/\/brasilnoticias.org\/site\/#website\"},\"primaryImageOfPage\":{\"@id\":\"https:\/\/brasilnoticias.org\/site\/julgamento-entre-johnny-depp-e-amber-heard-cita-bilionario-famoso-que-esteve-no-brasil-confira\/#primaryimage\"},\"image\":{\"@id\":\"https:\/\/brasilnoticias.org\/site\/julgamento-entre-johnny-depp-e-amber-heard-cita-bilionario-famoso-que-esteve-no-brasil-confira\/#primaryimage\"},\"thumbnailUrl\":\"https:\/\/brasilnoticias.org\/site\/wp-content\/uploads\/2022\/05\/14861885-high_widelg-1.jpeg\",\"datePublished\":\"2022-05-22T13:43:26+00:00\",\"breadcrumb\":{\"@id\":\"https:\/\/brasilnoticias.org\/site\/julgamento-entre-johnny-depp-e-amber-heard-cita-bilionario-famoso-que-esteve-no-brasil-confira\/#breadcrumb\"},\"inLanguage\":\"pt-PT\",\"potentialAction\":[{\"@type\":\"ReadAction\",\"target\":[\"https:\/\/brasilnoticias.org\/site\/julgamento-entre-johnny-depp-e-amber-heard-cita-bilionario-famoso-que-esteve-no-brasil-confira\/\"]}]},{\"@type\":\"ImageObject\",\"inLanguage\":\"pt-PT\",\"@id\":\"https:\/\/brasilnoticias.org\/site\/julgamento-entre-johnny-depp-e-amber-heard-cita-bilionario-famoso-que-esteve-no-brasil-confira\/#primaryimage\",\"url\":\"https:\/\/brasilnoticias.org\/site\/wp-content\/uploads\/2022\/05\/14861885-high_widelg-1.jpeg\",\"contentUrl\":\"https:\/\/brasilnoticias.org\/site\/wp-content\/uploads\/2022\/05\/14861885-high_widelg-1.jpeg\",\"width\":800,\"height\":450},{\"@type\":\"BreadcrumbList\",\"@id\":\"https:\/\/brasilnoticias.org\/site\/julgamento-entre-johnny-depp-e-amber-heard-cita-bilionario-famoso-que-esteve-no-brasil-confira\/#breadcrumb\",\"itemListElement\":[{\"@type\":\"ListItem\",\"position\":1,\"name\":\"In\u00edcio\",\"item\":\"https:\/\/brasilnoticias.org\/site\/\"},{\"@type\":\"ListItem\",\"position\":2,\"name\":\"JULGAMENTO ENTRE JOHNNY DEPP E AMBER HEARD CITA BILION\u00c1RIO FAMOSO QUE ESTEVE NO BRASIL; CONFIRA\"}]},{\"@type\":\"WebSite\",\"@id\":\"https:\/\/brasilnoticias.org\/site\/#website\",\"url\":\"https:\/\/brasilnoticias.org\/site\/\",\"name\":\"Brasil not\u00edcias\",\"description\":\"Brasil not\u00edcias\",\"publisher\":{\"@id\":\"https:\/\/brasilnoticias.org\/site\/#organization\"},\"potentialAction\":[{\"@type\":\"SearchAction\",\"target\":{\"@type\":\"EntryPoint\",\"urlTemplate\":\"https:\/\/brasilnoticias.org\/site\/?s={search_term_string}\"},\"query-input\":{\"@type\":\"PropertyValueSpecification\",\"valueRequired\":true,\"valueName\":\"search_term_string\"}}],\"inLanguage\":\"pt-PT\"},{\"@type\":\"Organization\",\"@id\":\"https:\/\/brasilnoticias.org\/site\/#organization\",\"name\":\"Brasil not\u00edcias\",\"url\":\"https:\/\/brasilnoticias.org\/site\/\",\"logo\":{\"@type\":\"ImageObject\",\"inLanguage\":\"pt-PT\",\"@id\":\"https:\/\/brasilnoticias.org\/site\/#\/schema\/logo\/image\/\",\"url\":\"https:\/\/brasilnoticias.org\/site\/wp-content\/uploads\/2022\/05\/cropped-brasilnoticias-mini.jpg\",\"contentUrl\":\"https:\/\/brasilnoticias.org\/site\/wp-content\/uploads\/2022\/05\/cropped-brasilnoticias-mini.jpg\",\"width\":314,\"height\":86,\"caption\":\"Brasil not\u00edcias\"},\"image\":{\"@id\":\"https:\/\/brasilnoticias.org\/site\/#\/schema\/logo\/image\/\"}},{\"@type\":\"Person\",\"@id\":\"https:\/\/brasilnoticias.org\/site\/#\/schema\/person\/f609fa847b5314f1c8b983342f34c798\",\"name\":\"Reda\u00e7\u00e3o\",\"image\":{\"@type\":\"ImageObject\",\"inLanguage\":\"pt-PT\",\"@id\":\"https:\/\/brasilnoticias.org\/site\/#\/schema\/person\/image\/\",\"url\":\"https:\/\/secure.gravatar.com\/avatar\/447284c06c1ad8b46465a36de9cd0d8326b73387a22799b8b1ffb1fbcff2ed0c?s=96&d=mm&r=g\",\"contentUrl\":\"https:\/\/secure.gravatar.com\/avatar\/447284c06c1ad8b46465a36de9cd0d8326b73387a22799b8b1ffb1fbcff2ed0c?s=96&d=mm&r=g\",\"caption\":\"Reda\u00e7\u00e3o\"},\"url\":\"https:\/\/brasilnoticias.org\/site\/author\/redacao\/\"}]}<\/script>\n<!-- \/ Yoast SEO plugin. -->","yoast_head_json":{"title":"JULGAMENTO ENTRE JOHNNY DEPP E AMBER HEARD CITA BILION\u00c1RIO FAMOSO QUE ESTEVE NO BRASIL; CONFIRA - Brasil not\u00edcias","robots":{"index":"index","follow":"follow","max-snippet":"max-snippet:-1","max-image-preview":"max-image-preview:large","max-video-preview":"max-video-preview:-1"},"canonical":"https:\/\/brasilnoticias.org\/site\/julgamento-entre-johnny-depp-e-amber-heard-cita-bilionario-famoso-que-esteve-no-brasil-confira\/","og_locale":"pt_PT","og_type":"article","og_title":"JULGAMENTO ENTRE JOHNNY DEPP E AMBER HEARD CITA BILION\u00c1RIO FAMOSO QUE ESTEVE NO BRASIL; CONFIRA - Brasil not\u00edcias","og_description":"Pouco antes de vir ao Brasil, o bilion\u00e1rio Elon Musk (50) quase participou, de forma ativa, de um dos casos","og_url":"https:\/\/brasilnoticias.org\/site\/julgamento-entre-johnny-depp-e-amber-heard-cita-bilionario-famoso-que-esteve-no-brasil-confira\/","og_site_name":"Brasil not\u00edcias","article_published_time":"2022-05-22T13:43:26+00:00","og_image":[{"width":800,"height":450,"url":"https:\/\/brasilnoticias.org\/site\/wp-content\/uploads\/2022\/05\/14861885-high_widelg-1.jpeg","type":"image\/jpeg"}],"author":"Reda\u00e7\u00e3o","twitter_card":"summary_large_image","twitter_misc":{"Escrito por":"Reda\u00e7\u00e3o","Tempo estimado de leitura":"2 minutos"},"schema":{"@context":"https:\/\/schema.org","@graph":[{"@type":"Article","@id":"https:\/\/brasilnoticias.org\/site\/julgamento-entre-johnny-depp-e-amber-heard-cita-bilionario-famoso-que-esteve-no-brasil-confira\/#article","isPartOf":{"@id":"https:\/\/brasilnoticias.org\/site\/julgamento-entre-johnny-depp-e-amber-heard-cita-bilionario-famoso-que-esteve-no-brasil-confira\/"},"author":{"name":"Reda\u00e7\u00e3o","@id":"https:\/\/brasilnoticias.org\/site\/#\/schema\/person\/f609fa847b5314f1c8b983342f34c798"},"headline":"JULGAMENTO ENTRE JOHNNY DEPP E AMBER HEARD CITA BILION\u00c1RIO FAMOSO QUE ESTEVE NO BRASIL; CONFIRA","datePublished":"2022-05-22T13:43:26+00:00","mainEntityOfPage":{"@id":"https:\/\/brasilnoticias.org\/site\/julgamento-entre-johnny-depp-e-amber-heard-cita-bilionario-famoso-que-esteve-no-brasil-confira\/"},"wordCount":316,"commentCount":0,"publisher":{"@id":"https:\/\/brasilnoticias.org\/site\/#organization"},"image":{"@id":"https:\/\/brasilnoticias.org\/site\/julgamento-entre-johnny-depp-e-amber-heard-cita-bilionario-famoso-que-esteve-no-brasil-confira\/#primaryimage"},"thumbnailUrl":"https:\/\/brasilnoticias.org\/site\/wp-content\/uploads\/2022\/05\/14861885-high_widelg-1.jpeg","articleSection":["Mundo","\u00daltimas"],"inLanguage":"pt-PT","potentialAction":[{"@type":"CommentAction","name":"Comment","target":["https:\/\/brasilnoticias.org\/site\/julgamento-entre-johnny-depp-e-amber-heard-cita-bilionario-famoso-que-esteve-no-brasil-confira\/#respond"]}]},{"@type":"WebPage","@id":"https:\/\/brasilnoticias.org\/site\/julgamento-entre-johnny-depp-e-amber-heard-cita-bilionario-famoso-que-esteve-no-brasil-confira\/","url":"https:\/\/brasilnoticias.org\/site\/julgamento-entre-johnny-depp-e-amber-heard-cita-bilionario-famoso-que-esteve-no-brasil-confira\/","name":"JULGAMENTO ENTRE JOHNNY DEPP E AMBER HEARD CITA BILION\u00c1RIO FAMOSO QUE ESTEVE NO BRASIL; CONFIRA - Brasil not\u00edcias","isPartOf":{"@id":"https:\/\/brasilnoticias.org\/site\/#website"},"primaryImageOfPage":{"@id":"https:\/\/brasilnoticias.org\/site\/julgamento-entre-johnny-depp-e-amber-heard-cita-bilionario-famoso-que-esteve-no-brasil-confira\/#primaryimage"},"image":{"@id":"https:\/\/brasilnoticias.org\/site\/julgamento-entre-johnny-depp-e-amber-heard-cita-bilionario-famoso-que-esteve-no-brasil-confira\/#primaryimage"},"thumbnailUrl":"https:\/\/brasilnoticias.org\/site\/wp-content\/uploads\/2022\/05\/14861885-high_widelg-1.jpeg","datePublished":"2022-05-22T13:43:26+00:00","breadcrumb":{"@id":"https:\/\/brasilnoticias.org\/site\/julgamento-entre-johnny-depp-e-amber-heard-cita-bilionario-famoso-que-esteve-no-brasil-confira\/#breadcrumb"},"inLanguage":"pt-PT","potentialAction":[{"@type":"ReadAction","target":["https:\/\/brasilnoticias.org\/site\/julgamento-entre-johnny-depp-e-amber-heard-cita-bilionario-famoso-que-esteve-no-brasil-confira\/"]}]},{"@type":"ImageObject","inLanguage":"pt-PT","@id":"https:\/\/brasilnoticias.org\/site\/julgamento-entre-johnny-depp-e-amber-heard-cita-bilionario-famoso-que-esteve-no-brasil-confira\/#primaryimage","url":"https:\/\/brasilnoticias.org\/site\/wp-content\/uploads\/2022\/05\/14861885-high_widelg-1.jpeg","contentUrl":"https:\/\/brasilnoticias.org\/site\/wp-content\/uploads\/2022\/05\/14861885-high_widelg-1.jpeg","width":800,"height":450},{"@type":"BreadcrumbList","@id":"https:\/\/brasilnoticias.org\/site\/julgamento-entre-johnny-depp-e-amber-heard-cita-bilionario-famoso-que-esteve-no-brasil-confira\/#breadcrumb","itemListElement":[{"@type":"ListItem","position":1,"name":"In\u00edcio","item":"https:\/\/brasilnoticias.org\/site\/"},{"@type":"ListItem","position":2,"name":"JULGAMENTO ENTRE JOHNNY DEPP E AMBER HEARD CITA BILION\u00c1RIO FAMOSO QUE ESTEVE NO BRASIL; CONFIRA"}]},{"@type":"WebSite","@id":"https:\/\/brasilnoticias.org\/site\/#website","url":"https:\/\/brasilnoticias.org\/site\/","name":"Brasil not\u00edcias","description":"Brasil not\u00edcias","publisher":{"@id":"https:\/\/brasilnoticias.org\/site\/#organization"},"potentialAction":[{"@type":"SearchAction","target":{"@type":"EntryPoint","urlTemplate":"https:\/\/brasilnoticias.org\/site\/?s={search_term_string}"},"query-input":{"@type":"PropertyValueSpecification","valueRequired":true,"valueName":"search_term_string"}}],"inLanguage":"pt-PT"},{"@type":"Organization","@id":"https:\/\/brasilnoticias.org\/site\/#organization","name":"Brasil not\u00edcias","url":"https:\/\/brasilnoticias.org\/site\/","logo":{"@type":"ImageObject","inLanguage":"pt-PT","@id":"https:\/\/brasilnoticias.org\/site\/#\/schema\/logo\/image\/","url":"https:\/\/brasilnoticias.org\/site\/wp-content\/uploads\/2022\/05\/cropped-brasilnoticias-mini.jpg","contentUrl":"https:\/\/brasilnoticias.org\/site\/wp-content\/uploads\/2022\/05\/cropped-brasilnoticias-mini.jpg","width":314,"height":86,"caption":"Brasil not\u00edcias"},"image":{"@id":"https:\/\/brasilnoticias.org\/site\/#\/schema\/logo\/image\/"}},{"@type":"Person","@id":"https:\/\/brasilnoticias.org\/site\/#\/schema\/person\/f609fa847b5314f1c8b983342f34c798","name":"Reda\u00e7\u00e3o","image":{"@type":"ImageObject","inLanguage":"pt-PT","@id":"https:\/\/brasilnoticias.org\/site\/#\/schema\/person\/image\/","url":"https:\/\/secure.gravatar.com\/avatar\/447284c06c1ad8b46465a36de9cd0d8326b73387a22799b8b1ffb1fbcff2ed0c?s=96&d=mm&r=g","contentUrl":"https:\/\/secure.gravatar.com\/avatar\/447284c06c1ad8b46465a36de9cd0d8326b73387a22799b8b1ffb1fbcff2ed0c?s=96&d=mm&r=g","caption":"Reda\u00e7\u00e3o"},"url":"https:\/\/brasilnoticias.org\/site\/author\/redacao\/"}]}},"_links":{"self":[{"href":"https:\/\/brasilnoticias.org\/site\/wp-json\/wp\/v2\/posts\/462","targetHints":{"allow":["GET"]}}],"collection":[{"href":"https:\/\/brasilnoticias.org\/site\/wp-json\/wp\/v2\/posts"}],"about":[{"href":"https:\/\/brasilnoticias.org\/site\/wp-json\/wp\/v2\/types\/post"}],"author":[{"embeddable":true,"href":"https:\/\/brasilnoticias.org\/site\/wp-json\/wp\/v2\/users\/2"}],"replies":[{"embeddable":true,"href":"https:\/\/brasilnoticias.org\/site\/wp-json\/wp\/v2\/comments?post=462"}],"version-history":[{"count":1,"href":"https:\/\/brasilnoticias.org\/site\/wp-json\/wp\/v2\/posts\/462\/revisions"}],"predecessor-version":[{"id":464,"href":"https:\/\/brasilnoticias.org\/site\/wp-json\/wp\/v2\/posts\/462\/revisions\/464"}],"wp:featuredmedia":[{"embeddable":true,"href":"https:\/\/brasilnoticias.org\/site\/wp-json\/wp\/v2\/media\/463"}],"wp:attachment":[{"href":"https:\/\/brasilnoticias.org\/site\/wp-json\/wp\/v2\/media?parent=462"}],"wp:term":[{"taxonomy":"category","embeddable":true,"href":"https:\/\/brasilnoticias.org\/site\/wp-json\/wp\/v2\/categories?post=462"},{"taxonomy":"post_tag","embeddable":true,"href":"https:\/\/brasilnoticias.org\/site\/wp-json\/wp\/v2\/tags?post=462"}],"curies":[{"name":"wp","href":"https:\/\/api.w.org\/{rel}","templated":true}]}}