{"id":4637,"date":"2023-03-11T06:22:11","date_gmt":"2023-03-11T09:22:11","guid":{"rendered":"https:\/\/brasilnoticias.org\/site\/?p=4637"},"modified":"2023-03-11T06:22:11","modified_gmt":"2023-03-11T09:22:11","slug":"internet-fora-do-ar-na-bahia-tenho-direito-ao-reembolso-das-operadoras-apos-caso-do-cabo-submarino","status":"publish","type":"post","link":"https:\/\/brasilnoticias.org\/site\/internet-fora-do-ar-na-bahia-tenho-direito-ao-reembolso-das-operadoras-apos-caso-do-cabo-submarino\/","title":{"rendered":"Internet fora do ar na Bahia: Tenho direito ao reembolso das operadoras ap\u00f3s caso do cabo submarino?"},"content":{"rendered":"<p>A hist\u00f3ria do cabo submarino rompido na Bahia, na rota entre o estado e S\u00e3o Paulo, rendeu assunto ao longo da semana. Muitos leitores entraram em contato com o BNews questionando sobre os direitos do consumidor diante do caso, j\u00e1 que o acidente teria acontecido no s\u00e1bado, dia 4 de mar\u00e7o, e os problemas permaneceram ao longo de v\u00e1rios dias.<\/p>\n<p>A advogada Ana Paula de Moraes, especialista em Direito Digital, afirma que o usu\u00e1rio deve ficar atento. &#8220;De acordo com as regras da Anatel, as operadoras, elas tem por obriga\u00e7\u00e3o garantir mensalmente a todo consumidor em m\u00e9dia 80% da velocidade contratada para uso da internet&#8221;, inicia.<\/p>\n<p>&#8220;De maneira que se o cliente fica por mais de 30 minutos sem o servi\u00e7o, ele pode solicitar um desconto referente a esse tempo que a internet n\u00e3o foi prestada, o servi\u00e7o. E ainda se a internet cair do nada e ficar totalmente sem o servi\u00e7o, o consumidor ter\u00e1 que recorrer ao t\u00e9cnico da operadora telef\u00f4nica que lhe empresta servi\u00e7o de internet e isso se perdurar por dias, o c\u00f3digo de defesa do consumidor, garante a esse consumidor o reembolso de todo esse per\u00edodo&#8221;, emenda.<br \/>\n&#8220;A gente destaca que esse reembolso, ele n\u00e3o \u00e9 autom\u00e1tico, o consumidor ainda precisa comprovar todas as evid\u00eancias referente a situa\u00e7\u00e3o da falha de internet ou at\u00e9 mesmo a sua n\u00e3o presta\u00e7\u00e3o de servi\u00e7os, nos termos contratados. Esse reembolso tamb\u00e9m n\u00e3o abrange as paradas programadas ou avisadas com at\u00e9 sete dias de anteced\u00eancia pelo provedor da internet. Essa segunda regra resguarda o provedor, caso necessite de reparo, ent\u00e3o se n\u00e3o \u00e9 o caso que a gente vem ou vem observando nas mat\u00e9rias, sim o cliente tem direito de ser reembolsado por falta de servi\u00e7o, por ele contratado&#8221;, completa ela.<\/p>\n<p>A empresa respons\u00e1vel pelos cabos t\u00eam prazo para resolver o problema do rompimento? Qual \u00e9 a ag\u00eancia reguladora que fiscaliza isso?<\/p>\n<p>A especialista tamb\u00e9m explica como funciona a rela\u00e7\u00e3o entre  as operadoras e as empresas que instalam os cabos sob o oceano. Segundo ela, &#8220;em geral a produ\u00e7\u00e3o e implementa\u00e7\u00e3o dos cabos submarinos \u00e9 de responsabilidade das operadoras de telecomunica\u00e7\u00e3o, entretanto esse servi\u00e7o \u00e9 bastante caro como a gente sabe&#8221;.<\/p>\n<p>&#8220;De maneira que costumam ser feito cons\u00f3rcio de diferentes empresas para instala\u00e7\u00e3o e manuten\u00e7\u00e3o desses cabos. Tamb\u00e9m existe cabos privados, \u00e9 bom lembrar n\u00e9, que s\u00e3o frutos de investimentos pelos gigantes, como Google, Microsoft e isso se da para que cada vez, tenha mais capacidade de transmiss\u00e3o de dados em alta velocidade, o que de interesse de todo mundo e logo tudo isso \u00e9 regulamentado, fiscalizado pela Anatel. Ent\u00e3o tudo que acontece dentro desse \u00e2mbito \u00e9 de responsabilidade e fiscaliza\u00e7\u00e3o dela&#8221;, explica.<br \/>\nSegundo a advogada, a primeira coisa que ele tem que fazer, quando ele tiver algum tipo de problema com sua operadora, provedora de internet, \u00e9 tentar resolver &#8211; obviamente a situa\u00e7\u00e3o diretamente com a pr\u00f3pria empresa respons\u00e1vel pelo servi\u00e7o. Caso ele n\u00e3o consiga e todas possibilidades se esgotam em tentativas tamb\u00e9m de uma resolu\u00e7\u00e3o pass\u00edvel e poss\u00edvel, o segundo passo que o consumidor deve tomar  \u00e9 buscar outras solu\u00e7\u00f5es, uma delas \u00e9 o contato com a pr\u00f3pria Anatel, denunciando atrav\u00e9s dos canais de atendimento, ligando pro telefone 1331 e registrado sua reclama\u00e7\u00e3o.<\/p>\n<p>&#8220;Outra coisa que o consumidor pode fazer e deve fazer \u00e9 registrar uma reclama\u00e7\u00e3o diretamente no site do consumidor.gov.br contra sua operadora, provedora de internet e nesse caso \u00e9 muito interessante a gente registrar que a partir do momento que o consumidor faz esse registro dentro do site do consumidor, a operadora tem um prazo de 15 dias para solucionar o problema, caso ao contr\u00e1rio por dentro da plataforma, ela \u00e9 comunicada que ela vai ser penalisada pelo desconprimento de contrato, ent\u00e3o \u00e9 um ponto muito interessante que vem dando resultado&#8221;, ressalta.<br \/>\n&#8220;Mas se mesmo assim, ela n\u00e3o conseguir, o consumidor n\u00e3o conseguir resolver seu problema, a\u00ed realmente ele n\u00e3o tem outra op\u00e7\u00e3o a n\u00e3o ser procurar um advogado especializado em direito do consumidor, e propor uma a\u00e7\u00e3o de indeniza\u00e7\u00e3o contra a operadora, da provedora da internet perante ao juizado especial c\u00edvel que \u00e9 o respons\u00e1vel pelo tr\u00e2mite e julgamento desse tipo de a\u00e7\u00e3o consumerista&#8221;, finaliza a advogada.<\/p>\n<p>Foto Divulga\u00e7\u00e3o<br \/>\nBnews<\/p>\n","protected":false},"excerpt":{"rendered":"<p>A hist\u00f3ria do cabo submarino rompido na Bahia, na rota entre o estado e S\u00e3o Paulo, rendeu assunto ao longo<\/p>\n","protected":false},"author":1,"featured_media":4638,"comment_status":"open","ping_status":"open","sticky":false,"template":"","format":"standard","meta":{"colormag_page_container_layout":"default_layout","colormag_page_sidebar_layout":"default_layout","_FSMCFIC_featured_image_caption":"","_FSMCFIC_featured_image_nocaption":"","_FSMCFIC_featured_image_hide":"","footnotes":""},"categories":[2,1],"tags":[],"class_list":["post-4637","post","type-post","status-publish","format-standard","has-post-thumbnail","hentry","category-noticias","category-ultimas"],"yoast_head":"<!-- This site is optimized with the Yoast SEO plugin v27.1.1 - https:\/\/yoast.com\/product\/yoast-seo-wordpress\/ -->\n<title>Internet fora do ar na Bahia: Tenho direito ao reembolso das operadoras ap\u00f3s caso do cabo submarino? - Brasil not\u00edcias<\/title>\n<meta name=\"robots\" content=\"index, follow, max-snippet:-1, max-image-preview:large, max-video-preview:-1\" \/>\n<link rel=\"canonical\" href=\"https:\/\/brasilnoticias.org\/site\/internet-fora-do-ar-na-bahia-tenho-direito-ao-reembolso-das-operadoras-apos-caso-do-cabo-submarino\/\" \/>\n<meta property=\"og:locale\" content=\"pt_PT\" \/>\n<meta property=\"og:type\" content=\"article\" \/>\n<meta property=\"og:title\" content=\"Internet fora do ar na Bahia: Tenho direito ao reembolso das operadoras ap\u00f3s caso do cabo submarino? - Brasil not\u00edcias\" \/>\n<meta property=\"og:description\" content=\"A hist\u00f3ria do cabo submarino rompido na Bahia, na rota entre o estado e S\u00e3o Paulo, rendeu assunto ao longo\" \/>\n<meta property=\"og:url\" content=\"https:\/\/brasilnoticias.org\/site\/internet-fora-do-ar-na-bahia-tenho-direito-ao-reembolso-das-operadoras-apos-caso-do-cabo-submarino\/\" \/>\n<meta property=\"og:site_name\" content=\"Brasil not\u00edcias\" \/>\n<meta property=\"article:published_time\" content=\"2023-03-11T09:22:11+00:00\" \/>\n<meta property=\"og:image\" content=\"https:\/\/brasilnoticias.org\/site\/wp-content\/uploads\/2023\/03\/cabo_submarino_2_widelg.jpg\" \/>\n\t<meta property=\"og:image:width\" content=\"800\" \/>\n\t<meta property=\"og:image:height\" content=\"450\" \/>\n\t<meta property=\"og:image:type\" content=\"image\/jpeg\" \/>\n<meta name=\"author\" content=\"Reda\u00e7\u00e3o\" \/>\n<meta name=\"twitter:card\" content=\"summary_large_image\" \/>\n<meta name=\"twitter:label1\" content=\"Escrito por\" \/>\n\t<meta name=\"twitter:data1\" content=\"Reda\u00e7\u00e3o\" \/>\n<script type=\"application\/ld+json\" class=\"yoast-schema-graph\">{\"@context\":\"https:\/\/schema.org\",\"@graph\":[{\"@type\":\"Article\",\"@id\":\"https:\/\/brasilnoticias.org\/site\/internet-fora-do-ar-na-bahia-tenho-direito-ao-reembolso-das-operadoras-apos-caso-do-cabo-submarino\/#article\",\"isPartOf\":{\"@id\":\"https:\/\/brasilnoticias.org\/site\/internet-fora-do-ar-na-bahia-tenho-direito-ao-reembolso-das-operadoras-apos-caso-do-cabo-submarino\/\"},\"author\":{\"name\":\"Reda\u00e7\u00e3o\",\"@id\":\"https:\/\/brasilnoticias.org\/site\/#\/schema\/person\/a0e05b973ec4d15c658d51911e53507b\"},\"headline\":\"Internet fora do ar na Bahia: Tenho direito ao reembolso das operadoras ap\u00f3s caso do cabo submarino?\",\"datePublished\":\"2023-03-11T09:22:11+00:00\",\"mainEntityOfPage\":{\"@id\":\"https:\/\/brasilnoticias.org\/site\/internet-fora-do-ar-na-bahia-tenho-direito-ao-reembolso-das-operadoras-apos-caso-do-cabo-submarino\/\"},\"wordCount\":770,\"commentCount\":0,\"publisher\":{\"@id\":\"https:\/\/brasilnoticias.org\/site\/#organization\"},\"image\":{\"@id\":\"https:\/\/brasilnoticias.org\/site\/internet-fora-do-ar-na-bahia-tenho-direito-ao-reembolso-das-operadoras-apos-caso-do-cabo-submarino\/#primaryimage\"},\"thumbnailUrl\":\"https:\/\/brasilnoticias.org\/site\/wp-content\/uploads\/2023\/03\/cabo_submarino_2_widelg.jpg\",\"articleSection\":[\"Not\u00edcias\",\"\u00daltimas\"],\"inLanguage\":\"pt-PT\",\"potentialAction\":[{\"@type\":\"CommentAction\",\"name\":\"Comment\",\"target\":[\"https:\/\/brasilnoticias.org\/site\/internet-fora-do-ar-na-bahia-tenho-direito-ao-reembolso-das-operadoras-apos-caso-do-cabo-submarino\/#respond\"]}]},{\"@type\":\"WebPage\",\"@id\":\"https:\/\/brasilnoticias.org\/site\/internet-fora-do-ar-na-bahia-tenho-direito-ao-reembolso-das-operadoras-apos-caso-do-cabo-submarino\/\",\"url\":\"https:\/\/brasilnoticias.org\/site\/internet-fora-do-ar-na-bahia-tenho-direito-ao-reembolso-das-operadoras-apos-caso-do-cabo-submarino\/\",\"name\":\"Internet fora do ar na Bahia: Tenho direito ao reembolso das operadoras ap\u00f3s caso do cabo submarino? - Brasil not\u00edcias\",\"isPartOf\":{\"@id\":\"https:\/\/brasilnoticias.org\/site\/#website\"},\"primaryImageOfPage\":{\"@id\":\"https:\/\/brasilnoticias.org\/site\/internet-fora-do-ar-na-bahia-tenho-direito-ao-reembolso-das-operadoras-apos-caso-do-cabo-submarino\/#primaryimage\"},\"image\":{\"@id\":\"https:\/\/brasilnoticias.org\/site\/internet-fora-do-ar-na-bahia-tenho-direito-ao-reembolso-das-operadoras-apos-caso-do-cabo-submarino\/#primaryimage\"},\"thumbnailUrl\":\"https:\/\/brasilnoticias.org\/site\/wp-content\/uploads\/2023\/03\/cabo_submarino_2_widelg.jpg\",\"datePublished\":\"2023-03-11T09:22:11+00:00\",\"breadcrumb\":{\"@id\":\"https:\/\/brasilnoticias.org\/site\/internet-fora-do-ar-na-bahia-tenho-direito-ao-reembolso-das-operadoras-apos-caso-do-cabo-submarino\/#breadcrumb\"},\"inLanguage\":\"pt-PT\",\"potentialAction\":[{\"@type\":\"ReadAction\",\"target\":[\"https:\/\/brasilnoticias.org\/site\/internet-fora-do-ar-na-bahia-tenho-direito-ao-reembolso-das-operadoras-apos-caso-do-cabo-submarino\/\"]}]},{\"@type\":\"ImageObject\",\"inLanguage\":\"pt-PT\",\"@id\":\"https:\/\/brasilnoticias.org\/site\/internet-fora-do-ar-na-bahia-tenho-direito-ao-reembolso-das-operadoras-apos-caso-do-cabo-submarino\/#primaryimage\",\"url\":\"https:\/\/brasilnoticias.org\/site\/wp-content\/uploads\/2023\/03\/cabo_submarino_2_widelg.jpg\",\"contentUrl\":\"https:\/\/brasilnoticias.org\/site\/wp-content\/uploads\/2023\/03\/cabo_submarino_2_widelg.jpg\",\"width\":800,\"height\":450},{\"@type\":\"BreadcrumbList\",\"@id\":\"https:\/\/brasilnoticias.org\/site\/internet-fora-do-ar-na-bahia-tenho-direito-ao-reembolso-das-operadoras-apos-caso-do-cabo-submarino\/#breadcrumb\",\"itemListElement\":[{\"@type\":\"ListItem\",\"position\":1,\"name\":\"In\u00edcio\",\"item\":\"https:\/\/brasilnoticias.org\/site\/\"},{\"@type\":\"ListItem\",\"position\":2,\"name\":\"Internet fora do ar na Bahia: Tenho direito ao reembolso das operadoras ap\u00f3s caso do cabo submarino?\"}]},{\"@type\":\"WebSite\",\"@id\":\"https:\/\/brasilnoticias.org\/site\/#website\",\"url\":\"https:\/\/brasilnoticias.org\/site\/\",\"name\":\"Brasil not\u00edcias\",\"description\":\"Brasil not\u00edcias\",\"publisher\":{\"@id\":\"https:\/\/brasilnoticias.org\/site\/#organization\"},\"potentialAction\":[{\"@type\":\"SearchAction\",\"target\":{\"@type\":\"EntryPoint\",\"urlTemplate\":\"https:\/\/brasilnoticias.org\/site\/?s={search_term_string}\"},\"query-input\":{\"@type\":\"PropertyValueSpecification\",\"valueRequired\":true,\"valueName\":\"search_term_string\"}}],\"inLanguage\":\"pt-PT\"},{\"@type\":\"Organization\",\"@id\":\"https:\/\/brasilnoticias.org\/site\/#organization\",\"name\":\"Brasil not\u00edcias\",\"url\":\"https:\/\/brasilnoticias.org\/site\/\",\"logo\":{\"@type\":\"ImageObject\",\"inLanguage\":\"pt-PT\",\"@id\":\"https:\/\/brasilnoticias.org\/site\/#\/schema\/logo\/image\/\",\"url\":\"https:\/\/brasilnoticias.org\/site\/wp-content\/uploads\/2022\/05\/cropped-brasilnoticias-mini.jpg\",\"contentUrl\":\"https:\/\/brasilnoticias.org\/site\/wp-content\/uploads\/2022\/05\/cropped-brasilnoticias-mini.jpg\",\"width\":314,\"height\":86,\"caption\":\"Brasil not\u00edcias\"},\"image\":{\"@id\":\"https:\/\/brasilnoticias.org\/site\/#\/schema\/logo\/image\/\"}},{\"@type\":\"Person\",\"@id\":\"https:\/\/brasilnoticias.org\/site\/#\/schema\/person\/a0e05b973ec4d15c658d51911e53507b\",\"name\":\"Reda\u00e7\u00e3o\",\"image\":{\"@type\":\"ImageObject\",\"inLanguage\":\"pt-PT\",\"@id\":\"https:\/\/brasilnoticias.org\/site\/#\/schema\/person\/image\/\",\"url\":\"https:\/\/secure.gravatar.com\/avatar\/75d8b050df2de108b08ae78dfb8e374892df24a383c67db9c46a9c604f6aee9c?s=96&d=mm&r=g\",\"contentUrl\":\"https:\/\/secure.gravatar.com\/avatar\/75d8b050df2de108b08ae78dfb8e374892df24a383c67db9c46a9c604f6aee9c?s=96&d=mm&r=g\",\"caption\":\"Reda\u00e7\u00e3o\"},\"sameAs\":[\"https:\/\/brasilnoticias.org\/site\"],\"url\":\"https:\/\/brasilnoticias.org\/site\/author\/fernandozsngmail-com\/\"}]}<\/script>\n<!-- \/ Yoast SEO plugin. -->","yoast_head_json":{"title":"Internet fora do ar na Bahia: Tenho direito ao reembolso das operadoras ap\u00f3s caso do cabo submarino? - Brasil not\u00edcias","robots":{"index":"index","follow":"follow","max-snippet":"max-snippet:-1","max-image-preview":"max-image-preview:large","max-video-preview":"max-video-preview:-1"},"canonical":"https:\/\/brasilnoticias.org\/site\/internet-fora-do-ar-na-bahia-tenho-direito-ao-reembolso-das-operadoras-apos-caso-do-cabo-submarino\/","og_locale":"pt_PT","og_type":"article","og_title":"Internet fora do ar na Bahia: Tenho direito ao reembolso das operadoras ap\u00f3s caso do cabo submarino? - Brasil not\u00edcias","og_description":"A hist\u00f3ria do cabo submarino rompido na Bahia, na rota entre o estado e S\u00e3o Paulo, rendeu assunto ao longo","og_url":"https:\/\/brasilnoticias.org\/site\/internet-fora-do-ar-na-bahia-tenho-direito-ao-reembolso-das-operadoras-apos-caso-do-cabo-submarino\/","og_site_name":"Brasil not\u00edcias","article_published_time":"2023-03-11T09:22:11+00:00","og_image":[{"width":800,"height":450,"url":"https:\/\/brasilnoticias.org\/site\/wp-content\/uploads\/2023\/03\/cabo_submarino_2_widelg.jpg","type":"image\/jpeg"}],"author":"Reda\u00e7\u00e3o","twitter_card":"summary_large_image","twitter_misc":{"Escrito por":"Reda\u00e7\u00e3o"},"schema":{"@context":"https:\/\/schema.org","@graph":[{"@type":"Article","@id":"https:\/\/brasilnoticias.org\/site\/internet-fora-do-ar-na-bahia-tenho-direito-ao-reembolso-das-operadoras-apos-caso-do-cabo-submarino\/#article","isPartOf":{"@id":"https:\/\/brasilnoticias.org\/site\/internet-fora-do-ar-na-bahia-tenho-direito-ao-reembolso-das-operadoras-apos-caso-do-cabo-submarino\/"},"author":{"name":"Reda\u00e7\u00e3o","@id":"https:\/\/brasilnoticias.org\/site\/#\/schema\/person\/a0e05b973ec4d15c658d51911e53507b"},"headline":"Internet fora do ar na Bahia: Tenho direito ao reembolso das operadoras ap\u00f3s caso do cabo submarino?","datePublished":"2023-03-11T09:22:11+00:00","mainEntityOfPage":{"@id":"https:\/\/brasilnoticias.org\/site\/internet-fora-do-ar-na-bahia-tenho-direito-ao-reembolso-das-operadoras-apos-caso-do-cabo-submarino\/"},"wordCount":770,"commentCount":0,"publisher":{"@id":"https:\/\/brasilnoticias.org\/site\/#organization"},"image":{"@id":"https:\/\/brasilnoticias.org\/site\/internet-fora-do-ar-na-bahia-tenho-direito-ao-reembolso-das-operadoras-apos-caso-do-cabo-submarino\/#primaryimage"},"thumbnailUrl":"https:\/\/brasilnoticias.org\/site\/wp-content\/uploads\/2023\/03\/cabo_submarino_2_widelg.jpg","articleSection":["Not\u00edcias","\u00daltimas"],"inLanguage":"pt-PT","potentialAction":[{"@type":"CommentAction","name":"Comment","target":["https:\/\/brasilnoticias.org\/site\/internet-fora-do-ar-na-bahia-tenho-direito-ao-reembolso-das-operadoras-apos-caso-do-cabo-submarino\/#respond"]}]},{"@type":"WebPage","@id":"https:\/\/brasilnoticias.org\/site\/internet-fora-do-ar-na-bahia-tenho-direito-ao-reembolso-das-operadoras-apos-caso-do-cabo-submarino\/","url":"https:\/\/brasilnoticias.org\/site\/internet-fora-do-ar-na-bahia-tenho-direito-ao-reembolso-das-operadoras-apos-caso-do-cabo-submarino\/","name":"Internet fora do ar na Bahia: Tenho direito ao reembolso das operadoras ap\u00f3s caso do cabo submarino? - Brasil not\u00edcias","isPartOf":{"@id":"https:\/\/brasilnoticias.org\/site\/#website"},"primaryImageOfPage":{"@id":"https:\/\/brasilnoticias.org\/site\/internet-fora-do-ar-na-bahia-tenho-direito-ao-reembolso-das-operadoras-apos-caso-do-cabo-submarino\/#primaryimage"},"image":{"@id":"https:\/\/brasilnoticias.org\/site\/internet-fora-do-ar-na-bahia-tenho-direito-ao-reembolso-das-operadoras-apos-caso-do-cabo-submarino\/#primaryimage"},"thumbnailUrl":"https:\/\/brasilnoticias.org\/site\/wp-content\/uploads\/2023\/03\/cabo_submarino_2_widelg.jpg","datePublished":"2023-03-11T09:22:11+00:00","breadcrumb":{"@id":"https:\/\/brasilnoticias.org\/site\/internet-fora-do-ar-na-bahia-tenho-direito-ao-reembolso-das-operadoras-apos-caso-do-cabo-submarino\/#breadcrumb"},"inLanguage":"pt-PT","potentialAction":[{"@type":"ReadAction","target":["https:\/\/brasilnoticias.org\/site\/internet-fora-do-ar-na-bahia-tenho-direito-ao-reembolso-das-operadoras-apos-caso-do-cabo-submarino\/"]}]},{"@type":"ImageObject","inLanguage":"pt-PT","@id":"https:\/\/brasilnoticias.org\/site\/internet-fora-do-ar-na-bahia-tenho-direito-ao-reembolso-das-operadoras-apos-caso-do-cabo-submarino\/#primaryimage","url":"https:\/\/brasilnoticias.org\/site\/wp-content\/uploads\/2023\/03\/cabo_submarino_2_widelg.jpg","contentUrl":"https:\/\/brasilnoticias.org\/site\/wp-content\/uploads\/2023\/03\/cabo_submarino_2_widelg.jpg","width":800,"height":450},{"@type":"BreadcrumbList","@id":"https:\/\/brasilnoticias.org\/site\/internet-fora-do-ar-na-bahia-tenho-direito-ao-reembolso-das-operadoras-apos-caso-do-cabo-submarino\/#breadcrumb","itemListElement":[{"@type":"ListItem","position":1,"name":"In\u00edcio","item":"https:\/\/brasilnoticias.org\/site\/"},{"@type":"ListItem","position":2,"name":"Internet fora do ar na Bahia: Tenho direito ao reembolso das operadoras ap\u00f3s caso do cabo submarino?"}]},{"@type":"WebSite","@id":"https:\/\/brasilnoticias.org\/site\/#website","url":"https:\/\/brasilnoticias.org\/site\/","name":"Brasil not\u00edcias","description":"Brasil not\u00edcias","publisher":{"@id":"https:\/\/brasilnoticias.org\/site\/#organization"},"potentialAction":[{"@type":"SearchAction","target":{"@type":"EntryPoint","urlTemplate":"https:\/\/brasilnoticias.org\/site\/?s={search_term_string}"},"query-input":{"@type":"PropertyValueSpecification","valueRequired":true,"valueName":"search_term_string"}}],"inLanguage":"pt-PT"},{"@type":"Organization","@id":"https:\/\/brasilnoticias.org\/site\/#organization","name":"Brasil not\u00edcias","url":"https:\/\/brasilnoticias.org\/site\/","logo":{"@type":"ImageObject","inLanguage":"pt-PT","@id":"https:\/\/brasilnoticias.org\/site\/#\/schema\/logo\/image\/","url":"https:\/\/brasilnoticias.org\/site\/wp-content\/uploads\/2022\/05\/cropped-brasilnoticias-mini.jpg","contentUrl":"https:\/\/brasilnoticias.org\/site\/wp-content\/uploads\/2022\/05\/cropped-brasilnoticias-mini.jpg","width":314,"height":86,"caption":"Brasil not\u00edcias"},"image":{"@id":"https:\/\/brasilnoticias.org\/site\/#\/schema\/logo\/image\/"}},{"@type":"Person","@id":"https:\/\/brasilnoticias.org\/site\/#\/schema\/person\/a0e05b973ec4d15c658d51911e53507b","name":"Reda\u00e7\u00e3o","image":{"@type":"ImageObject","inLanguage":"pt-PT","@id":"https:\/\/brasilnoticias.org\/site\/#\/schema\/person\/image\/","url":"https:\/\/secure.gravatar.com\/avatar\/75d8b050df2de108b08ae78dfb8e374892df24a383c67db9c46a9c604f6aee9c?s=96&d=mm&r=g","contentUrl":"https:\/\/secure.gravatar.com\/avatar\/75d8b050df2de108b08ae78dfb8e374892df24a383c67db9c46a9c604f6aee9c?s=96&d=mm&r=g","caption":"Reda\u00e7\u00e3o"},"sameAs":["https:\/\/brasilnoticias.org\/site"],"url":"https:\/\/brasilnoticias.org\/site\/author\/fernandozsngmail-com\/"}]}},"_links":{"self":[{"href":"https:\/\/brasilnoticias.org\/site\/wp-json\/wp\/v2\/posts\/4637","targetHints":{"allow":["GET"]}}],"collection":[{"href":"https:\/\/brasilnoticias.org\/site\/wp-json\/wp\/v2\/posts"}],"about":[{"href":"https:\/\/brasilnoticias.org\/site\/wp-json\/wp\/v2\/types\/post"}],"author":[{"embeddable":true,"href":"https:\/\/brasilnoticias.org\/site\/wp-json\/wp\/v2\/users\/1"}],"replies":[{"embeddable":true,"href":"https:\/\/brasilnoticias.org\/site\/wp-json\/wp\/v2\/comments?post=4637"}],"version-history":[{"count":1,"href":"https:\/\/brasilnoticias.org\/site\/wp-json\/wp\/v2\/posts\/4637\/revisions"}],"predecessor-version":[{"id":4639,"href":"https:\/\/brasilnoticias.org\/site\/wp-json\/wp\/v2\/posts\/4637\/revisions\/4639"}],"wp:featuredmedia":[{"embeddable":true,"href":"https:\/\/brasilnoticias.org\/site\/wp-json\/wp\/v2\/media\/4638"}],"wp:attachment":[{"href":"https:\/\/brasilnoticias.org\/site\/wp-json\/wp\/v2\/media?parent=4637"}],"wp:term":[{"taxonomy":"category","embeddable":true,"href":"https:\/\/brasilnoticias.org\/site\/wp-json\/wp\/v2\/categories?post=4637"},{"taxonomy":"post_tag","embeddable":true,"href":"https:\/\/brasilnoticias.org\/site\/wp-json\/wp\/v2\/tags?post=4637"}],"curies":[{"name":"wp","href":"https:\/\/api.w.org\/{rel}","templated":true}]}}