{"id":4666,"date":"2023-03-12T07:07:51","date_gmt":"2023-03-12T10:07:51","guid":{"rendered":"https:\/\/brasilnoticias.org\/site\/?p=4666"},"modified":"2023-03-11T09:01:57","modified_gmt":"2023-03-11T12:01:57","slug":"medica-que-examinou-menina-de-2-anos-morta-com-sinais-de-tortura-diz-que-abusos-eram-antigos-nao-comecou-ontem","status":"publish","type":"post","link":"https:\/\/brasilnoticias.org\/site\/medica-que-examinou-menina-de-2-anos-morta-com-sinais-de-tortura-diz-que-abusos-eram-antigos-nao-comecou-ontem\/","title":{"rendered":"M\u00e9dica que examinou menina de 2 anos morta com sinais de tortura diz que abusos eram antigos: &#8216;N\u00e3o come\u00e7ou ontem&#8217;"},"content":{"rendered":"<p>Uma personagem foi fundamental para a descoberta do que acontecia com a menina Quenia Gabriela Oliveira Matos de Lima, de 2 anos, que deu entrada na Cl\u00ednica da Fam\u00edlia Hans Jurgen Fernando Dohmann, em Guaratiba, morta e com sinais de tortura: a m\u00e9dica Ana Cl\u00e1udia Regert.<\/p>\n<p>Foi ela que identificou que n\u00e3o se tratava de um atendimento qualquer e que a crian\u00e7a j\u00e1 estava morta quando deu entrada na unidade de sa\u00fade.<\/p>\n<p>\u201cQuando me viram de jaleco come\u00e7aram a gritar falando que ela n\u00e3o estava respirando. Retirei a crian\u00e7a e fui para parte interna da unidade para avaliar. Ela j\u00e1 estava desfalecida, em estado cadav\u00e9rico, mostrando que a meu ver, j\u00e1 tinha bastante tempo que tinha acontecido, n\u00e3o minutos, como eles tinham relatado\u201d, diz sobre o pai e a madrasta de Quenia, Marcos Vin\u00edcius Lino e Patr\u00edcia Andr\u00e9 Ribeiro.<\/p>\n<p>A m\u00e9dica conta que ainda tentou reanimar a crian\u00e7a, sem sucesso, e que nesse momento se deu conta do que aconteceu com Quenia.<\/p>\n<p>\u201cQuando a gente colocou na maca e despiu para iniciar as manobras, era evidente que eram les\u00f5es que n\u00e3o tinham acontecido s\u00f3 ontem. Eram coisas que j\u00e1 vinham acontecendo h\u00e1 bastante tempo. Tinha les\u00f5es por queimadura, provavelmente de cigarro, no umbigo, \u00e1rea genital tinha altera\u00e7\u00e3o, tinha fissura anal, muitos hematomas no corpo de uma crian\u00e7a de 2 anos e 4 meses\u201d, lembra emocionada.<\/p>\n<p>Morte por meio cruel<br \/>\nSegundo o laudo m\u00e9dico, Quenia Gabriela tinha 59 les\u00f5es por todo o corpo, principalmente no rosto e no abd\u00f4men, al\u00e9m de sinais de abuso sexual. Os hematomas alguns novos outros antigos revelaram uma rotina de agress\u00e3o f\u00edsica e maus tratos vivida dentro de casa.<\/p>\n<p><img loading=\"lazy\" decoding=\"async\" src=\"https:\/\/brasilnoticias.org\/site\/wp-content\/uploads\/2023\/03\/260f5be7-eadb-40fb-9062-74cf5e0179ac-1-1-.webp\" alt=\"\" width=\"640\" height=\"269\" class=\"alignnone size-full wp-image-4667\" srcset=\"https:\/\/brasilnoticias.org\/site\/wp-content\/uploads\/2023\/03\/260f5be7-eadb-40fb-9062-74cf5e0179ac-1-1-.webp 640w, https:\/\/brasilnoticias.org\/site\/wp-content\/uploads\/2023\/03\/260f5be7-eadb-40fb-9062-74cf5e0179ac-1-1--500x210.webp 500w\" sizes=\"auto, (max-width: 640px) 100vw, 640px\" \/><\/p>\n<p>\u201cParecia irreal. Eu queria acreditar que tinha acontecido outra coisa. Mas pelo relato da madrasta ficou n\u00edtido que era imposs\u00edvel. Era imposs\u00edvel a crian\u00e7a ter almo\u00e7ado, ficado tonta, ter uma crise convulsiva e cair no ch\u00e3o\u201d, diz sobre a justificativa apresentada por Patr\u00edcia Ribeiro para o estado da enteada.<\/p>\n<p>Madrasta n\u00e3o esbo\u00e7ou rea\u00e7\u00e3o por morte<br \/>\nA m\u00e9dica conta ainda que outro momento irreal aconteceu quando ela declarou \u00f3bito da menina.<\/p>\n<p>\u201cQuando declaramos o \u00f3bito, ela (madrasta) teve uma rea\u00e7\u00e3o ainda mais surpreendente de n\u00e3o ter atitude nenhuma. Come\u00e7ou a amamentar o filho dela de 3 meses, como se fosse uma coisa completamente indiferente. Chocante, muito chocante\u201d, relata Ana Claudia.<\/p>\n<p>Pai e madrasta negaram os maus-tratos, disseram se tratar de um \u201cerro\u201d, mas v\u00e3o responder por homic\u00eddio duplamente qualificado e tortura.<\/p>\n<p>A m\u00e9dica Ana Claudia Regert se diz abalada com a situa\u00e7\u00e3o e reflete sobre o tempo de sofrimento que Quenia Gabriela pode ter vivido.<\/p>\n<p>\u201c\u00c9 duro. A imagem \u00e9 muito forte na minha cabe\u00e7a (emocionada). Queria ter minimizado a dor. Meu maior questionamento n\u00e3o \u00e9 sobre o que ela passou. N\u00e3o come\u00e7ou ontem. Ela est\u00e1 com essa crian\u00e7a desde 3 meses de idade. Ela (Quenia) est\u00e1 com 2 anos e 4 meses\u201d, lamenta.<\/p>\n<p><img loading=\"lazy\" decoding=\"async\" src=\"https:\/\/brasilnoticias.org\/site\/wp-content\/uploads\/2023\/03\/260f5be7-eadb-40fb-9062-74cf5e0179ac-1-1-1-1.webp\" alt=\"\" width=\"640\" height=\"269\" class=\"alignnone size-full wp-image-4668\" srcset=\"https:\/\/brasilnoticias.org\/site\/wp-content\/uploads\/2023\/03\/260f5be7-eadb-40fb-9062-74cf5e0179ac-1-1-1-1.webp 640w, https:\/\/brasilnoticias.org\/site\/wp-content\/uploads\/2023\/03\/260f5be7-eadb-40fb-9062-74cf5e0179ac-1-1-1-1-500x210.webp 500w\" sizes=\"auto, (max-width: 640px) 100vw, 640px\" \/><\/p>\n<p>Foto: TV Globo<br \/>\nG1<\/p>\n","protected":false},"excerpt":{"rendered":"<p>Uma personagem foi fundamental para a descoberta do que acontecia com a menina Quenia Gabriela Oliveira Matos de Lima, de<\/p>\n","protected":false},"author":1,"featured_media":4669,"comment_status":"open","ping_status":"open","sticky":false,"template":"","format":"standard","meta":{"colormag_page_container_layout":"default_layout","colormag_page_sidebar_layout":"default_layout","_FSMCFIC_featured_image_caption":"","_FSMCFIC_featured_image_nocaption":"","_FSMCFIC_featured_image_hide":"","footnotes":""},"categories":[2,1],"tags":[],"class_list":["post-4666","post","type-post","status-publish","format-standard","has-post-thumbnail","hentry","category-noticias","category-ultimas"],"yoast_head":"<!-- This site is optimized with the Yoast SEO plugin v27.1.1 - https:\/\/yoast.com\/product\/yoast-seo-wordpress\/ -->\n<title>M\u00e9dica que examinou menina de 2 anos morta com sinais de tortura diz que abusos eram antigos: &#039;N\u00e3o come\u00e7ou ontem&#039; - Brasil not\u00edcias<\/title>\n<meta name=\"robots\" content=\"index, follow, max-snippet:-1, max-image-preview:large, max-video-preview:-1\" \/>\n<link rel=\"canonical\" href=\"https:\/\/brasilnoticias.org\/site\/medica-que-examinou-menina-de-2-anos-morta-com-sinais-de-tortura-diz-que-abusos-eram-antigos-nao-comecou-ontem\/\" \/>\n<meta property=\"og:locale\" content=\"pt_PT\" \/>\n<meta property=\"og:type\" content=\"article\" \/>\n<meta property=\"og:title\" content=\"M\u00e9dica que examinou menina de 2 anos morta com sinais de tortura diz que abusos eram antigos: &#039;N\u00e3o come\u00e7ou ontem&#039; - Brasil not\u00edcias\" \/>\n<meta property=\"og:description\" content=\"Uma personagem foi fundamental para a descoberta do que acontecia com a menina Quenia Gabriela Oliveira Matos de Lima, de\" \/>\n<meta property=\"og:url\" content=\"https:\/\/brasilnoticias.org\/site\/medica-que-examinou-menina-de-2-anos-morta-com-sinais-de-tortura-diz-que-abusos-eram-antigos-nao-comecou-ontem\/\" \/>\n<meta property=\"og:site_name\" content=\"Brasil not\u00edcias\" \/>\n<meta property=\"article:published_time\" content=\"2023-03-12T10:07:51+00:00\" \/>\n<meta property=\"og:image\" content=\"https:\/\/brasilnoticias.org\/site\/wp-content\/uploads\/2023\/03\/globo-canal-4-3-frame-208211-1-.webp\" \/>\n\t<meta property=\"og:image:width\" content=\"640\" \/>\n\t<meta property=\"og:image:height\" content=\"348\" \/>\n\t<meta property=\"og:image:type\" content=\"image\/webp\" \/>\n<meta name=\"author\" content=\"Reda\u00e7\u00e3o\" \/>\n<meta name=\"twitter:card\" content=\"summary_large_image\" \/>\n<meta name=\"twitter:label1\" content=\"Escrito por\" \/>\n\t<meta name=\"twitter:data1\" content=\"Reda\u00e7\u00e3o\" \/>\n<script type=\"application\/ld+json\" class=\"yoast-schema-graph\">{\"@context\":\"https:\/\/schema.org\",\"@graph\":[{\"@type\":\"Article\",\"@id\":\"https:\/\/brasilnoticias.org\/site\/medica-que-examinou-menina-de-2-anos-morta-com-sinais-de-tortura-diz-que-abusos-eram-antigos-nao-comecou-ontem\/#article\",\"isPartOf\":{\"@id\":\"https:\/\/brasilnoticias.org\/site\/medica-que-examinou-menina-de-2-anos-morta-com-sinais-de-tortura-diz-que-abusos-eram-antigos-nao-comecou-ontem\/\"},\"author\":{\"name\":\"Reda\u00e7\u00e3o\",\"@id\":\"https:\/\/brasilnoticias.org\/site\/#\/schema\/person\/a0e05b973ec4d15c658d51911e53507b\"},\"headline\":\"M\u00e9dica que examinou menina de 2 anos morta com sinais de tortura diz que abusos eram antigos: &#8216;N\u00e3o come\u00e7ou ontem&#8217;\",\"datePublished\":\"2023-03-12T10:07:51+00:00\",\"mainEntityOfPage\":{\"@id\":\"https:\/\/brasilnoticias.org\/site\/medica-que-examinou-menina-de-2-anos-morta-com-sinais-de-tortura-diz-que-abusos-eram-antigos-nao-comecou-ontem\/\"},\"wordCount\":541,\"commentCount\":0,\"publisher\":{\"@id\":\"https:\/\/brasilnoticias.org\/site\/#organization\"},\"image\":{\"@id\":\"https:\/\/brasilnoticias.org\/site\/medica-que-examinou-menina-de-2-anos-morta-com-sinais-de-tortura-diz-que-abusos-eram-antigos-nao-comecou-ontem\/#primaryimage\"},\"thumbnailUrl\":\"https:\/\/brasilnoticias.org\/site\/wp-content\/uploads\/2023\/03\/globo-canal-4-3-frame-208211-1-.webp\",\"articleSection\":[\"Not\u00edcias\",\"\u00daltimas\"],\"inLanguage\":\"pt-PT\",\"potentialAction\":[{\"@type\":\"CommentAction\",\"name\":\"Comment\",\"target\":[\"https:\/\/brasilnoticias.org\/site\/medica-que-examinou-menina-de-2-anos-morta-com-sinais-de-tortura-diz-que-abusos-eram-antigos-nao-comecou-ontem\/#respond\"]}]},{\"@type\":\"WebPage\",\"@id\":\"https:\/\/brasilnoticias.org\/site\/medica-que-examinou-menina-de-2-anos-morta-com-sinais-de-tortura-diz-que-abusos-eram-antigos-nao-comecou-ontem\/\",\"url\":\"https:\/\/brasilnoticias.org\/site\/medica-que-examinou-menina-de-2-anos-morta-com-sinais-de-tortura-diz-que-abusos-eram-antigos-nao-comecou-ontem\/\",\"name\":\"M\u00e9dica que examinou menina de 2 anos morta com sinais de tortura diz que abusos eram antigos: 'N\u00e3o come\u00e7ou ontem' - Brasil not\u00edcias\",\"isPartOf\":{\"@id\":\"https:\/\/brasilnoticias.org\/site\/#website\"},\"primaryImageOfPage\":{\"@id\":\"https:\/\/brasilnoticias.org\/site\/medica-que-examinou-menina-de-2-anos-morta-com-sinais-de-tortura-diz-que-abusos-eram-antigos-nao-comecou-ontem\/#primaryimage\"},\"image\":{\"@id\":\"https:\/\/brasilnoticias.org\/site\/medica-que-examinou-menina-de-2-anos-morta-com-sinais-de-tortura-diz-que-abusos-eram-antigos-nao-comecou-ontem\/#primaryimage\"},\"thumbnailUrl\":\"https:\/\/brasilnoticias.org\/site\/wp-content\/uploads\/2023\/03\/globo-canal-4-3-frame-208211-1-.webp\",\"datePublished\":\"2023-03-12T10:07:51+00:00\",\"breadcrumb\":{\"@id\":\"https:\/\/brasilnoticias.org\/site\/medica-que-examinou-menina-de-2-anos-morta-com-sinais-de-tortura-diz-que-abusos-eram-antigos-nao-comecou-ontem\/#breadcrumb\"},\"inLanguage\":\"pt-PT\",\"potentialAction\":[{\"@type\":\"ReadAction\",\"target\":[\"https:\/\/brasilnoticias.org\/site\/medica-que-examinou-menina-de-2-anos-morta-com-sinais-de-tortura-diz-que-abusos-eram-antigos-nao-comecou-ontem\/\"]}]},{\"@type\":\"ImageObject\",\"inLanguage\":\"pt-PT\",\"@id\":\"https:\/\/brasilnoticias.org\/site\/medica-que-examinou-menina-de-2-anos-morta-com-sinais-de-tortura-diz-que-abusos-eram-antigos-nao-comecou-ontem\/#primaryimage\",\"url\":\"https:\/\/brasilnoticias.org\/site\/wp-content\/uploads\/2023\/03\/globo-canal-4-3-frame-208211-1-.webp\",\"contentUrl\":\"https:\/\/brasilnoticias.org\/site\/wp-content\/uploads\/2023\/03\/globo-canal-4-3-frame-208211-1-.webp\",\"width\":640,\"height\":348},{\"@type\":\"BreadcrumbList\",\"@id\":\"https:\/\/brasilnoticias.org\/site\/medica-que-examinou-menina-de-2-anos-morta-com-sinais-de-tortura-diz-que-abusos-eram-antigos-nao-comecou-ontem\/#breadcrumb\",\"itemListElement\":[{\"@type\":\"ListItem\",\"position\":1,\"name\":\"In\u00edcio\",\"item\":\"https:\/\/brasilnoticias.org\/site\/\"},{\"@type\":\"ListItem\",\"position\":2,\"name\":\"M\u00e9dica que examinou menina de 2 anos morta com sinais de tortura diz que abusos eram antigos: &#8216;N\u00e3o come\u00e7ou ontem&#8217;\"}]},{\"@type\":\"WebSite\",\"@id\":\"https:\/\/brasilnoticias.org\/site\/#website\",\"url\":\"https:\/\/brasilnoticias.org\/site\/\",\"name\":\"Brasil not\u00edcias\",\"description\":\"Brasil not\u00edcias\",\"publisher\":{\"@id\":\"https:\/\/brasilnoticias.org\/site\/#organization\"},\"potentialAction\":[{\"@type\":\"SearchAction\",\"target\":{\"@type\":\"EntryPoint\",\"urlTemplate\":\"https:\/\/brasilnoticias.org\/site\/?s={search_term_string}\"},\"query-input\":{\"@type\":\"PropertyValueSpecification\",\"valueRequired\":true,\"valueName\":\"search_term_string\"}}],\"inLanguage\":\"pt-PT\"},{\"@type\":\"Organization\",\"@id\":\"https:\/\/brasilnoticias.org\/site\/#organization\",\"name\":\"Brasil not\u00edcias\",\"url\":\"https:\/\/brasilnoticias.org\/site\/\",\"logo\":{\"@type\":\"ImageObject\",\"inLanguage\":\"pt-PT\",\"@id\":\"https:\/\/brasilnoticias.org\/site\/#\/schema\/logo\/image\/\",\"url\":\"https:\/\/brasilnoticias.org\/site\/wp-content\/uploads\/2022\/05\/cropped-brasilnoticias-mini.jpg\",\"contentUrl\":\"https:\/\/brasilnoticias.org\/site\/wp-content\/uploads\/2022\/05\/cropped-brasilnoticias-mini.jpg\",\"width\":314,\"height\":86,\"caption\":\"Brasil not\u00edcias\"},\"image\":{\"@id\":\"https:\/\/brasilnoticias.org\/site\/#\/schema\/logo\/image\/\"}},{\"@type\":\"Person\",\"@id\":\"https:\/\/brasilnoticias.org\/site\/#\/schema\/person\/a0e05b973ec4d15c658d51911e53507b\",\"name\":\"Reda\u00e7\u00e3o\",\"image\":{\"@type\":\"ImageObject\",\"inLanguage\":\"pt-PT\",\"@id\":\"https:\/\/brasilnoticias.org\/site\/#\/schema\/person\/image\/\",\"url\":\"https:\/\/secure.gravatar.com\/avatar\/75d8b050df2de108b08ae78dfb8e374892df24a383c67db9c46a9c604f6aee9c?s=96&d=mm&r=g\",\"contentUrl\":\"https:\/\/secure.gravatar.com\/avatar\/75d8b050df2de108b08ae78dfb8e374892df24a383c67db9c46a9c604f6aee9c?s=96&d=mm&r=g\",\"caption\":\"Reda\u00e7\u00e3o\"},\"sameAs\":[\"https:\/\/brasilnoticias.org\/site\"],\"url\":\"https:\/\/brasilnoticias.org\/site\/author\/fernandozsngmail-com\/\"}]}<\/script>\n<!-- \/ Yoast SEO plugin. -->","yoast_head_json":{"title":"M\u00e9dica que examinou menina de 2 anos morta com sinais de tortura diz que abusos eram antigos: 'N\u00e3o come\u00e7ou ontem' - Brasil not\u00edcias","robots":{"index":"index","follow":"follow","max-snippet":"max-snippet:-1","max-image-preview":"max-image-preview:large","max-video-preview":"max-video-preview:-1"},"canonical":"https:\/\/brasilnoticias.org\/site\/medica-que-examinou-menina-de-2-anos-morta-com-sinais-de-tortura-diz-que-abusos-eram-antigos-nao-comecou-ontem\/","og_locale":"pt_PT","og_type":"article","og_title":"M\u00e9dica que examinou menina de 2 anos morta com sinais de tortura diz que abusos eram antigos: 'N\u00e3o come\u00e7ou ontem' - Brasil not\u00edcias","og_description":"Uma personagem foi fundamental para a descoberta do que acontecia com a menina Quenia Gabriela Oliveira Matos de Lima, de","og_url":"https:\/\/brasilnoticias.org\/site\/medica-que-examinou-menina-de-2-anos-morta-com-sinais-de-tortura-diz-que-abusos-eram-antigos-nao-comecou-ontem\/","og_site_name":"Brasil not\u00edcias","article_published_time":"2023-03-12T10:07:51+00:00","og_image":[{"width":640,"height":348,"url":"https:\/\/brasilnoticias.org\/site\/wp-content\/uploads\/2023\/03\/globo-canal-4-3-frame-208211-1-.webp","type":"image\/webp"}],"author":"Reda\u00e7\u00e3o","twitter_card":"summary_large_image","twitter_misc":{"Escrito por":"Reda\u00e7\u00e3o"},"schema":{"@context":"https:\/\/schema.org","@graph":[{"@type":"Article","@id":"https:\/\/brasilnoticias.org\/site\/medica-que-examinou-menina-de-2-anos-morta-com-sinais-de-tortura-diz-que-abusos-eram-antigos-nao-comecou-ontem\/#article","isPartOf":{"@id":"https:\/\/brasilnoticias.org\/site\/medica-que-examinou-menina-de-2-anos-morta-com-sinais-de-tortura-diz-que-abusos-eram-antigos-nao-comecou-ontem\/"},"author":{"name":"Reda\u00e7\u00e3o","@id":"https:\/\/brasilnoticias.org\/site\/#\/schema\/person\/a0e05b973ec4d15c658d51911e53507b"},"headline":"M\u00e9dica que examinou menina de 2 anos morta com sinais de tortura diz que abusos eram antigos: &#8216;N\u00e3o come\u00e7ou ontem&#8217;","datePublished":"2023-03-12T10:07:51+00:00","mainEntityOfPage":{"@id":"https:\/\/brasilnoticias.org\/site\/medica-que-examinou-menina-de-2-anos-morta-com-sinais-de-tortura-diz-que-abusos-eram-antigos-nao-comecou-ontem\/"},"wordCount":541,"commentCount":0,"publisher":{"@id":"https:\/\/brasilnoticias.org\/site\/#organization"},"image":{"@id":"https:\/\/brasilnoticias.org\/site\/medica-que-examinou-menina-de-2-anos-morta-com-sinais-de-tortura-diz-que-abusos-eram-antigos-nao-comecou-ontem\/#primaryimage"},"thumbnailUrl":"https:\/\/brasilnoticias.org\/site\/wp-content\/uploads\/2023\/03\/globo-canal-4-3-frame-208211-1-.webp","articleSection":["Not\u00edcias","\u00daltimas"],"inLanguage":"pt-PT","potentialAction":[{"@type":"CommentAction","name":"Comment","target":["https:\/\/brasilnoticias.org\/site\/medica-que-examinou-menina-de-2-anos-morta-com-sinais-de-tortura-diz-que-abusos-eram-antigos-nao-comecou-ontem\/#respond"]}]},{"@type":"WebPage","@id":"https:\/\/brasilnoticias.org\/site\/medica-que-examinou-menina-de-2-anos-morta-com-sinais-de-tortura-diz-que-abusos-eram-antigos-nao-comecou-ontem\/","url":"https:\/\/brasilnoticias.org\/site\/medica-que-examinou-menina-de-2-anos-morta-com-sinais-de-tortura-diz-que-abusos-eram-antigos-nao-comecou-ontem\/","name":"M\u00e9dica que examinou menina de 2 anos morta com sinais de tortura diz que abusos eram antigos: 'N\u00e3o come\u00e7ou ontem' - Brasil not\u00edcias","isPartOf":{"@id":"https:\/\/brasilnoticias.org\/site\/#website"},"primaryImageOfPage":{"@id":"https:\/\/brasilnoticias.org\/site\/medica-que-examinou-menina-de-2-anos-morta-com-sinais-de-tortura-diz-que-abusos-eram-antigos-nao-comecou-ontem\/#primaryimage"},"image":{"@id":"https:\/\/brasilnoticias.org\/site\/medica-que-examinou-menina-de-2-anos-morta-com-sinais-de-tortura-diz-que-abusos-eram-antigos-nao-comecou-ontem\/#primaryimage"},"thumbnailUrl":"https:\/\/brasilnoticias.org\/site\/wp-content\/uploads\/2023\/03\/globo-canal-4-3-frame-208211-1-.webp","datePublished":"2023-03-12T10:07:51+00:00","breadcrumb":{"@id":"https:\/\/brasilnoticias.org\/site\/medica-que-examinou-menina-de-2-anos-morta-com-sinais-de-tortura-diz-que-abusos-eram-antigos-nao-comecou-ontem\/#breadcrumb"},"inLanguage":"pt-PT","potentialAction":[{"@type":"ReadAction","target":["https:\/\/brasilnoticias.org\/site\/medica-que-examinou-menina-de-2-anos-morta-com-sinais-de-tortura-diz-que-abusos-eram-antigos-nao-comecou-ontem\/"]}]},{"@type":"ImageObject","inLanguage":"pt-PT","@id":"https:\/\/brasilnoticias.org\/site\/medica-que-examinou-menina-de-2-anos-morta-com-sinais-de-tortura-diz-que-abusos-eram-antigos-nao-comecou-ontem\/#primaryimage","url":"https:\/\/brasilnoticias.org\/site\/wp-content\/uploads\/2023\/03\/globo-canal-4-3-frame-208211-1-.webp","contentUrl":"https:\/\/brasilnoticias.org\/site\/wp-content\/uploads\/2023\/03\/globo-canal-4-3-frame-208211-1-.webp","width":640,"height":348},{"@type":"BreadcrumbList","@id":"https:\/\/brasilnoticias.org\/site\/medica-que-examinou-menina-de-2-anos-morta-com-sinais-de-tortura-diz-que-abusos-eram-antigos-nao-comecou-ontem\/#breadcrumb","itemListElement":[{"@type":"ListItem","position":1,"name":"In\u00edcio","item":"https:\/\/brasilnoticias.org\/site\/"},{"@type":"ListItem","position":2,"name":"M\u00e9dica que examinou menina de 2 anos morta com sinais de tortura diz que abusos eram antigos: &#8216;N\u00e3o come\u00e7ou ontem&#8217;"}]},{"@type":"WebSite","@id":"https:\/\/brasilnoticias.org\/site\/#website","url":"https:\/\/brasilnoticias.org\/site\/","name":"Brasil not\u00edcias","description":"Brasil not\u00edcias","publisher":{"@id":"https:\/\/brasilnoticias.org\/site\/#organization"},"potentialAction":[{"@type":"SearchAction","target":{"@type":"EntryPoint","urlTemplate":"https:\/\/brasilnoticias.org\/site\/?s={search_term_string}"},"query-input":{"@type":"PropertyValueSpecification","valueRequired":true,"valueName":"search_term_string"}}],"inLanguage":"pt-PT"},{"@type":"Organization","@id":"https:\/\/brasilnoticias.org\/site\/#organization","name":"Brasil not\u00edcias","url":"https:\/\/brasilnoticias.org\/site\/","logo":{"@type":"ImageObject","inLanguage":"pt-PT","@id":"https:\/\/brasilnoticias.org\/site\/#\/schema\/logo\/image\/","url":"https:\/\/brasilnoticias.org\/site\/wp-content\/uploads\/2022\/05\/cropped-brasilnoticias-mini.jpg","contentUrl":"https:\/\/brasilnoticias.org\/site\/wp-content\/uploads\/2022\/05\/cropped-brasilnoticias-mini.jpg","width":314,"height":86,"caption":"Brasil not\u00edcias"},"image":{"@id":"https:\/\/brasilnoticias.org\/site\/#\/schema\/logo\/image\/"}},{"@type":"Person","@id":"https:\/\/brasilnoticias.org\/site\/#\/schema\/person\/a0e05b973ec4d15c658d51911e53507b","name":"Reda\u00e7\u00e3o","image":{"@type":"ImageObject","inLanguage":"pt-PT","@id":"https:\/\/brasilnoticias.org\/site\/#\/schema\/person\/image\/","url":"https:\/\/secure.gravatar.com\/avatar\/75d8b050df2de108b08ae78dfb8e374892df24a383c67db9c46a9c604f6aee9c?s=96&d=mm&r=g","contentUrl":"https:\/\/secure.gravatar.com\/avatar\/75d8b050df2de108b08ae78dfb8e374892df24a383c67db9c46a9c604f6aee9c?s=96&d=mm&r=g","caption":"Reda\u00e7\u00e3o"},"sameAs":["https:\/\/brasilnoticias.org\/site"],"url":"https:\/\/brasilnoticias.org\/site\/author\/fernandozsngmail-com\/"}]}},"_links":{"self":[{"href":"https:\/\/brasilnoticias.org\/site\/wp-json\/wp\/v2\/posts\/4666","targetHints":{"allow":["GET"]}}],"collection":[{"href":"https:\/\/brasilnoticias.org\/site\/wp-json\/wp\/v2\/posts"}],"about":[{"href":"https:\/\/brasilnoticias.org\/site\/wp-json\/wp\/v2\/types\/post"}],"author":[{"embeddable":true,"href":"https:\/\/brasilnoticias.org\/site\/wp-json\/wp\/v2\/users\/1"}],"replies":[{"embeddable":true,"href":"https:\/\/brasilnoticias.org\/site\/wp-json\/wp\/v2\/comments?post=4666"}],"version-history":[{"count":1,"href":"https:\/\/brasilnoticias.org\/site\/wp-json\/wp\/v2\/posts\/4666\/revisions"}],"predecessor-version":[{"id":4670,"href":"https:\/\/brasilnoticias.org\/site\/wp-json\/wp\/v2\/posts\/4666\/revisions\/4670"}],"wp:featuredmedia":[{"embeddable":true,"href":"https:\/\/brasilnoticias.org\/site\/wp-json\/wp\/v2\/media\/4669"}],"wp:attachment":[{"href":"https:\/\/brasilnoticias.org\/site\/wp-json\/wp\/v2\/media?parent=4666"}],"wp:term":[{"taxonomy":"category","embeddable":true,"href":"https:\/\/brasilnoticias.org\/site\/wp-json\/wp\/v2\/categories?post=4666"},{"taxonomy":"post_tag","embeddable":true,"href":"https:\/\/brasilnoticias.org\/site\/wp-json\/wp\/v2\/tags?post=4666"}],"curies":[{"name":"wp","href":"https:\/\/api.w.org\/{rel}","templated":true}]}}