{"id":4674,"date":"2023-03-12T07:30:54","date_gmt":"2023-03-12T10:30:54","guid":{"rendered":"https:\/\/brasilnoticias.org\/site\/?p=4674"},"modified":"2023-03-11T09:13:52","modified_gmt":"2023-03-11T12:13:52","slug":"video-homem-e-ameacado-e-tem-carro-roubado-na-regiao-de-brotas","status":"publish","type":"post","link":"https:\/\/brasilnoticias.org\/site\/video-homem-e-ameacado-e-tem-carro-roubado-na-regiao-de-brotas\/","title":{"rendered":"V\u00cdDEO: Homem \u00e9 amea\u00e7ado e tem carro roubado na regi\u00e3o de Brotas"},"content":{"rendered":"<p>Mais uma pessoa teve seu carro roubado em\u00a0Salvador. O crime ocorreu no s\u00e1bado passado (04), quando um homem estacionava seu carro na Rua Lalita Costa, em Vila Laura, por volta das 21 horas.<\/p>\n<p>Assim que o condutor conseguiu estacionar, uma dupla de motocicleta aparece. O carona desce do ve\u00edculo e, com arma em punho, vai at\u00e9 a janela do motorista e o amea\u00e7a, chegando at\u00e9 a bater na porta do carro.<\/p>\n<div class=\"mb-3 veja_mais_inject\">\n<div class=\"row\">\n<div class=\"col-12 col-md-6 py-2 py-sm-0\" data-vejamais=\"424691\">\n<div class=\"row p-0 m-0\">\n<p>Imagens de um circuito de seguran\u00e7a obtidas pelo\u00a0<strong>BNews<\/strong>\u00a0mostram o momento do assalto e nelas \u00e9 poss\u00edvel ver que depois de abordado o motorista desce, o ladr\u00e3o entra no carro, e ainda questiona sobre alguma coisa. \u00c9 poss\u00edvel ver o condutor fazendo sinal de que n\u00e3o tem nada com ele.<\/p>\n<div class=\"d-flex justify-content-center my-3\">\n<p>Insatisfeito com a resposta, em dado momento, o assaltante sai do carro e aponta a arma mais uma vez para a v\u00edtima, que segue negando. \u00c9 poss\u00edvel ver que antes de voltar para o carro, ele ainda procura por algo dentro do ve\u00edculo.<\/p>\n<p>Em seguida, ele senta-se ao volante, assume o controle do carro e foge na mesma dire\u00e7\u00e3o em que seu parceiro, piloto da moto, j\u00e1 havia fugido.<\/p>\n<\/div>\n<\/div>\n<\/div>\n<\/div>\n<\/div>\n<p>&nbsp;<\/p>\n<blockquote class=\"twitter-tweet\">\n<p dir=\"ltr\" lang=\"pt\">Homem \u00e9 amea\u00e7ado e tem carro roubado em Brotas <a href=\"https:\/\/t.co\/9yjAT7K2GK\">pic.twitter.com\/9yjAT7K2GK<\/a><\/p>\n<p>\u2014 bnewsvideos (@bnewsvideos) <a href=\"https:\/\/twitter.com\/bnewsvideos\/status\/1634516425258815490?ref_src=twsrc%5Etfw\">March 11, 2023<\/a><\/p><\/blockquote>\n<p><script async src=\"https:\/\/platform.twitter.com\/widgets.js\" charset=\"utf-8\"><\/script><\/p>\n<p>Foto Leitor BNews<br \/>\nBnews<\/p>\n","protected":false},"excerpt":{"rendered":"<p>Mais uma pessoa teve seu carro roubado em\u00a0Salvador. O crime ocorreu no s\u00e1bado passado (04), quando um homem estacionava seu<\/p>\n","protected":false},"author":1,"featured_media":4675,"comment_status":"open","ping_status":"open","sticky":false,"template":"","format":"standard","meta":{"colormag_page_container_layout":"default_layout","colormag_page_sidebar_layout":"default_layout","_FSMCFIC_featured_image_caption":"","_FSMCFIC_featured_image_nocaption":"","_FSMCFIC_featured_image_hide":"","footnotes":""},"categories":[3,1],"tags":[],"class_list":["post-4674","post","type-post","status-publish","format-standard","has-post-thumbnail","hentry","category-policia","category-ultimas"],"yoast_head":"<!-- This site is optimized with the Yoast SEO plugin v27.1.1 - https:\/\/yoast.com\/product\/yoast-seo-wordpress\/ -->\n<title>V\u00cdDEO: Homem \u00e9 amea\u00e7ado e tem carro roubado na regi\u00e3o de Brotas - Brasil not\u00edcias<\/title>\n<meta name=\"robots\" content=\"index, follow, max-snippet:-1, max-image-preview:large, max-video-preview:-1\" \/>\n<link rel=\"canonical\" href=\"https:\/\/brasilnoticias.org\/site\/video-homem-e-ameacado-e-tem-carro-roubado-na-regiao-de-brotas\/\" \/>\n<meta property=\"og:locale\" content=\"pt_PT\" \/>\n<meta property=\"og:type\" content=\"article\" \/>\n<meta property=\"og:title\" content=\"V\u00cdDEO: Homem \u00e9 amea\u00e7ado e tem carro roubado na regi\u00e3o de Brotas - Brasil not\u00edcias\" \/>\n<meta property=\"og:description\" content=\"Mais uma pessoa teve seu carro roubado em\u00a0Salvador. O crime ocorreu no s\u00e1bado passado (04), quando um homem estacionava seu\" \/>\n<meta property=\"og:url\" content=\"https:\/\/brasilnoticias.org\/site\/video-homem-e-ameacado-e-tem-carro-roubado-na-regiao-de-brotas\/\" \/>\n<meta property=\"og:site_name\" content=\"Brasil not\u00edcias\" \/>\n<meta property=\"article:published_time\" content=\"2023-03-12T10:30:54+00:00\" \/>\n<meta property=\"og:image\" content=\"https:\/\/brasilnoticias.org\/site\/wp-content\/uploads\/2023\/03\/homem_ameacado_brotas_widelg.jpg\" \/>\n\t<meta property=\"og:image:width\" content=\"800\" \/>\n\t<meta property=\"og:image:height\" content=\"450\" \/>\n\t<meta property=\"og:image:type\" content=\"image\/jpeg\" \/>\n<meta name=\"author\" content=\"Reda\u00e7\u00e3o\" \/>\n<meta name=\"twitter:card\" content=\"summary_large_image\" \/>\n<meta name=\"twitter:label1\" content=\"Escrito por\" \/>\n\t<meta name=\"twitter:data1\" content=\"Reda\u00e7\u00e3o\" \/>\n\t<meta name=\"twitter:label2\" content=\"Tempo estimado de leitura\" \/>\n\t<meta name=\"twitter:data2\" content=\"2 minutos\" \/>\n<script type=\"application\/ld+json\" class=\"yoast-schema-graph\">{\"@context\":\"https:\/\/schema.org\",\"@graph\":[{\"@type\":\"Article\",\"@id\":\"https:\/\/brasilnoticias.org\/site\/video-homem-e-ameacado-e-tem-carro-roubado-na-regiao-de-brotas\/#article\",\"isPartOf\":{\"@id\":\"https:\/\/brasilnoticias.org\/site\/video-homem-e-ameacado-e-tem-carro-roubado-na-regiao-de-brotas\/\"},\"author\":{\"name\":\"Reda\u00e7\u00e3o\",\"@id\":\"https:\/\/brasilnoticias.org\/site\/#\/schema\/person\/a0e05b973ec4d15c658d51911e53507b\"},\"headline\":\"V\u00cdDEO: Homem \u00e9 amea\u00e7ado e tem carro roubado na regi\u00e3o de Brotas\",\"datePublished\":\"2023-03-12T10:30:54+00:00\",\"mainEntityOfPage\":{\"@id\":\"https:\/\/brasilnoticias.org\/site\/video-homem-e-ameacado-e-tem-carro-roubado-na-regiao-de-brotas\/\"},\"wordCount\":236,\"commentCount\":0,\"publisher\":{\"@id\":\"https:\/\/brasilnoticias.org\/site\/#organization\"},\"image\":{\"@id\":\"https:\/\/brasilnoticias.org\/site\/video-homem-e-ameacado-e-tem-carro-roubado-na-regiao-de-brotas\/#primaryimage\"},\"thumbnailUrl\":\"https:\/\/brasilnoticias.org\/site\/wp-content\/uploads\/2023\/03\/homem_ameacado_brotas_widelg.jpg\",\"articleSection\":[\"Pol\u00edcia\",\"\u00daltimas\"],\"inLanguage\":\"pt-PT\",\"potentialAction\":[{\"@type\":\"CommentAction\",\"name\":\"Comment\",\"target\":[\"https:\/\/brasilnoticias.org\/site\/video-homem-e-ameacado-e-tem-carro-roubado-na-regiao-de-brotas\/#respond\"]}]},{\"@type\":\"WebPage\",\"@id\":\"https:\/\/brasilnoticias.org\/site\/video-homem-e-ameacado-e-tem-carro-roubado-na-regiao-de-brotas\/\",\"url\":\"https:\/\/brasilnoticias.org\/site\/video-homem-e-ameacado-e-tem-carro-roubado-na-regiao-de-brotas\/\",\"name\":\"V\u00cdDEO: Homem \u00e9 amea\u00e7ado e tem carro roubado na regi\u00e3o de Brotas - Brasil not\u00edcias\",\"isPartOf\":{\"@id\":\"https:\/\/brasilnoticias.org\/site\/#website\"},\"primaryImageOfPage\":{\"@id\":\"https:\/\/brasilnoticias.org\/site\/video-homem-e-ameacado-e-tem-carro-roubado-na-regiao-de-brotas\/#primaryimage\"},\"image\":{\"@id\":\"https:\/\/brasilnoticias.org\/site\/video-homem-e-ameacado-e-tem-carro-roubado-na-regiao-de-brotas\/#primaryimage\"},\"thumbnailUrl\":\"https:\/\/brasilnoticias.org\/site\/wp-content\/uploads\/2023\/03\/homem_ameacado_brotas_widelg.jpg\",\"datePublished\":\"2023-03-12T10:30:54+00:00\",\"breadcrumb\":{\"@id\":\"https:\/\/brasilnoticias.org\/site\/video-homem-e-ameacado-e-tem-carro-roubado-na-regiao-de-brotas\/#breadcrumb\"},\"inLanguage\":\"pt-PT\",\"potentialAction\":[{\"@type\":\"ReadAction\",\"target\":[\"https:\/\/brasilnoticias.org\/site\/video-homem-e-ameacado-e-tem-carro-roubado-na-regiao-de-brotas\/\"]}]},{\"@type\":\"ImageObject\",\"inLanguage\":\"pt-PT\",\"@id\":\"https:\/\/brasilnoticias.org\/site\/video-homem-e-ameacado-e-tem-carro-roubado-na-regiao-de-brotas\/#primaryimage\",\"url\":\"https:\/\/brasilnoticias.org\/site\/wp-content\/uploads\/2023\/03\/homem_ameacado_brotas_widelg.jpg\",\"contentUrl\":\"https:\/\/brasilnoticias.org\/site\/wp-content\/uploads\/2023\/03\/homem_ameacado_brotas_widelg.jpg\",\"width\":800,\"height\":450},{\"@type\":\"BreadcrumbList\",\"@id\":\"https:\/\/brasilnoticias.org\/site\/video-homem-e-ameacado-e-tem-carro-roubado-na-regiao-de-brotas\/#breadcrumb\",\"itemListElement\":[{\"@type\":\"ListItem\",\"position\":1,\"name\":\"In\u00edcio\",\"item\":\"https:\/\/brasilnoticias.org\/site\/\"},{\"@type\":\"ListItem\",\"position\":2,\"name\":\"V\u00cdDEO: Homem \u00e9 amea\u00e7ado e tem carro roubado na regi\u00e3o de Brotas\"}]},{\"@type\":\"WebSite\",\"@id\":\"https:\/\/brasilnoticias.org\/site\/#website\",\"url\":\"https:\/\/brasilnoticias.org\/site\/\",\"name\":\"Brasil not\u00edcias\",\"description\":\"Brasil not\u00edcias\",\"publisher\":{\"@id\":\"https:\/\/brasilnoticias.org\/site\/#organization\"},\"potentialAction\":[{\"@type\":\"SearchAction\",\"target\":{\"@type\":\"EntryPoint\",\"urlTemplate\":\"https:\/\/brasilnoticias.org\/site\/?s={search_term_string}\"},\"query-input\":{\"@type\":\"PropertyValueSpecification\",\"valueRequired\":true,\"valueName\":\"search_term_string\"}}],\"inLanguage\":\"pt-PT\"},{\"@type\":\"Organization\",\"@id\":\"https:\/\/brasilnoticias.org\/site\/#organization\",\"name\":\"Brasil not\u00edcias\",\"url\":\"https:\/\/brasilnoticias.org\/site\/\",\"logo\":{\"@type\":\"ImageObject\",\"inLanguage\":\"pt-PT\",\"@id\":\"https:\/\/brasilnoticias.org\/site\/#\/schema\/logo\/image\/\",\"url\":\"https:\/\/brasilnoticias.org\/site\/wp-content\/uploads\/2022\/05\/cropped-brasilnoticias-mini.jpg\",\"contentUrl\":\"https:\/\/brasilnoticias.org\/site\/wp-content\/uploads\/2022\/05\/cropped-brasilnoticias-mini.jpg\",\"width\":314,\"height\":86,\"caption\":\"Brasil not\u00edcias\"},\"image\":{\"@id\":\"https:\/\/brasilnoticias.org\/site\/#\/schema\/logo\/image\/\"}},{\"@type\":\"Person\",\"@id\":\"https:\/\/brasilnoticias.org\/site\/#\/schema\/person\/a0e05b973ec4d15c658d51911e53507b\",\"name\":\"Reda\u00e7\u00e3o\",\"image\":{\"@type\":\"ImageObject\",\"inLanguage\":\"pt-PT\",\"@id\":\"https:\/\/brasilnoticias.org\/site\/#\/schema\/person\/image\/\",\"url\":\"https:\/\/secure.gravatar.com\/avatar\/75d8b050df2de108b08ae78dfb8e374892df24a383c67db9c46a9c604f6aee9c?s=96&d=mm&r=g\",\"contentUrl\":\"https:\/\/secure.gravatar.com\/avatar\/75d8b050df2de108b08ae78dfb8e374892df24a383c67db9c46a9c604f6aee9c?s=96&d=mm&r=g\",\"caption\":\"Reda\u00e7\u00e3o\"},\"sameAs\":[\"https:\/\/brasilnoticias.org\/site\"],\"url\":\"https:\/\/brasilnoticias.org\/site\/author\/fernandozsngmail-com\/\"}]}<\/script>\n<!-- \/ Yoast SEO plugin. -->","yoast_head_json":{"title":"V\u00cdDEO: Homem \u00e9 amea\u00e7ado e tem carro roubado na regi\u00e3o de Brotas - Brasil not\u00edcias","robots":{"index":"index","follow":"follow","max-snippet":"max-snippet:-1","max-image-preview":"max-image-preview:large","max-video-preview":"max-video-preview:-1"},"canonical":"https:\/\/brasilnoticias.org\/site\/video-homem-e-ameacado-e-tem-carro-roubado-na-regiao-de-brotas\/","og_locale":"pt_PT","og_type":"article","og_title":"V\u00cdDEO: Homem \u00e9 amea\u00e7ado e tem carro roubado na regi\u00e3o de Brotas - Brasil not\u00edcias","og_description":"Mais uma pessoa teve seu carro roubado em\u00a0Salvador. O crime ocorreu no s\u00e1bado passado (04), quando um homem estacionava seu","og_url":"https:\/\/brasilnoticias.org\/site\/video-homem-e-ameacado-e-tem-carro-roubado-na-regiao-de-brotas\/","og_site_name":"Brasil not\u00edcias","article_published_time":"2023-03-12T10:30:54+00:00","og_image":[{"width":800,"height":450,"url":"https:\/\/brasilnoticias.org\/site\/wp-content\/uploads\/2023\/03\/homem_ameacado_brotas_widelg.jpg","type":"image\/jpeg"}],"author":"Reda\u00e7\u00e3o","twitter_card":"summary_large_image","twitter_misc":{"Escrito por":"Reda\u00e7\u00e3o","Tempo estimado de leitura":"2 minutos"},"schema":{"@context":"https:\/\/schema.org","@graph":[{"@type":"Article","@id":"https:\/\/brasilnoticias.org\/site\/video-homem-e-ameacado-e-tem-carro-roubado-na-regiao-de-brotas\/#article","isPartOf":{"@id":"https:\/\/brasilnoticias.org\/site\/video-homem-e-ameacado-e-tem-carro-roubado-na-regiao-de-brotas\/"},"author":{"name":"Reda\u00e7\u00e3o","@id":"https:\/\/brasilnoticias.org\/site\/#\/schema\/person\/a0e05b973ec4d15c658d51911e53507b"},"headline":"V\u00cdDEO: Homem \u00e9 amea\u00e7ado e tem carro roubado na regi\u00e3o de Brotas","datePublished":"2023-03-12T10:30:54+00:00","mainEntityOfPage":{"@id":"https:\/\/brasilnoticias.org\/site\/video-homem-e-ameacado-e-tem-carro-roubado-na-regiao-de-brotas\/"},"wordCount":236,"commentCount":0,"publisher":{"@id":"https:\/\/brasilnoticias.org\/site\/#organization"},"image":{"@id":"https:\/\/brasilnoticias.org\/site\/video-homem-e-ameacado-e-tem-carro-roubado-na-regiao-de-brotas\/#primaryimage"},"thumbnailUrl":"https:\/\/brasilnoticias.org\/site\/wp-content\/uploads\/2023\/03\/homem_ameacado_brotas_widelg.jpg","articleSection":["Pol\u00edcia","\u00daltimas"],"inLanguage":"pt-PT","potentialAction":[{"@type":"CommentAction","name":"Comment","target":["https:\/\/brasilnoticias.org\/site\/video-homem-e-ameacado-e-tem-carro-roubado-na-regiao-de-brotas\/#respond"]}]},{"@type":"WebPage","@id":"https:\/\/brasilnoticias.org\/site\/video-homem-e-ameacado-e-tem-carro-roubado-na-regiao-de-brotas\/","url":"https:\/\/brasilnoticias.org\/site\/video-homem-e-ameacado-e-tem-carro-roubado-na-regiao-de-brotas\/","name":"V\u00cdDEO: Homem \u00e9 amea\u00e7ado e tem carro roubado na regi\u00e3o de Brotas - Brasil not\u00edcias","isPartOf":{"@id":"https:\/\/brasilnoticias.org\/site\/#website"},"primaryImageOfPage":{"@id":"https:\/\/brasilnoticias.org\/site\/video-homem-e-ameacado-e-tem-carro-roubado-na-regiao-de-brotas\/#primaryimage"},"image":{"@id":"https:\/\/brasilnoticias.org\/site\/video-homem-e-ameacado-e-tem-carro-roubado-na-regiao-de-brotas\/#primaryimage"},"thumbnailUrl":"https:\/\/brasilnoticias.org\/site\/wp-content\/uploads\/2023\/03\/homem_ameacado_brotas_widelg.jpg","datePublished":"2023-03-12T10:30:54+00:00","breadcrumb":{"@id":"https:\/\/brasilnoticias.org\/site\/video-homem-e-ameacado-e-tem-carro-roubado-na-regiao-de-brotas\/#breadcrumb"},"inLanguage":"pt-PT","potentialAction":[{"@type":"ReadAction","target":["https:\/\/brasilnoticias.org\/site\/video-homem-e-ameacado-e-tem-carro-roubado-na-regiao-de-brotas\/"]}]},{"@type":"ImageObject","inLanguage":"pt-PT","@id":"https:\/\/brasilnoticias.org\/site\/video-homem-e-ameacado-e-tem-carro-roubado-na-regiao-de-brotas\/#primaryimage","url":"https:\/\/brasilnoticias.org\/site\/wp-content\/uploads\/2023\/03\/homem_ameacado_brotas_widelg.jpg","contentUrl":"https:\/\/brasilnoticias.org\/site\/wp-content\/uploads\/2023\/03\/homem_ameacado_brotas_widelg.jpg","width":800,"height":450},{"@type":"BreadcrumbList","@id":"https:\/\/brasilnoticias.org\/site\/video-homem-e-ameacado-e-tem-carro-roubado-na-regiao-de-brotas\/#breadcrumb","itemListElement":[{"@type":"ListItem","position":1,"name":"In\u00edcio","item":"https:\/\/brasilnoticias.org\/site\/"},{"@type":"ListItem","position":2,"name":"V\u00cdDEO: Homem \u00e9 amea\u00e7ado e tem carro roubado na regi\u00e3o de Brotas"}]},{"@type":"WebSite","@id":"https:\/\/brasilnoticias.org\/site\/#website","url":"https:\/\/brasilnoticias.org\/site\/","name":"Brasil not\u00edcias","description":"Brasil not\u00edcias","publisher":{"@id":"https:\/\/brasilnoticias.org\/site\/#organization"},"potentialAction":[{"@type":"SearchAction","target":{"@type":"EntryPoint","urlTemplate":"https:\/\/brasilnoticias.org\/site\/?s={search_term_string}"},"query-input":{"@type":"PropertyValueSpecification","valueRequired":true,"valueName":"search_term_string"}}],"inLanguage":"pt-PT"},{"@type":"Organization","@id":"https:\/\/brasilnoticias.org\/site\/#organization","name":"Brasil not\u00edcias","url":"https:\/\/brasilnoticias.org\/site\/","logo":{"@type":"ImageObject","inLanguage":"pt-PT","@id":"https:\/\/brasilnoticias.org\/site\/#\/schema\/logo\/image\/","url":"https:\/\/brasilnoticias.org\/site\/wp-content\/uploads\/2022\/05\/cropped-brasilnoticias-mini.jpg","contentUrl":"https:\/\/brasilnoticias.org\/site\/wp-content\/uploads\/2022\/05\/cropped-brasilnoticias-mini.jpg","width":314,"height":86,"caption":"Brasil not\u00edcias"},"image":{"@id":"https:\/\/brasilnoticias.org\/site\/#\/schema\/logo\/image\/"}},{"@type":"Person","@id":"https:\/\/brasilnoticias.org\/site\/#\/schema\/person\/a0e05b973ec4d15c658d51911e53507b","name":"Reda\u00e7\u00e3o","image":{"@type":"ImageObject","inLanguage":"pt-PT","@id":"https:\/\/brasilnoticias.org\/site\/#\/schema\/person\/image\/","url":"https:\/\/secure.gravatar.com\/avatar\/75d8b050df2de108b08ae78dfb8e374892df24a383c67db9c46a9c604f6aee9c?s=96&d=mm&r=g","contentUrl":"https:\/\/secure.gravatar.com\/avatar\/75d8b050df2de108b08ae78dfb8e374892df24a383c67db9c46a9c604f6aee9c?s=96&d=mm&r=g","caption":"Reda\u00e7\u00e3o"},"sameAs":["https:\/\/brasilnoticias.org\/site"],"url":"https:\/\/brasilnoticias.org\/site\/author\/fernandozsngmail-com\/"}]}},"_links":{"self":[{"href":"https:\/\/brasilnoticias.org\/site\/wp-json\/wp\/v2\/posts\/4674","targetHints":{"allow":["GET"]}}],"collection":[{"href":"https:\/\/brasilnoticias.org\/site\/wp-json\/wp\/v2\/posts"}],"about":[{"href":"https:\/\/brasilnoticias.org\/site\/wp-json\/wp\/v2\/types\/post"}],"author":[{"embeddable":true,"href":"https:\/\/brasilnoticias.org\/site\/wp-json\/wp\/v2\/users\/1"}],"replies":[{"embeddable":true,"href":"https:\/\/brasilnoticias.org\/site\/wp-json\/wp\/v2\/comments?post=4674"}],"version-history":[{"count":1,"href":"https:\/\/brasilnoticias.org\/site\/wp-json\/wp\/v2\/posts\/4674\/revisions"}],"predecessor-version":[{"id":4676,"href":"https:\/\/brasilnoticias.org\/site\/wp-json\/wp\/v2\/posts\/4674\/revisions\/4676"}],"wp:featuredmedia":[{"embeddable":true,"href":"https:\/\/brasilnoticias.org\/site\/wp-json\/wp\/v2\/media\/4675"}],"wp:attachment":[{"href":"https:\/\/brasilnoticias.org\/site\/wp-json\/wp\/v2\/media?parent=4674"}],"wp:term":[{"taxonomy":"category","embeddable":true,"href":"https:\/\/brasilnoticias.org\/site\/wp-json\/wp\/v2\/categories?post=4674"},{"taxonomy":"post_tag","embeddable":true,"href":"https:\/\/brasilnoticias.org\/site\/wp-json\/wp\/v2\/tags?post=4674"}],"curies":[{"name":"wp","href":"https:\/\/api.w.org\/{rel}","templated":true}]}}