{"id":4677,"date":"2023-03-13T06:29:21","date_gmt":"2023-03-13T09:29:21","guid":{"rendered":"https:\/\/brasilnoticias.org\/site\/?p=4677"},"modified":"2023-03-13T06:29:21","modified_gmt":"2023-03-13T09:29:21","slug":"visando-estreia-na-serie-b-vitoria-inicia-preparacao-nesta-segunda","status":"publish","type":"post","link":"https:\/\/brasilnoticias.org\/site\/visando-estreia-na-serie-b-vitoria-inicia-preparacao-nesta-segunda\/","title":{"rendered":"Visando estreia na S\u00e9rie B, Vit\u00f3ria inicia prepara\u00e7\u00e3o nesta segunda"},"content":{"rendered":"<p>Fora das fases finais do Campeonato Baiano e da Copa do Nordeste, e tamb\u00e9m eliminado da Copa do Brasil, o elenco do Vit\u00f3ria vai passar por um per\u00edodo de intertemporada que ter\u00e1 in\u00edcio nesta segunda-feira, 13, no Centro de Treinamento Manoel Pontes Tanajura. A programa\u00e7\u00e3o foi definida pela comiss\u00e3o t\u00e9cnica, que trabalha em conjunto com a coordena\u00e7\u00e3o do departamento de Performance e Sa\u00fade do clube.<\/p>\n<p>Sob o comando do t\u00e9cnico L\u00e9o Cond\u00e9, os jogadores do Vit\u00f3ria v\u00e3o aproveitar o tempo livre para realizar ajustes na parte t\u00e1tica visando a estreia na S\u00e9rie B do Campeonato Brasileiro. O Rubro-Negro vai enfrentar a Ponte Preta, no Barrad\u00e3o, em partida realizada no dia 14 ou 15 de abril.<\/p>\n<p>Com 25 dias para se preparar, o Vit\u00f3ria far\u00e1 trabalhos em dois turnos. Os jogadores ter\u00e3o apenas o domingo de descanso.<\/p>\n<p>O atacante Nicol\u00e1s Dibble est\u00e1 em transi\u00e7\u00e3o f\u00edsica se recuperando de uma les\u00e3o muscular. No departamento m\u00e9dico, est\u00e3o Rafinha e Guilherme Lazaroni, que n\u00e3o v\u00e3o trabalhar com o restante do elenco neste in\u00edcio de prepara\u00e7\u00e3o.<\/p>\n<p>O volante Dion\u00edsio se recupera de les\u00e3o no ligamento cruzado anterior e tamb\u00e9m n\u00e3o \u00e9 op\u00e7\u00e3o para o t\u00e9cnico L\u00e9o Cond\u00e9.<\/p>\n<p>O Vit\u00f3ria se despede da Copa do Nordeste no dia 22 de mar\u00e7o, fora de casa, contra o Campinense.<\/p>\n<p>Reformula\u00e7\u00e3o<\/p>\n<p>Ap\u00f3s os resultados negativos nesta primeira parte da temporada, o Vit\u00f3ria est\u00e1 passando por um per\u00edodo de reformula\u00e7\u00e3o no setor do futebol. O executivo Edgard Montemor foi demitido do clube, que est\u00e1 no mercado para contratar um novo profissional para a fun\u00e7\u00e3o e anunciar refor\u00e7os para o elenco.<\/p>\n<p>Segundo o presidente do Vit\u00f3ria, F\u00e1bio Mota, o Rubro-Negro vai contratar entre seis ou sete jogadores para o come\u00e7o da S\u00e9rie B.<\/p>\n<p>Foto: Pietro Carpi | EC Vit\u00f3ria<\/p>\n","protected":false},"excerpt":{"rendered":"<p>Fora das fases finais do Campeonato Baiano e da Copa do Nordeste, e tamb\u00e9m eliminado da Copa do Brasil, o<\/p>\n","protected":false},"author":1,"featured_media":4678,"comment_status":"open","ping_status":"open","sticky":false,"template":"","format":"standard","meta":{"colormag_page_container_layout":"default_layout","colormag_page_sidebar_layout":"default_layout","_FSMCFIC_featured_image_caption":"","_FSMCFIC_featured_image_nocaption":"","_FSMCFIC_featured_image_hide":"","footnotes":""},"categories":[4,1],"tags":[],"class_list":["post-4677","post","type-post","status-publish","format-standard","has-post-thumbnail","hentry","category-esporte","category-ultimas"],"yoast_head":"<!-- This site is optimized with the Yoast SEO plugin v27.1.1 - https:\/\/yoast.com\/product\/yoast-seo-wordpress\/ -->\n<title>Visando estreia na S\u00e9rie B, Vit\u00f3ria inicia prepara\u00e7\u00e3o nesta segunda - Brasil not\u00edcias<\/title>\n<meta name=\"robots\" content=\"index, follow, max-snippet:-1, max-image-preview:large, max-video-preview:-1\" \/>\n<link rel=\"canonical\" href=\"https:\/\/brasilnoticias.org\/site\/visando-estreia-na-serie-b-vitoria-inicia-preparacao-nesta-segunda\/\" \/>\n<meta property=\"og:locale\" content=\"pt_PT\" \/>\n<meta property=\"og:type\" content=\"article\" \/>\n<meta property=\"og:title\" content=\"Visando estreia na S\u00e9rie B, Vit\u00f3ria inicia prepara\u00e7\u00e3o nesta segunda - Brasil not\u00edcias\" \/>\n<meta property=\"og:description\" content=\"Fora das fases finais do Campeonato Baiano e da Copa do Nordeste, e tamb\u00e9m eliminado da Copa do Brasil, o\" \/>\n<meta property=\"og:url\" content=\"https:\/\/brasilnoticias.org\/site\/visando-estreia-na-serie-b-vitoria-inicia-preparacao-nesta-segunda\/\" \/>\n<meta property=\"og:site_name\" content=\"Brasil not\u00edcias\" \/>\n<meta property=\"article:published_time\" content=\"2023-03-13T09:29:21+00:00\" \/>\n<meta property=\"og:image\" content=\"https:\/\/brasilnoticias.org\/site\/wp-content\/uploads\/2023\/03\/Artigo-Destaque_01222081_00.jpg\" \/>\n\t<meta property=\"og:image:width\" content=\"1024\" \/>\n\t<meta property=\"og:image:height\" content=\"683\" \/>\n\t<meta property=\"og:image:type\" content=\"image\/jpeg\" \/>\n<meta name=\"author\" content=\"Reda\u00e7\u00e3o\" \/>\n<meta name=\"twitter:card\" content=\"summary_large_image\" \/>\n<meta name=\"twitter:label1\" content=\"Escrito por\" \/>\n\t<meta name=\"twitter:data1\" content=\"Reda\u00e7\u00e3o\" \/>\n\t<meta name=\"twitter:label2\" content=\"Tempo estimado de leitura\" \/>\n\t<meta name=\"twitter:data2\" content=\"2 minutos\" \/>\n<script type=\"application\/ld+json\" class=\"yoast-schema-graph\">{\"@context\":\"https:\/\/schema.org\",\"@graph\":[{\"@type\":\"Article\",\"@id\":\"https:\/\/brasilnoticias.org\/site\/visando-estreia-na-serie-b-vitoria-inicia-preparacao-nesta-segunda\/#article\",\"isPartOf\":{\"@id\":\"https:\/\/brasilnoticias.org\/site\/visando-estreia-na-serie-b-vitoria-inicia-preparacao-nesta-segunda\/\"},\"author\":{\"name\":\"Reda\u00e7\u00e3o\",\"@id\":\"https:\/\/brasilnoticias.org\/site\/#\/schema\/person\/a0e05b973ec4d15c658d51911e53507b\"},\"headline\":\"Visando estreia na S\u00e9rie B, Vit\u00f3ria inicia prepara\u00e7\u00e3o nesta segunda\",\"datePublished\":\"2023-03-13T09:29:21+00:00\",\"mainEntityOfPage\":{\"@id\":\"https:\/\/brasilnoticias.org\/site\/visando-estreia-na-serie-b-vitoria-inicia-preparacao-nesta-segunda\/\"},\"wordCount\":343,\"commentCount\":0,\"publisher\":{\"@id\":\"https:\/\/brasilnoticias.org\/site\/#organization\"},\"image\":{\"@id\":\"https:\/\/brasilnoticias.org\/site\/visando-estreia-na-serie-b-vitoria-inicia-preparacao-nesta-segunda\/#primaryimage\"},\"thumbnailUrl\":\"https:\/\/brasilnoticias.org\/site\/wp-content\/uploads\/2023\/03\/Artigo-Destaque_01222081_00.jpg\",\"articleSection\":[\"Esporte\",\"\u00daltimas\"],\"inLanguage\":\"pt-PT\",\"potentialAction\":[{\"@type\":\"CommentAction\",\"name\":\"Comment\",\"target\":[\"https:\/\/brasilnoticias.org\/site\/visando-estreia-na-serie-b-vitoria-inicia-preparacao-nesta-segunda\/#respond\"]}]},{\"@type\":\"WebPage\",\"@id\":\"https:\/\/brasilnoticias.org\/site\/visando-estreia-na-serie-b-vitoria-inicia-preparacao-nesta-segunda\/\",\"url\":\"https:\/\/brasilnoticias.org\/site\/visando-estreia-na-serie-b-vitoria-inicia-preparacao-nesta-segunda\/\",\"name\":\"Visando estreia na S\u00e9rie B, Vit\u00f3ria inicia prepara\u00e7\u00e3o nesta segunda - Brasil not\u00edcias\",\"isPartOf\":{\"@id\":\"https:\/\/brasilnoticias.org\/site\/#website\"},\"primaryImageOfPage\":{\"@id\":\"https:\/\/brasilnoticias.org\/site\/visando-estreia-na-serie-b-vitoria-inicia-preparacao-nesta-segunda\/#primaryimage\"},\"image\":{\"@id\":\"https:\/\/brasilnoticias.org\/site\/visando-estreia-na-serie-b-vitoria-inicia-preparacao-nesta-segunda\/#primaryimage\"},\"thumbnailUrl\":\"https:\/\/brasilnoticias.org\/site\/wp-content\/uploads\/2023\/03\/Artigo-Destaque_01222081_00.jpg\",\"datePublished\":\"2023-03-13T09:29:21+00:00\",\"breadcrumb\":{\"@id\":\"https:\/\/brasilnoticias.org\/site\/visando-estreia-na-serie-b-vitoria-inicia-preparacao-nesta-segunda\/#breadcrumb\"},\"inLanguage\":\"pt-PT\",\"potentialAction\":[{\"@type\":\"ReadAction\",\"target\":[\"https:\/\/brasilnoticias.org\/site\/visando-estreia-na-serie-b-vitoria-inicia-preparacao-nesta-segunda\/\"]}]},{\"@type\":\"ImageObject\",\"inLanguage\":\"pt-PT\",\"@id\":\"https:\/\/brasilnoticias.org\/site\/visando-estreia-na-serie-b-vitoria-inicia-preparacao-nesta-segunda\/#primaryimage\",\"url\":\"https:\/\/brasilnoticias.org\/site\/wp-content\/uploads\/2023\/03\/Artigo-Destaque_01222081_00.jpg\",\"contentUrl\":\"https:\/\/brasilnoticias.org\/site\/wp-content\/uploads\/2023\/03\/Artigo-Destaque_01222081_00.jpg\",\"width\":1024,\"height\":683},{\"@type\":\"BreadcrumbList\",\"@id\":\"https:\/\/brasilnoticias.org\/site\/visando-estreia-na-serie-b-vitoria-inicia-preparacao-nesta-segunda\/#breadcrumb\",\"itemListElement\":[{\"@type\":\"ListItem\",\"position\":1,\"name\":\"In\u00edcio\",\"item\":\"https:\/\/brasilnoticias.org\/site\/\"},{\"@type\":\"ListItem\",\"position\":2,\"name\":\"Visando estreia na S\u00e9rie B, Vit\u00f3ria inicia prepara\u00e7\u00e3o nesta segunda\"}]},{\"@type\":\"WebSite\",\"@id\":\"https:\/\/brasilnoticias.org\/site\/#website\",\"url\":\"https:\/\/brasilnoticias.org\/site\/\",\"name\":\"Brasil not\u00edcias\",\"description\":\"Brasil not\u00edcias\",\"publisher\":{\"@id\":\"https:\/\/brasilnoticias.org\/site\/#organization\"},\"potentialAction\":[{\"@type\":\"SearchAction\",\"target\":{\"@type\":\"EntryPoint\",\"urlTemplate\":\"https:\/\/brasilnoticias.org\/site\/?s={search_term_string}\"},\"query-input\":{\"@type\":\"PropertyValueSpecification\",\"valueRequired\":true,\"valueName\":\"search_term_string\"}}],\"inLanguage\":\"pt-PT\"},{\"@type\":\"Organization\",\"@id\":\"https:\/\/brasilnoticias.org\/site\/#organization\",\"name\":\"Brasil not\u00edcias\",\"url\":\"https:\/\/brasilnoticias.org\/site\/\",\"logo\":{\"@type\":\"ImageObject\",\"inLanguage\":\"pt-PT\",\"@id\":\"https:\/\/brasilnoticias.org\/site\/#\/schema\/logo\/image\/\",\"url\":\"https:\/\/brasilnoticias.org\/site\/wp-content\/uploads\/2022\/05\/cropped-brasilnoticias-mini.jpg\",\"contentUrl\":\"https:\/\/brasilnoticias.org\/site\/wp-content\/uploads\/2022\/05\/cropped-brasilnoticias-mini.jpg\",\"width\":314,\"height\":86,\"caption\":\"Brasil not\u00edcias\"},\"image\":{\"@id\":\"https:\/\/brasilnoticias.org\/site\/#\/schema\/logo\/image\/\"}},{\"@type\":\"Person\",\"@id\":\"https:\/\/brasilnoticias.org\/site\/#\/schema\/person\/a0e05b973ec4d15c658d51911e53507b\",\"name\":\"Reda\u00e7\u00e3o\",\"image\":{\"@type\":\"ImageObject\",\"inLanguage\":\"pt-PT\",\"@id\":\"https:\/\/brasilnoticias.org\/site\/#\/schema\/person\/image\/\",\"url\":\"https:\/\/secure.gravatar.com\/avatar\/75d8b050df2de108b08ae78dfb8e374892df24a383c67db9c46a9c604f6aee9c?s=96&d=mm&r=g\",\"contentUrl\":\"https:\/\/secure.gravatar.com\/avatar\/75d8b050df2de108b08ae78dfb8e374892df24a383c67db9c46a9c604f6aee9c?s=96&d=mm&r=g\",\"caption\":\"Reda\u00e7\u00e3o\"},\"sameAs\":[\"https:\/\/brasilnoticias.org\/site\"],\"url\":\"https:\/\/brasilnoticias.org\/site\/author\/fernandozsngmail-com\/\"}]}<\/script>\n<!-- \/ Yoast SEO plugin. -->","yoast_head_json":{"title":"Visando estreia na S\u00e9rie B, Vit\u00f3ria inicia prepara\u00e7\u00e3o nesta segunda - Brasil not\u00edcias","robots":{"index":"index","follow":"follow","max-snippet":"max-snippet:-1","max-image-preview":"max-image-preview:large","max-video-preview":"max-video-preview:-1"},"canonical":"https:\/\/brasilnoticias.org\/site\/visando-estreia-na-serie-b-vitoria-inicia-preparacao-nesta-segunda\/","og_locale":"pt_PT","og_type":"article","og_title":"Visando estreia na S\u00e9rie B, Vit\u00f3ria inicia prepara\u00e7\u00e3o nesta segunda - Brasil not\u00edcias","og_description":"Fora das fases finais do Campeonato Baiano e da Copa do Nordeste, e tamb\u00e9m eliminado da Copa do Brasil, o","og_url":"https:\/\/brasilnoticias.org\/site\/visando-estreia-na-serie-b-vitoria-inicia-preparacao-nesta-segunda\/","og_site_name":"Brasil not\u00edcias","article_published_time":"2023-03-13T09:29:21+00:00","og_image":[{"width":1024,"height":683,"url":"https:\/\/brasilnoticias.org\/site\/wp-content\/uploads\/2023\/03\/Artigo-Destaque_01222081_00.jpg","type":"image\/jpeg"}],"author":"Reda\u00e7\u00e3o","twitter_card":"summary_large_image","twitter_misc":{"Escrito por":"Reda\u00e7\u00e3o","Tempo estimado de leitura":"2 minutos"},"schema":{"@context":"https:\/\/schema.org","@graph":[{"@type":"Article","@id":"https:\/\/brasilnoticias.org\/site\/visando-estreia-na-serie-b-vitoria-inicia-preparacao-nesta-segunda\/#article","isPartOf":{"@id":"https:\/\/brasilnoticias.org\/site\/visando-estreia-na-serie-b-vitoria-inicia-preparacao-nesta-segunda\/"},"author":{"name":"Reda\u00e7\u00e3o","@id":"https:\/\/brasilnoticias.org\/site\/#\/schema\/person\/a0e05b973ec4d15c658d51911e53507b"},"headline":"Visando estreia na S\u00e9rie B, Vit\u00f3ria inicia prepara\u00e7\u00e3o nesta segunda","datePublished":"2023-03-13T09:29:21+00:00","mainEntityOfPage":{"@id":"https:\/\/brasilnoticias.org\/site\/visando-estreia-na-serie-b-vitoria-inicia-preparacao-nesta-segunda\/"},"wordCount":343,"commentCount":0,"publisher":{"@id":"https:\/\/brasilnoticias.org\/site\/#organization"},"image":{"@id":"https:\/\/brasilnoticias.org\/site\/visando-estreia-na-serie-b-vitoria-inicia-preparacao-nesta-segunda\/#primaryimage"},"thumbnailUrl":"https:\/\/brasilnoticias.org\/site\/wp-content\/uploads\/2023\/03\/Artigo-Destaque_01222081_00.jpg","articleSection":["Esporte","\u00daltimas"],"inLanguage":"pt-PT","potentialAction":[{"@type":"CommentAction","name":"Comment","target":["https:\/\/brasilnoticias.org\/site\/visando-estreia-na-serie-b-vitoria-inicia-preparacao-nesta-segunda\/#respond"]}]},{"@type":"WebPage","@id":"https:\/\/brasilnoticias.org\/site\/visando-estreia-na-serie-b-vitoria-inicia-preparacao-nesta-segunda\/","url":"https:\/\/brasilnoticias.org\/site\/visando-estreia-na-serie-b-vitoria-inicia-preparacao-nesta-segunda\/","name":"Visando estreia na S\u00e9rie B, Vit\u00f3ria inicia prepara\u00e7\u00e3o nesta segunda - Brasil not\u00edcias","isPartOf":{"@id":"https:\/\/brasilnoticias.org\/site\/#website"},"primaryImageOfPage":{"@id":"https:\/\/brasilnoticias.org\/site\/visando-estreia-na-serie-b-vitoria-inicia-preparacao-nesta-segunda\/#primaryimage"},"image":{"@id":"https:\/\/brasilnoticias.org\/site\/visando-estreia-na-serie-b-vitoria-inicia-preparacao-nesta-segunda\/#primaryimage"},"thumbnailUrl":"https:\/\/brasilnoticias.org\/site\/wp-content\/uploads\/2023\/03\/Artigo-Destaque_01222081_00.jpg","datePublished":"2023-03-13T09:29:21+00:00","breadcrumb":{"@id":"https:\/\/brasilnoticias.org\/site\/visando-estreia-na-serie-b-vitoria-inicia-preparacao-nesta-segunda\/#breadcrumb"},"inLanguage":"pt-PT","potentialAction":[{"@type":"ReadAction","target":["https:\/\/brasilnoticias.org\/site\/visando-estreia-na-serie-b-vitoria-inicia-preparacao-nesta-segunda\/"]}]},{"@type":"ImageObject","inLanguage":"pt-PT","@id":"https:\/\/brasilnoticias.org\/site\/visando-estreia-na-serie-b-vitoria-inicia-preparacao-nesta-segunda\/#primaryimage","url":"https:\/\/brasilnoticias.org\/site\/wp-content\/uploads\/2023\/03\/Artigo-Destaque_01222081_00.jpg","contentUrl":"https:\/\/brasilnoticias.org\/site\/wp-content\/uploads\/2023\/03\/Artigo-Destaque_01222081_00.jpg","width":1024,"height":683},{"@type":"BreadcrumbList","@id":"https:\/\/brasilnoticias.org\/site\/visando-estreia-na-serie-b-vitoria-inicia-preparacao-nesta-segunda\/#breadcrumb","itemListElement":[{"@type":"ListItem","position":1,"name":"In\u00edcio","item":"https:\/\/brasilnoticias.org\/site\/"},{"@type":"ListItem","position":2,"name":"Visando estreia na S\u00e9rie B, Vit\u00f3ria inicia prepara\u00e7\u00e3o nesta segunda"}]},{"@type":"WebSite","@id":"https:\/\/brasilnoticias.org\/site\/#website","url":"https:\/\/brasilnoticias.org\/site\/","name":"Brasil not\u00edcias","description":"Brasil not\u00edcias","publisher":{"@id":"https:\/\/brasilnoticias.org\/site\/#organization"},"potentialAction":[{"@type":"SearchAction","target":{"@type":"EntryPoint","urlTemplate":"https:\/\/brasilnoticias.org\/site\/?s={search_term_string}"},"query-input":{"@type":"PropertyValueSpecification","valueRequired":true,"valueName":"search_term_string"}}],"inLanguage":"pt-PT"},{"@type":"Organization","@id":"https:\/\/brasilnoticias.org\/site\/#organization","name":"Brasil not\u00edcias","url":"https:\/\/brasilnoticias.org\/site\/","logo":{"@type":"ImageObject","inLanguage":"pt-PT","@id":"https:\/\/brasilnoticias.org\/site\/#\/schema\/logo\/image\/","url":"https:\/\/brasilnoticias.org\/site\/wp-content\/uploads\/2022\/05\/cropped-brasilnoticias-mini.jpg","contentUrl":"https:\/\/brasilnoticias.org\/site\/wp-content\/uploads\/2022\/05\/cropped-brasilnoticias-mini.jpg","width":314,"height":86,"caption":"Brasil not\u00edcias"},"image":{"@id":"https:\/\/brasilnoticias.org\/site\/#\/schema\/logo\/image\/"}},{"@type":"Person","@id":"https:\/\/brasilnoticias.org\/site\/#\/schema\/person\/a0e05b973ec4d15c658d51911e53507b","name":"Reda\u00e7\u00e3o","image":{"@type":"ImageObject","inLanguage":"pt-PT","@id":"https:\/\/brasilnoticias.org\/site\/#\/schema\/person\/image\/","url":"https:\/\/secure.gravatar.com\/avatar\/75d8b050df2de108b08ae78dfb8e374892df24a383c67db9c46a9c604f6aee9c?s=96&d=mm&r=g","contentUrl":"https:\/\/secure.gravatar.com\/avatar\/75d8b050df2de108b08ae78dfb8e374892df24a383c67db9c46a9c604f6aee9c?s=96&d=mm&r=g","caption":"Reda\u00e7\u00e3o"},"sameAs":["https:\/\/brasilnoticias.org\/site"],"url":"https:\/\/brasilnoticias.org\/site\/author\/fernandozsngmail-com\/"}]}},"_links":{"self":[{"href":"https:\/\/brasilnoticias.org\/site\/wp-json\/wp\/v2\/posts\/4677","targetHints":{"allow":["GET"]}}],"collection":[{"href":"https:\/\/brasilnoticias.org\/site\/wp-json\/wp\/v2\/posts"}],"about":[{"href":"https:\/\/brasilnoticias.org\/site\/wp-json\/wp\/v2\/types\/post"}],"author":[{"embeddable":true,"href":"https:\/\/brasilnoticias.org\/site\/wp-json\/wp\/v2\/users\/1"}],"replies":[{"embeddable":true,"href":"https:\/\/brasilnoticias.org\/site\/wp-json\/wp\/v2\/comments?post=4677"}],"version-history":[{"count":1,"href":"https:\/\/brasilnoticias.org\/site\/wp-json\/wp\/v2\/posts\/4677\/revisions"}],"predecessor-version":[{"id":4679,"href":"https:\/\/brasilnoticias.org\/site\/wp-json\/wp\/v2\/posts\/4677\/revisions\/4679"}],"wp:featuredmedia":[{"embeddable":true,"href":"https:\/\/brasilnoticias.org\/site\/wp-json\/wp\/v2\/media\/4678"}],"wp:attachment":[{"href":"https:\/\/brasilnoticias.org\/site\/wp-json\/wp\/v2\/media?parent=4677"}],"wp:term":[{"taxonomy":"category","embeddable":true,"href":"https:\/\/brasilnoticias.org\/site\/wp-json\/wp\/v2\/categories?post=4677"},{"taxonomy":"post_tag","embeddable":true,"href":"https:\/\/brasilnoticias.org\/site\/wp-json\/wp\/v2\/tags?post=4677"}],"curies":[{"name":"wp","href":"https:\/\/api.w.org\/{rel}","templated":true}]}}