{"id":468,"date":"2022-05-22T10:46:00","date_gmt":"2022-05-22T13:46:00","guid":{"rendered":"https:\/\/brasilnoticias.org\/site\/?p=468"},"modified":"2022-05-22T10:46:00","modified_gmt":"2022-05-22T13:46:00","slug":"mulher-negra-e-acusada-de-roubo-passa-mal-e-desmaia-em-shopping-de-salvador-familia-acusa-loja-de-racismo","status":"publish","type":"post","link":"https:\/\/brasilnoticias.org\/site\/mulher-negra-e-acusada-de-roubo-passa-mal-e-desmaia-em-shopping-de-salvador-familia-acusa-loja-de-racismo\/","title":{"rendered":"MULHER NEGRA \u00c9 ACUSADA DE ROUBO, PASSA MAL E DESMAIA EM SHOPPING DE SALVADOR; FAM\u00cdLIA ACUSA LOJA DE RACISMO"},"content":{"rendered":"<p>Uma mulher negra identificada como Fernanda Rodrigues sofreu um pico de press\u00e3o e trauma no p\u00e9 porque desmaiou ap\u00f3s sofrer um suposto caso de\u00a0<a href=\"https:\/\/www.bnews.com.br\/tags\/racismo\" target=\"_blank\" rel=\"noopener\">racismo<\/a>\u00a0em uma loja Renner de um shopping de Salvador. Em \u00e1udio enviado para a reda\u00e7\u00e3o do\u00a0<strong>BNews<\/strong>, Fernanda relata que o\u00a0<a href=\"https:\/\/www.bnews.com.br\/noticias\/politica\/senadores-vao-analisar-em-plenario-proposta-sobre-injuria-racial-cometida-em-locais-publicos.html\" target=\"_blank\" rel=\"noopener\">seguran\u00e7a da loja a acusou de roubo sem provas<\/a>\u00a0ap\u00f3s flagrar uma terceira pessoa roubando perfumes no local.<\/p>\n<p>Em relato no Instagram, o irm\u00e3o de Fernanda, Leandro Rodrigues,\u00a0<a href=\"https:\/\/www.bnews.com.br\/noticias\/esporte\/conmebol-recebe-oficio-do-corinthians-solicitando-punicao-de-time-por-racismo-veja-qual.html\" target=\"_blank\" rel=\"noopener\">afirmou que o caso aconteceu na \u00faltima sexta-feira (20)<\/a>, no Shopping Bela Vista, um dos maiores da capital baiana.<\/p>\n<p>\u201cO seguran\u00e7a que praticou o crime\u00a0<a href=\"https:\/\/www.bnews.com.br\/noticias\/politica\/bolsonaro-volta-dizer-que-negro-e-pesado-em-arrobas-e-ironiza-sua-condenacao.html\" target=\"_blank\" rel=\"noopener\">foi protegido pela loja e n\u00e3o foi conduzido a uma delegacia<\/a>. Ap\u00f3s a acusa\u00e7\u00e3o infundada, a v\u00edtima teve um mal s\u00fabito e desmaiou dentro da loja\u201d, escreveu Leandro. Confira relato completo logo abaixo.<\/p>\n<p>Cerca de 24h ap\u00f3s o constrangimento e humilha\u00e7\u00e3o, ela se encontra em UPA, com diagn\u00f3stico de fratura no p\u00e9 e aumento de press\u00e3o causados pelo trauma, e at\u00e9 o momento n\u00e3o recebemos nenhum contato ou assist\u00eancia das Loja Renner e nem do Shopping onde ocorreu o caso\u201d, escreveu Leandro.<\/p>\n<p>Procurado, o Shopping Bela Vista\u00a0<a href=\"https:\/\/www.bnews.com.br\/noticias\/policia\/video-mulher-xinga-atendente-negro-de-macaco-em-discussao-por-causa-de-acai.html\" target=\"_blank\" rel=\"noopener\">afirmou via nota oficial que prestou atendimento m\u00e9dico \u00e0 cliente e ofereceu toda a assist\u00eancia necess\u00e1ria<\/a>\u00a0enquanto ela esteve no empreendimento.<\/p>\n<p>Ainda de acordo com o Shopping, a v\u00edtima fez o registro da queixa na Central de Atendimento ao Cliente e o estabelecimento est\u00e1 aguardando a apura\u00e7\u00e3o dos fatos.<\/p>\n<p>O Bela Vista reitera que n\u00e3o compactua, n\u00e3o tolera e repudia quaisquer atitudes discriminat\u00f3rias e refor\u00e7a que possui um posicionamento democr\u00e1tico e de acolhimento \u00e0 diversidade\u201d, finalizou o centro comercial em nota.<\/p>\n<p>O\u00a0<strong>BNews<\/strong>\u00a0entrou em contato com os meios de comunica\u00e7\u00e3o oficiais da Renner,\u00a0<a href=\"https:\/\/www.bnews.com.br\/noticias\/entretenimento\/com-esse-apartheid-miseravel-quem-somos-nos-detona-ninha-sobre-preconceito-no-carnaval-atual.html\" target=\"_blank\" rel=\"noopener\">mas n\u00e3o teve retorno at\u00e9 o fechamento da mat\u00e9ria<\/a>.<\/p>\n<p>No \u00e1udio obtido pela reportagem, uma pessoa ligada \u00e0 loja afirma que o\u00a0<a href=\"https:\/\/www.bnews.com.br\/noticias\/entretenimento\/apos-ataque-ex-bbb-nas-redes-sociais-especialista-explica-punicoes-para-racismo.html\" target=\"_blank\" rel=\"noopener\">funcion\u00e1rio acusado de racismo era investigado por m\u00e1 conduta profissional e furtos dentro da loja<\/a>. A mesma pessoa alega que a Renner o desligou logo ap\u00f3s checar as imagens.<\/p>\n<p>O Coletivo de Entidades Negras (CEN) afirmou que acompanha o caso e disponibilizou um advogado para a v\u00edtima<\/p>\n<p>&nbsp;<\/p>\n<p>&nbsp;<\/p>\n<p>&nbsp;<\/p>\n<p>Bnews<\/p>\n","protected":false},"excerpt":{"rendered":"<p>Uma mulher negra identificada como Fernanda Rodrigues sofreu um pico de press\u00e3o e trauma no p\u00e9 porque desmaiou ap\u00f3s sofrer<\/p>\n","protected":false},"author":2,"featured_media":469,"comment_status":"open","ping_status":"open","sticky":false,"template":"","format":"standard","meta":{"colormag_page_container_layout":"default_layout","colormag_page_sidebar_layout":"default_layout","_FSMCFIC_featured_image_caption":"","_FSMCFIC_featured_image_nocaption":"","_FSMCFIC_featured_image_hide":"","footnotes":""},"categories":[7,1],"tags":[],"class_list":["post-468","post","type-post","status-publish","format-standard","has-post-thumbnail","hentry","category-justica","category-ultimas"],"yoast_head":"<!-- This site is optimized with the Yoast SEO plugin v27.1.1 - https:\/\/yoast.com\/product\/yoast-seo-wordpress\/ -->\n<title>MULHER NEGRA \u00c9 ACUSADA DE ROUBO, PASSA MAL E DESMAIA EM SHOPPING DE SALVADOR; FAM\u00cdLIA ACUSA LOJA DE RACISMO - Brasil not\u00edcias<\/title>\n<meta name=\"robots\" content=\"index, follow, max-snippet:-1, max-image-preview:large, max-video-preview:-1\" \/>\n<link rel=\"canonical\" href=\"https:\/\/brasilnoticias.org\/site\/mulher-negra-e-acusada-de-roubo-passa-mal-e-desmaia-em-shopping-de-salvador-familia-acusa-loja-de-racismo\/\" \/>\n<meta property=\"og:locale\" content=\"pt_PT\" \/>\n<meta property=\"og:type\" content=\"article\" \/>\n<meta property=\"og:title\" content=\"MULHER NEGRA \u00c9 ACUSADA DE ROUBO, PASSA MAL E DESMAIA EM SHOPPING DE SALVADOR; FAM\u00cdLIA ACUSA LOJA DE RACISMO - Brasil not\u00edcias\" \/>\n<meta property=\"og:description\" content=\"Uma mulher negra identificada como Fernanda Rodrigues sofreu um pico de press\u00e3o e trauma no p\u00e9 porque desmaiou ap\u00f3s sofrer\" \/>\n<meta property=\"og:url\" content=\"https:\/\/brasilnoticias.org\/site\/mulher-negra-e-acusada-de-roubo-passa-mal-e-desmaia-em-shopping-de-salvador-familia-acusa-loja-de-racismo\/\" \/>\n<meta property=\"og:site_name\" content=\"Brasil not\u00edcias\" \/>\n<meta property=\"article:published_time\" content=\"2022-05-22T13:46:00+00:00\" \/>\n<meta property=\"og:image\" content=\"https:\/\/brasilnoticias.org\/site\/wp-content\/uploads\/2022\/05\/2mulher_desmaia_e_sofre_traumatismo_craniano_apos_suposto_caso_de_racismo_em_shopping_de_salvador_widelg.jpg\" \/>\n\t<meta property=\"og:image:width\" content=\"800\" \/>\n\t<meta property=\"og:image:height\" content=\"450\" \/>\n\t<meta property=\"og:image:type\" content=\"image\/jpeg\" \/>\n<meta name=\"author\" content=\"Reda\u00e7\u00e3o\" \/>\n<meta name=\"twitter:card\" content=\"summary_large_image\" \/>\n<meta name=\"twitter:label1\" content=\"Escrito por\" \/>\n\t<meta name=\"twitter:data1\" content=\"Reda\u00e7\u00e3o\" \/>\n\t<meta name=\"twitter:label2\" content=\"Tempo estimado de leitura\" \/>\n\t<meta name=\"twitter:data2\" content=\"2 minutos\" \/>\n<script type=\"application\/ld+json\" class=\"yoast-schema-graph\">{\"@context\":\"https:\/\/schema.org\",\"@graph\":[{\"@type\":\"Article\",\"@id\":\"https:\/\/brasilnoticias.org\/site\/mulher-negra-e-acusada-de-roubo-passa-mal-e-desmaia-em-shopping-de-salvador-familia-acusa-loja-de-racismo\/#article\",\"isPartOf\":{\"@id\":\"https:\/\/brasilnoticias.org\/site\/mulher-negra-e-acusada-de-roubo-passa-mal-e-desmaia-em-shopping-de-salvador-familia-acusa-loja-de-racismo\/\"},\"author\":{\"name\":\"Reda\u00e7\u00e3o\",\"@id\":\"https:\/\/brasilnoticias.org\/site\/#\/schema\/person\/f609fa847b5314f1c8b983342f34c798\"},\"headline\":\"MULHER NEGRA \u00c9 ACUSADA DE ROUBO, PASSA MAL E DESMAIA EM SHOPPING DE SALVADOR; FAM\u00cdLIA ACUSA LOJA DE RACISMO\",\"datePublished\":\"2022-05-22T13:46:00+00:00\",\"mainEntityOfPage\":{\"@id\":\"https:\/\/brasilnoticias.org\/site\/mulher-negra-e-acusada-de-roubo-passa-mal-e-desmaia-em-shopping-de-salvador-familia-acusa-loja-de-racismo\/\"},\"wordCount\":402,\"commentCount\":0,\"publisher\":{\"@id\":\"https:\/\/brasilnoticias.org\/site\/#organization\"},\"image\":{\"@id\":\"https:\/\/brasilnoticias.org\/site\/mulher-negra-e-acusada-de-roubo-passa-mal-e-desmaia-em-shopping-de-salvador-familia-acusa-loja-de-racismo\/#primaryimage\"},\"thumbnailUrl\":\"https:\/\/brasilnoticias.org\/site\/wp-content\/uploads\/2022\/05\/2mulher_desmaia_e_sofre_traumatismo_craniano_apos_suposto_caso_de_racismo_em_shopping_de_salvador_widelg.jpg\",\"articleSection\":[\"Justi\u00e7a\",\"\u00daltimas\"],\"inLanguage\":\"pt-PT\",\"potentialAction\":[{\"@type\":\"CommentAction\",\"name\":\"Comment\",\"target\":[\"https:\/\/brasilnoticias.org\/site\/mulher-negra-e-acusada-de-roubo-passa-mal-e-desmaia-em-shopping-de-salvador-familia-acusa-loja-de-racismo\/#respond\"]}]},{\"@type\":\"WebPage\",\"@id\":\"https:\/\/brasilnoticias.org\/site\/mulher-negra-e-acusada-de-roubo-passa-mal-e-desmaia-em-shopping-de-salvador-familia-acusa-loja-de-racismo\/\",\"url\":\"https:\/\/brasilnoticias.org\/site\/mulher-negra-e-acusada-de-roubo-passa-mal-e-desmaia-em-shopping-de-salvador-familia-acusa-loja-de-racismo\/\",\"name\":\"MULHER NEGRA \u00c9 ACUSADA DE ROUBO, PASSA MAL E DESMAIA EM SHOPPING DE SALVADOR; FAM\u00cdLIA ACUSA LOJA DE RACISMO - Brasil not\u00edcias\",\"isPartOf\":{\"@id\":\"https:\/\/brasilnoticias.org\/site\/#website\"},\"primaryImageOfPage\":{\"@id\":\"https:\/\/brasilnoticias.org\/site\/mulher-negra-e-acusada-de-roubo-passa-mal-e-desmaia-em-shopping-de-salvador-familia-acusa-loja-de-racismo\/#primaryimage\"},\"image\":{\"@id\":\"https:\/\/brasilnoticias.org\/site\/mulher-negra-e-acusada-de-roubo-passa-mal-e-desmaia-em-shopping-de-salvador-familia-acusa-loja-de-racismo\/#primaryimage\"},\"thumbnailUrl\":\"https:\/\/brasilnoticias.org\/site\/wp-content\/uploads\/2022\/05\/2mulher_desmaia_e_sofre_traumatismo_craniano_apos_suposto_caso_de_racismo_em_shopping_de_salvador_widelg.jpg\",\"datePublished\":\"2022-05-22T13:46:00+00:00\",\"breadcrumb\":{\"@id\":\"https:\/\/brasilnoticias.org\/site\/mulher-negra-e-acusada-de-roubo-passa-mal-e-desmaia-em-shopping-de-salvador-familia-acusa-loja-de-racismo\/#breadcrumb\"},\"inLanguage\":\"pt-PT\",\"potentialAction\":[{\"@type\":\"ReadAction\",\"target\":[\"https:\/\/brasilnoticias.org\/site\/mulher-negra-e-acusada-de-roubo-passa-mal-e-desmaia-em-shopping-de-salvador-familia-acusa-loja-de-racismo\/\"]}]},{\"@type\":\"ImageObject\",\"inLanguage\":\"pt-PT\",\"@id\":\"https:\/\/brasilnoticias.org\/site\/mulher-negra-e-acusada-de-roubo-passa-mal-e-desmaia-em-shopping-de-salvador-familia-acusa-loja-de-racismo\/#primaryimage\",\"url\":\"https:\/\/brasilnoticias.org\/site\/wp-content\/uploads\/2022\/05\/2mulher_desmaia_e_sofre_traumatismo_craniano_apos_suposto_caso_de_racismo_em_shopping_de_salvador_widelg.jpg\",\"contentUrl\":\"https:\/\/brasilnoticias.org\/site\/wp-content\/uploads\/2022\/05\/2mulher_desmaia_e_sofre_traumatismo_craniano_apos_suposto_caso_de_racismo_em_shopping_de_salvador_widelg.jpg\",\"width\":800,\"height\":450},{\"@type\":\"BreadcrumbList\",\"@id\":\"https:\/\/brasilnoticias.org\/site\/mulher-negra-e-acusada-de-roubo-passa-mal-e-desmaia-em-shopping-de-salvador-familia-acusa-loja-de-racismo\/#breadcrumb\",\"itemListElement\":[{\"@type\":\"ListItem\",\"position\":1,\"name\":\"In\u00edcio\",\"item\":\"https:\/\/brasilnoticias.org\/site\/\"},{\"@type\":\"ListItem\",\"position\":2,\"name\":\"MULHER NEGRA \u00c9 ACUSADA DE ROUBO, PASSA MAL E DESMAIA EM SHOPPING DE SALVADOR; FAM\u00cdLIA ACUSA LOJA DE RACISMO\"}]},{\"@type\":\"WebSite\",\"@id\":\"https:\/\/brasilnoticias.org\/site\/#website\",\"url\":\"https:\/\/brasilnoticias.org\/site\/\",\"name\":\"Brasil not\u00edcias\",\"description\":\"Brasil not\u00edcias\",\"publisher\":{\"@id\":\"https:\/\/brasilnoticias.org\/site\/#organization\"},\"potentialAction\":[{\"@type\":\"SearchAction\",\"target\":{\"@type\":\"EntryPoint\",\"urlTemplate\":\"https:\/\/brasilnoticias.org\/site\/?s={search_term_string}\"},\"query-input\":{\"@type\":\"PropertyValueSpecification\",\"valueRequired\":true,\"valueName\":\"search_term_string\"}}],\"inLanguage\":\"pt-PT\"},{\"@type\":\"Organization\",\"@id\":\"https:\/\/brasilnoticias.org\/site\/#organization\",\"name\":\"Brasil not\u00edcias\",\"url\":\"https:\/\/brasilnoticias.org\/site\/\",\"logo\":{\"@type\":\"ImageObject\",\"inLanguage\":\"pt-PT\",\"@id\":\"https:\/\/brasilnoticias.org\/site\/#\/schema\/logo\/image\/\",\"url\":\"https:\/\/brasilnoticias.org\/site\/wp-content\/uploads\/2022\/05\/cropped-brasilnoticias-mini.jpg\",\"contentUrl\":\"https:\/\/brasilnoticias.org\/site\/wp-content\/uploads\/2022\/05\/cropped-brasilnoticias-mini.jpg\",\"width\":314,\"height\":86,\"caption\":\"Brasil not\u00edcias\"},\"image\":{\"@id\":\"https:\/\/brasilnoticias.org\/site\/#\/schema\/logo\/image\/\"}},{\"@type\":\"Person\",\"@id\":\"https:\/\/brasilnoticias.org\/site\/#\/schema\/person\/f609fa847b5314f1c8b983342f34c798\",\"name\":\"Reda\u00e7\u00e3o\",\"image\":{\"@type\":\"ImageObject\",\"inLanguage\":\"pt-PT\",\"@id\":\"https:\/\/brasilnoticias.org\/site\/#\/schema\/person\/image\/\",\"url\":\"https:\/\/secure.gravatar.com\/avatar\/447284c06c1ad8b46465a36de9cd0d8326b73387a22799b8b1ffb1fbcff2ed0c?s=96&d=mm&r=g\",\"contentUrl\":\"https:\/\/secure.gravatar.com\/avatar\/447284c06c1ad8b46465a36de9cd0d8326b73387a22799b8b1ffb1fbcff2ed0c?s=96&d=mm&r=g\",\"caption\":\"Reda\u00e7\u00e3o\"},\"url\":\"https:\/\/brasilnoticias.org\/site\/author\/redacao\/\"}]}<\/script>\n<!-- \/ Yoast SEO plugin. -->","yoast_head_json":{"title":"MULHER NEGRA \u00c9 ACUSADA DE ROUBO, PASSA MAL E DESMAIA EM SHOPPING DE SALVADOR; FAM\u00cdLIA ACUSA LOJA DE RACISMO - Brasil not\u00edcias","robots":{"index":"index","follow":"follow","max-snippet":"max-snippet:-1","max-image-preview":"max-image-preview:large","max-video-preview":"max-video-preview:-1"},"canonical":"https:\/\/brasilnoticias.org\/site\/mulher-negra-e-acusada-de-roubo-passa-mal-e-desmaia-em-shopping-de-salvador-familia-acusa-loja-de-racismo\/","og_locale":"pt_PT","og_type":"article","og_title":"MULHER NEGRA \u00c9 ACUSADA DE ROUBO, PASSA MAL E DESMAIA EM SHOPPING DE SALVADOR; FAM\u00cdLIA ACUSA LOJA DE RACISMO - Brasil not\u00edcias","og_description":"Uma mulher negra identificada como Fernanda Rodrigues sofreu um pico de press\u00e3o e trauma no p\u00e9 porque desmaiou ap\u00f3s sofrer","og_url":"https:\/\/brasilnoticias.org\/site\/mulher-negra-e-acusada-de-roubo-passa-mal-e-desmaia-em-shopping-de-salvador-familia-acusa-loja-de-racismo\/","og_site_name":"Brasil not\u00edcias","article_published_time":"2022-05-22T13:46:00+00:00","og_image":[{"width":800,"height":450,"url":"https:\/\/brasilnoticias.org\/site\/wp-content\/uploads\/2022\/05\/2mulher_desmaia_e_sofre_traumatismo_craniano_apos_suposto_caso_de_racismo_em_shopping_de_salvador_widelg.jpg","type":"image\/jpeg"}],"author":"Reda\u00e7\u00e3o","twitter_card":"summary_large_image","twitter_misc":{"Escrito por":"Reda\u00e7\u00e3o","Tempo estimado de leitura":"2 minutos"},"schema":{"@context":"https:\/\/schema.org","@graph":[{"@type":"Article","@id":"https:\/\/brasilnoticias.org\/site\/mulher-negra-e-acusada-de-roubo-passa-mal-e-desmaia-em-shopping-de-salvador-familia-acusa-loja-de-racismo\/#article","isPartOf":{"@id":"https:\/\/brasilnoticias.org\/site\/mulher-negra-e-acusada-de-roubo-passa-mal-e-desmaia-em-shopping-de-salvador-familia-acusa-loja-de-racismo\/"},"author":{"name":"Reda\u00e7\u00e3o","@id":"https:\/\/brasilnoticias.org\/site\/#\/schema\/person\/f609fa847b5314f1c8b983342f34c798"},"headline":"MULHER NEGRA \u00c9 ACUSADA DE ROUBO, PASSA MAL E DESMAIA EM SHOPPING DE SALVADOR; FAM\u00cdLIA ACUSA LOJA DE RACISMO","datePublished":"2022-05-22T13:46:00+00:00","mainEntityOfPage":{"@id":"https:\/\/brasilnoticias.org\/site\/mulher-negra-e-acusada-de-roubo-passa-mal-e-desmaia-em-shopping-de-salvador-familia-acusa-loja-de-racismo\/"},"wordCount":402,"commentCount":0,"publisher":{"@id":"https:\/\/brasilnoticias.org\/site\/#organization"},"image":{"@id":"https:\/\/brasilnoticias.org\/site\/mulher-negra-e-acusada-de-roubo-passa-mal-e-desmaia-em-shopping-de-salvador-familia-acusa-loja-de-racismo\/#primaryimage"},"thumbnailUrl":"https:\/\/brasilnoticias.org\/site\/wp-content\/uploads\/2022\/05\/2mulher_desmaia_e_sofre_traumatismo_craniano_apos_suposto_caso_de_racismo_em_shopping_de_salvador_widelg.jpg","articleSection":["Justi\u00e7a","\u00daltimas"],"inLanguage":"pt-PT","potentialAction":[{"@type":"CommentAction","name":"Comment","target":["https:\/\/brasilnoticias.org\/site\/mulher-negra-e-acusada-de-roubo-passa-mal-e-desmaia-em-shopping-de-salvador-familia-acusa-loja-de-racismo\/#respond"]}]},{"@type":"WebPage","@id":"https:\/\/brasilnoticias.org\/site\/mulher-negra-e-acusada-de-roubo-passa-mal-e-desmaia-em-shopping-de-salvador-familia-acusa-loja-de-racismo\/","url":"https:\/\/brasilnoticias.org\/site\/mulher-negra-e-acusada-de-roubo-passa-mal-e-desmaia-em-shopping-de-salvador-familia-acusa-loja-de-racismo\/","name":"MULHER NEGRA \u00c9 ACUSADA DE ROUBO, PASSA MAL E DESMAIA EM SHOPPING DE SALVADOR; FAM\u00cdLIA ACUSA LOJA DE RACISMO - Brasil not\u00edcias","isPartOf":{"@id":"https:\/\/brasilnoticias.org\/site\/#website"},"primaryImageOfPage":{"@id":"https:\/\/brasilnoticias.org\/site\/mulher-negra-e-acusada-de-roubo-passa-mal-e-desmaia-em-shopping-de-salvador-familia-acusa-loja-de-racismo\/#primaryimage"},"image":{"@id":"https:\/\/brasilnoticias.org\/site\/mulher-negra-e-acusada-de-roubo-passa-mal-e-desmaia-em-shopping-de-salvador-familia-acusa-loja-de-racismo\/#primaryimage"},"thumbnailUrl":"https:\/\/brasilnoticias.org\/site\/wp-content\/uploads\/2022\/05\/2mulher_desmaia_e_sofre_traumatismo_craniano_apos_suposto_caso_de_racismo_em_shopping_de_salvador_widelg.jpg","datePublished":"2022-05-22T13:46:00+00:00","breadcrumb":{"@id":"https:\/\/brasilnoticias.org\/site\/mulher-negra-e-acusada-de-roubo-passa-mal-e-desmaia-em-shopping-de-salvador-familia-acusa-loja-de-racismo\/#breadcrumb"},"inLanguage":"pt-PT","potentialAction":[{"@type":"ReadAction","target":["https:\/\/brasilnoticias.org\/site\/mulher-negra-e-acusada-de-roubo-passa-mal-e-desmaia-em-shopping-de-salvador-familia-acusa-loja-de-racismo\/"]}]},{"@type":"ImageObject","inLanguage":"pt-PT","@id":"https:\/\/brasilnoticias.org\/site\/mulher-negra-e-acusada-de-roubo-passa-mal-e-desmaia-em-shopping-de-salvador-familia-acusa-loja-de-racismo\/#primaryimage","url":"https:\/\/brasilnoticias.org\/site\/wp-content\/uploads\/2022\/05\/2mulher_desmaia_e_sofre_traumatismo_craniano_apos_suposto_caso_de_racismo_em_shopping_de_salvador_widelg.jpg","contentUrl":"https:\/\/brasilnoticias.org\/site\/wp-content\/uploads\/2022\/05\/2mulher_desmaia_e_sofre_traumatismo_craniano_apos_suposto_caso_de_racismo_em_shopping_de_salvador_widelg.jpg","width":800,"height":450},{"@type":"BreadcrumbList","@id":"https:\/\/brasilnoticias.org\/site\/mulher-negra-e-acusada-de-roubo-passa-mal-e-desmaia-em-shopping-de-salvador-familia-acusa-loja-de-racismo\/#breadcrumb","itemListElement":[{"@type":"ListItem","position":1,"name":"In\u00edcio","item":"https:\/\/brasilnoticias.org\/site\/"},{"@type":"ListItem","position":2,"name":"MULHER NEGRA \u00c9 ACUSADA DE ROUBO, PASSA MAL E DESMAIA EM SHOPPING DE SALVADOR; FAM\u00cdLIA ACUSA LOJA DE RACISMO"}]},{"@type":"WebSite","@id":"https:\/\/brasilnoticias.org\/site\/#website","url":"https:\/\/brasilnoticias.org\/site\/","name":"Brasil not\u00edcias","description":"Brasil not\u00edcias","publisher":{"@id":"https:\/\/brasilnoticias.org\/site\/#organization"},"potentialAction":[{"@type":"SearchAction","target":{"@type":"EntryPoint","urlTemplate":"https:\/\/brasilnoticias.org\/site\/?s={search_term_string}"},"query-input":{"@type":"PropertyValueSpecification","valueRequired":true,"valueName":"search_term_string"}}],"inLanguage":"pt-PT"},{"@type":"Organization","@id":"https:\/\/brasilnoticias.org\/site\/#organization","name":"Brasil not\u00edcias","url":"https:\/\/brasilnoticias.org\/site\/","logo":{"@type":"ImageObject","inLanguage":"pt-PT","@id":"https:\/\/brasilnoticias.org\/site\/#\/schema\/logo\/image\/","url":"https:\/\/brasilnoticias.org\/site\/wp-content\/uploads\/2022\/05\/cropped-brasilnoticias-mini.jpg","contentUrl":"https:\/\/brasilnoticias.org\/site\/wp-content\/uploads\/2022\/05\/cropped-brasilnoticias-mini.jpg","width":314,"height":86,"caption":"Brasil not\u00edcias"},"image":{"@id":"https:\/\/brasilnoticias.org\/site\/#\/schema\/logo\/image\/"}},{"@type":"Person","@id":"https:\/\/brasilnoticias.org\/site\/#\/schema\/person\/f609fa847b5314f1c8b983342f34c798","name":"Reda\u00e7\u00e3o","image":{"@type":"ImageObject","inLanguage":"pt-PT","@id":"https:\/\/brasilnoticias.org\/site\/#\/schema\/person\/image\/","url":"https:\/\/secure.gravatar.com\/avatar\/447284c06c1ad8b46465a36de9cd0d8326b73387a22799b8b1ffb1fbcff2ed0c?s=96&d=mm&r=g","contentUrl":"https:\/\/secure.gravatar.com\/avatar\/447284c06c1ad8b46465a36de9cd0d8326b73387a22799b8b1ffb1fbcff2ed0c?s=96&d=mm&r=g","caption":"Reda\u00e7\u00e3o"},"url":"https:\/\/brasilnoticias.org\/site\/author\/redacao\/"}]}},"_links":{"self":[{"href":"https:\/\/brasilnoticias.org\/site\/wp-json\/wp\/v2\/posts\/468","targetHints":{"allow":["GET"]}}],"collection":[{"href":"https:\/\/brasilnoticias.org\/site\/wp-json\/wp\/v2\/posts"}],"about":[{"href":"https:\/\/brasilnoticias.org\/site\/wp-json\/wp\/v2\/types\/post"}],"author":[{"embeddable":true,"href":"https:\/\/brasilnoticias.org\/site\/wp-json\/wp\/v2\/users\/2"}],"replies":[{"embeddable":true,"href":"https:\/\/brasilnoticias.org\/site\/wp-json\/wp\/v2\/comments?post=468"}],"version-history":[{"count":1,"href":"https:\/\/brasilnoticias.org\/site\/wp-json\/wp\/v2\/posts\/468\/revisions"}],"predecessor-version":[{"id":470,"href":"https:\/\/brasilnoticias.org\/site\/wp-json\/wp\/v2\/posts\/468\/revisions\/470"}],"wp:featuredmedia":[{"embeddable":true,"href":"https:\/\/brasilnoticias.org\/site\/wp-json\/wp\/v2\/media\/469"}],"wp:attachment":[{"href":"https:\/\/brasilnoticias.org\/site\/wp-json\/wp\/v2\/media?parent=468"}],"wp:term":[{"taxonomy":"category","embeddable":true,"href":"https:\/\/brasilnoticias.org\/site\/wp-json\/wp\/v2\/categories?post=468"},{"taxonomy":"post_tag","embeddable":true,"href":"https:\/\/brasilnoticias.org\/site\/wp-json\/wp\/v2\/tags?post=468"}],"curies":[{"name":"wp","href":"https:\/\/api.w.org\/{rel}","templated":true}]}}