{"id":4719,"date":"2023-03-14T12:13:58","date_gmt":"2023-03-14T15:13:58","guid":{"rendered":"https:\/\/brasilnoticias.org\/site\/?p=4719"},"modified":"2023-03-14T12:13:58","modified_gmt":"2023-03-14T15:13:58","slug":"numeros-apontam-que-capitao-alden-e-um-dos-parlamentares-que-mais-trabalha-na-camara-dos-deputados","status":"publish","type":"post","link":"https:\/\/brasilnoticias.org\/site\/numeros-apontam-que-capitao-alden-e-um-dos-parlamentares-que-mais-trabalha-na-camara-dos-deputados\/","title":{"rendered":"N\u00fameros apontam que Capit\u00e3o Alden \u00e9 um dos parlamentares que mais trabalha na C\u00e2mara dos Deputados"},"content":{"rendered":"<p>Tendo pouco mais de um m\u00eas de mandato na C\u00e2mara, o deputado federal Capit\u00e3o Alden (PL-BA) j\u00e1 tem n\u00fameros consider\u00e1veis como representante do poder legislativo baiano. Entre projetos, participa\u00e7\u00f5es em assinaturas e Propostas de Emenda \u00e0 Constitui\u00e7\u00e3o (PEC) e requerimentos, o parlamentar bolsonarista tem ganhado destaque. <\/p>\n<p>Alden tem, at\u00e9 o momento, quatro proposi\u00e7\u00f5es e PECs, entre elas: o projeto que pro\u00edbe e pune por crime de responsabilidade posicionamentos pol\u00edticos-ideol\u00f3gicos dos ministros do STF; a proposta que estende aos membros das casas legislativas o direito de fiscalizar e controlar os atos do Poder Executivo; o que enquadra como terrorismo a invas\u00e3o armada de terras particulares, terrenos, lotes, casa ou im\u00f3vel rural, com inten\u00e7\u00e3o de ser o futuro propriet\u00e1rio, praticada com viol\u00eancia ou grave amea\u00e7a, mediante concurso de mais de duas pessoas e a PEC que garante a permuta entre os profissionais de Seguran\u00e7a P\u00fablica. <\/p>\n<p>Quando o assunto \u00e9 assinatura de requerimentos, o parlamentar conservador assinou 23, entre elas a cria\u00e7\u00e3o da frente parlamentar sobre suic\u00eddio e mutila\u00e7\u00e3o; o da CPI do Abuso de Autoridade; a cria\u00e7\u00e3o de CPMI sobre os atos e omiss\u00e3o do dia 8 de janeiro; a da frente parlamentar em Defesa da Educa\u00e7\u00e3o sem Doutrina\u00e7\u00e3o Ideol\u00f3gica; a da Frente parlamentar mista do Sistema Penitenci\u00e1rio; o que disp\u00f5e sobre a proibi\u00e7\u00e3o de bloqueio puberal hormonal em crian\u00e7as e adolescentes em processo transexualizador e de terapia hormonal e cirurgia de redesigna\u00e7\u00e3o sexual, respectivamente a menores de 18 e 21 anos; a cria\u00e7\u00e3o da Frente parlamentar em defesa do direito das pessoas com defici\u00eancia, assim como a da da inova\u00e7\u00e3o e tecnologias para sa\u00fade de doen\u00e7as raras; a Frente Parlamentar mista da micro e pequenas empresas; a que cria a conservadora em defesa da liberdade, bem como a evang\u00e9lica; a instala\u00e7\u00e3o da Frente Parlamentar da Seguran\u00e7a P\u00fablica, da CPI do MST, entre outras. <\/p>\n<p>Al\u00e9m dessa, Capit\u00e3o Alden tamb\u00e9m assinou a cria\u00e7\u00e3o de cinco PECs, que s\u00e3o voltadas para os seguintes temas: da vida enfatizando apoio ao porte e posse de armas; da Reforma do Judici\u00e1rio; do BNDES;  para evitar a nomea\u00e7\u00e3o de ex-mandat\u00e1rios e de seus familiares para cargos de Ministro ou de Conselheiro nas Cortes de Contas e da impunidade Natalina. Por fim, mas n\u00e3o menos importante, Alden assinou o pedido para instala\u00e7\u00e3o de comiss\u00e3o para investigar o bloqueio de passagem de \u00e1gua no Nordeste. <\/p>\n<p>Toda a sua atua\u00e7\u00e3o neste curto per\u00edodo de mandato lhe rendeu o t\u00edtulo de parlamentar baiano melhor avaliado, de acordo com a plataforma Ranking dos Pol\u00edticos, que avalia os parlamentares com base em princ\u00edpios importantes, apontou o representante baiano como o mais bem avaliado no estado. <\/p>\n<p>A pontua\u00e7\u00e3o da plataforma \u00e9 definida de acordo com a atua\u00e7\u00e3o no combate \u00e0 corrup\u00e7\u00e3o, aos privil\u00e9gios e ao desperd\u00edcio da m\u00e1quina p\u00fablica, presen\u00e7as nas sess\u00f5es, economia de verbas, processos judiciais e vota\u00e7\u00f5es importantes.<\/p>\n","protected":false},"excerpt":{"rendered":"<p>Tendo pouco mais de um m\u00eas de mandato na C\u00e2mara, o deputado federal Capit\u00e3o Alden (PL-BA) j\u00e1 tem n\u00fameros consider\u00e1veis<\/p>\n","protected":false},"author":1,"featured_media":4720,"comment_status":"open","ping_status":"open","sticky":false,"template":"","format":"standard","meta":{"colormag_page_container_layout":"default_layout","colormag_page_sidebar_layout":"default_layout","_FSMCFIC_featured_image_caption":"","_FSMCFIC_featured_image_nocaption":"","_FSMCFIC_featured_image_hide":"","footnotes":""},"categories":[5,1],"tags":[],"class_list":["post-4719","post","type-post","status-publish","format-standard","has-post-thumbnail","hentry","category-politica","category-ultimas"],"yoast_head":"<!-- This site is optimized with the Yoast SEO plugin v27.1.1 - https:\/\/yoast.com\/product\/yoast-seo-wordpress\/ -->\n<title>N\u00fameros apontam que Capit\u00e3o Alden \u00e9 um dos parlamentares que mais trabalha na C\u00e2mara dos Deputados - Brasil not\u00edcias<\/title>\n<meta name=\"robots\" content=\"index, follow, max-snippet:-1, max-image-preview:large, max-video-preview:-1\" \/>\n<link rel=\"canonical\" href=\"https:\/\/brasilnoticias.org\/site\/numeros-apontam-que-capitao-alden-e-um-dos-parlamentares-que-mais-trabalha-na-camara-dos-deputados\/\" \/>\n<meta property=\"og:locale\" content=\"pt_PT\" \/>\n<meta property=\"og:type\" content=\"article\" \/>\n<meta property=\"og:title\" content=\"N\u00fameros apontam que Capit\u00e3o Alden \u00e9 um dos parlamentares que mais trabalha na C\u00e2mara dos Deputados - Brasil not\u00edcias\" \/>\n<meta property=\"og:description\" content=\"Tendo pouco mais de um m\u00eas de mandato na C\u00e2mara, o deputado federal Capit\u00e3o Alden (PL-BA) j\u00e1 tem n\u00fameros consider\u00e1veis\" \/>\n<meta property=\"og:url\" content=\"https:\/\/brasilnoticias.org\/site\/numeros-apontam-que-capitao-alden-e-um-dos-parlamentares-que-mais-trabalha-na-camara-dos-deputados\/\" \/>\n<meta property=\"og:site_name\" content=\"Brasil not\u00edcias\" \/>\n<meta property=\"article:published_time\" content=\"2023-03-14T15:13:58+00:00\" \/>\n<meta property=\"og:image\" content=\"https:\/\/brasilnoticias.org\/site\/wp-content\/uploads\/2023\/03\/WhatsApp-Image-2023-03-14-at-11.00.08.jpeg\" \/>\n\t<meta property=\"og:image:width\" content=\"640\" \/>\n\t<meta property=\"og:image:height\" content=\"480\" \/>\n\t<meta property=\"og:image:type\" content=\"image\/jpeg\" \/>\n<meta name=\"author\" content=\"Reda\u00e7\u00e3o\" \/>\n<meta name=\"twitter:card\" content=\"summary_large_image\" \/>\n<meta name=\"twitter:label1\" content=\"Escrito por\" \/>\n\t<meta name=\"twitter:data1\" content=\"Reda\u00e7\u00e3o\" \/>\n<script type=\"application\/ld+json\" class=\"yoast-schema-graph\">{\"@context\":\"https:\/\/schema.org\",\"@graph\":[{\"@type\":\"Article\",\"@id\":\"https:\/\/brasilnoticias.org\/site\/numeros-apontam-que-capitao-alden-e-um-dos-parlamentares-que-mais-trabalha-na-camara-dos-deputados\/#article\",\"isPartOf\":{\"@id\":\"https:\/\/brasilnoticias.org\/site\/numeros-apontam-que-capitao-alden-e-um-dos-parlamentares-que-mais-trabalha-na-camara-dos-deputados\/\"},\"author\":{\"name\":\"Reda\u00e7\u00e3o\",\"@id\":\"https:\/\/brasilnoticias.org\/site\/#\/schema\/person\/a0e05b973ec4d15c658d51911e53507b\"},\"headline\":\"N\u00fameros apontam que Capit\u00e3o Alden \u00e9 um dos parlamentares que mais trabalha na C\u00e2mara dos Deputados\",\"datePublished\":\"2023-03-14T15:13:58+00:00\",\"mainEntityOfPage\":{\"@id\":\"https:\/\/brasilnoticias.org\/site\/numeros-apontam-que-capitao-alden-e-um-dos-parlamentares-que-mais-trabalha-na-camara-dos-deputados\/\"},\"wordCount\":542,\"commentCount\":0,\"publisher\":{\"@id\":\"https:\/\/brasilnoticias.org\/site\/#organization\"},\"image\":{\"@id\":\"https:\/\/brasilnoticias.org\/site\/numeros-apontam-que-capitao-alden-e-um-dos-parlamentares-que-mais-trabalha-na-camara-dos-deputados\/#primaryimage\"},\"thumbnailUrl\":\"https:\/\/brasilnoticias.org\/site\/wp-content\/uploads\/2023\/03\/WhatsApp-Image-2023-03-14-at-11.00.08.jpeg\",\"articleSection\":[\"Pol\u00edtica\",\"\u00daltimas\"],\"inLanguage\":\"pt-PT\",\"potentialAction\":[{\"@type\":\"CommentAction\",\"name\":\"Comment\",\"target\":[\"https:\/\/brasilnoticias.org\/site\/numeros-apontam-que-capitao-alden-e-um-dos-parlamentares-que-mais-trabalha-na-camara-dos-deputados\/#respond\"]}]},{\"@type\":\"WebPage\",\"@id\":\"https:\/\/brasilnoticias.org\/site\/numeros-apontam-que-capitao-alden-e-um-dos-parlamentares-que-mais-trabalha-na-camara-dos-deputados\/\",\"url\":\"https:\/\/brasilnoticias.org\/site\/numeros-apontam-que-capitao-alden-e-um-dos-parlamentares-que-mais-trabalha-na-camara-dos-deputados\/\",\"name\":\"N\u00fameros apontam que Capit\u00e3o Alden \u00e9 um dos parlamentares que mais trabalha na C\u00e2mara dos Deputados - Brasil not\u00edcias\",\"isPartOf\":{\"@id\":\"https:\/\/brasilnoticias.org\/site\/#website\"},\"primaryImageOfPage\":{\"@id\":\"https:\/\/brasilnoticias.org\/site\/numeros-apontam-que-capitao-alden-e-um-dos-parlamentares-que-mais-trabalha-na-camara-dos-deputados\/#primaryimage\"},\"image\":{\"@id\":\"https:\/\/brasilnoticias.org\/site\/numeros-apontam-que-capitao-alden-e-um-dos-parlamentares-que-mais-trabalha-na-camara-dos-deputados\/#primaryimage\"},\"thumbnailUrl\":\"https:\/\/brasilnoticias.org\/site\/wp-content\/uploads\/2023\/03\/WhatsApp-Image-2023-03-14-at-11.00.08.jpeg\",\"datePublished\":\"2023-03-14T15:13:58+00:00\",\"breadcrumb\":{\"@id\":\"https:\/\/brasilnoticias.org\/site\/numeros-apontam-que-capitao-alden-e-um-dos-parlamentares-que-mais-trabalha-na-camara-dos-deputados\/#breadcrumb\"},\"inLanguage\":\"pt-PT\",\"potentialAction\":[{\"@type\":\"ReadAction\",\"target\":[\"https:\/\/brasilnoticias.org\/site\/numeros-apontam-que-capitao-alden-e-um-dos-parlamentares-que-mais-trabalha-na-camara-dos-deputados\/\"]}]},{\"@type\":\"ImageObject\",\"inLanguage\":\"pt-PT\",\"@id\":\"https:\/\/brasilnoticias.org\/site\/numeros-apontam-que-capitao-alden-e-um-dos-parlamentares-que-mais-trabalha-na-camara-dos-deputados\/#primaryimage\",\"url\":\"https:\/\/brasilnoticias.org\/site\/wp-content\/uploads\/2023\/03\/WhatsApp-Image-2023-03-14-at-11.00.08.jpeg\",\"contentUrl\":\"https:\/\/brasilnoticias.org\/site\/wp-content\/uploads\/2023\/03\/WhatsApp-Image-2023-03-14-at-11.00.08.jpeg\",\"width\":640,\"height\":480},{\"@type\":\"BreadcrumbList\",\"@id\":\"https:\/\/brasilnoticias.org\/site\/numeros-apontam-que-capitao-alden-e-um-dos-parlamentares-que-mais-trabalha-na-camara-dos-deputados\/#breadcrumb\",\"itemListElement\":[{\"@type\":\"ListItem\",\"position\":1,\"name\":\"In\u00edcio\",\"item\":\"https:\/\/brasilnoticias.org\/site\/\"},{\"@type\":\"ListItem\",\"position\":2,\"name\":\"N\u00fameros apontam que Capit\u00e3o Alden \u00e9 um dos parlamentares que mais trabalha na C\u00e2mara dos Deputados\"}]},{\"@type\":\"WebSite\",\"@id\":\"https:\/\/brasilnoticias.org\/site\/#website\",\"url\":\"https:\/\/brasilnoticias.org\/site\/\",\"name\":\"Brasil not\u00edcias\",\"description\":\"Brasil not\u00edcias\",\"publisher\":{\"@id\":\"https:\/\/brasilnoticias.org\/site\/#organization\"},\"potentialAction\":[{\"@type\":\"SearchAction\",\"target\":{\"@type\":\"EntryPoint\",\"urlTemplate\":\"https:\/\/brasilnoticias.org\/site\/?s={search_term_string}\"},\"query-input\":{\"@type\":\"PropertyValueSpecification\",\"valueRequired\":true,\"valueName\":\"search_term_string\"}}],\"inLanguage\":\"pt-PT\"},{\"@type\":\"Organization\",\"@id\":\"https:\/\/brasilnoticias.org\/site\/#organization\",\"name\":\"Brasil not\u00edcias\",\"url\":\"https:\/\/brasilnoticias.org\/site\/\",\"logo\":{\"@type\":\"ImageObject\",\"inLanguage\":\"pt-PT\",\"@id\":\"https:\/\/brasilnoticias.org\/site\/#\/schema\/logo\/image\/\",\"url\":\"https:\/\/brasilnoticias.org\/site\/wp-content\/uploads\/2022\/05\/cropped-brasilnoticias-mini.jpg\",\"contentUrl\":\"https:\/\/brasilnoticias.org\/site\/wp-content\/uploads\/2022\/05\/cropped-brasilnoticias-mini.jpg\",\"width\":314,\"height\":86,\"caption\":\"Brasil not\u00edcias\"},\"image\":{\"@id\":\"https:\/\/brasilnoticias.org\/site\/#\/schema\/logo\/image\/\"}},{\"@type\":\"Person\",\"@id\":\"https:\/\/brasilnoticias.org\/site\/#\/schema\/person\/a0e05b973ec4d15c658d51911e53507b\",\"name\":\"Reda\u00e7\u00e3o\",\"image\":{\"@type\":\"ImageObject\",\"inLanguage\":\"pt-PT\",\"@id\":\"https:\/\/brasilnoticias.org\/site\/#\/schema\/person\/image\/\",\"url\":\"https:\/\/secure.gravatar.com\/avatar\/75d8b050df2de108b08ae78dfb8e374892df24a383c67db9c46a9c604f6aee9c?s=96&d=mm&r=g\",\"contentUrl\":\"https:\/\/secure.gravatar.com\/avatar\/75d8b050df2de108b08ae78dfb8e374892df24a383c67db9c46a9c604f6aee9c?s=96&d=mm&r=g\",\"caption\":\"Reda\u00e7\u00e3o\"},\"sameAs\":[\"https:\/\/brasilnoticias.org\/site\"],\"url\":\"https:\/\/brasilnoticias.org\/site\/author\/fernandozsngmail-com\/\"}]}<\/script>\n<!-- \/ Yoast SEO plugin. -->","yoast_head_json":{"title":"N\u00fameros apontam que Capit\u00e3o Alden \u00e9 um dos parlamentares que mais trabalha na C\u00e2mara dos Deputados - Brasil not\u00edcias","robots":{"index":"index","follow":"follow","max-snippet":"max-snippet:-1","max-image-preview":"max-image-preview:large","max-video-preview":"max-video-preview:-1"},"canonical":"https:\/\/brasilnoticias.org\/site\/numeros-apontam-que-capitao-alden-e-um-dos-parlamentares-que-mais-trabalha-na-camara-dos-deputados\/","og_locale":"pt_PT","og_type":"article","og_title":"N\u00fameros apontam que Capit\u00e3o Alden \u00e9 um dos parlamentares que mais trabalha na C\u00e2mara dos Deputados - Brasil not\u00edcias","og_description":"Tendo pouco mais de um m\u00eas de mandato na C\u00e2mara, o deputado federal Capit\u00e3o Alden (PL-BA) j\u00e1 tem n\u00fameros consider\u00e1veis","og_url":"https:\/\/brasilnoticias.org\/site\/numeros-apontam-que-capitao-alden-e-um-dos-parlamentares-que-mais-trabalha-na-camara-dos-deputados\/","og_site_name":"Brasil not\u00edcias","article_published_time":"2023-03-14T15:13:58+00:00","og_image":[{"width":640,"height":480,"url":"https:\/\/brasilnoticias.org\/site\/wp-content\/uploads\/2023\/03\/WhatsApp-Image-2023-03-14-at-11.00.08.jpeg","type":"image\/jpeg"}],"author":"Reda\u00e7\u00e3o","twitter_card":"summary_large_image","twitter_misc":{"Escrito por":"Reda\u00e7\u00e3o"},"schema":{"@context":"https:\/\/schema.org","@graph":[{"@type":"Article","@id":"https:\/\/brasilnoticias.org\/site\/numeros-apontam-que-capitao-alden-e-um-dos-parlamentares-que-mais-trabalha-na-camara-dos-deputados\/#article","isPartOf":{"@id":"https:\/\/brasilnoticias.org\/site\/numeros-apontam-que-capitao-alden-e-um-dos-parlamentares-que-mais-trabalha-na-camara-dos-deputados\/"},"author":{"name":"Reda\u00e7\u00e3o","@id":"https:\/\/brasilnoticias.org\/site\/#\/schema\/person\/a0e05b973ec4d15c658d51911e53507b"},"headline":"N\u00fameros apontam que Capit\u00e3o Alden \u00e9 um dos parlamentares que mais trabalha na C\u00e2mara dos Deputados","datePublished":"2023-03-14T15:13:58+00:00","mainEntityOfPage":{"@id":"https:\/\/brasilnoticias.org\/site\/numeros-apontam-que-capitao-alden-e-um-dos-parlamentares-que-mais-trabalha-na-camara-dos-deputados\/"},"wordCount":542,"commentCount":0,"publisher":{"@id":"https:\/\/brasilnoticias.org\/site\/#organization"},"image":{"@id":"https:\/\/brasilnoticias.org\/site\/numeros-apontam-que-capitao-alden-e-um-dos-parlamentares-que-mais-trabalha-na-camara-dos-deputados\/#primaryimage"},"thumbnailUrl":"https:\/\/brasilnoticias.org\/site\/wp-content\/uploads\/2023\/03\/WhatsApp-Image-2023-03-14-at-11.00.08.jpeg","articleSection":["Pol\u00edtica","\u00daltimas"],"inLanguage":"pt-PT","potentialAction":[{"@type":"CommentAction","name":"Comment","target":["https:\/\/brasilnoticias.org\/site\/numeros-apontam-que-capitao-alden-e-um-dos-parlamentares-que-mais-trabalha-na-camara-dos-deputados\/#respond"]}]},{"@type":"WebPage","@id":"https:\/\/brasilnoticias.org\/site\/numeros-apontam-que-capitao-alden-e-um-dos-parlamentares-que-mais-trabalha-na-camara-dos-deputados\/","url":"https:\/\/brasilnoticias.org\/site\/numeros-apontam-que-capitao-alden-e-um-dos-parlamentares-que-mais-trabalha-na-camara-dos-deputados\/","name":"N\u00fameros apontam que Capit\u00e3o Alden \u00e9 um dos parlamentares que mais trabalha na C\u00e2mara dos Deputados - Brasil not\u00edcias","isPartOf":{"@id":"https:\/\/brasilnoticias.org\/site\/#website"},"primaryImageOfPage":{"@id":"https:\/\/brasilnoticias.org\/site\/numeros-apontam-que-capitao-alden-e-um-dos-parlamentares-que-mais-trabalha-na-camara-dos-deputados\/#primaryimage"},"image":{"@id":"https:\/\/brasilnoticias.org\/site\/numeros-apontam-que-capitao-alden-e-um-dos-parlamentares-que-mais-trabalha-na-camara-dos-deputados\/#primaryimage"},"thumbnailUrl":"https:\/\/brasilnoticias.org\/site\/wp-content\/uploads\/2023\/03\/WhatsApp-Image-2023-03-14-at-11.00.08.jpeg","datePublished":"2023-03-14T15:13:58+00:00","breadcrumb":{"@id":"https:\/\/brasilnoticias.org\/site\/numeros-apontam-que-capitao-alden-e-um-dos-parlamentares-que-mais-trabalha-na-camara-dos-deputados\/#breadcrumb"},"inLanguage":"pt-PT","potentialAction":[{"@type":"ReadAction","target":["https:\/\/brasilnoticias.org\/site\/numeros-apontam-que-capitao-alden-e-um-dos-parlamentares-que-mais-trabalha-na-camara-dos-deputados\/"]}]},{"@type":"ImageObject","inLanguage":"pt-PT","@id":"https:\/\/brasilnoticias.org\/site\/numeros-apontam-que-capitao-alden-e-um-dos-parlamentares-que-mais-trabalha-na-camara-dos-deputados\/#primaryimage","url":"https:\/\/brasilnoticias.org\/site\/wp-content\/uploads\/2023\/03\/WhatsApp-Image-2023-03-14-at-11.00.08.jpeg","contentUrl":"https:\/\/brasilnoticias.org\/site\/wp-content\/uploads\/2023\/03\/WhatsApp-Image-2023-03-14-at-11.00.08.jpeg","width":640,"height":480},{"@type":"BreadcrumbList","@id":"https:\/\/brasilnoticias.org\/site\/numeros-apontam-que-capitao-alden-e-um-dos-parlamentares-que-mais-trabalha-na-camara-dos-deputados\/#breadcrumb","itemListElement":[{"@type":"ListItem","position":1,"name":"In\u00edcio","item":"https:\/\/brasilnoticias.org\/site\/"},{"@type":"ListItem","position":2,"name":"N\u00fameros apontam que Capit\u00e3o Alden \u00e9 um dos parlamentares que mais trabalha na C\u00e2mara dos Deputados"}]},{"@type":"WebSite","@id":"https:\/\/brasilnoticias.org\/site\/#website","url":"https:\/\/brasilnoticias.org\/site\/","name":"Brasil not\u00edcias","description":"Brasil not\u00edcias","publisher":{"@id":"https:\/\/brasilnoticias.org\/site\/#organization"},"potentialAction":[{"@type":"SearchAction","target":{"@type":"EntryPoint","urlTemplate":"https:\/\/brasilnoticias.org\/site\/?s={search_term_string}"},"query-input":{"@type":"PropertyValueSpecification","valueRequired":true,"valueName":"search_term_string"}}],"inLanguage":"pt-PT"},{"@type":"Organization","@id":"https:\/\/brasilnoticias.org\/site\/#organization","name":"Brasil not\u00edcias","url":"https:\/\/brasilnoticias.org\/site\/","logo":{"@type":"ImageObject","inLanguage":"pt-PT","@id":"https:\/\/brasilnoticias.org\/site\/#\/schema\/logo\/image\/","url":"https:\/\/brasilnoticias.org\/site\/wp-content\/uploads\/2022\/05\/cropped-brasilnoticias-mini.jpg","contentUrl":"https:\/\/brasilnoticias.org\/site\/wp-content\/uploads\/2022\/05\/cropped-brasilnoticias-mini.jpg","width":314,"height":86,"caption":"Brasil not\u00edcias"},"image":{"@id":"https:\/\/brasilnoticias.org\/site\/#\/schema\/logo\/image\/"}},{"@type":"Person","@id":"https:\/\/brasilnoticias.org\/site\/#\/schema\/person\/a0e05b973ec4d15c658d51911e53507b","name":"Reda\u00e7\u00e3o","image":{"@type":"ImageObject","inLanguage":"pt-PT","@id":"https:\/\/brasilnoticias.org\/site\/#\/schema\/person\/image\/","url":"https:\/\/secure.gravatar.com\/avatar\/75d8b050df2de108b08ae78dfb8e374892df24a383c67db9c46a9c604f6aee9c?s=96&d=mm&r=g","contentUrl":"https:\/\/secure.gravatar.com\/avatar\/75d8b050df2de108b08ae78dfb8e374892df24a383c67db9c46a9c604f6aee9c?s=96&d=mm&r=g","caption":"Reda\u00e7\u00e3o"},"sameAs":["https:\/\/brasilnoticias.org\/site"],"url":"https:\/\/brasilnoticias.org\/site\/author\/fernandozsngmail-com\/"}]}},"_links":{"self":[{"href":"https:\/\/brasilnoticias.org\/site\/wp-json\/wp\/v2\/posts\/4719","targetHints":{"allow":["GET"]}}],"collection":[{"href":"https:\/\/brasilnoticias.org\/site\/wp-json\/wp\/v2\/posts"}],"about":[{"href":"https:\/\/brasilnoticias.org\/site\/wp-json\/wp\/v2\/types\/post"}],"author":[{"embeddable":true,"href":"https:\/\/brasilnoticias.org\/site\/wp-json\/wp\/v2\/users\/1"}],"replies":[{"embeddable":true,"href":"https:\/\/brasilnoticias.org\/site\/wp-json\/wp\/v2\/comments?post=4719"}],"version-history":[{"count":1,"href":"https:\/\/brasilnoticias.org\/site\/wp-json\/wp\/v2\/posts\/4719\/revisions"}],"predecessor-version":[{"id":4721,"href":"https:\/\/brasilnoticias.org\/site\/wp-json\/wp\/v2\/posts\/4719\/revisions\/4721"}],"wp:featuredmedia":[{"embeddable":true,"href":"https:\/\/brasilnoticias.org\/site\/wp-json\/wp\/v2\/media\/4720"}],"wp:attachment":[{"href":"https:\/\/brasilnoticias.org\/site\/wp-json\/wp\/v2\/media?parent=4719"}],"wp:term":[{"taxonomy":"category","embeddable":true,"href":"https:\/\/brasilnoticias.org\/site\/wp-json\/wp\/v2\/categories?post=4719"},{"taxonomy":"post_tag","embeddable":true,"href":"https:\/\/brasilnoticias.org\/site\/wp-json\/wp\/v2\/tags?post=4719"}],"curies":[{"name":"wp","href":"https:\/\/api.w.org\/{rel}","templated":true}]}}