{"id":4722,"date":"2023-03-14T12:15:55","date_gmt":"2023-03-14T15:15:55","guid":{"rendered":"https:\/\/brasilnoticias.org\/site\/?p=4722"},"modified":"2023-03-14T12:15:55","modified_gmt":"2023-03-14T15:15:55","slug":"bolsonarista-capitao-alden-foi-o-unico-deputado-federal-da-bahia-a-visitar-presos-em-brasilia","status":"publish","type":"post","link":"https:\/\/brasilnoticias.org\/site\/bolsonarista-capitao-alden-foi-o-unico-deputado-federal-da-bahia-a-visitar-presos-em-brasilia\/","title":{"rendered":"Bolsonarista Capit\u00e3o Alden foi o \u00fanico deputado federal da Bahia a visitar presos em Bras\u00edlia"},"content":{"rendered":"<p>\u201cEstamos atuando por todas as vias formais poss\u00edveis para garantir que a justi\u00e7a e o devido processo legal prevale\u00e7am\u201d, diz o Deputado<\/p>\n<p>\u201cFui o \u00fanico deputado federal da Bahia, a visitar os presos na Papuda e na Colmeia. O papel do parlamentar \u00e9 atender as demandas que chegam at\u00e9 seu mandato e fam\u00edlias de baianos, por exemplo, clamavam por nosso posicionamento\u201d, comenta o deputado federal Capit\u00e3o Alden (PL-BA). O pol\u00edtico seguia a cartilha bolsonarista ao p\u00e9 da letra, pois por todo o Brasil os parlamentares que fazem parte da tropa do ex-presidente Jair Bolsonaro tiveram a mesma postura de buscar dar aten\u00e7\u00e3o aos patriotas presos, injustamente, no caso do \u201c8 de janeiro\u201d. <\/p>\n<p>O pol\u00edtico mesmo ainda como parlamentar estadual foi o \u00fanico na Bahia a protocolar junto a Assembleia Legislativa da Bahia (Alba) of\u00edcio com a finalidade de acompanhar de perto a extens\u00e3o dos fatos ocorridos bem como, a realiza\u00e7\u00e3o de reuni\u00f5es com diversas institui\u00e7\u00f5es a fim de verificar a situa\u00e7\u00e3o dos custodiados. Vale destacar que, o Capit\u00e3o Alden enquanto deputado estadual era vice-presidente da Comiss\u00e3o de Direitos Humanos e Seguran\u00e7a P\u00fablica da Alba. <\/p>\n<p>Al\u00e9m disso, o Capit\u00e3o Alden entregou, pessoalmente, em Bras\u00edlia um of\u00edcio ao presidente da C\u00e2mara dos Deputados Federais, o deputado federal Arthur Lira (PP), justamente com o pedido para que o legislativo d\u00ea celeridade ao processo de acompanhamento para evitar arbitrariedades nas pris\u00f5es, sobretudo, a individualiza\u00e7\u00e3o das responsabilidades, com o foco de evitar que manifestantes com finalidades pac\u00edficas sejam punidos.<\/p>\n<p>O deputado federal Capit\u00e3o Alden foi um dos primeiros parlamentares a assinar a Comissa\u0303o Parlamentar Mista de Inque\u0301rito (CPMI) para averiguar todos os detalhes e separar os \u201cinfiltrados\u201d dos manifestantes pac\u00edficos. \u201cEstamos atuando por todas as vias formais poss\u00edveis para garantir que a justi\u00e7a e o devido processo legal prevale\u00e7am\u201d, diz o Deputado.<\/p>\n","protected":false},"excerpt":{"rendered":"<p>\u201cEstamos atuando por todas as vias formais poss\u00edveis para garantir que a justi\u00e7a e o devido processo legal prevale\u00e7am\u201d, diz<\/p>\n","protected":false},"author":1,"featured_media":4723,"comment_status":"open","ping_status":"open","sticky":false,"template":"","format":"standard","meta":{"colormag_page_container_layout":"default_layout","colormag_page_sidebar_layout":"default_layout","_FSMCFIC_featured_image_caption":"","_FSMCFIC_featured_image_nocaption":"","_FSMCFIC_featured_image_hide":"","footnotes":""},"categories":[5,1],"tags":[],"class_list":["post-4722","post","type-post","status-publish","format-standard","has-post-thumbnail","hentry","category-politica","category-ultimas"],"yoast_head":"<!-- This site is optimized with the Yoast SEO plugin v27.1.1 - https:\/\/yoast.com\/product\/yoast-seo-wordpress\/ -->\n<title>Bolsonarista Capit\u00e3o Alden foi o \u00fanico deputado federal da Bahia a visitar presos em Bras\u00edlia - Brasil not\u00edcias<\/title>\n<meta name=\"robots\" content=\"index, follow, max-snippet:-1, max-image-preview:large, max-video-preview:-1\" \/>\n<link rel=\"canonical\" href=\"https:\/\/brasilnoticias.org\/site\/bolsonarista-capitao-alden-foi-o-unico-deputado-federal-da-bahia-a-visitar-presos-em-brasilia\/\" \/>\n<meta property=\"og:locale\" content=\"pt_PT\" \/>\n<meta property=\"og:type\" content=\"article\" \/>\n<meta property=\"og:title\" content=\"Bolsonarista Capit\u00e3o Alden foi o \u00fanico deputado federal da Bahia a visitar presos em Bras\u00edlia - Brasil not\u00edcias\" \/>\n<meta property=\"og:description\" content=\"\u201cEstamos atuando por todas as vias formais poss\u00edveis para garantir que a justi\u00e7a e o devido processo legal prevale\u00e7am\u201d, diz\" \/>\n<meta property=\"og:url\" content=\"https:\/\/brasilnoticias.org\/site\/bolsonarista-capitao-alden-foi-o-unico-deputado-federal-da-bahia-a-visitar-presos-em-brasilia\/\" \/>\n<meta property=\"og:site_name\" content=\"Brasil not\u00edcias\" \/>\n<meta property=\"article:published_time\" content=\"2023-03-14T15:15:55+00:00\" \/>\n<meta property=\"og:image\" content=\"https:\/\/brasilnoticias.org\/site\/wp-content\/uploads\/2023\/03\/WhatsApp-Image-2023-03-14-at-11.00.48.jpeg\" \/>\n\t<meta property=\"og:image:width\" content=\"1600\" \/>\n\t<meta property=\"og:image:height\" content=\"1066\" \/>\n\t<meta property=\"og:image:type\" content=\"image\/jpeg\" \/>\n<meta name=\"author\" content=\"Reda\u00e7\u00e3o\" \/>\n<meta name=\"twitter:card\" content=\"summary_large_image\" \/>\n<meta name=\"twitter:label1\" content=\"Escrito por\" \/>\n\t<meta name=\"twitter:data1\" content=\"Reda\u00e7\u00e3o\" \/>\n<script type=\"application\/ld+json\" class=\"yoast-schema-graph\">{\"@context\":\"https:\/\/schema.org\",\"@graph\":[{\"@type\":\"Article\",\"@id\":\"https:\/\/brasilnoticias.org\/site\/bolsonarista-capitao-alden-foi-o-unico-deputado-federal-da-bahia-a-visitar-presos-em-brasilia\/#article\",\"isPartOf\":{\"@id\":\"https:\/\/brasilnoticias.org\/site\/bolsonarista-capitao-alden-foi-o-unico-deputado-federal-da-bahia-a-visitar-presos-em-brasilia\/\"},\"author\":{\"name\":\"Reda\u00e7\u00e3o\",\"@id\":\"https:\/\/brasilnoticias.org\/site\/#\/schema\/person\/a0e05b973ec4d15c658d51911e53507b\"},\"headline\":\"Bolsonarista Capit\u00e3o Alden foi o \u00fanico deputado federal da Bahia a visitar presos em Bras\u00edlia\",\"datePublished\":\"2023-03-14T15:15:55+00:00\",\"mainEntityOfPage\":{\"@id\":\"https:\/\/brasilnoticias.org\/site\/bolsonarista-capitao-alden-foi-o-unico-deputado-federal-da-bahia-a-visitar-presos-em-brasilia\/\"},\"wordCount\":345,\"commentCount\":0,\"publisher\":{\"@id\":\"https:\/\/brasilnoticias.org\/site\/#organization\"},\"image\":{\"@id\":\"https:\/\/brasilnoticias.org\/site\/bolsonarista-capitao-alden-foi-o-unico-deputado-federal-da-bahia-a-visitar-presos-em-brasilia\/#primaryimage\"},\"thumbnailUrl\":\"https:\/\/brasilnoticias.org\/site\/wp-content\/uploads\/2023\/03\/WhatsApp-Image-2023-03-14-at-11.00.48.jpeg\",\"articleSection\":[\"Pol\u00edtica\",\"\u00daltimas\"],\"inLanguage\":\"pt-PT\",\"potentialAction\":[{\"@type\":\"CommentAction\",\"name\":\"Comment\",\"target\":[\"https:\/\/brasilnoticias.org\/site\/bolsonarista-capitao-alden-foi-o-unico-deputado-federal-da-bahia-a-visitar-presos-em-brasilia\/#respond\"]}]},{\"@type\":\"WebPage\",\"@id\":\"https:\/\/brasilnoticias.org\/site\/bolsonarista-capitao-alden-foi-o-unico-deputado-federal-da-bahia-a-visitar-presos-em-brasilia\/\",\"url\":\"https:\/\/brasilnoticias.org\/site\/bolsonarista-capitao-alden-foi-o-unico-deputado-federal-da-bahia-a-visitar-presos-em-brasilia\/\",\"name\":\"Bolsonarista Capit\u00e3o Alden foi o \u00fanico deputado federal da Bahia a visitar presos em Bras\u00edlia - Brasil not\u00edcias\",\"isPartOf\":{\"@id\":\"https:\/\/brasilnoticias.org\/site\/#website\"},\"primaryImageOfPage\":{\"@id\":\"https:\/\/brasilnoticias.org\/site\/bolsonarista-capitao-alden-foi-o-unico-deputado-federal-da-bahia-a-visitar-presos-em-brasilia\/#primaryimage\"},\"image\":{\"@id\":\"https:\/\/brasilnoticias.org\/site\/bolsonarista-capitao-alden-foi-o-unico-deputado-federal-da-bahia-a-visitar-presos-em-brasilia\/#primaryimage\"},\"thumbnailUrl\":\"https:\/\/brasilnoticias.org\/site\/wp-content\/uploads\/2023\/03\/WhatsApp-Image-2023-03-14-at-11.00.48.jpeg\",\"datePublished\":\"2023-03-14T15:15:55+00:00\",\"breadcrumb\":{\"@id\":\"https:\/\/brasilnoticias.org\/site\/bolsonarista-capitao-alden-foi-o-unico-deputado-federal-da-bahia-a-visitar-presos-em-brasilia\/#breadcrumb\"},\"inLanguage\":\"pt-PT\",\"potentialAction\":[{\"@type\":\"ReadAction\",\"target\":[\"https:\/\/brasilnoticias.org\/site\/bolsonarista-capitao-alden-foi-o-unico-deputado-federal-da-bahia-a-visitar-presos-em-brasilia\/\"]}]},{\"@type\":\"ImageObject\",\"inLanguage\":\"pt-PT\",\"@id\":\"https:\/\/brasilnoticias.org\/site\/bolsonarista-capitao-alden-foi-o-unico-deputado-federal-da-bahia-a-visitar-presos-em-brasilia\/#primaryimage\",\"url\":\"https:\/\/brasilnoticias.org\/site\/wp-content\/uploads\/2023\/03\/WhatsApp-Image-2023-03-14-at-11.00.48.jpeg\",\"contentUrl\":\"https:\/\/brasilnoticias.org\/site\/wp-content\/uploads\/2023\/03\/WhatsApp-Image-2023-03-14-at-11.00.48.jpeg\",\"width\":1600,\"height\":1066},{\"@type\":\"BreadcrumbList\",\"@id\":\"https:\/\/brasilnoticias.org\/site\/bolsonarista-capitao-alden-foi-o-unico-deputado-federal-da-bahia-a-visitar-presos-em-brasilia\/#breadcrumb\",\"itemListElement\":[{\"@type\":\"ListItem\",\"position\":1,\"name\":\"In\u00edcio\",\"item\":\"https:\/\/brasilnoticias.org\/site\/\"},{\"@type\":\"ListItem\",\"position\":2,\"name\":\"Bolsonarista Capit\u00e3o Alden foi o \u00fanico deputado federal da Bahia a visitar presos em Bras\u00edlia\"}]},{\"@type\":\"WebSite\",\"@id\":\"https:\/\/brasilnoticias.org\/site\/#website\",\"url\":\"https:\/\/brasilnoticias.org\/site\/\",\"name\":\"Brasil not\u00edcias\",\"description\":\"Brasil not\u00edcias\",\"publisher\":{\"@id\":\"https:\/\/brasilnoticias.org\/site\/#organization\"},\"potentialAction\":[{\"@type\":\"SearchAction\",\"target\":{\"@type\":\"EntryPoint\",\"urlTemplate\":\"https:\/\/brasilnoticias.org\/site\/?s={search_term_string}\"},\"query-input\":{\"@type\":\"PropertyValueSpecification\",\"valueRequired\":true,\"valueName\":\"search_term_string\"}}],\"inLanguage\":\"pt-PT\"},{\"@type\":\"Organization\",\"@id\":\"https:\/\/brasilnoticias.org\/site\/#organization\",\"name\":\"Brasil not\u00edcias\",\"url\":\"https:\/\/brasilnoticias.org\/site\/\",\"logo\":{\"@type\":\"ImageObject\",\"inLanguage\":\"pt-PT\",\"@id\":\"https:\/\/brasilnoticias.org\/site\/#\/schema\/logo\/image\/\",\"url\":\"https:\/\/brasilnoticias.org\/site\/wp-content\/uploads\/2022\/05\/cropped-brasilnoticias-mini.jpg\",\"contentUrl\":\"https:\/\/brasilnoticias.org\/site\/wp-content\/uploads\/2022\/05\/cropped-brasilnoticias-mini.jpg\",\"width\":314,\"height\":86,\"caption\":\"Brasil not\u00edcias\"},\"image\":{\"@id\":\"https:\/\/brasilnoticias.org\/site\/#\/schema\/logo\/image\/\"}},{\"@type\":\"Person\",\"@id\":\"https:\/\/brasilnoticias.org\/site\/#\/schema\/person\/a0e05b973ec4d15c658d51911e53507b\",\"name\":\"Reda\u00e7\u00e3o\",\"image\":{\"@type\":\"ImageObject\",\"inLanguage\":\"pt-PT\",\"@id\":\"https:\/\/brasilnoticias.org\/site\/#\/schema\/person\/image\/\",\"url\":\"https:\/\/secure.gravatar.com\/avatar\/75d8b050df2de108b08ae78dfb8e374892df24a383c67db9c46a9c604f6aee9c?s=96&d=mm&r=g\",\"contentUrl\":\"https:\/\/secure.gravatar.com\/avatar\/75d8b050df2de108b08ae78dfb8e374892df24a383c67db9c46a9c604f6aee9c?s=96&d=mm&r=g\",\"caption\":\"Reda\u00e7\u00e3o\"},\"sameAs\":[\"https:\/\/brasilnoticias.org\/site\"],\"url\":\"https:\/\/brasilnoticias.org\/site\/author\/fernandozsngmail-com\/\"}]}<\/script>\n<!-- \/ Yoast SEO plugin. -->","yoast_head_json":{"title":"Bolsonarista Capit\u00e3o Alden foi o \u00fanico deputado federal da Bahia a visitar presos em Bras\u00edlia - Brasil not\u00edcias","robots":{"index":"index","follow":"follow","max-snippet":"max-snippet:-1","max-image-preview":"max-image-preview:large","max-video-preview":"max-video-preview:-1"},"canonical":"https:\/\/brasilnoticias.org\/site\/bolsonarista-capitao-alden-foi-o-unico-deputado-federal-da-bahia-a-visitar-presos-em-brasilia\/","og_locale":"pt_PT","og_type":"article","og_title":"Bolsonarista Capit\u00e3o Alden foi o \u00fanico deputado federal da Bahia a visitar presos em Bras\u00edlia - Brasil not\u00edcias","og_description":"\u201cEstamos atuando por todas as vias formais poss\u00edveis para garantir que a justi\u00e7a e o devido processo legal prevale\u00e7am\u201d, diz","og_url":"https:\/\/brasilnoticias.org\/site\/bolsonarista-capitao-alden-foi-o-unico-deputado-federal-da-bahia-a-visitar-presos-em-brasilia\/","og_site_name":"Brasil not\u00edcias","article_published_time":"2023-03-14T15:15:55+00:00","og_image":[{"width":1600,"height":1066,"url":"https:\/\/brasilnoticias.org\/site\/wp-content\/uploads\/2023\/03\/WhatsApp-Image-2023-03-14-at-11.00.48.jpeg","type":"image\/jpeg"}],"author":"Reda\u00e7\u00e3o","twitter_card":"summary_large_image","twitter_misc":{"Escrito por":"Reda\u00e7\u00e3o"},"schema":{"@context":"https:\/\/schema.org","@graph":[{"@type":"Article","@id":"https:\/\/brasilnoticias.org\/site\/bolsonarista-capitao-alden-foi-o-unico-deputado-federal-da-bahia-a-visitar-presos-em-brasilia\/#article","isPartOf":{"@id":"https:\/\/brasilnoticias.org\/site\/bolsonarista-capitao-alden-foi-o-unico-deputado-federal-da-bahia-a-visitar-presos-em-brasilia\/"},"author":{"name":"Reda\u00e7\u00e3o","@id":"https:\/\/brasilnoticias.org\/site\/#\/schema\/person\/a0e05b973ec4d15c658d51911e53507b"},"headline":"Bolsonarista Capit\u00e3o Alden foi o \u00fanico deputado federal da Bahia a visitar presos em Bras\u00edlia","datePublished":"2023-03-14T15:15:55+00:00","mainEntityOfPage":{"@id":"https:\/\/brasilnoticias.org\/site\/bolsonarista-capitao-alden-foi-o-unico-deputado-federal-da-bahia-a-visitar-presos-em-brasilia\/"},"wordCount":345,"commentCount":0,"publisher":{"@id":"https:\/\/brasilnoticias.org\/site\/#organization"},"image":{"@id":"https:\/\/brasilnoticias.org\/site\/bolsonarista-capitao-alden-foi-o-unico-deputado-federal-da-bahia-a-visitar-presos-em-brasilia\/#primaryimage"},"thumbnailUrl":"https:\/\/brasilnoticias.org\/site\/wp-content\/uploads\/2023\/03\/WhatsApp-Image-2023-03-14-at-11.00.48.jpeg","articleSection":["Pol\u00edtica","\u00daltimas"],"inLanguage":"pt-PT","potentialAction":[{"@type":"CommentAction","name":"Comment","target":["https:\/\/brasilnoticias.org\/site\/bolsonarista-capitao-alden-foi-o-unico-deputado-federal-da-bahia-a-visitar-presos-em-brasilia\/#respond"]}]},{"@type":"WebPage","@id":"https:\/\/brasilnoticias.org\/site\/bolsonarista-capitao-alden-foi-o-unico-deputado-federal-da-bahia-a-visitar-presos-em-brasilia\/","url":"https:\/\/brasilnoticias.org\/site\/bolsonarista-capitao-alden-foi-o-unico-deputado-federal-da-bahia-a-visitar-presos-em-brasilia\/","name":"Bolsonarista Capit\u00e3o Alden foi o \u00fanico deputado federal da Bahia a visitar presos em Bras\u00edlia - Brasil not\u00edcias","isPartOf":{"@id":"https:\/\/brasilnoticias.org\/site\/#website"},"primaryImageOfPage":{"@id":"https:\/\/brasilnoticias.org\/site\/bolsonarista-capitao-alden-foi-o-unico-deputado-federal-da-bahia-a-visitar-presos-em-brasilia\/#primaryimage"},"image":{"@id":"https:\/\/brasilnoticias.org\/site\/bolsonarista-capitao-alden-foi-o-unico-deputado-federal-da-bahia-a-visitar-presos-em-brasilia\/#primaryimage"},"thumbnailUrl":"https:\/\/brasilnoticias.org\/site\/wp-content\/uploads\/2023\/03\/WhatsApp-Image-2023-03-14-at-11.00.48.jpeg","datePublished":"2023-03-14T15:15:55+00:00","breadcrumb":{"@id":"https:\/\/brasilnoticias.org\/site\/bolsonarista-capitao-alden-foi-o-unico-deputado-federal-da-bahia-a-visitar-presos-em-brasilia\/#breadcrumb"},"inLanguage":"pt-PT","potentialAction":[{"@type":"ReadAction","target":["https:\/\/brasilnoticias.org\/site\/bolsonarista-capitao-alden-foi-o-unico-deputado-federal-da-bahia-a-visitar-presos-em-brasilia\/"]}]},{"@type":"ImageObject","inLanguage":"pt-PT","@id":"https:\/\/brasilnoticias.org\/site\/bolsonarista-capitao-alden-foi-o-unico-deputado-federal-da-bahia-a-visitar-presos-em-brasilia\/#primaryimage","url":"https:\/\/brasilnoticias.org\/site\/wp-content\/uploads\/2023\/03\/WhatsApp-Image-2023-03-14-at-11.00.48.jpeg","contentUrl":"https:\/\/brasilnoticias.org\/site\/wp-content\/uploads\/2023\/03\/WhatsApp-Image-2023-03-14-at-11.00.48.jpeg","width":1600,"height":1066},{"@type":"BreadcrumbList","@id":"https:\/\/brasilnoticias.org\/site\/bolsonarista-capitao-alden-foi-o-unico-deputado-federal-da-bahia-a-visitar-presos-em-brasilia\/#breadcrumb","itemListElement":[{"@type":"ListItem","position":1,"name":"In\u00edcio","item":"https:\/\/brasilnoticias.org\/site\/"},{"@type":"ListItem","position":2,"name":"Bolsonarista Capit\u00e3o Alden foi o \u00fanico deputado federal da Bahia a visitar presos em Bras\u00edlia"}]},{"@type":"WebSite","@id":"https:\/\/brasilnoticias.org\/site\/#website","url":"https:\/\/brasilnoticias.org\/site\/","name":"Brasil not\u00edcias","description":"Brasil not\u00edcias","publisher":{"@id":"https:\/\/brasilnoticias.org\/site\/#organization"},"potentialAction":[{"@type":"SearchAction","target":{"@type":"EntryPoint","urlTemplate":"https:\/\/brasilnoticias.org\/site\/?s={search_term_string}"},"query-input":{"@type":"PropertyValueSpecification","valueRequired":true,"valueName":"search_term_string"}}],"inLanguage":"pt-PT"},{"@type":"Organization","@id":"https:\/\/brasilnoticias.org\/site\/#organization","name":"Brasil not\u00edcias","url":"https:\/\/brasilnoticias.org\/site\/","logo":{"@type":"ImageObject","inLanguage":"pt-PT","@id":"https:\/\/brasilnoticias.org\/site\/#\/schema\/logo\/image\/","url":"https:\/\/brasilnoticias.org\/site\/wp-content\/uploads\/2022\/05\/cropped-brasilnoticias-mini.jpg","contentUrl":"https:\/\/brasilnoticias.org\/site\/wp-content\/uploads\/2022\/05\/cropped-brasilnoticias-mini.jpg","width":314,"height":86,"caption":"Brasil not\u00edcias"},"image":{"@id":"https:\/\/brasilnoticias.org\/site\/#\/schema\/logo\/image\/"}},{"@type":"Person","@id":"https:\/\/brasilnoticias.org\/site\/#\/schema\/person\/a0e05b973ec4d15c658d51911e53507b","name":"Reda\u00e7\u00e3o","image":{"@type":"ImageObject","inLanguage":"pt-PT","@id":"https:\/\/brasilnoticias.org\/site\/#\/schema\/person\/image\/","url":"https:\/\/secure.gravatar.com\/avatar\/75d8b050df2de108b08ae78dfb8e374892df24a383c67db9c46a9c604f6aee9c?s=96&d=mm&r=g","contentUrl":"https:\/\/secure.gravatar.com\/avatar\/75d8b050df2de108b08ae78dfb8e374892df24a383c67db9c46a9c604f6aee9c?s=96&d=mm&r=g","caption":"Reda\u00e7\u00e3o"},"sameAs":["https:\/\/brasilnoticias.org\/site"],"url":"https:\/\/brasilnoticias.org\/site\/author\/fernandozsngmail-com\/"}]}},"_links":{"self":[{"href":"https:\/\/brasilnoticias.org\/site\/wp-json\/wp\/v2\/posts\/4722","targetHints":{"allow":["GET"]}}],"collection":[{"href":"https:\/\/brasilnoticias.org\/site\/wp-json\/wp\/v2\/posts"}],"about":[{"href":"https:\/\/brasilnoticias.org\/site\/wp-json\/wp\/v2\/types\/post"}],"author":[{"embeddable":true,"href":"https:\/\/brasilnoticias.org\/site\/wp-json\/wp\/v2\/users\/1"}],"replies":[{"embeddable":true,"href":"https:\/\/brasilnoticias.org\/site\/wp-json\/wp\/v2\/comments?post=4722"}],"version-history":[{"count":1,"href":"https:\/\/brasilnoticias.org\/site\/wp-json\/wp\/v2\/posts\/4722\/revisions"}],"predecessor-version":[{"id":4724,"href":"https:\/\/brasilnoticias.org\/site\/wp-json\/wp\/v2\/posts\/4722\/revisions\/4724"}],"wp:featuredmedia":[{"embeddable":true,"href":"https:\/\/brasilnoticias.org\/site\/wp-json\/wp\/v2\/media\/4723"}],"wp:attachment":[{"href":"https:\/\/brasilnoticias.org\/site\/wp-json\/wp\/v2\/media?parent=4722"}],"wp:term":[{"taxonomy":"category","embeddable":true,"href":"https:\/\/brasilnoticias.org\/site\/wp-json\/wp\/v2\/categories?post=4722"},{"taxonomy":"post_tag","embeddable":true,"href":"https:\/\/brasilnoticias.org\/site\/wp-json\/wp\/v2\/tags?post=4722"}],"curies":[{"name":"wp","href":"https:\/\/api.w.org\/{rel}","templated":true}]}}