{"id":4728,"date":"2023-03-14T17:43:53","date_gmt":"2023-03-14T20:43:53","guid":{"rendered":"https:\/\/brasilnoticias.org\/site\/?p=4728"},"modified":"2023-03-14T17:43:53","modified_gmt":"2023-03-14T20:43:53","slug":"policia-civil-integra-operacao-internacional-de-combate-a-pirataria","status":"publish","type":"post","link":"https:\/\/brasilnoticias.org\/site\/policia-civil-integra-operacao-internacional-de-combate-a-pirataria\/","title":{"rendered":"Pol\u00edcia Civil integra opera\u00e7\u00e3o internacional de combate a pirataria"},"content":{"rendered":"<p>A Policia Civil de Juazeiro, vale do S\u00e3o Francisco baiano, integrou a 5\u00aa edi\u00e7\u00e3o da Opera\u00e7\u00e3o 404, realizada nesta ter\u00e7a-feira, 14. A opera\u00e7\u00e3o teve o objetivo de reprimir crimes contra a propriedade intelectual na internet, a\u00e7\u00e3o que foi realizada  de forma simult\u00e2nea em sete estados brasileiros, al\u00e9m de outros pa\u00edses. <\/p>\n<p>De acordo com a delegada L\u00edgia Nunes de S\u00e1, coordenadora da 17\u00aa Coorpin, os mandados de busca e apreens\u00e3o visavam localizar equipamentos utilizados para compartilhamento de conte\u00fado audiovisual, jogos e m\u00fasicas. <\/p>\n<p>\u201cEm Juazeiro foram apreendidos um notebook, um HD externo, tr\u00eas pendrives, tr\u00eas cart\u00f5es de mem\u00f3ria e um aparelho celular. Esse material ser\u00e1 encaminhado \u00e0 per\u00edcia\u201d, relatou a coordenadora. <\/p>\n<p>A opera\u00e7\u00e3o 404 faz parte de uma mobiliza\u00e7\u00e3o internacional coordenada pelo Minist\u00e9rio da Justi\u00e7a, por meio da Secretaria Nacional de Seguran\u00e7a P\u00fablica e as policiais civis dos estados envolvidos. O nome da opera\u00e7\u00e3o faz refer\u00eancia ao c\u00f3digo de resposta do protocolo HTTP para indicar que a p\u00e1gina n\u00e3o foi encontrada ou est\u00e1 indispon\u00edvel.<\/p>\n<p>\u201cEssa \u00e9 uma das principais a\u00e7\u00f5es da opera\u00e7\u00e3o, tornar indispon\u00edveis os servi\u00e7os criminosos que violam os direitos autorais das v\u00edtimas\u201d, pontuou a delegada. <\/p>\n<p>Durante a etapa da opera\u00e7\u00e3o foram bloqueados mais de 250 sites e aplicativos. Buscas s\u00e3o realizadas ainda no metaverso, para desativar canais que realizam transmiss\u00f5es ilegais de conte\u00fado. <\/p>\n<p>Foto: Ascom | PC-BA<\/p>\n","protected":false},"excerpt":{"rendered":"<p>A Policia Civil de Juazeiro, vale do S\u00e3o Francisco baiano, integrou a 5\u00aa edi\u00e7\u00e3o da Opera\u00e7\u00e3o 404, realizada nesta ter\u00e7a-feira,<\/p>\n","protected":false},"author":1,"featured_media":4729,"comment_status":"open","ping_status":"open","sticky":false,"template":"","format":"standard","meta":{"colormag_page_container_layout":"default_layout","colormag_page_sidebar_layout":"default_layout","_FSMCFIC_featured_image_caption":"","_FSMCFIC_featured_image_nocaption":"","_FSMCFIC_featured_image_hide":"","footnotes":""},"categories":[3,1],"tags":[],"class_list":["post-4728","post","type-post","status-publish","format-standard","has-post-thumbnail","hentry","category-policia","category-ultimas"],"yoast_head":"<!-- This site is optimized with the Yoast SEO plugin v27.1.1 - https:\/\/yoast.com\/product\/yoast-seo-wordpress\/ -->\n<title>Pol\u00edcia Civil integra opera\u00e7\u00e3o internacional de combate a pirataria - Brasil not\u00edcias<\/title>\n<meta name=\"robots\" content=\"index, follow, max-snippet:-1, max-image-preview:large, max-video-preview:-1\" \/>\n<link rel=\"canonical\" href=\"https:\/\/brasilnoticias.org\/site\/policia-civil-integra-operacao-internacional-de-combate-a-pirataria\/\" \/>\n<meta property=\"og:locale\" content=\"pt_PT\" \/>\n<meta property=\"og:type\" content=\"article\" \/>\n<meta property=\"og:title\" content=\"Pol\u00edcia Civil integra opera\u00e7\u00e3o internacional de combate a pirataria - Brasil not\u00edcias\" \/>\n<meta property=\"og:description\" content=\"A Policia Civil de Juazeiro, vale do S\u00e3o Francisco baiano, integrou a 5\u00aa edi\u00e7\u00e3o da Opera\u00e7\u00e3o 404, realizada nesta ter\u00e7a-feira,\" \/>\n<meta property=\"og:url\" content=\"https:\/\/brasilnoticias.org\/site\/policia-civil-integra-operacao-internacional-de-combate-a-pirataria\/\" \/>\n<meta property=\"og:site_name\" content=\"Brasil not\u00edcias\" \/>\n<meta property=\"article:published_time\" content=\"2023-03-14T20:43:53+00:00\" \/>\n<meta property=\"og:image\" content=\"https:\/\/brasilnoticias.org\/site\/wp-content\/uploads\/2023\/03\/Artigo-Destaque_01222317_00.jpg\" \/>\n\t<meta property=\"og:image:width\" content=\"1281\" \/>\n\t<meta property=\"og:image:height\" content=\"853\" \/>\n\t<meta property=\"og:image:type\" content=\"image\/jpeg\" \/>\n<meta name=\"author\" content=\"Reda\u00e7\u00e3o\" \/>\n<meta name=\"twitter:card\" content=\"summary_large_image\" \/>\n<meta name=\"twitter:label1\" content=\"Escrito por\" \/>\n\t<meta name=\"twitter:data1\" content=\"Reda\u00e7\u00e3o\" \/>\n<script type=\"application\/ld+json\" class=\"yoast-schema-graph\">{\"@context\":\"https:\/\/schema.org\",\"@graph\":[{\"@type\":\"Article\",\"@id\":\"https:\/\/brasilnoticias.org\/site\/policia-civil-integra-operacao-internacional-de-combate-a-pirataria\/#article\",\"isPartOf\":{\"@id\":\"https:\/\/brasilnoticias.org\/site\/policia-civil-integra-operacao-internacional-de-combate-a-pirataria\/\"},\"author\":{\"name\":\"Reda\u00e7\u00e3o\",\"@id\":\"https:\/\/brasilnoticias.org\/site\/#\/schema\/person\/a0e05b973ec4d15c658d51911e53507b\"},\"headline\":\"Pol\u00edcia Civil integra opera\u00e7\u00e3o internacional de combate a pirataria\",\"datePublished\":\"2023-03-14T20:43:53+00:00\",\"mainEntityOfPage\":{\"@id\":\"https:\/\/brasilnoticias.org\/site\/policia-civil-integra-operacao-internacional-de-combate-a-pirataria\/\"},\"wordCount\":258,\"commentCount\":0,\"publisher\":{\"@id\":\"https:\/\/brasilnoticias.org\/site\/#organization\"},\"image\":{\"@id\":\"https:\/\/brasilnoticias.org\/site\/policia-civil-integra-operacao-internacional-de-combate-a-pirataria\/#primaryimage\"},\"thumbnailUrl\":\"https:\/\/brasilnoticias.org\/site\/wp-content\/uploads\/2023\/03\/Artigo-Destaque_01222317_00.jpg\",\"articleSection\":[\"Pol\u00edcia\",\"\u00daltimas\"],\"inLanguage\":\"pt-PT\",\"potentialAction\":[{\"@type\":\"CommentAction\",\"name\":\"Comment\",\"target\":[\"https:\/\/brasilnoticias.org\/site\/policia-civil-integra-operacao-internacional-de-combate-a-pirataria\/#respond\"]}]},{\"@type\":\"WebPage\",\"@id\":\"https:\/\/brasilnoticias.org\/site\/policia-civil-integra-operacao-internacional-de-combate-a-pirataria\/\",\"url\":\"https:\/\/brasilnoticias.org\/site\/policia-civil-integra-operacao-internacional-de-combate-a-pirataria\/\",\"name\":\"Pol\u00edcia Civil integra opera\u00e7\u00e3o internacional de combate a pirataria - Brasil not\u00edcias\",\"isPartOf\":{\"@id\":\"https:\/\/brasilnoticias.org\/site\/#website\"},\"primaryImageOfPage\":{\"@id\":\"https:\/\/brasilnoticias.org\/site\/policia-civil-integra-operacao-internacional-de-combate-a-pirataria\/#primaryimage\"},\"image\":{\"@id\":\"https:\/\/brasilnoticias.org\/site\/policia-civil-integra-operacao-internacional-de-combate-a-pirataria\/#primaryimage\"},\"thumbnailUrl\":\"https:\/\/brasilnoticias.org\/site\/wp-content\/uploads\/2023\/03\/Artigo-Destaque_01222317_00.jpg\",\"datePublished\":\"2023-03-14T20:43:53+00:00\",\"breadcrumb\":{\"@id\":\"https:\/\/brasilnoticias.org\/site\/policia-civil-integra-operacao-internacional-de-combate-a-pirataria\/#breadcrumb\"},\"inLanguage\":\"pt-PT\",\"potentialAction\":[{\"@type\":\"ReadAction\",\"target\":[\"https:\/\/brasilnoticias.org\/site\/policia-civil-integra-operacao-internacional-de-combate-a-pirataria\/\"]}]},{\"@type\":\"ImageObject\",\"inLanguage\":\"pt-PT\",\"@id\":\"https:\/\/brasilnoticias.org\/site\/policia-civil-integra-operacao-internacional-de-combate-a-pirataria\/#primaryimage\",\"url\":\"https:\/\/brasilnoticias.org\/site\/wp-content\/uploads\/2023\/03\/Artigo-Destaque_01222317_00.jpg\",\"contentUrl\":\"https:\/\/brasilnoticias.org\/site\/wp-content\/uploads\/2023\/03\/Artigo-Destaque_01222317_00.jpg\",\"width\":1281,\"height\":853},{\"@type\":\"BreadcrumbList\",\"@id\":\"https:\/\/brasilnoticias.org\/site\/policia-civil-integra-operacao-internacional-de-combate-a-pirataria\/#breadcrumb\",\"itemListElement\":[{\"@type\":\"ListItem\",\"position\":1,\"name\":\"In\u00edcio\",\"item\":\"https:\/\/brasilnoticias.org\/site\/\"},{\"@type\":\"ListItem\",\"position\":2,\"name\":\"Pol\u00edcia Civil integra opera\u00e7\u00e3o internacional de combate a pirataria\"}]},{\"@type\":\"WebSite\",\"@id\":\"https:\/\/brasilnoticias.org\/site\/#website\",\"url\":\"https:\/\/brasilnoticias.org\/site\/\",\"name\":\"Brasil not\u00edcias\",\"description\":\"Brasil not\u00edcias\",\"publisher\":{\"@id\":\"https:\/\/brasilnoticias.org\/site\/#organization\"},\"potentialAction\":[{\"@type\":\"SearchAction\",\"target\":{\"@type\":\"EntryPoint\",\"urlTemplate\":\"https:\/\/brasilnoticias.org\/site\/?s={search_term_string}\"},\"query-input\":{\"@type\":\"PropertyValueSpecification\",\"valueRequired\":true,\"valueName\":\"search_term_string\"}}],\"inLanguage\":\"pt-PT\"},{\"@type\":\"Organization\",\"@id\":\"https:\/\/brasilnoticias.org\/site\/#organization\",\"name\":\"Brasil not\u00edcias\",\"url\":\"https:\/\/brasilnoticias.org\/site\/\",\"logo\":{\"@type\":\"ImageObject\",\"inLanguage\":\"pt-PT\",\"@id\":\"https:\/\/brasilnoticias.org\/site\/#\/schema\/logo\/image\/\",\"url\":\"https:\/\/brasilnoticias.org\/site\/wp-content\/uploads\/2022\/05\/cropped-brasilnoticias-mini.jpg\",\"contentUrl\":\"https:\/\/brasilnoticias.org\/site\/wp-content\/uploads\/2022\/05\/cropped-brasilnoticias-mini.jpg\",\"width\":314,\"height\":86,\"caption\":\"Brasil not\u00edcias\"},\"image\":{\"@id\":\"https:\/\/brasilnoticias.org\/site\/#\/schema\/logo\/image\/\"}},{\"@type\":\"Person\",\"@id\":\"https:\/\/brasilnoticias.org\/site\/#\/schema\/person\/a0e05b973ec4d15c658d51911e53507b\",\"name\":\"Reda\u00e7\u00e3o\",\"image\":{\"@type\":\"ImageObject\",\"inLanguage\":\"pt-PT\",\"@id\":\"https:\/\/brasilnoticias.org\/site\/#\/schema\/person\/image\/\",\"url\":\"https:\/\/secure.gravatar.com\/avatar\/75d8b050df2de108b08ae78dfb8e374892df24a383c67db9c46a9c604f6aee9c?s=96&d=mm&r=g\",\"contentUrl\":\"https:\/\/secure.gravatar.com\/avatar\/75d8b050df2de108b08ae78dfb8e374892df24a383c67db9c46a9c604f6aee9c?s=96&d=mm&r=g\",\"caption\":\"Reda\u00e7\u00e3o\"},\"sameAs\":[\"https:\/\/brasilnoticias.org\/site\"],\"url\":\"https:\/\/brasilnoticias.org\/site\/author\/fernandozsngmail-com\/\"}]}<\/script>\n<!-- \/ Yoast SEO plugin. -->","yoast_head_json":{"title":"Pol\u00edcia Civil integra opera\u00e7\u00e3o internacional de combate a pirataria - Brasil not\u00edcias","robots":{"index":"index","follow":"follow","max-snippet":"max-snippet:-1","max-image-preview":"max-image-preview:large","max-video-preview":"max-video-preview:-1"},"canonical":"https:\/\/brasilnoticias.org\/site\/policia-civil-integra-operacao-internacional-de-combate-a-pirataria\/","og_locale":"pt_PT","og_type":"article","og_title":"Pol\u00edcia Civil integra opera\u00e7\u00e3o internacional de combate a pirataria - Brasil not\u00edcias","og_description":"A Policia Civil de Juazeiro, vale do S\u00e3o Francisco baiano, integrou a 5\u00aa edi\u00e7\u00e3o da Opera\u00e7\u00e3o 404, realizada nesta ter\u00e7a-feira,","og_url":"https:\/\/brasilnoticias.org\/site\/policia-civil-integra-operacao-internacional-de-combate-a-pirataria\/","og_site_name":"Brasil not\u00edcias","article_published_time":"2023-03-14T20:43:53+00:00","og_image":[{"width":1281,"height":853,"url":"https:\/\/brasilnoticias.org\/site\/wp-content\/uploads\/2023\/03\/Artigo-Destaque_01222317_00.jpg","type":"image\/jpeg"}],"author":"Reda\u00e7\u00e3o","twitter_card":"summary_large_image","twitter_misc":{"Escrito por":"Reda\u00e7\u00e3o"},"schema":{"@context":"https:\/\/schema.org","@graph":[{"@type":"Article","@id":"https:\/\/brasilnoticias.org\/site\/policia-civil-integra-operacao-internacional-de-combate-a-pirataria\/#article","isPartOf":{"@id":"https:\/\/brasilnoticias.org\/site\/policia-civil-integra-operacao-internacional-de-combate-a-pirataria\/"},"author":{"name":"Reda\u00e7\u00e3o","@id":"https:\/\/brasilnoticias.org\/site\/#\/schema\/person\/a0e05b973ec4d15c658d51911e53507b"},"headline":"Pol\u00edcia Civil integra opera\u00e7\u00e3o internacional de combate a pirataria","datePublished":"2023-03-14T20:43:53+00:00","mainEntityOfPage":{"@id":"https:\/\/brasilnoticias.org\/site\/policia-civil-integra-operacao-internacional-de-combate-a-pirataria\/"},"wordCount":258,"commentCount":0,"publisher":{"@id":"https:\/\/brasilnoticias.org\/site\/#organization"},"image":{"@id":"https:\/\/brasilnoticias.org\/site\/policia-civil-integra-operacao-internacional-de-combate-a-pirataria\/#primaryimage"},"thumbnailUrl":"https:\/\/brasilnoticias.org\/site\/wp-content\/uploads\/2023\/03\/Artigo-Destaque_01222317_00.jpg","articleSection":["Pol\u00edcia","\u00daltimas"],"inLanguage":"pt-PT","potentialAction":[{"@type":"CommentAction","name":"Comment","target":["https:\/\/brasilnoticias.org\/site\/policia-civil-integra-operacao-internacional-de-combate-a-pirataria\/#respond"]}]},{"@type":"WebPage","@id":"https:\/\/brasilnoticias.org\/site\/policia-civil-integra-operacao-internacional-de-combate-a-pirataria\/","url":"https:\/\/brasilnoticias.org\/site\/policia-civil-integra-operacao-internacional-de-combate-a-pirataria\/","name":"Pol\u00edcia Civil integra opera\u00e7\u00e3o internacional de combate a pirataria - Brasil not\u00edcias","isPartOf":{"@id":"https:\/\/brasilnoticias.org\/site\/#website"},"primaryImageOfPage":{"@id":"https:\/\/brasilnoticias.org\/site\/policia-civil-integra-operacao-internacional-de-combate-a-pirataria\/#primaryimage"},"image":{"@id":"https:\/\/brasilnoticias.org\/site\/policia-civil-integra-operacao-internacional-de-combate-a-pirataria\/#primaryimage"},"thumbnailUrl":"https:\/\/brasilnoticias.org\/site\/wp-content\/uploads\/2023\/03\/Artigo-Destaque_01222317_00.jpg","datePublished":"2023-03-14T20:43:53+00:00","breadcrumb":{"@id":"https:\/\/brasilnoticias.org\/site\/policia-civil-integra-operacao-internacional-de-combate-a-pirataria\/#breadcrumb"},"inLanguage":"pt-PT","potentialAction":[{"@type":"ReadAction","target":["https:\/\/brasilnoticias.org\/site\/policia-civil-integra-operacao-internacional-de-combate-a-pirataria\/"]}]},{"@type":"ImageObject","inLanguage":"pt-PT","@id":"https:\/\/brasilnoticias.org\/site\/policia-civil-integra-operacao-internacional-de-combate-a-pirataria\/#primaryimage","url":"https:\/\/brasilnoticias.org\/site\/wp-content\/uploads\/2023\/03\/Artigo-Destaque_01222317_00.jpg","contentUrl":"https:\/\/brasilnoticias.org\/site\/wp-content\/uploads\/2023\/03\/Artigo-Destaque_01222317_00.jpg","width":1281,"height":853},{"@type":"BreadcrumbList","@id":"https:\/\/brasilnoticias.org\/site\/policia-civil-integra-operacao-internacional-de-combate-a-pirataria\/#breadcrumb","itemListElement":[{"@type":"ListItem","position":1,"name":"In\u00edcio","item":"https:\/\/brasilnoticias.org\/site\/"},{"@type":"ListItem","position":2,"name":"Pol\u00edcia Civil integra opera\u00e7\u00e3o internacional de combate a pirataria"}]},{"@type":"WebSite","@id":"https:\/\/brasilnoticias.org\/site\/#website","url":"https:\/\/brasilnoticias.org\/site\/","name":"Brasil not\u00edcias","description":"Brasil not\u00edcias","publisher":{"@id":"https:\/\/brasilnoticias.org\/site\/#organization"},"potentialAction":[{"@type":"SearchAction","target":{"@type":"EntryPoint","urlTemplate":"https:\/\/brasilnoticias.org\/site\/?s={search_term_string}"},"query-input":{"@type":"PropertyValueSpecification","valueRequired":true,"valueName":"search_term_string"}}],"inLanguage":"pt-PT"},{"@type":"Organization","@id":"https:\/\/brasilnoticias.org\/site\/#organization","name":"Brasil not\u00edcias","url":"https:\/\/brasilnoticias.org\/site\/","logo":{"@type":"ImageObject","inLanguage":"pt-PT","@id":"https:\/\/brasilnoticias.org\/site\/#\/schema\/logo\/image\/","url":"https:\/\/brasilnoticias.org\/site\/wp-content\/uploads\/2022\/05\/cropped-brasilnoticias-mini.jpg","contentUrl":"https:\/\/brasilnoticias.org\/site\/wp-content\/uploads\/2022\/05\/cropped-brasilnoticias-mini.jpg","width":314,"height":86,"caption":"Brasil not\u00edcias"},"image":{"@id":"https:\/\/brasilnoticias.org\/site\/#\/schema\/logo\/image\/"}},{"@type":"Person","@id":"https:\/\/brasilnoticias.org\/site\/#\/schema\/person\/a0e05b973ec4d15c658d51911e53507b","name":"Reda\u00e7\u00e3o","image":{"@type":"ImageObject","inLanguage":"pt-PT","@id":"https:\/\/brasilnoticias.org\/site\/#\/schema\/person\/image\/","url":"https:\/\/secure.gravatar.com\/avatar\/75d8b050df2de108b08ae78dfb8e374892df24a383c67db9c46a9c604f6aee9c?s=96&d=mm&r=g","contentUrl":"https:\/\/secure.gravatar.com\/avatar\/75d8b050df2de108b08ae78dfb8e374892df24a383c67db9c46a9c604f6aee9c?s=96&d=mm&r=g","caption":"Reda\u00e7\u00e3o"},"sameAs":["https:\/\/brasilnoticias.org\/site"],"url":"https:\/\/brasilnoticias.org\/site\/author\/fernandozsngmail-com\/"}]}},"_links":{"self":[{"href":"https:\/\/brasilnoticias.org\/site\/wp-json\/wp\/v2\/posts\/4728","targetHints":{"allow":["GET"]}}],"collection":[{"href":"https:\/\/brasilnoticias.org\/site\/wp-json\/wp\/v2\/posts"}],"about":[{"href":"https:\/\/brasilnoticias.org\/site\/wp-json\/wp\/v2\/types\/post"}],"author":[{"embeddable":true,"href":"https:\/\/brasilnoticias.org\/site\/wp-json\/wp\/v2\/users\/1"}],"replies":[{"embeddable":true,"href":"https:\/\/brasilnoticias.org\/site\/wp-json\/wp\/v2\/comments?post=4728"}],"version-history":[{"count":1,"href":"https:\/\/brasilnoticias.org\/site\/wp-json\/wp\/v2\/posts\/4728\/revisions"}],"predecessor-version":[{"id":4730,"href":"https:\/\/brasilnoticias.org\/site\/wp-json\/wp\/v2\/posts\/4728\/revisions\/4730"}],"wp:featuredmedia":[{"embeddable":true,"href":"https:\/\/brasilnoticias.org\/site\/wp-json\/wp\/v2\/media\/4729"}],"wp:attachment":[{"href":"https:\/\/brasilnoticias.org\/site\/wp-json\/wp\/v2\/media?parent=4728"}],"wp:term":[{"taxonomy":"category","embeddable":true,"href":"https:\/\/brasilnoticias.org\/site\/wp-json\/wp\/v2\/categories?post=4728"},{"taxonomy":"post_tag","embeddable":true,"href":"https:\/\/brasilnoticias.org\/site\/wp-json\/wp\/v2\/tags?post=4728"}],"curies":[{"name":"wp","href":"https:\/\/api.w.org\/{rel}","templated":true}]}}