{"id":4740,"date":"2023-03-15T07:10:20","date_gmt":"2023-03-15T10:10:20","guid":{"rendered":"https:\/\/brasilnoticias.org\/site\/?p=4740"},"modified":"2023-03-14T17:51:18","modified_gmt":"2023-03-14T20:51:18","slug":"empresario-e-sequestrado-por-falsos-policiais-em-brumado","status":"publish","type":"post","link":"https:\/\/brasilnoticias.org\/site\/empresario-e-sequestrado-por-falsos-policiais-em-brumado\/","title":{"rendered":"Empres\u00e1rio \u00e9 sequestrado por falsos policiais em Brumado"},"content":{"rendered":"<p>Um empres\u00e1rio do munic\u00edpio de Brumado, sudoeste da Bahia, que n\u00e3o teve o nome revelado, foi sequestrado na manh\u00e3 de segunda-feira, 13, no distrito de Itaquara\u00ed. O homem s\u00f3 foi liberado ap\u00f3s realizar o pagamento de R$ 15 mil reais.<\/p>\n<p>De acordo a Pol\u00edcia Militar, tr\u00eas suspeitos se passaram por policiais civis e chegaram no mercado a bordo de um ve\u00edculo branco no momento que o empres\u00e1rio abria o estabelecimento comercial.<\/p>\n<p>Na a\u00e7\u00e3o os homens invadiram a casa de um comerciante, utilizando camisas falsas com o emblema da Pol\u00edcia Civil e roubaram botij\u00f5es de g\u00e1s, combust\u00edveis armazenados e ainda levaram o homem como ref\u00e9m, que foi liberado momentos depois na cidade de Brumado.<\/p>\n<p>Ainda de acordo com a Pol\u00edcia Militar, o ve\u00edculo usado pelos criminosos, com placas de Goi\u00e2nia (GO), foi deixado em frente \u00e0 uma f\u00e1brica de postes localizada no Anel Vi\u00e1rio da BR-030. O ve\u00edculo tinha restri\u00e7\u00f5es de furto\/roubo.<\/p>\n<p>O ve\u00edculo e os itens roubados foram encaminhados a Delegacia de Brumado, que j\u00e1 iniciou a investiga\u00e7\u00e3o do caso. Os suspeitos est\u00e3o identificados e a unidade j\u00e1 solicitou medidas cautelares, al\u00e9m de realizar buscas com o objetivo de localizar os criminosos.<\/p>\n<p>Foto: Luciano Santos l 97NEWS<br \/>\nA Tarde<\/p>\n","protected":false},"excerpt":{"rendered":"<p>Um empres\u00e1rio do munic\u00edpio de Brumado, sudoeste da Bahia, que n\u00e3o teve o nome revelado, foi sequestrado na manh\u00e3 de<\/p>\n","protected":false},"author":1,"featured_media":4741,"comment_status":"open","ping_status":"open","sticky":false,"template":"","format":"standard","meta":{"colormag_page_container_layout":"default_layout","colormag_page_sidebar_layout":"default_layout","_FSMCFIC_featured_image_caption":"","_FSMCFIC_featured_image_nocaption":"","_FSMCFIC_featured_image_hide":"","footnotes":""},"categories":[3,1],"tags":[],"class_list":["post-4740","post","type-post","status-publish","format-standard","has-post-thumbnail","hentry","category-policia","category-ultimas"],"yoast_head":"<!-- This site is optimized with the Yoast SEO plugin v27.1.1 - https:\/\/yoast.com\/product\/yoast-seo-wordpress\/ -->\n<title>Empres\u00e1rio \u00e9 sequestrado por falsos policiais em Brumado - Brasil not\u00edcias<\/title>\n<meta name=\"robots\" content=\"index, follow, max-snippet:-1, max-image-preview:large, max-video-preview:-1\" \/>\n<link rel=\"canonical\" href=\"https:\/\/brasilnoticias.org\/site\/empresario-e-sequestrado-por-falsos-policiais-em-brumado\/\" \/>\n<meta property=\"og:locale\" content=\"pt_PT\" \/>\n<meta property=\"og:type\" content=\"article\" \/>\n<meta property=\"og:title\" content=\"Empres\u00e1rio \u00e9 sequestrado por falsos policiais em Brumado - Brasil not\u00edcias\" \/>\n<meta property=\"og:description\" content=\"Um empres\u00e1rio do munic\u00edpio de Brumado, sudoeste da Bahia, que n\u00e3o teve o nome revelado, foi sequestrado na manh\u00e3 de\" \/>\n<meta property=\"og:url\" content=\"https:\/\/brasilnoticias.org\/site\/empresario-e-sequestrado-por-falsos-policiais-em-brumado\/\" \/>\n<meta property=\"og:site_name\" content=\"Brasil not\u00edcias\" \/>\n<meta property=\"article:published_time\" content=\"2023-03-15T10:10:20+00:00\" \/>\n<meta property=\"og:image\" content=\"https:\/\/brasilnoticias.org\/site\/wp-content\/uploads\/2023\/03\/Artigo-Destaque_01222276_00.jpg\" \/>\n\t<meta property=\"og:image:width\" content=\"801\" \/>\n\t<meta property=\"og:image:height\" content=\"600\" \/>\n\t<meta property=\"og:image:type\" content=\"image\/jpeg\" \/>\n<meta name=\"author\" content=\"Reda\u00e7\u00e3o\" \/>\n<meta name=\"twitter:card\" content=\"summary_large_image\" \/>\n<meta name=\"twitter:label1\" content=\"Escrito por\" \/>\n\t<meta name=\"twitter:data1\" content=\"Reda\u00e7\u00e3o\" \/>\n<script type=\"application\/ld+json\" class=\"yoast-schema-graph\">{\"@context\":\"https:\/\/schema.org\",\"@graph\":[{\"@type\":\"Article\",\"@id\":\"https:\/\/brasilnoticias.org\/site\/empresario-e-sequestrado-por-falsos-policiais-em-brumado\/#article\",\"isPartOf\":{\"@id\":\"https:\/\/brasilnoticias.org\/site\/empresario-e-sequestrado-por-falsos-policiais-em-brumado\/\"},\"author\":{\"name\":\"Reda\u00e7\u00e3o\",\"@id\":\"https:\/\/brasilnoticias.org\/site\/#\/schema\/person\/a0e05b973ec4d15c658d51911e53507b\"},\"headline\":\"Empres\u00e1rio \u00e9 sequestrado por falsos policiais em Brumado\",\"datePublished\":\"2023-03-15T10:10:20+00:00\",\"mainEntityOfPage\":{\"@id\":\"https:\/\/brasilnoticias.org\/site\/empresario-e-sequestrado-por-falsos-policiais-em-brumado\/\"},\"wordCount\":230,\"commentCount\":0,\"publisher\":{\"@id\":\"https:\/\/brasilnoticias.org\/site\/#organization\"},\"image\":{\"@id\":\"https:\/\/brasilnoticias.org\/site\/empresario-e-sequestrado-por-falsos-policiais-em-brumado\/#primaryimage\"},\"thumbnailUrl\":\"https:\/\/brasilnoticias.org\/site\/wp-content\/uploads\/2023\/03\/Artigo-Destaque_01222276_00.jpg\",\"articleSection\":[\"Pol\u00edcia\",\"\u00daltimas\"],\"inLanguage\":\"pt-PT\",\"potentialAction\":[{\"@type\":\"CommentAction\",\"name\":\"Comment\",\"target\":[\"https:\/\/brasilnoticias.org\/site\/empresario-e-sequestrado-por-falsos-policiais-em-brumado\/#respond\"]}]},{\"@type\":\"WebPage\",\"@id\":\"https:\/\/brasilnoticias.org\/site\/empresario-e-sequestrado-por-falsos-policiais-em-brumado\/\",\"url\":\"https:\/\/brasilnoticias.org\/site\/empresario-e-sequestrado-por-falsos-policiais-em-brumado\/\",\"name\":\"Empres\u00e1rio \u00e9 sequestrado por falsos policiais em Brumado - Brasil not\u00edcias\",\"isPartOf\":{\"@id\":\"https:\/\/brasilnoticias.org\/site\/#website\"},\"primaryImageOfPage\":{\"@id\":\"https:\/\/brasilnoticias.org\/site\/empresario-e-sequestrado-por-falsos-policiais-em-brumado\/#primaryimage\"},\"image\":{\"@id\":\"https:\/\/brasilnoticias.org\/site\/empresario-e-sequestrado-por-falsos-policiais-em-brumado\/#primaryimage\"},\"thumbnailUrl\":\"https:\/\/brasilnoticias.org\/site\/wp-content\/uploads\/2023\/03\/Artigo-Destaque_01222276_00.jpg\",\"datePublished\":\"2023-03-15T10:10:20+00:00\",\"breadcrumb\":{\"@id\":\"https:\/\/brasilnoticias.org\/site\/empresario-e-sequestrado-por-falsos-policiais-em-brumado\/#breadcrumb\"},\"inLanguage\":\"pt-PT\",\"potentialAction\":[{\"@type\":\"ReadAction\",\"target\":[\"https:\/\/brasilnoticias.org\/site\/empresario-e-sequestrado-por-falsos-policiais-em-brumado\/\"]}]},{\"@type\":\"ImageObject\",\"inLanguage\":\"pt-PT\",\"@id\":\"https:\/\/brasilnoticias.org\/site\/empresario-e-sequestrado-por-falsos-policiais-em-brumado\/#primaryimage\",\"url\":\"https:\/\/brasilnoticias.org\/site\/wp-content\/uploads\/2023\/03\/Artigo-Destaque_01222276_00.jpg\",\"contentUrl\":\"https:\/\/brasilnoticias.org\/site\/wp-content\/uploads\/2023\/03\/Artigo-Destaque_01222276_00.jpg\",\"width\":801,\"height\":600},{\"@type\":\"BreadcrumbList\",\"@id\":\"https:\/\/brasilnoticias.org\/site\/empresario-e-sequestrado-por-falsos-policiais-em-brumado\/#breadcrumb\",\"itemListElement\":[{\"@type\":\"ListItem\",\"position\":1,\"name\":\"In\u00edcio\",\"item\":\"https:\/\/brasilnoticias.org\/site\/\"},{\"@type\":\"ListItem\",\"position\":2,\"name\":\"Empres\u00e1rio \u00e9 sequestrado por falsos policiais em Brumado\"}]},{\"@type\":\"WebSite\",\"@id\":\"https:\/\/brasilnoticias.org\/site\/#website\",\"url\":\"https:\/\/brasilnoticias.org\/site\/\",\"name\":\"Brasil not\u00edcias\",\"description\":\"Brasil not\u00edcias\",\"publisher\":{\"@id\":\"https:\/\/brasilnoticias.org\/site\/#organization\"},\"potentialAction\":[{\"@type\":\"SearchAction\",\"target\":{\"@type\":\"EntryPoint\",\"urlTemplate\":\"https:\/\/brasilnoticias.org\/site\/?s={search_term_string}\"},\"query-input\":{\"@type\":\"PropertyValueSpecification\",\"valueRequired\":true,\"valueName\":\"search_term_string\"}}],\"inLanguage\":\"pt-PT\"},{\"@type\":\"Organization\",\"@id\":\"https:\/\/brasilnoticias.org\/site\/#organization\",\"name\":\"Brasil not\u00edcias\",\"url\":\"https:\/\/brasilnoticias.org\/site\/\",\"logo\":{\"@type\":\"ImageObject\",\"inLanguage\":\"pt-PT\",\"@id\":\"https:\/\/brasilnoticias.org\/site\/#\/schema\/logo\/image\/\",\"url\":\"https:\/\/brasilnoticias.org\/site\/wp-content\/uploads\/2022\/05\/cropped-brasilnoticias-mini.jpg\",\"contentUrl\":\"https:\/\/brasilnoticias.org\/site\/wp-content\/uploads\/2022\/05\/cropped-brasilnoticias-mini.jpg\",\"width\":314,\"height\":86,\"caption\":\"Brasil not\u00edcias\"},\"image\":{\"@id\":\"https:\/\/brasilnoticias.org\/site\/#\/schema\/logo\/image\/\"}},{\"@type\":\"Person\",\"@id\":\"https:\/\/brasilnoticias.org\/site\/#\/schema\/person\/a0e05b973ec4d15c658d51911e53507b\",\"name\":\"Reda\u00e7\u00e3o\",\"image\":{\"@type\":\"ImageObject\",\"inLanguage\":\"pt-PT\",\"@id\":\"https:\/\/brasilnoticias.org\/site\/#\/schema\/person\/image\/\",\"url\":\"https:\/\/secure.gravatar.com\/avatar\/75d8b050df2de108b08ae78dfb8e374892df24a383c67db9c46a9c604f6aee9c?s=96&d=mm&r=g\",\"contentUrl\":\"https:\/\/secure.gravatar.com\/avatar\/75d8b050df2de108b08ae78dfb8e374892df24a383c67db9c46a9c604f6aee9c?s=96&d=mm&r=g\",\"caption\":\"Reda\u00e7\u00e3o\"},\"sameAs\":[\"https:\/\/brasilnoticias.org\/site\"],\"url\":\"https:\/\/brasilnoticias.org\/site\/author\/fernandozsngmail-com\/\"}]}<\/script>\n<!-- \/ Yoast SEO plugin. -->","yoast_head_json":{"title":"Empres\u00e1rio \u00e9 sequestrado por falsos policiais em Brumado - Brasil not\u00edcias","robots":{"index":"index","follow":"follow","max-snippet":"max-snippet:-1","max-image-preview":"max-image-preview:large","max-video-preview":"max-video-preview:-1"},"canonical":"https:\/\/brasilnoticias.org\/site\/empresario-e-sequestrado-por-falsos-policiais-em-brumado\/","og_locale":"pt_PT","og_type":"article","og_title":"Empres\u00e1rio \u00e9 sequestrado por falsos policiais em Brumado - Brasil not\u00edcias","og_description":"Um empres\u00e1rio do munic\u00edpio de Brumado, sudoeste da Bahia, que n\u00e3o teve o nome revelado, foi sequestrado na manh\u00e3 de","og_url":"https:\/\/brasilnoticias.org\/site\/empresario-e-sequestrado-por-falsos-policiais-em-brumado\/","og_site_name":"Brasil not\u00edcias","article_published_time":"2023-03-15T10:10:20+00:00","og_image":[{"width":801,"height":600,"url":"https:\/\/brasilnoticias.org\/site\/wp-content\/uploads\/2023\/03\/Artigo-Destaque_01222276_00.jpg","type":"image\/jpeg"}],"author":"Reda\u00e7\u00e3o","twitter_card":"summary_large_image","twitter_misc":{"Escrito por":"Reda\u00e7\u00e3o"},"schema":{"@context":"https:\/\/schema.org","@graph":[{"@type":"Article","@id":"https:\/\/brasilnoticias.org\/site\/empresario-e-sequestrado-por-falsos-policiais-em-brumado\/#article","isPartOf":{"@id":"https:\/\/brasilnoticias.org\/site\/empresario-e-sequestrado-por-falsos-policiais-em-brumado\/"},"author":{"name":"Reda\u00e7\u00e3o","@id":"https:\/\/brasilnoticias.org\/site\/#\/schema\/person\/a0e05b973ec4d15c658d51911e53507b"},"headline":"Empres\u00e1rio \u00e9 sequestrado por falsos policiais em Brumado","datePublished":"2023-03-15T10:10:20+00:00","mainEntityOfPage":{"@id":"https:\/\/brasilnoticias.org\/site\/empresario-e-sequestrado-por-falsos-policiais-em-brumado\/"},"wordCount":230,"commentCount":0,"publisher":{"@id":"https:\/\/brasilnoticias.org\/site\/#organization"},"image":{"@id":"https:\/\/brasilnoticias.org\/site\/empresario-e-sequestrado-por-falsos-policiais-em-brumado\/#primaryimage"},"thumbnailUrl":"https:\/\/brasilnoticias.org\/site\/wp-content\/uploads\/2023\/03\/Artigo-Destaque_01222276_00.jpg","articleSection":["Pol\u00edcia","\u00daltimas"],"inLanguage":"pt-PT","potentialAction":[{"@type":"CommentAction","name":"Comment","target":["https:\/\/brasilnoticias.org\/site\/empresario-e-sequestrado-por-falsos-policiais-em-brumado\/#respond"]}]},{"@type":"WebPage","@id":"https:\/\/brasilnoticias.org\/site\/empresario-e-sequestrado-por-falsos-policiais-em-brumado\/","url":"https:\/\/brasilnoticias.org\/site\/empresario-e-sequestrado-por-falsos-policiais-em-brumado\/","name":"Empres\u00e1rio \u00e9 sequestrado por falsos policiais em Brumado - Brasil not\u00edcias","isPartOf":{"@id":"https:\/\/brasilnoticias.org\/site\/#website"},"primaryImageOfPage":{"@id":"https:\/\/brasilnoticias.org\/site\/empresario-e-sequestrado-por-falsos-policiais-em-brumado\/#primaryimage"},"image":{"@id":"https:\/\/brasilnoticias.org\/site\/empresario-e-sequestrado-por-falsos-policiais-em-brumado\/#primaryimage"},"thumbnailUrl":"https:\/\/brasilnoticias.org\/site\/wp-content\/uploads\/2023\/03\/Artigo-Destaque_01222276_00.jpg","datePublished":"2023-03-15T10:10:20+00:00","breadcrumb":{"@id":"https:\/\/brasilnoticias.org\/site\/empresario-e-sequestrado-por-falsos-policiais-em-brumado\/#breadcrumb"},"inLanguage":"pt-PT","potentialAction":[{"@type":"ReadAction","target":["https:\/\/brasilnoticias.org\/site\/empresario-e-sequestrado-por-falsos-policiais-em-brumado\/"]}]},{"@type":"ImageObject","inLanguage":"pt-PT","@id":"https:\/\/brasilnoticias.org\/site\/empresario-e-sequestrado-por-falsos-policiais-em-brumado\/#primaryimage","url":"https:\/\/brasilnoticias.org\/site\/wp-content\/uploads\/2023\/03\/Artigo-Destaque_01222276_00.jpg","contentUrl":"https:\/\/brasilnoticias.org\/site\/wp-content\/uploads\/2023\/03\/Artigo-Destaque_01222276_00.jpg","width":801,"height":600},{"@type":"BreadcrumbList","@id":"https:\/\/brasilnoticias.org\/site\/empresario-e-sequestrado-por-falsos-policiais-em-brumado\/#breadcrumb","itemListElement":[{"@type":"ListItem","position":1,"name":"In\u00edcio","item":"https:\/\/brasilnoticias.org\/site\/"},{"@type":"ListItem","position":2,"name":"Empres\u00e1rio \u00e9 sequestrado por falsos policiais em Brumado"}]},{"@type":"WebSite","@id":"https:\/\/brasilnoticias.org\/site\/#website","url":"https:\/\/brasilnoticias.org\/site\/","name":"Brasil not\u00edcias","description":"Brasil not\u00edcias","publisher":{"@id":"https:\/\/brasilnoticias.org\/site\/#organization"},"potentialAction":[{"@type":"SearchAction","target":{"@type":"EntryPoint","urlTemplate":"https:\/\/brasilnoticias.org\/site\/?s={search_term_string}"},"query-input":{"@type":"PropertyValueSpecification","valueRequired":true,"valueName":"search_term_string"}}],"inLanguage":"pt-PT"},{"@type":"Organization","@id":"https:\/\/brasilnoticias.org\/site\/#organization","name":"Brasil not\u00edcias","url":"https:\/\/brasilnoticias.org\/site\/","logo":{"@type":"ImageObject","inLanguage":"pt-PT","@id":"https:\/\/brasilnoticias.org\/site\/#\/schema\/logo\/image\/","url":"https:\/\/brasilnoticias.org\/site\/wp-content\/uploads\/2022\/05\/cropped-brasilnoticias-mini.jpg","contentUrl":"https:\/\/brasilnoticias.org\/site\/wp-content\/uploads\/2022\/05\/cropped-brasilnoticias-mini.jpg","width":314,"height":86,"caption":"Brasil not\u00edcias"},"image":{"@id":"https:\/\/brasilnoticias.org\/site\/#\/schema\/logo\/image\/"}},{"@type":"Person","@id":"https:\/\/brasilnoticias.org\/site\/#\/schema\/person\/a0e05b973ec4d15c658d51911e53507b","name":"Reda\u00e7\u00e3o","image":{"@type":"ImageObject","inLanguage":"pt-PT","@id":"https:\/\/brasilnoticias.org\/site\/#\/schema\/person\/image\/","url":"https:\/\/secure.gravatar.com\/avatar\/75d8b050df2de108b08ae78dfb8e374892df24a383c67db9c46a9c604f6aee9c?s=96&d=mm&r=g","contentUrl":"https:\/\/secure.gravatar.com\/avatar\/75d8b050df2de108b08ae78dfb8e374892df24a383c67db9c46a9c604f6aee9c?s=96&d=mm&r=g","caption":"Reda\u00e7\u00e3o"},"sameAs":["https:\/\/brasilnoticias.org\/site"],"url":"https:\/\/brasilnoticias.org\/site\/author\/fernandozsngmail-com\/"}]}},"_links":{"self":[{"href":"https:\/\/brasilnoticias.org\/site\/wp-json\/wp\/v2\/posts\/4740","targetHints":{"allow":["GET"]}}],"collection":[{"href":"https:\/\/brasilnoticias.org\/site\/wp-json\/wp\/v2\/posts"}],"about":[{"href":"https:\/\/brasilnoticias.org\/site\/wp-json\/wp\/v2\/types\/post"}],"author":[{"embeddable":true,"href":"https:\/\/brasilnoticias.org\/site\/wp-json\/wp\/v2\/users\/1"}],"replies":[{"embeddable":true,"href":"https:\/\/brasilnoticias.org\/site\/wp-json\/wp\/v2\/comments?post=4740"}],"version-history":[{"count":1,"href":"https:\/\/brasilnoticias.org\/site\/wp-json\/wp\/v2\/posts\/4740\/revisions"}],"predecessor-version":[{"id":4742,"href":"https:\/\/brasilnoticias.org\/site\/wp-json\/wp\/v2\/posts\/4740\/revisions\/4742"}],"wp:featuredmedia":[{"embeddable":true,"href":"https:\/\/brasilnoticias.org\/site\/wp-json\/wp\/v2\/media\/4741"}],"wp:attachment":[{"href":"https:\/\/brasilnoticias.org\/site\/wp-json\/wp\/v2\/media?parent=4740"}],"wp:term":[{"taxonomy":"category","embeddable":true,"href":"https:\/\/brasilnoticias.org\/site\/wp-json\/wp\/v2\/categories?post=4740"},{"taxonomy":"post_tag","embeddable":true,"href":"https:\/\/brasilnoticias.org\/site\/wp-json\/wp\/v2\/tags?post=4740"}],"curies":[{"name":"wp","href":"https:\/\/api.w.org\/{rel}","templated":true}]}}