{"id":4791,"date":"2023-03-16T17:55:44","date_gmt":"2023-03-16T20:55:44","guid":{"rendered":"https:\/\/brasilnoticias.org\/site\/?p=4791"},"modified":"2023-03-16T17:55:44","modified_gmt":"2023-03-16T20:55:44","slug":"crianca-de-6-anos-e-abusada-sexualmente-dentro-de-escola-em-candeias","status":"publish","type":"post","link":"https:\/\/brasilnoticias.org\/site\/crianca-de-6-anos-e-abusada-sexualmente-dentro-de-escola-em-candeias\/","title":{"rendered":"Crian\u00e7a de 6 anos \u00e9 abusada sexualmente dentro de escola em Candeias"},"content":{"rendered":"<p>Uma crian\u00e7a de 6 anos foi abusada sexualmente, na escola Municipal Tercia Borges, em Candeias, por um garoto de 12 anos. A informa\u00e7\u00e3o foi confirmada pela Pol\u00edcia Civil. De acordo com a pol\u00edcia, os pais registraram uma queixa na 20\u00b0 Delegacia Territorial de Candeias e em seguida encaminharam a crian\u00e7a para o Hospital Geral do Estado (HGE), na Avenida Vasco da Gama, onde a menina est\u00e1 passando por uma cirurgia. Ainda segundo informa\u00e7\u00f5es, a dire\u00e7\u00e3o da escola suspendeu as aulas nesta quinta-feira (16) e foi aberta uma sindic\u00e2ncia para apurar o caso.  <\/p>\n<p>Em nota, a pol\u00edcia civil informa que \u201ca ocorr\u00eancia foi registrada na 20\u00aa Delegacia Territorial (DT) de Candeias, que est\u00e1 apurando o caso. A m\u00e3e da garota foi ouvida, a guia para exame de les\u00e3o foi expedida e oitivas ser\u00e3o realizadas para esclarecer o ocorrido\u201d. A assessoria da Prefeitura de Candeia informa que tomou ci\u00eancia do caso e que tem colaborado com a pol\u00edcia nas investiga\u00e7\u00f5es.<\/p>\n<p>&#8220;A Prefeitura Municipal de Candeias atrav\u00e9s da Secretaria Municipal de Educa\u00e7\u00e3o (SEDUC), vem por meio desta, informar sobre os fatos que se tornaram p\u00fablicos neste munic\u00edpio. No dia 15 de mar\u00e7o de 2023, a Secretaria tomou conhecimento de uma den\u00fancia de que teria ocorrido na depend\u00eancia de uma escola municipal a ocorr\u00eancia de viol\u00eancia sexual contra uma crian\u00e7a, estudante daquela unidade. Soube-se, ainda, de acordo com o relato da m\u00e3e da v\u00edtima, que o agressor teria sido uma outra crian\u00e7a, tamb\u00e9m estudante da mesma escola. Diante dos fatos, esta Secretaria, prontamente, prestou apoio \u00e0 fam\u00edlia, acolhendo a v\u00edtima e sua genitora. Ato cont\u00ednuo, os fatos foram comunicados ao Conselho Tutelar e Rede de Prote\u00e7\u00e3o Especial (CREAS) da Secretaria de Desenvolvimento e Assist\u00eancia Social do Munic\u00edpio (SEDAS_, que, de prontid\u00e3o acompanhou a crian\u00e7a aos \u00f3rg\u00e3os competentes. Al\u00e9m disso, a Secretaria de Educa\u00e7\u00e3o baixou portaria n\u00ba 018\/2023, para instaurar sindic\u00e2ncia, constituindo comiss\u00e3o respons\u00e1vel para apura\u00e7\u00e3o dos fatos. Ademais, por se tratar de crian\u00e7as, todo procedimento ser\u00e1 realizado de modo sigiloso, a fim de preservar os envolvidos e as respectivas fam\u00edlias. Por fim, a Prefeitura Municipal de Candeias, refor\u00e7a o rep\u00fadio a qualquer tipo de viol\u00eancia contra \u00e0 Crian\u00e7a e Adolescente, se colocando \u00e0 disposi\u00e7\u00e3o das autoridades competentes na condu\u00e7\u00e3o das investiga\u00e7\u00f5es&#8221;.<\/p>\n<p>Foto Pixabay<br \/>\nBnews<\/p>\n","protected":false},"excerpt":{"rendered":"<p>Uma crian\u00e7a de 6 anos foi abusada sexualmente, na escola Municipal Tercia Borges, em Candeias, por um garoto de 12<\/p>\n","protected":false},"author":1,"featured_media":4792,"comment_status":"open","ping_status":"open","sticky":false,"template":"","format":"standard","meta":{"colormag_page_container_layout":"default_layout","colormag_page_sidebar_layout":"default_layout","_FSMCFIC_featured_image_caption":"","_FSMCFIC_featured_image_nocaption":"","_FSMCFIC_featured_image_hide":"","footnotes":""},"categories":[3,1],"tags":[],"class_list":["post-4791","post","type-post","status-publish","format-standard","has-post-thumbnail","hentry","category-policia","category-ultimas"],"yoast_head":"<!-- This site is optimized with the Yoast SEO plugin v27.1.1 - https:\/\/yoast.com\/product\/yoast-seo-wordpress\/ -->\n<title>Crian\u00e7a de 6 anos \u00e9 abusada sexualmente dentro de escola em Candeias - Brasil not\u00edcias<\/title>\n<meta name=\"robots\" content=\"index, follow, max-snippet:-1, max-image-preview:large, max-video-preview:-1\" \/>\n<link rel=\"canonical\" href=\"https:\/\/brasilnoticias.org\/site\/crianca-de-6-anos-e-abusada-sexualmente-dentro-de-escola-em-candeias\/\" \/>\n<meta property=\"og:locale\" content=\"pt_PT\" \/>\n<meta property=\"og:type\" content=\"article\" \/>\n<meta property=\"og:title\" content=\"Crian\u00e7a de 6 anos \u00e9 abusada sexualmente dentro de escola em Candeias - Brasil not\u00edcias\" \/>\n<meta property=\"og:description\" content=\"Uma crian\u00e7a de 6 anos foi abusada sexualmente, na escola Municipal Tercia Borges, em Candeias, por um garoto de 12\" \/>\n<meta property=\"og:url\" content=\"https:\/\/brasilnoticias.org\/site\/crianca-de-6-anos-e-abusada-sexualmente-dentro-de-escola-em-candeias\/\" \/>\n<meta property=\"og:site_name\" content=\"Brasil not\u00edcias\" \/>\n<meta property=\"article:published_time\" content=\"2023-03-16T20:55:44+00:00\" \/>\n<meta property=\"og:image\" content=\"https:\/\/brasilnoticias.org\/site\/wp-content\/uploads\/2023\/03\/sem_titulo_PMEML8N_widelg.jpg\" \/>\n\t<meta property=\"og:image:width\" content=\"640\" \/>\n\t<meta property=\"og:image:height\" content=\"360\" \/>\n\t<meta property=\"og:image:type\" content=\"image\/jpeg\" \/>\n<meta name=\"author\" content=\"Reda\u00e7\u00e3o\" \/>\n<meta name=\"twitter:card\" content=\"summary_large_image\" \/>\n<meta name=\"twitter:label1\" content=\"Escrito por\" \/>\n\t<meta name=\"twitter:data1\" content=\"Reda\u00e7\u00e3o\" \/>\n<script type=\"application\/ld+json\" class=\"yoast-schema-graph\">{\"@context\":\"https:\/\/schema.org\",\"@graph\":[{\"@type\":\"Article\",\"@id\":\"https:\/\/brasilnoticias.org\/site\/crianca-de-6-anos-e-abusada-sexualmente-dentro-de-escola-em-candeias\/#article\",\"isPartOf\":{\"@id\":\"https:\/\/brasilnoticias.org\/site\/crianca-de-6-anos-e-abusada-sexualmente-dentro-de-escola-em-candeias\/\"},\"author\":{\"name\":\"Reda\u00e7\u00e3o\",\"@id\":\"https:\/\/brasilnoticias.org\/site\/#\/schema\/person\/a0e05b973ec4d15c658d51911e53507b\"},\"headline\":\"Crian\u00e7a de 6 anos \u00e9 abusada sexualmente dentro de escola em Candeias\",\"datePublished\":\"2023-03-16T20:55:44+00:00\",\"mainEntityOfPage\":{\"@id\":\"https:\/\/brasilnoticias.org\/site\/crianca-de-6-anos-e-abusada-sexualmente-dentro-de-escola-em-candeias\/\"},\"wordCount\":424,\"commentCount\":0,\"publisher\":{\"@id\":\"https:\/\/brasilnoticias.org\/site\/#organization\"},\"image\":{\"@id\":\"https:\/\/brasilnoticias.org\/site\/crianca-de-6-anos-e-abusada-sexualmente-dentro-de-escola-em-candeias\/#primaryimage\"},\"thumbnailUrl\":\"https:\/\/brasilnoticias.org\/site\/wp-content\/uploads\/2023\/03\/sem_titulo_PMEML8N_widelg.jpg\",\"articleSection\":[\"Pol\u00edcia\",\"\u00daltimas\"],\"inLanguage\":\"pt-PT\",\"potentialAction\":[{\"@type\":\"CommentAction\",\"name\":\"Comment\",\"target\":[\"https:\/\/brasilnoticias.org\/site\/crianca-de-6-anos-e-abusada-sexualmente-dentro-de-escola-em-candeias\/#respond\"]}]},{\"@type\":\"WebPage\",\"@id\":\"https:\/\/brasilnoticias.org\/site\/crianca-de-6-anos-e-abusada-sexualmente-dentro-de-escola-em-candeias\/\",\"url\":\"https:\/\/brasilnoticias.org\/site\/crianca-de-6-anos-e-abusada-sexualmente-dentro-de-escola-em-candeias\/\",\"name\":\"Crian\u00e7a de 6 anos \u00e9 abusada sexualmente dentro de escola em Candeias - Brasil not\u00edcias\",\"isPartOf\":{\"@id\":\"https:\/\/brasilnoticias.org\/site\/#website\"},\"primaryImageOfPage\":{\"@id\":\"https:\/\/brasilnoticias.org\/site\/crianca-de-6-anos-e-abusada-sexualmente-dentro-de-escola-em-candeias\/#primaryimage\"},\"image\":{\"@id\":\"https:\/\/brasilnoticias.org\/site\/crianca-de-6-anos-e-abusada-sexualmente-dentro-de-escola-em-candeias\/#primaryimage\"},\"thumbnailUrl\":\"https:\/\/brasilnoticias.org\/site\/wp-content\/uploads\/2023\/03\/sem_titulo_PMEML8N_widelg.jpg\",\"datePublished\":\"2023-03-16T20:55:44+00:00\",\"breadcrumb\":{\"@id\":\"https:\/\/brasilnoticias.org\/site\/crianca-de-6-anos-e-abusada-sexualmente-dentro-de-escola-em-candeias\/#breadcrumb\"},\"inLanguage\":\"pt-PT\",\"potentialAction\":[{\"@type\":\"ReadAction\",\"target\":[\"https:\/\/brasilnoticias.org\/site\/crianca-de-6-anos-e-abusada-sexualmente-dentro-de-escola-em-candeias\/\"]}]},{\"@type\":\"ImageObject\",\"inLanguage\":\"pt-PT\",\"@id\":\"https:\/\/brasilnoticias.org\/site\/crianca-de-6-anos-e-abusada-sexualmente-dentro-de-escola-em-candeias\/#primaryimage\",\"url\":\"https:\/\/brasilnoticias.org\/site\/wp-content\/uploads\/2023\/03\/sem_titulo_PMEML8N_widelg.jpg\",\"contentUrl\":\"https:\/\/brasilnoticias.org\/site\/wp-content\/uploads\/2023\/03\/sem_titulo_PMEML8N_widelg.jpg\",\"width\":640,\"height\":360},{\"@type\":\"BreadcrumbList\",\"@id\":\"https:\/\/brasilnoticias.org\/site\/crianca-de-6-anos-e-abusada-sexualmente-dentro-de-escola-em-candeias\/#breadcrumb\",\"itemListElement\":[{\"@type\":\"ListItem\",\"position\":1,\"name\":\"In\u00edcio\",\"item\":\"https:\/\/brasilnoticias.org\/site\/\"},{\"@type\":\"ListItem\",\"position\":2,\"name\":\"Crian\u00e7a de 6 anos \u00e9 abusada sexualmente dentro de escola em Candeias\"}]},{\"@type\":\"WebSite\",\"@id\":\"https:\/\/brasilnoticias.org\/site\/#website\",\"url\":\"https:\/\/brasilnoticias.org\/site\/\",\"name\":\"Brasil not\u00edcias\",\"description\":\"Brasil not\u00edcias\",\"publisher\":{\"@id\":\"https:\/\/brasilnoticias.org\/site\/#organization\"},\"potentialAction\":[{\"@type\":\"SearchAction\",\"target\":{\"@type\":\"EntryPoint\",\"urlTemplate\":\"https:\/\/brasilnoticias.org\/site\/?s={search_term_string}\"},\"query-input\":{\"@type\":\"PropertyValueSpecification\",\"valueRequired\":true,\"valueName\":\"search_term_string\"}}],\"inLanguage\":\"pt-PT\"},{\"@type\":\"Organization\",\"@id\":\"https:\/\/brasilnoticias.org\/site\/#organization\",\"name\":\"Brasil not\u00edcias\",\"url\":\"https:\/\/brasilnoticias.org\/site\/\",\"logo\":{\"@type\":\"ImageObject\",\"inLanguage\":\"pt-PT\",\"@id\":\"https:\/\/brasilnoticias.org\/site\/#\/schema\/logo\/image\/\",\"url\":\"https:\/\/brasilnoticias.org\/site\/wp-content\/uploads\/2022\/05\/cropped-brasilnoticias-mini.jpg\",\"contentUrl\":\"https:\/\/brasilnoticias.org\/site\/wp-content\/uploads\/2022\/05\/cropped-brasilnoticias-mini.jpg\",\"width\":314,\"height\":86,\"caption\":\"Brasil not\u00edcias\"},\"image\":{\"@id\":\"https:\/\/brasilnoticias.org\/site\/#\/schema\/logo\/image\/\"}},{\"@type\":\"Person\",\"@id\":\"https:\/\/brasilnoticias.org\/site\/#\/schema\/person\/a0e05b973ec4d15c658d51911e53507b\",\"name\":\"Reda\u00e7\u00e3o\",\"image\":{\"@type\":\"ImageObject\",\"inLanguage\":\"pt-PT\",\"@id\":\"https:\/\/brasilnoticias.org\/site\/#\/schema\/person\/image\/\",\"url\":\"https:\/\/secure.gravatar.com\/avatar\/75d8b050df2de108b08ae78dfb8e374892df24a383c67db9c46a9c604f6aee9c?s=96&d=mm&r=g\",\"contentUrl\":\"https:\/\/secure.gravatar.com\/avatar\/75d8b050df2de108b08ae78dfb8e374892df24a383c67db9c46a9c604f6aee9c?s=96&d=mm&r=g\",\"caption\":\"Reda\u00e7\u00e3o\"},\"sameAs\":[\"https:\/\/brasilnoticias.org\/site\"],\"url\":\"https:\/\/brasilnoticias.org\/site\/author\/fernandozsngmail-com\/\"}]}<\/script>\n<!-- \/ Yoast SEO plugin. -->","yoast_head_json":{"title":"Crian\u00e7a de 6 anos \u00e9 abusada sexualmente dentro de escola em Candeias - Brasil not\u00edcias","robots":{"index":"index","follow":"follow","max-snippet":"max-snippet:-1","max-image-preview":"max-image-preview:large","max-video-preview":"max-video-preview:-1"},"canonical":"https:\/\/brasilnoticias.org\/site\/crianca-de-6-anos-e-abusada-sexualmente-dentro-de-escola-em-candeias\/","og_locale":"pt_PT","og_type":"article","og_title":"Crian\u00e7a de 6 anos \u00e9 abusada sexualmente dentro de escola em Candeias - Brasil not\u00edcias","og_description":"Uma crian\u00e7a de 6 anos foi abusada sexualmente, na escola Municipal Tercia Borges, em Candeias, por um garoto de 12","og_url":"https:\/\/brasilnoticias.org\/site\/crianca-de-6-anos-e-abusada-sexualmente-dentro-de-escola-em-candeias\/","og_site_name":"Brasil not\u00edcias","article_published_time":"2023-03-16T20:55:44+00:00","og_image":[{"width":640,"height":360,"url":"https:\/\/brasilnoticias.org\/site\/wp-content\/uploads\/2023\/03\/sem_titulo_PMEML8N_widelg.jpg","type":"image\/jpeg"}],"author":"Reda\u00e7\u00e3o","twitter_card":"summary_large_image","twitter_misc":{"Escrito por":"Reda\u00e7\u00e3o"},"schema":{"@context":"https:\/\/schema.org","@graph":[{"@type":"Article","@id":"https:\/\/brasilnoticias.org\/site\/crianca-de-6-anos-e-abusada-sexualmente-dentro-de-escola-em-candeias\/#article","isPartOf":{"@id":"https:\/\/brasilnoticias.org\/site\/crianca-de-6-anos-e-abusada-sexualmente-dentro-de-escola-em-candeias\/"},"author":{"name":"Reda\u00e7\u00e3o","@id":"https:\/\/brasilnoticias.org\/site\/#\/schema\/person\/a0e05b973ec4d15c658d51911e53507b"},"headline":"Crian\u00e7a de 6 anos \u00e9 abusada sexualmente dentro de escola em Candeias","datePublished":"2023-03-16T20:55:44+00:00","mainEntityOfPage":{"@id":"https:\/\/brasilnoticias.org\/site\/crianca-de-6-anos-e-abusada-sexualmente-dentro-de-escola-em-candeias\/"},"wordCount":424,"commentCount":0,"publisher":{"@id":"https:\/\/brasilnoticias.org\/site\/#organization"},"image":{"@id":"https:\/\/brasilnoticias.org\/site\/crianca-de-6-anos-e-abusada-sexualmente-dentro-de-escola-em-candeias\/#primaryimage"},"thumbnailUrl":"https:\/\/brasilnoticias.org\/site\/wp-content\/uploads\/2023\/03\/sem_titulo_PMEML8N_widelg.jpg","articleSection":["Pol\u00edcia","\u00daltimas"],"inLanguage":"pt-PT","potentialAction":[{"@type":"CommentAction","name":"Comment","target":["https:\/\/brasilnoticias.org\/site\/crianca-de-6-anos-e-abusada-sexualmente-dentro-de-escola-em-candeias\/#respond"]}]},{"@type":"WebPage","@id":"https:\/\/brasilnoticias.org\/site\/crianca-de-6-anos-e-abusada-sexualmente-dentro-de-escola-em-candeias\/","url":"https:\/\/brasilnoticias.org\/site\/crianca-de-6-anos-e-abusada-sexualmente-dentro-de-escola-em-candeias\/","name":"Crian\u00e7a de 6 anos \u00e9 abusada sexualmente dentro de escola em Candeias - Brasil not\u00edcias","isPartOf":{"@id":"https:\/\/brasilnoticias.org\/site\/#website"},"primaryImageOfPage":{"@id":"https:\/\/brasilnoticias.org\/site\/crianca-de-6-anos-e-abusada-sexualmente-dentro-de-escola-em-candeias\/#primaryimage"},"image":{"@id":"https:\/\/brasilnoticias.org\/site\/crianca-de-6-anos-e-abusada-sexualmente-dentro-de-escola-em-candeias\/#primaryimage"},"thumbnailUrl":"https:\/\/brasilnoticias.org\/site\/wp-content\/uploads\/2023\/03\/sem_titulo_PMEML8N_widelg.jpg","datePublished":"2023-03-16T20:55:44+00:00","breadcrumb":{"@id":"https:\/\/brasilnoticias.org\/site\/crianca-de-6-anos-e-abusada-sexualmente-dentro-de-escola-em-candeias\/#breadcrumb"},"inLanguage":"pt-PT","potentialAction":[{"@type":"ReadAction","target":["https:\/\/brasilnoticias.org\/site\/crianca-de-6-anos-e-abusada-sexualmente-dentro-de-escola-em-candeias\/"]}]},{"@type":"ImageObject","inLanguage":"pt-PT","@id":"https:\/\/brasilnoticias.org\/site\/crianca-de-6-anos-e-abusada-sexualmente-dentro-de-escola-em-candeias\/#primaryimage","url":"https:\/\/brasilnoticias.org\/site\/wp-content\/uploads\/2023\/03\/sem_titulo_PMEML8N_widelg.jpg","contentUrl":"https:\/\/brasilnoticias.org\/site\/wp-content\/uploads\/2023\/03\/sem_titulo_PMEML8N_widelg.jpg","width":640,"height":360},{"@type":"BreadcrumbList","@id":"https:\/\/brasilnoticias.org\/site\/crianca-de-6-anos-e-abusada-sexualmente-dentro-de-escola-em-candeias\/#breadcrumb","itemListElement":[{"@type":"ListItem","position":1,"name":"In\u00edcio","item":"https:\/\/brasilnoticias.org\/site\/"},{"@type":"ListItem","position":2,"name":"Crian\u00e7a de 6 anos \u00e9 abusada sexualmente dentro de escola em Candeias"}]},{"@type":"WebSite","@id":"https:\/\/brasilnoticias.org\/site\/#website","url":"https:\/\/brasilnoticias.org\/site\/","name":"Brasil not\u00edcias","description":"Brasil not\u00edcias","publisher":{"@id":"https:\/\/brasilnoticias.org\/site\/#organization"},"potentialAction":[{"@type":"SearchAction","target":{"@type":"EntryPoint","urlTemplate":"https:\/\/brasilnoticias.org\/site\/?s={search_term_string}"},"query-input":{"@type":"PropertyValueSpecification","valueRequired":true,"valueName":"search_term_string"}}],"inLanguage":"pt-PT"},{"@type":"Organization","@id":"https:\/\/brasilnoticias.org\/site\/#organization","name":"Brasil not\u00edcias","url":"https:\/\/brasilnoticias.org\/site\/","logo":{"@type":"ImageObject","inLanguage":"pt-PT","@id":"https:\/\/brasilnoticias.org\/site\/#\/schema\/logo\/image\/","url":"https:\/\/brasilnoticias.org\/site\/wp-content\/uploads\/2022\/05\/cropped-brasilnoticias-mini.jpg","contentUrl":"https:\/\/brasilnoticias.org\/site\/wp-content\/uploads\/2022\/05\/cropped-brasilnoticias-mini.jpg","width":314,"height":86,"caption":"Brasil not\u00edcias"},"image":{"@id":"https:\/\/brasilnoticias.org\/site\/#\/schema\/logo\/image\/"}},{"@type":"Person","@id":"https:\/\/brasilnoticias.org\/site\/#\/schema\/person\/a0e05b973ec4d15c658d51911e53507b","name":"Reda\u00e7\u00e3o","image":{"@type":"ImageObject","inLanguage":"pt-PT","@id":"https:\/\/brasilnoticias.org\/site\/#\/schema\/person\/image\/","url":"https:\/\/secure.gravatar.com\/avatar\/75d8b050df2de108b08ae78dfb8e374892df24a383c67db9c46a9c604f6aee9c?s=96&d=mm&r=g","contentUrl":"https:\/\/secure.gravatar.com\/avatar\/75d8b050df2de108b08ae78dfb8e374892df24a383c67db9c46a9c604f6aee9c?s=96&d=mm&r=g","caption":"Reda\u00e7\u00e3o"},"sameAs":["https:\/\/brasilnoticias.org\/site"],"url":"https:\/\/brasilnoticias.org\/site\/author\/fernandozsngmail-com\/"}]}},"_links":{"self":[{"href":"https:\/\/brasilnoticias.org\/site\/wp-json\/wp\/v2\/posts\/4791","targetHints":{"allow":["GET"]}}],"collection":[{"href":"https:\/\/brasilnoticias.org\/site\/wp-json\/wp\/v2\/posts"}],"about":[{"href":"https:\/\/brasilnoticias.org\/site\/wp-json\/wp\/v2\/types\/post"}],"author":[{"embeddable":true,"href":"https:\/\/brasilnoticias.org\/site\/wp-json\/wp\/v2\/users\/1"}],"replies":[{"embeddable":true,"href":"https:\/\/brasilnoticias.org\/site\/wp-json\/wp\/v2\/comments?post=4791"}],"version-history":[{"count":1,"href":"https:\/\/brasilnoticias.org\/site\/wp-json\/wp\/v2\/posts\/4791\/revisions"}],"predecessor-version":[{"id":4793,"href":"https:\/\/brasilnoticias.org\/site\/wp-json\/wp\/v2\/posts\/4791\/revisions\/4793"}],"wp:featuredmedia":[{"embeddable":true,"href":"https:\/\/brasilnoticias.org\/site\/wp-json\/wp\/v2\/media\/4792"}],"wp:attachment":[{"href":"https:\/\/brasilnoticias.org\/site\/wp-json\/wp\/v2\/media?parent=4791"}],"wp:term":[{"taxonomy":"category","embeddable":true,"href":"https:\/\/brasilnoticias.org\/site\/wp-json\/wp\/v2\/categories?post=4791"},{"taxonomy":"post_tag","embeddable":true,"href":"https:\/\/brasilnoticias.org\/site\/wp-json\/wp\/v2\/tags?post=4791"}],"curies":[{"name":"wp","href":"https:\/\/api.w.org\/{rel}","templated":true}]}}