{"id":4806,"date":"2023-03-17T17:02:10","date_gmt":"2023-03-17T20:02:10","guid":{"rendered":"https:\/\/brasilnoticias.org\/site\/?p=4806"},"modified":"2023-03-17T17:02:10","modified_gmt":"2023-03-17T20:02:10","slug":"capitao-alden-se-torna-membro-da-comissao-de-educacao-e-visa-combate-a-criminalidade-nas-escolas","status":"publish","type":"post","link":"https:\/\/brasilnoticias.org\/site\/capitao-alden-se-torna-membro-da-comissao-de-educacao-e-visa-combate-a-criminalidade-nas-escolas\/","title":{"rendered":"Capit\u00e3o Alden se torna membro da Comiss\u00e3o de Educa\u00e7\u00e3o e visa combate \u00e0 criminalidade nas escolas"},"content":{"rendered":"<p>O deputado federal Capit\u00e3o Alden (PL-BA), que tem em seu curr\u00edculo pol\u00edtico diversas atua\u00e7\u00f5es de combate \u00e0 criminalidade entre jovens e adolescentes, foi escolhido como membro da Comiss\u00e3o de Educa\u00e7\u00e3o da C\u00e2mara dos Deputados. <\/p>\n<p>Tendo como presidente Moses Rodrigues (Uni\u00e3o-CE), o parlamentar baiano enfatizou que a sua miss\u00e3o do colegiado ser\u00e1 de repudiar instala\u00e7\u00f5es de fac\u00e7\u00f5es criminosas nos estabelecimentos de ensino da Bahia, bem como de todo o Brasil. <\/p>\n<p>&#8220;Sou policial da Bahia, completei 20 anos de servi\u00e7o e sempre estive ligado \u00e0 \u00e1rea da Educa\u00e7\u00e3o. Entendo que n\u00e3o tem como ter seguran\u00e7a p\u00fablica sem educa\u00e7\u00e3o, sem justi\u00e7a e sem a participa\u00e7\u00e3o de todos. Durante as minhas atividades tive oportunidade de visitar v\u00e1rias escolas na Bahia, e o que eu vejo hoje \u00e9 o retrato do abandono, e que fac\u00e7\u00f5es criminosas tomaram conta das escolas&#8221;, disse o parlamentar, que completou afirmando que os deputados da Comiss\u00e3o precisam trabalhar para devolver a esperan\u00e7a aos estudantes. <\/p>\n<p>&#8220;Muitos jovens perderam a esperan\u00e7a. Que n\u00f3s sejamos uma for\u00e7a apartid\u00e1ria que vise o bem estar de toda popula\u00e7\u00e3o do nosso pa\u00eds, principalmente das nossas crian\u00e7as&#8221;, completou.<\/p>\n","protected":false},"excerpt":{"rendered":"<p>O deputado federal Capit\u00e3o Alden (PL-BA), que tem em seu curr\u00edculo pol\u00edtico diversas atua\u00e7\u00f5es de combate \u00e0 criminalidade entre jovens<\/p>\n","protected":false},"author":1,"featured_media":4807,"comment_status":"open","ping_status":"open","sticky":false,"template":"","format":"standard","meta":{"colormag_page_container_layout":"default_layout","colormag_page_sidebar_layout":"default_layout","_FSMCFIC_featured_image_caption":"","_FSMCFIC_featured_image_nocaption":"","_FSMCFIC_featured_image_hide":"","footnotes":""},"categories":[5,1],"tags":[],"class_list":["post-4806","post","type-post","status-publish","format-standard","has-post-thumbnail","hentry","category-politica","category-ultimas"],"yoast_head":"<!-- This site is optimized with the Yoast SEO plugin v27.1.1 - https:\/\/yoast.com\/product\/yoast-seo-wordpress\/ -->\n<title>Capit\u00e3o Alden se torna membro da Comiss\u00e3o de Educa\u00e7\u00e3o e visa combate \u00e0 criminalidade nas escolas - Brasil not\u00edcias<\/title>\n<meta name=\"robots\" content=\"index, follow, max-snippet:-1, max-image-preview:large, max-video-preview:-1\" \/>\n<link rel=\"canonical\" href=\"https:\/\/brasilnoticias.org\/site\/capitao-alden-se-torna-membro-da-comissao-de-educacao-e-visa-combate-a-criminalidade-nas-escolas\/\" \/>\n<meta property=\"og:locale\" content=\"pt_PT\" \/>\n<meta property=\"og:type\" content=\"article\" \/>\n<meta property=\"og:title\" content=\"Capit\u00e3o Alden se torna membro da Comiss\u00e3o de Educa\u00e7\u00e3o e visa combate \u00e0 criminalidade nas escolas - Brasil not\u00edcias\" \/>\n<meta property=\"og:description\" content=\"O deputado federal Capit\u00e3o Alden (PL-BA), que tem em seu curr\u00edculo pol\u00edtico diversas atua\u00e7\u00f5es de combate \u00e0 criminalidade entre jovens\" \/>\n<meta property=\"og:url\" content=\"https:\/\/brasilnoticias.org\/site\/capitao-alden-se-torna-membro-da-comissao-de-educacao-e-visa-combate-a-criminalidade-nas-escolas\/\" \/>\n<meta property=\"og:site_name\" content=\"Brasil not\u00edcias\" \/>\n<meta property=\"article:published_time\" content=\"2023-03-17T20:02:10+00:00\" \/>\n<meta property=\"og:image\" content=\"https:\/\/brasilnoticias.org\/site\/wp-content\/uploads\/2023\/03\/WhatsApp-Image-2023-03-17-at-07.55.56.jpeg\" \/>\n\t<meta property=\"og:image:width\" content=\"1600\" \/>\n\t<meta property=\"og:image:height\" content=\"1066\" \/>\n\t<meta property=\"og:image:type\" content=\"image\/jpeg\" \/>\n<meta name=\"author\" content=\"Reda\u00e7\u00e3o\" \/>\n<meta name=\"twitter:card\" content=\"summary_large_image\" \/>\n<meta name=\"twitter:label1\" content=\"Escrito por\" \/>\n\t<meta name=\"twitter:data1\" content=\"Reda\u00e7\u00e3o\" \/>\n<script type=\"application\/ld+json\" class=\"yoast-schema-graph\">{\"@context\":\"https:\/\/schema.org\",\"@graph\":[{\"@type\":\"Article\",\"@id\":\"https:\/\/brasilnoticias.org\/site\/capitao-alden-se-torna-membro-da-comissao-de-educacao-e-visa-combate-a-criminalidade-nas-escolas\/#article\",\"isPartOf\":{\"@id\":\"https:\/\/brasilnoticias.org\/site\/capitao-alden-se-torna-membro-da-comissao-de-educacao-e-visa-combate-a-criminalidade-nas-escolas\/\"},\"author\":{\"name\":\"Reda\u00e7\u00e3o\",\"@id\":\"https:\/\/brasilnoticias.org\/site\/#\/schema\/person\/a0e05b973ec4d15c658d51911e53507b\"},\"headline\":\"Capit\u00e3o Alden se torna membro da Comiss\u00e3o de Educa\u00e7\u00e3o e visa combate \u00e0 criminalidade nas escolas\",\"datePublished\":\"2023-03-17T20:02:10+00:00\",\"mainEntityOfPage\":{\"@id\":\"https:\/\/brasilnoticias.org\/site\/capitao-alden-se-torna-membro-da-comissao-de-educacao-e-visa-combate-a-criminalidade-nas-escolas\/\"},\"wordCount\":225,\"commentCount\":0,\"publisher\":{\"@id\":\"https:\/\/brasilnoticias.org\/site\/#organization\"},\"image\":{\"@id\":\"https:\/\/brasilnoticias.org\/site\/capitao-alden-se-torna-membro-da-comissao-de-educacao-e-visa-combate-a-criminalidade-nas-escolas\/#primaryimage\"},\"thumbnailUrl\":\"https:\/\/brasilnoticias.org\/site\/wp-content\/uploads\/2023\/03\/WhatsApp-Image-2023-03-17-at-07.55.56.jpeg\",\"articleSection\":[\"Pol\u00edtica\",\"\u00daltimas\"],\"inLanguage\":\"pt-PT\",\"potentialAction\":[{\"@type\":\"CommentAction\",\"name\":\"Comment\",\"target\":[\"https:\/\/brasilnoticias.org\/site\/capitao-alden-se-torna-membro-da-comissao-de-educacao-e-visa-combate-a-criminalidade-nas-escolas\/#respond\"]}]},{\"@type\":\"WebPage\",\"@id\":\"https:\/\/brasilnoticias.org\/site\/capitao-alden-se-torna-membro-da-comissao-de-educacao-e-visa-combate-a-criminalidade-nas-escolas\/\",\"url\":\"https:\/\/brasilnoticias.org\/site\/capitao-alden-se-torna-membro-da-comissao-de-educacao-e-visa-combate-a-criminalidade-nas-escolas\/\",\"name\":\"Capit\u00e3o Alden se torna membro da Comiss\u00e3o de Educa\u00e7\u00e3o e visa combate \u00e0 criminalidade nas escolas - Brasil not\u00edcias\",\"isPartOf\":{\"@id\":\"https:\/\/brasilnoticias.org\/site\/#website\"},\"primaryImageOfPage\":{\"@id\":\"https:\/\/brasilnoticias.org\/site\/capitao-alden-se-torna-membro-da-comissao-de-educacao-e-visa-combate-a-criminalidade-nas-escolas\/#primaryimage\"},\"image\":{\"@id\":\"https:\/\/brasilnoticias.org\/site\/capitao-alden-se-torna-membro-da-comissao-de-educacao-e-visa-combate-a-criminalidade-nas-escolas\/#primaryimage\"},\"thumbnailUrl\":\"https:\/\/brasilnoticias.org\/site\/wp-content\/uploads\/2023\/03\/WhatsApp-Image-2023-03-17-at-07.55.56.jpeg\",\"datePublished\":\"2023-03-17T20:02:10+00:00\",\"breadcrumb\":{\"@id\":\"https:\/\/brasilnoticias.org\/site\/capitao-alden-se-torna-membro-da-comissao-de-educacao-e-visa-combate-a-criminalidade-nas-escolas\/#breadcrumb\"},\"inLanguage\":\"pt-PT\",\"potentialAction\":[{\"@type\":\"ReadAction\",\"target\":[\"https:\/\/brasilnoticias.org\/site\/capitao-alden-se-torna-membro-da-comissao-de-educacao-e-visa-combate-a-criminalidade-nas-escolas\/\"]}]},{\"@type\":\"ImageObject\",\"inLanguage\":\"pt-PT\",\"@id\":\"https:\/\/brasilnoticias.org\/site\/capitao-alden-se-torna-membro-da-comissao-de-educacao-e-visa-combate-a-criminalidade-nas-escolas\/#primaryimage\",\"url\":\"https:\/\/brasilnoticias.org\/site\/wp-content\/uploads\/2023\/03\/WhatsApp-Image-2023-03-17-at-07.55.56.jpeg\",\"contentUrl\":\"https:\/\/brasilnoticias.org\/site\/wp-content\/uploads\/2023\/03\/WhatsApp-Image-2023-03-17-at-07.55.56.jpeg\",\"width\":1600,\"height\":1066},{\"@type\":\"BreadcrumbList\",\"@id\":\"https:\/\/brasilnoticias.org\/site\/capitao-alden-se-torna-membro-da-comissao-de-educacao-e-visa-combate-a-criminalidade-nas-escolas\/#breadcrumb\",\"itemListElement\":[{\"@type\":\"ListItem\",\"position\":1,\"name\":\"In\u00edcio\",\"item\":\"https:\/\/brasilnoticias.org\/site\/\"},{\"@type\":\"ListItem\",\"position\":2,\"name\":\"Capit\u00e3o Alden se torna membro da Comiss\u00e3o de Educa\u00e7\u00e3o e visa combate \u00e0 criminalidade nas escolas\"}]},{\"@type\":\"WebSite\",\"@id\":\"https:\/\/brasilnoticias.org\/site\/#website\",\"url\":\"https:\/\/brasilnoticias.org\/site\/\",\"name\":\"Brasil not\u00edcias\",\"description\":\"Brasil not\u00edcias\",\"publisher\":{\"@id\":\"https:\/\/brasilnoticias.org\/site\/#organization\"},\"potentialAction\":[{\"@type\":\"SearchAction\",\"target\":{\"@type\":\"EntryPoint\",\"urlTemplate\":\"https:\/\/brasilnoticias.org\/site\/?s={search_term_string}\"},\"query-input\":{\"@type\":\"PropertyValueSpecification\",\"valueRequired\":true,\"valueName\":\"search_term_string\"}}],\"inLanguage\":\"pt-PT\"},{\"@type\":\"Organization\",\"@id\":\"https:\/\/brasilnoticias.org\/site\/#organization\",\"name\":\"Brasil not\u00edcias\",\"url\":\"https:\/\/brasilnoticias.org\/site\/\",\"logo\":{\"@type\":\"ImageObject\",\"inLanguage\":\"pt-PT\",\"@id\":\"https:\/\/brasilnoticias.org\/site\/#\/schema\/logo\/image\/\",\"url\":\"https:\/\/brasilnoticias.org\/site\/wp-content\/uploads\/2022\/05\/cropped-brasilnoticias-mini.jpg\",\"contentUrl\":\"https:\/\/brasilnoticias.org\/site\/wp-content\/uploads\/2022\/05\/cropped-brasilnoticias-mini.jpg\",\"width\":314,\"height\":86,\"caption\":\"Brasil not\u00edcias\"},\"image\":{\"@id\":\"https:\/\/brasilnoticias.org\/site\/#\/schema\/logo\/image\/\"}},{\"@type\":\"Person\",\"@id\":\"https:\/\/brasilnoticias.org\/site\/#\/schema\/person\/a0e05b973ec4d15c658d51911e53507b\",\"name\":\"Reda\u00e7\u00e3o\",\"image\":{\"@type\":\"ImageObject\",\"inLanguage\":\"pt-PT\",\"@id\":\"https:\/\/brasilnoticias.org\/site\/#\/schema\/person\/image\/\",\"url\":\"https:\/\/secure.gravatar.com\/avatar\/75d8b050df2de108b08ae78dfb8e374892df24a383c67db9c46a9c604f6aee9c?s=96&d=mm&r=g\",\"contentUrl\":\"https:\/\/secure.gravatar.com\/avatar\/75d8b050df2de108b08ae78dfb8e374892df24a383c67db9c46a9c604f6aee9c?s=96&d=mm&r=g\",\"caption\":\"Reda\u00e7\u00e3o\"},\"sameAs\":[\"https:\/\/brasilnoticias.org\/site\"],\"url\":\"https:\/\/brasilnoticias.org\/site\/author\/fernandozsngmail-com\/\"}]}<\/script>\n<!-- \/ Yoast SEO plugin. -->","yoast_head_json":{"title":"Capit\u00e3o Alden se torna membro da Comiss\u00e3o de Educa\u00e7\u00e3o e visa combate \u00e0 criminalidade nas escolas - Brasil not\u00edcias","robots":{"index":"index","follow":"follow","max-snippet":"max-snippet:-1","max-image-preview":"max-image-preview:large","max-video-preview":"max-video-preview:-1"},"canonical":"https:\/\/brasilnoticias.org\/site\/capitao-alden-se-torna-membro-da-comissao-de-educacao-e-visa-combate-a-criminalidade-nas-escolas\/","og_locale":"pt_PT","og_type":"article","og_title":"Capit\u00e3o Alden se torna membro da Comiss\u00e3o de Educa\u00e7\u00e3o e visa combate \u00e0 criminalidade nas escolas - Brasil not\u00edcias","og_description":"O deputado federal Capit\u00e3o Alden (PL-BA), que tem em seu curr\u00edculo pol\u00edtico diversas atua\u00e7\u00f5es de combate \u00e0 criminalidade entre jovens","og_url":"https:\/\/brasilnoticias.org\/site\/capitao-alden-se-torna-membro-da-comissao-de-educacao-e-visa-combate-a-criminalidade-nas-escolas\/","og_site_name":"Brasil not\u00edcias","article_published_time":"2023-03-17T20:02:10+00:00","og_image":[{"width":1600,"height":1066,"url":"https:\/\/brasilnoticias.org\/site\/wp-content\/uploads\/2023\/03\/WhatsApp-Image-2023-03-17-at-07.55.56.jpeg","type":"image\/jpeg"}],"author":"Reda\u00e7\u00e3o","twitter_card":"summary_large_image","twitter_misc":{"Escrito por":"Reda\u00e7\u00e3o"},"schema":{"@context":"https:\/\/schema.org","@graph":[{"@type":"Article","@id":"https:\/\/brasilnoticias.org\/site\/capitao-alden-se-torna-membro-da-comissao-de-educacao-e-visa-combate-a-criminalidade-nas-escolas\/#article","isPartOf":{"@id":"https:\/\/brasilnoticias.org\/site\/capitao-alden-se-torna-membro-da-comissao-de-educacao-e-visa-combate-a-criminalidade-nas-escolas\/"},"author":{"name":"Reda\u00e7\u00e3o","@id":"https:\/\/brasilnoticias.org\/site\/#\/schema\/person\/a0e05b973ec4d15c658d51911e53507b"},"headline":"Capit\u00e3o Alden se torna membro da Comiss\u00e3o de Educa\u00e7\u00e3o e visa combate \u00e0 criminalidade nas escolas","datePublished":"2023-03-17T20:02:10+00:00","mainEntityOfPage":{"@id":"https:\/\/brasilnoticias.org\/site\/capitao-alden-se-torna-membro-da-comissao-de-educacao-e-visa-combate-a-criminalidade-nas-escolas\/"},"wordCount":225,"commentCount":0,"publisher":{"@id":"https:\/\/brasilnoticias.org\/site\/#organization"},"image":{"@id":"https:\/\/brasilnoticias.org\/site\/capitao-alden-se-torna-membro-da-comissao-de-educacao-e-visa-combate-a-criminalidade-nas-escolas\/#primaryimage"},"thumbnailUrl":"https:\/\/brasilnoticias.org\/site\/wp-content\/uploads\/2023\/03\/WhatsApp-Image-2023-03-17-at-07.55.56.jpeg","articleSection":["Pol\u00edtica","\u00daltimas"],"inLanguage":"pt-PT","potentialAction":[{"@type":"CommentAction","name":"Comment","target":["https:\/\/brasilnoticias.org\/site\/capitao-alden-se-torna-membro-da-comissao-de-educacao-e-visa-combate-a-criminalidade-nas-escolas\/#respond"]}]},{"@type":"WebPage","@id":"https:\/\/brasilnoticias.org\/site\/capitao-alden-se-torna-membro-da-comissao-de-educacao-e-visa-combate-a-criminalidade-nas-escolas\/","url":"https:\/\/brasilnoticias.org\/site\/capitao-alden-se-torna-membro-da-comissao-de-educacao-e-visa-combate-a-criminalidade-nas-escolas\/","name":"Capit\u00e3o Alden se torna membro da Comiss\u00e3o de Educa\u00e7\u00e3o e visa combate \u00e0 criminalidade nas escolas - Brasil not\u00edcias","isPartOf":{"@id":"https:\/\/brasilnoticias.org\/site\/#website"},"primaryImageOfPage":{"@id":"https:\/\/brasilnoticias.org\/site\/capitao-alden-se-torna-membro-da-comissao-de-educacao-e-visa-combate-a-criminalidade-nas-escolas\/#primaryimage"},"image":{"@id":"https:\/\/brasilnoticias.org\/site\/capitao-alden-se-torna-membro-da-comissao-de-educacao-e-visa-combate-a-criminalidade-nas-escolas\/#primaryimage"},"thumbnailUrl":"https:\/\/brasilnoticias.org\/site\/wp-content\/uploads\/2023\/03\/WhatsApp-Image-2023-03-17-at-07.55.56.jpeg","datePublished":"2023-03-17T20:02:10+00:00","breadcrumb":{"@id":"https:\/\/brasilnoticias.org\/site\/capitao-alden-se-torna-membro-da-comissao-de-educacao-e-visa-combate-a-criminalidade-nas-escolas\/#breadcrumb"},"inLanguage":"pt-PT","potentialAction":[{"@type":"ReadAction","target":["https:\/\/brasilnoticias.org\/site\/capitao-alden-se-torna-membro-da-comissao-de-educacao-e-visa-combate-a-criminalidade-nas-escolas\/"]}]},{"@type":"ImageObject","inLanguage":"pt-PT","@id":"https:\/\/brasilnoticias.org\/site\/capitao-alden-se-torna-membro-da-comissao-de-educacao-e-visa-combate-a-criminalidade-nas-escolas\/#primaryimage","url":"https:\/\/brasilnoticias.org\/site\/wp-content\/uploads\/2023\/03\/WhatsApp-Image-2023-03-17-at-07.55.56.jpeg","contentUrl":"https:\/\/brasilnoticias.org\/site\/wp-content\/uploads\/2023\/03\/WhatsApp-Image-2023-03-17-at-07.55.56.jpeg","width":1600,"height":1066},{"@type":"BreadcrumbList","@id":"https:\/\/brasilnoticias.org\/site\/capitao-alden-se-torna-membro-da-comissao-de-educacao-e-visa-combate-a-criminalidade-nas-escolas\/#breadcrumb","itemListElement":[{"@type":"ListItem","position":1,"name":"In\u00edcio","item":"https:\/\/brasilnoticias.org\/site\/"},{"@type":"ListItem","position":2,"name":"Capit\u00e3o Alden se torna membro da Comiss\u00e3o de Educa\u00e7\u00e3o e visa combate \u00e0 criminalidade nas escolas"}]},{"@type":"WebSite","@id":"https:\/\/brasilnoticias.org\/site\/#website","url":"https:\/\/brasilnoticias.org\/site\/","name":"Brasil not\u00edcias","description":"Brasil not\u00edcias","publisher":{"@id":"https:\/\/brasilnoticias.org\/site\/#organization"},"potentialAction":[{"@type":"SearchAction","target":{"@type":"EntryPoint","urlTemplate":"https:\/\/brasilnoticias.org\/site\/?s={search_term_string}"},"query-input":{"@type":"PropertyValueSpecification","valueRequired":true,"valueName":"search_term_string"}}],"inLanguage":"pt-PT"},{"@type":"Organization","@id":"https:\/\/brasilnoticias.org\/site\/#organization","name":"Brasil not\u00edcias","url":"https:\/\/brasilnoticias.org\/site\/","logo":{"@type":"ImageObject","inLanguage":"pt-PT","@id":"https:\/\/brasilnoticias.org\/site\/#\/schema\/logo\/image\/","url":"https:\/\/brasilnoticias.org\/site\/wp-content\/uploads\/2022\/05\/cropped-brasilnoticias-mini.jpg","contentUrl":"https:\/\/brasilnoticias.org\/site\/wp-content\/uploads\/2022\/05\/cropped-brasilnoticias-mini.jpg","width":314,"height":86,"caption":"Brasil not\u00edcias"},"image":{"@id":"https:\/\/brasilnoticias.org\/site\/#\/schema\/logo\/image\/"}},{"@type":"Person","@id":"https:\/\/brasilnoticias.org\/site\/#\/schema\/person\/a0e05b973ec4d15c658d51911e53507b","name":"Reda\u00e7\u00e3o","image":{"@type":"ImageObject","inLanguage":"pt-PT","@id":"https:\/\/brasilnoticias.org\/site\/#\/schema\/person\/image\/","url":"https:\/\/secure.gravatar.com\/avatar\/75d8b050df2de108b08ae78dfb8e374892df24a383c67db9c46a9c604f6aee9c?s=96&d=mm&r=g","contentUrl":"https:\/\/secure.gravatar.com\/avatar\/75d8b050df2de108b08ae78dfb8e374892df24a383c67db9c46a9c604f6aee9c?s=96&d=mm&r=g","caption":"Reda\u00e7\u00e3o"},"sameAs":["https:\/\/brasilnoticias.org\/site"],"url":"https:\/\/brasilnoticias.org\/site\/author\/fernandozsngmail-com\/"}]}},"_links":{"self":[{"href":"https:\/\/brasilnoticias.org\/site\/wp-json\/wp\/v2\/posts\/4806","targetHints":{"allow":["GET"]}}],"collection":[{"href":"https:\/\/brasilnoticias.org\/site\/wp-json\/wp\/v2\/posts"}],"about":[{"href":"https:\/\/brasilnoticias.org\/site\/wp-json\/wp\/v2\/types\/post"}],"author":[{"embeddable":true,"href":"https:\/\/brasilnoticias.org\/site\/wp-json\/wp\/v2\/users\/1"}],"replies":[{"embeddable":true,"href":"https:\/\/brasilnoticias.org\/site\/wp-json\/wp\/v2\/comments?post=4806"}],"version-history":[{"count":1,"href":"https:\/\/brasilnoticias.org\/site\/wp-json\/wp\/v2\/posts\/4806\/revisions"}],"predecessor-version":[{"id":4808,"href":"https:\/\/brasilnoticias.org\/site\/wp-json\/wp\/v2\/posts\/4806\/revisions\/4808"}],"wp:featuredmedia":[{"embeddable":true,"href":"https:\/\/brasilnoticias.org\/site\/wp-json\/wp\/v2\/media\/4807"}],"wp:attachment":[{"href":"https:\/\/brasilnoticias.org\/site\/wp-json\/wp\/v2\/media?parent=4806"}],"wp:term":[{"taxonomy":"category","embeddable":true,"href":"https:\/\/brasilnoticias.org\/site\/wp-json\/wp\/v2\/categories?post=4806"},{"taxonomy":"post_tag","embeddable":true,"href":"https:\/\/brasilnoticias.org\/site\/wp-json\/wp\/v2\/tags?post=4806"}],"curies":[{"name":"wp","href":"https:\/\/api.w.org\/{rel}","templated":true}]}}