{"id":4825,"date":"2023-03-18T07:00:06","date_gmt":"2023-03-18T10:00:06","guid":{"rendered":"https:\/\/brasilnoticias.org\/site\/?p=4825"},"modified":"2023-03-18T07:00:06","modified_gmt":"2023-03-18T10:00:06","slug":"segurancas-de-shopping-vao-usar-cameras-no-uniforme","status":"publish","type":"post","link":"https:\/\/brasilnoticias.org\/site\/segurancas-de-shopping-vao-usar-cameras-no-uniforme\/","title":{"rendered":"Seguran\u00e7as de shopping v\u00e3o usar c\u00e2meras no uniforme"},"content":{"rendered":"<p>Os seguran\u00e7as de shopping da capital baiana est\u00e3o obrigados a usar c\u00e2meras de vigil\u00e2ncia nos uniformes. Ap\u00f3s o prefeito de Salvador, Bruno Reis, sancionar a lei na \u00faltima quinta-feira, os locais precisam realizar gradativamente a instala\u00e7\u00e3o no prazo m\u00e1ximo de um ano ap\u00f3s a publica\u00e7\u00e3o no Di\u00e1rio Oficial do Munic\u00edpio.<\/p>\n<p>A diretriz aponta para a necessidade dos equipamentos de captura e registro de imagens terem resolu\u00e7\u00e3o para a identifica\u00e7\u00e3o dos infratores ou da situa\u00e7\u00e3o ocorrida, como ferramentas de zoom e op\u00e7\u00e3o de impress\u00e3o, com sensibilidade \u00e0 luz compat\u00edvel com a ilumina\u00e7\u00e3o local. <\/p>\n<p>A Associa\u00e7\u00e3o Brasileira de Shoppings Centers (Abrasce) apoia a medida. Em Salvador, pelo menos quatro shoppings, j\u00e1 instalaram c\u00e2mera h\u00e1 mais de seis meses. Entre eles, o Salvador Shopping usava em formato de teste.<\/p>\n<p>\u201c\u00c9 importante para o consumidor que est\u00e1 no shopping, para a administra\u00e7\u00e3o e tamb\u00e9m para o vigilante, porque pode esclarecer determinadas situa\u00e7\u00f5es e chegar na verdade\u201d, afirma o coordenador regional Abrasce, Edson Piaggio<\/p>\n<p>Em contrapartida, ele discorda da exig\u00eancia de preservar as imagens por, no m\u00ednimo, um ano, o que geraria custo alto. \u201c\u00c9 desnecess\u00e1rio. Os shoppings que j\u00e1 est\u00e3o praticando isso dizem que, quando h\u00e1 necessidade de verificar, \u00e9 logo depois do ocorrido. No m\u00e1ximo, um ou tr\u00eas dias depois. Nunca foi requisitado pelo poder judici\u00e1rio ou pela pol\u00edcia uma imagem. Nossa proposta \u00e9 que seja no m\u00e1ximo em 60 dias da forma que est\u00e1 sendo feito atualmente\u201d.<\/p>\n<p>Os shoppings tamb\u00e9m responder\u00e3o civil, penal e administrativamente ao utilizarem de forma irregular as imagens e os sons armazenados pelas c\u00e2meras, al\u00e9m de descartar antes do prazo. As administradoras dos shoppings e a seguran\u00e7a p\u00fablica dever\u00e3o fiscalizar o cumprimento das regras.<\/p>\n<p>J\u00e1 o Sindicato dos Vigilantes da Bahia (Sindvigilantes) lamenta a san\u00e7\u00e3o da lei, considerando uma solu\u00e7\u00e3o simplista para o conflito social verificado nestes centros comerciais. <\/p>\n<p>A entidade afirma, em nota, que os servi\u00e7os de seguran\u00e7a n\u00e3o est\u00e3o voltados somente para a delinqu\u00eancia comum, mas para um ordenamento do espa\u00e7o, principalmente em rela\u00e7\u00e3o a jovens carentes, pedintes e pequenos vendedores.<\/p>\n<p>De acordo com o sindicato, a C\u00e2mara de Vereadores, a Prefeitura de Salvador e os demais grupos envolvidos n\u00e3o escutaram os trabalhadores e suas organiza\u00e7\u00f5es, perdendo a oportunidade de realizar o debate e encontrar respostas para as quest\u00f5es de exclus\u00e3o, fome e car\u00eancia de pessoas. \u201cOs conflitos com este p\u00fablico acontecem a todo instante, mas os shoppings e o poder p\u00fablico preferem escamotear o problema, insistindo no vi\u00e9s da repress\u00e3o e da exclus\u00e3o\u201d.<\/p>\n<p>A TARDE<br \/>\nFOTO Olga Leiria<\/p>\n","protected":false},"excerpt":{"rendered":"<p>Os seguran\u00e7as de shopping da capital baiana est\u00e3o obrigados a usar c\u00e2meras de vigil\u00e2ncia nos uniformes. Ap\u00f3s o prefeito de<\/p>\n","protected":false},"author":1,"featured_media":4826,"comment_status":"open","ping_status":"open","sticky":false,"template":"","format":"standard","meta":{"colormag_page_container_layout":"default_layout","colormag_page_sidebar_layout":"default_layout","_FSMCFIC_featured_image_caption":"","_FSMCFIC_featured_image_nocaption":"","_FSMCFIC_featured_image_hide":"","footnotes":""},"categories":[2,1],"tags":[],"class_list":["post-4825","post","type-post","status-publish","format-standard","has-post-thumbnail","hentry","category-noticias","category-ultimas"],"yoast_head":"<!-- This site is optimized with the Yoast SEO plugin v27.1.1 - https:\/\/yoast.com\/product\/yoast-seo-wordpress\/ -->\n<title>Seguran\u00e7as de shopping v\u00e3o usar c\u00e2meras no uniforme - Brasil not\u00edcias<\/title>\n<meta name=\"robots\" content=\"index, follow, max-snippet:-1, max-image-preview:large, max-video-preview:-1\" \/>\n<link rel=\"canonical\" href=\"https:\/\/brasilnoticias.org\/site\/segurancas-de-shopping-vao-usar-cameras-no-uniforme\/\" \/>\n<meta property=\"og:locale\" content=\"pt_PT\" \/>\n<meta property=\"og:type\" content=\"article\" \/>\n<meta property=\"og:title\" content=\"Seguran\u00e7as de shopping v\u00e3o usar c\u00e2meras no uniforme - Brasil not\u00edcias\" \/>\n<meta property=\"og:description\" content=\"Os seguran\u00e7as de shopping da capital baiana est\u00e3o obrigados a usar c\u00e2meras de vigil\u00e2ncia nos uniformes. Ap\u00f3s o prefeito de\" \/>\n<meta property=\"og:url\" content=\"https:\/\/brasilnoticias.org\/site\/segurancas-de-shopping-vao-usar-cameras-no-uniforme\/\" \/>\n<meta property=\"og:site_name\" content=\"Brasil not\u00edcias\" \/>\n<meta property=\"article:published_time\" content=\"2023-03-18T10:00:06+00:00\" \/>\n<meta property=\"og:image\" content=\"https:\/\/brasilnoticias.org\/site\/wp-content\/uploads\/2023\/03\/Artigo-Destaque_01222752_00.jpg\" \/>\n\t<meta property=\"og:image:width\" content=\"2000\" \/>\n\t<meta property=\"og:image:height\" content=\"1333\" \/>\n\t<meta property=\"og:image:type\" content=\"image\/jpeg\" \/>\n<meta name=\"author\" content=\"Reda\u00e7\u00e3o\" \/>\n<meta name=\"twitter:card\" content=\"summary_large_image\" \/>\n<meta name=\"twitter:label1\" content=\"Escrito por\" \/>\n\t<meta name=\"twitter:data1\" content=\"Reda\u00e7\u00e3o\" \/>\n<script type=\"application\/ld+json\" class=\"yoast-schema-graph\">{\"@context\":\"https:\/\/schema.org\",\"@graph\":[{\"@type\":\"Article\",\"@id\":\"https:\/\/brasilnoticias.org\/site\/segurancas-de-shopping-vao-usar-cameras-no-uniforme\/#article\",\"isPartOf\":{\"@id\":\"https:\/\/brasilnoticias.org\/site\/segurancas-de-shopping-vao-usar-cameras-no-uniforme\/\"},\"author\":{\"name\":\"Reda\u00e7\u00e3o\",\"@id\":\"https:\/\/brasilnoticias.org\/site\/#\/schema\/person\/a0e05b973ec4d15c658d51911e53507b\"},\"headline\":\"Seguran\u00e7as de shopping v\u00e3o usar c\u00e2meras no uniforme\",\"datePublished\":\"2023-03-18T10:00:06+00:00\",\"mainEntityOfPage\":{\"@id\":\"https:\/\/brasilnoticias.org\/site\/segurancas-de-shopping-vao-usar-cameras-no-uniforme\/\"},\"wordCount\":477,\"commentCount\":0,\"publisher\":{\"@id\":\"https:\/\/brasilnoticias.org\/site\/#organization\"},\"image\":{\"@id\":\"https:\/\/brasilnoticias.org\/site\/segurancas-de-shopping-vao-usar-cameras-no-uniforme\/#primaryimage\"},\"thumbnailUrl\":\"https:\/\/brasilnoticias.org\/site\/wp-content\/uploads\/2023\/03\/Artigo-Destaque_01222752_00.jpg\",\"articleSection\":[\"Not\u00edcias\",\"\u00daltimas\"],\"inLanguage\":\"pt-PT\",\"potentialAction\":[{\"@type\":\"CommentAction\",\"name\":\"Comment\",\"target\":[\"https:\/\/brasilnoticias.org\/site\/segurancas-de-shopping-vao-usar-cameras-no-uniforme\/#respond\"]}]},{\"@type\":\"WebPage\",\"@id\":\"https:\/\/brasilnoticias.org\/site\/segurancas-de-shopping-vao-usar-cameras-no-uniforme\/\",\"url\":\"https:\/\/brasilnoticias.org\/site\/segurancas-de-shopping-vao-usar-cameras-no-uniforme\/\",\"name\":\"Seguran\u00e7as de shopping v\u00e3o usar c\u00e2meras no uniforme - Brasil not\u00edcias\",\"isPartOf\":{\"@id\":\"https:\/\/brasilnoticias.org\/site\/#website\"},\"primaryImageOfPage\":{\"@id\":\"https:\/\/brasilnoticias.org\/site\/segurancas-de-shopping-vao-usar-cameras-no-uniforme\/#primaryimage\"},\"image\":{\"@id\":\"https:\/\/brasilnoticias.org\/site\/segurancas-de-shopping-vao-usar-cameras-no-uniforme\/#primaryimage\"},\"thumbnailUrl\":\"https:\/\/brasilnoticias.org\/site\/wp-content\/uploads\/2023\/03\/Artigo-Destaque_01222752_00.jpg\",\"datePublished\":\"2023-03-18T10:00:06+00:00\",\"breadcrumb\":{\"@id\":\"https:\/\/brasilnoticias.org\/site\/segurancas-de-shopping-vao-usar-cameras-no-uniforme\/#breadcrumb\"},\"inLanguage\":\"pt-PT\",\"potentialAction\":[{\"@type\":\"ReadAction\",\"target\":[\"https:\/\/brasilnoticias.org\/site\/segurancas-de-shopping-vao-usar-cameras-no-uniforme\/\"]}]},{\"@type\":\"ImageObject\",\"inLanguage\":\"pt-PT\",\"@id\":\"https:\/\/brasilnoticias.org\/site\/segurancas-de-shopping-vao-usar-cameras-no-uniforme\/#primaryimage\",\"url\":\"https:\/\/brasilnoticias.org\/site\/wp-content\/uploads\/2023\/03\/Artigo-Destaque_01222752_00.jpg\",\"contentUrl\":\"https:\/\/brasilnoticias.org\/site\/wp-content\/uploads\/2023\/03\/Artigo-Destaque_01222752_00.jpg\",\"width\":2000,\"height\":1333,\"caption\":\"SALVADOR Seguran\u00e7as de Shopping v\u00e3o usar C\u00e2mera de seguran\u00e7a Na foto: seguran\u00e7a usando c\u00e2mera de seguran\u00e7a Foto: Olga Leiria\/ Ag. A TARDE Data:17\/03\/23\"},{\"@type\":\"BreadcrumbList\",\"@id\":\"https:\/\/brasilnoticias.org\/site\/segurancas-de-shopping-vao-usar-cameras-no-uniforme\/#breadcrumb\",\"itemListElement\":[{\"@type\":\"ListItem\",\"position\":1,\"name\":\"In\u00edcio\",\"item\":\"https:\/\/brasilnoticias.org\/site\/\"},{\"@type\":\"ListItem\",\"position\":2,\"name\":\"Seguran\u00e7as de shopping v\u00e3o usar c\u00e2meras no uniforme\"}]},{\"@type\":\"WebSite\",\"@id\":\"https:\/\/brasilnoticias.org\/site\/#website\",\"url\":\"https:\/\/brasilnoticias.org\/site\/\",\"name\":\"Brasil not\u00edcias\",\"description\":\"Brasil not\u00edcias\",\"publisher\":{\"@id\":\"https:\/\/brasilnoticias.org\/site\/#organization\"},\"potentialAction\":[{\"@type\":\"SearchAction\",\"target\":{\"@type\":\"EntryPoint\",\"urlTemplate\":\"https:\/\/brasilnoticias.org\/site\/?s={search_term_string}\"},\"query-input\":{\"@type\":\"PropertyValueSpecification\",\"valueRequired\":true,\"valueName\":\"search_term_string\"}}],\"inLanguage\":\"pt-PT\"},{\"@type\":\"Organization\",\"@id\":\"https:\/\/brasilnoticias.org\/site\/#organization\",\"name\":\"Brasil not\u00edcias\",\"url\":\"https:\/\/brasilnoticias.org\/site\/\",\"logo\":{\"@type\":\"ImageObject\",\"inLanguage\":\"pt-PT\",\"@id\":\"https:\/\/brasilnoticias.org\/site\/#\/schema\/logo\/image\/\",\"url\":\"https:\/\/brasilnoticias.org\/site\/wp-content\/uploads\/2022\/05\/cropped-brasilnoticias-mini.jpg\",\"contentUrl\":\"https:\/\/brasilnoticias.org\/site\/wp-content\/uploads\/2022\/05\/cropped-brasilnoticias-mini.jpg\",\"width\":314,\"height\":86,\"caption\":\"Brasil not\u00edcias\"},\"image\":{\"@id\":\"https:\/\/brasilnoticias.org\/site\/#\/schema\/logo\/image\/\"}},{\"@type\":\"Person\",\"@id\":\"https:\/\/brasilnoticias.org\/site\/#\/schema\/person\/a0e05b973ec4d15c658d51911e53507b\",\"name\":\"Reda\u00e7\u00e3o\",\"image\":{\"@type\":\"ImageObject\",\"inLanguage\":\"pt-PT\",\"@id\":\"https:\/\/brasilnoticias.org\/site\/#\/schema\/person\/image\/\",\"url\":\"https:\/\/secure.gravatar.com\/avatar\/75d8b050df2de108b08ae78dfb8e374892df24a383c67db9c46a9c604f6aee9c?s=96&d=mm&r=g\",\"contentUrl\":\"https:\/\/secure.gravatar.com\/avatar\/75d8b050df2de108b08ae78dfb8e374892df24a383c67db9c46a9c604f6aee9c?s=96&d=mm&r=g\",\"caption\":\"Reda\u00e7\u00e3o\"},\"sameAs\":[\"https:\/\/brasilnoticias.org\/site\"],\"url\":\"https:\/\/brasilnoticias.org\/site\/author\/fernandozsngmail-com\/\"}]}<\/script>\n<!-- \/ Yoast SEO plugin. -->","yoast_head_json":{"title":"Seguran\u00e7as de shopping v\u00e3o usar c\u00e2meras no uniforme - Brasil not\u00edcias","robots":{"index":"index","follow":"follow","max-snippet":"max-snippet:-1","max-image-preview":"max-image-preview:large","max-video-preview":"max-video-preview:-1"},"canonical":"https:\/\/brasilnoticias.org\/site\/segurancas-de-shopping-vao-usar-cameras-no-uniforme\/","og_locale":"pt_PT","og_type":"article","og_title":"Seguran\u00e7as de shopping v\u00e3o usar c\u00e2meras no uniforme - Brasil not\u00edcias","og_description":"Os seguran\u00e7as de shopping da capital baiana est\u00e3o obrigados a usar c\u00e2meras de vigil\u00e2ncia nos uniformes. Ap\u00f3s o prefeito de","og_url":"https:\/\/brasilnoticias.org\/site\/segurancas-de-shopping-vao-usar-cameras-no-uniforme\/","og_site_name":"Brasil not\u00edcias","article_published_time":"2023-03-18T10:00:06+00:00","og_image":[{"width":2000,"height":1333,"url":"https:\/\/brasilnoticias.org\/site\/wp-content\/uploads\/2023\/03\/Artigo-Destaque_01222752_00.jpg","type":"image\/jpeg"}],"author":"Reda\u00e7\u00e3o","twitter_card":"summary_large_image","twitter_misc":{"Escrito por":"Reda\u00e7\u00e3o"},"schema":{"@context":"https:\/\/schema.org","@graph":[{"@type":"Article","@id":"https:\/\/brasilnoticias.org\/site\/segurancas-de-shopping-vao-usar-cameras-no-uniforme\/#article","isPartOf":{"@id":"https:\/\/brasilnoticias.org\/site\/segurancas-de-shopping-vao-usar-cameras-no-uniforme\/"},"author":{"name":"Reda\u00e7\u00e3o","@id":"https:\/\/brasilnoticias.org\/site\/#\/schema\/person\/a0e05b973ec4d15c658d51911e53507b"},"headline":"Seguran\u00e7as de shopping v\u00e3o usar c\u00e2meras no uniforme","datePublished":"2023-03-18T10:00:06+00:00","mainEntityOfPage":{"@id":"https:\/\/brasilnoticias.org\/site\/segurancas-de-shopping-vao-usar-cameras-no-uniforme\/"},"wordCount":477,"commentCount":0,"publisher":{"@id":"https:\/\/brasilnoticias.org\/site\/#organization"},"image":{"@id":"https:\/\/brasilnoticias.org\/site\/segurancas-de-shopping-vao-usar-cameras-no-uniforme\/#primaryimage"},"thumbnailUrl":"https:\/\/brasilnoticias.org\/site\/wp-content\/uploads\/2023\/03\/Artigo-Destaque_01222752_00.jpg","articleSection":["Not\u00edcias","\u00daltimas"],"inLanguage":"pt-PT","potentialAction":[{"@type":"CommentAction","name":"Comment","target":["https:\/\/brasilnoticias.org\/site\/segurancas-de-shopping-vao-usar-cameras-no-uniforme\/#respond"]}]},{"@type":"WebPage","@id":"https:\/\/brasilnoticias.org\/site\/segurancas-de-shopping-vao-usar-cameras-no-uniforme\/","url":"https:\/\/brasilnoticias.org\/site\/segurancas-de-shopping-vao-usar-cameras-no-uniforme\/","name":"Seguran\u00e7as de shopping v\u00e3o usar c\u00e2meras no uniforme - Brasil not\u00edcias","isPartOf":{"@id":"https:\/\/brasilnoticias.org\/site\/#website"},"primaryImageOfPage":{"@id":"https:\/\/brasilnoticias.org\/site\/segurancas-de-shopping-vao-usar-cameras-no-uniforme\/#primaryimage"},"image":{"@id":"https:\/\/brasilnoticias.org\/site\/segurancas-de-shopping-vao-usar-cameras-no-uniforme\/#primaryimage"},"thumbnailUrl":"https:\/\/brasilnoticias.org\/site\/wp-content\/uploads\/2023\/03\/Artigo-Destaque_01222752_00.jpg","datePublished":"2023-03-18T10:00:06+00:00","breadcrumb":{"@id":"https:\/\/brasilnoticias.org\/site\/segurancas-de-shopping-vao-usar-cameras-no-uniforme\/#breadcrumb"},"inLanguage":"pt-PT","potentialAction":[{"@type":"ReadAction","target":["https:\/\/brasilnoticias.org\/site\/segurancas-de-shopping-vao-usar-cameras-no-uniforme\/"]}]},{"@type":"ImageObject","inLanguage":"pt-PT","@id":"https:\/\/brasilnoticias.org\/site\/segurancas-de-shopping-vao-usar-cameras-no-uniforme\/#primaryimage","url":"https:\/\/brasilnoticias.org\/site\/wp-content\/uploads\/2023\/03\/Artigo-Destaque_01222752_00.jpg","contentUrl":"https:\/\/brasilnoticias.org\/site\/wp-content\/uploads\/2023\/03\/Artigo-Destaque_01222752_00.jpg","width":2000,"height":1333,"caption":"SALVADOR Seguran\u00e7as de Shopping v\u00e3o usar C\u00e2mera de seguran\u00e7a Na foto: seguran\u00e7a usando c\u00e2mera de seguran\u00e7a Foto: Olga Leiria\/ Ag. A TARDE Data:17\/03\/23"},{"@type":"BreadcrumbList","@id":"https:\/\/brasilnoticias.org\/site\/segurancas-de-shopping-vao-usar-cameras-no-uniforme\/#breadcrumb","itemListElement":[{"@type":"ListItem","position":1,"name":"In\u00edcio","item":"https:\/\/brasilnoticias.org\/site\/"},{"@type":"ListItem","position":2,"name":"Seguran\u00e7as de shopping v\u00e3o usar c\u00e2meras no uniforme"}]},{"@type":"WebSite","@id":"https:\/\/brasilnoticias.org\/site\/#website","url":"https:\/\/brasilnoticias.org\/site\/","name":"Brasil not\u00edcias","description":"Brasil not\u00edcias","publisher":{"@id":"https:\/\/brasilnoticias.org\/site\/#organization"},"potentialAction":[{"@type":"SearchAction","target":{"@type":"EntryPoint","urlTemplate":"https:\/\/brasilnoticias.org\/site\/?s={search_term_string}"},"query-input":{"@type":"PropertyValueSpecification","valueRequired":true,"valueName":"search_term_string"}}],"inLanguage":"pt-PT"},{"@type":"Organization","@id":"https:\/\/brasilnoticias.org\/site\/#organization","name":"Brasil not\u00edcias","url":"https:\/\/brasilnoticias.org\/site\/","logo":{"@type":"ImageObject","inLanguage":"pt-PT","@id":"https:\/\/brasilnoticias.org\/site\/#\/schema\/logo\/image\/","url":"https:\/\/brasilnoticias.org\/site\/wp-content\/uploads\/2022\/05\/cropped-brasilnoticias-mini.jpg","contentUrl":"https:\/\/brasilnoticias.org\/site\/wp-content\/uploads\/2022\/05\/cropped-brasilnoticias-mini.jpg","width":314,"height":86,"caption":"Brasil not\u00edcias"},"image":{"@id":"https:\/\/brasilnoticias.org\/site\/#\/schema\/logo\/image\/"}},{"@type":"Person","@id":"https:\/\/brasilnoticias.org\/site\/#\/schema\/person\/a0e05b973ec4d15c658d51911e53507b","name":"Reda\u00e7\u00e3o","image":{"@type":"ImageObject","inLanguage":"pt-PT","@id":"https:\/\/brasilnoticias.org\/site\/#\/schema\/person\/image\/","url":"https:\/\/secure.gravatar.com\/avatar\/75d8b050df2de108b08ae78dfb8e374892df24a383c67db9c46a9c604f6aee9c?s=96&d=mm&r=g","contentUrl":"https:\/\/secure.gravatar.com\/avatar\/75d8b050df2de108b08ae78dfb8e374892df24a383c67db9c46a9c604f6aee9c?s=96&d=mm&r=g","caption":"Reda\u00e7\u00e3o"},"sameAs":["https:\/\/brasilnoticias.org\/site"],"url":"https:\/\/brasilnoticias.org\/site\/author\/fernandozsngmail-com\/"}]}},"_links":{"self":[{"href":"https:\/\/brasilnoticias.org\/site\/wp-json\/wp\/v2\/posts\/4825","targetHints":{"allow":["GET"]}}],"collection":[{"href":"https:\/\/brasilnoticias.org\/site\/wp-json\/wp\/v2\/posts"}],"about":[{"href":"https:\/\/brasilnoticias.org\/site\/wp-json\/wp\/v2\/types\/post"}],"author":[{"embeddable":true,"href":"https:\/\/brasilnoticias.org\/site\/wp-json\/wp\/v2\/users\/1"}],"replies":[{"embeddable":true,"href":"https:\/\/brasilnoticias.org\/site\/wp-json\/wp\/v2\/comments?post=4825"}],"version-history":[{"count":1,"href":"https:\/\/brasilnoticias.org\/site\/wp-json\/wp\/v2\/posts\/4825\/revisions"}],"predecessor-version":[{"id":4827,"href":"https:\/\/brasilnoticias.org\/site\/wp-json\/wp\/v2\/posts\/4825\/revisions\/4827"}],"wp:featuredmedia":[{"embeddable":true,"href":"https:\/\/brasilnoticias.org\/site\/wp-json\/wp\/v2\/media\/4826"}],"wp:attachment":[{"href":"https:\/\/brasilnoticias.org\/site\/wp-json\/wp\/v2\/media?parent=4825"}],"wp:term":[{"taxonomy":"category","embeddable":true,"href":"https:\/\/brasilnoticias.org\/site\/wp-json\/wp\/v2\/categories?post=4825"},{"taxonomy":"post_tag","embeddable":true,"href":"https:\/\/brasilnoticias.org\/site\/wp-json\/wp\/v2\/tags?post=4825"}],"curies":[{"name":"wp","href":"https:\/\/api.w.org\/{rel}","templated":true}]}}