{"id":4845,"date":"2023-03-20T06:45:13","date_gmt":"2023-03-20T09:45:13","guid":{"rendered":"https:\/\/brasilnoticias.org\/site\/?p=4845"},"modified":"2023-03-20T06:45:13","modified_gmt":"2023-03-20T09:45:13","slug":"golpes-do-pix-delegado-de-caso-da-record-tv-fala-sobre-sobre-o-crime","status":"publish","type":"post","link":"https:\/\/brasilnoticias.org\/site\/golpes-do-pix-delegado-de-caso-da-record-tv-fala-sobre-sobre-o-crime\/","title":{"rendered":"Golpes do Pix: Delegado de caso da Record TV fala sobre sobre o crime"},"content":{"rendered":"<p>Entre os mais novos golpes constantemente realizados por criminosos atualmente est\u00e3o o \u2018golpe do Pix\u2019, que apesar de possuir diversas formas de ser feito, tem sempre o mesmo objetivo: roubar dinheiro das v\u00edtimas atrav\u00e9s da ferramenta.<\/p>\n<p>O Pix \u00e9 um modo de pagamento instant\u00e2neo criado em 2020 e, desde ent\u00e3o, se tornou a forma mais r\u00e1pida de se fazer transfer\u00eancia, e a forma mais f\u00e1cil de se realizar um golpe.<\/p>\n<p>Segundo o delegado Charles Le\u00e3o, da Delegacia de Repress\u00e3o aos Crimes de Estelionato por Meio Eletr\u00f4nico (DreofCiber), \u00e9 \u201cinimagin\u00e1vel\u201d listar os tipos de golpes que podem ser feitos com o Pix, j\u00e1 que existem in\u00fameros meios de se realizar o crime.<\/p>\n<p>Ainda conforme o delegado, com o Pix, a possibilidade de se realizar transfer\u00eancias para pessoas de todo o pa\u00eds foi facilitada, fazendo com que dificultasse o trabalho policial no momento das investiga\u00e7\u00f5es que envolvem a ferramenta.<\/p>\n<p>\u201cO dinheiro sai de sua conta de forma imediata e, \u00e0s vezes, esse dinheiro \u00e9 destinado a uma pessoa que est\u00e1 a milhares de quil\u00f4metros de voc\u00ea\u201d, inicia.<\/p>\n<p>\u201cA quest\u00e3o \u00e9 que acontece em dois ambientes: o virtual e o banc\u00e1rio. S\u00e3o dois ambientes regulados por lei e que correm sob sigilo. Para que as autoridades policiais tenham acesso \u00e0s informa\u00e7\u00f5es, \u00e9 necess\u00e1rio solicitar o afastamento do sigilo banc\u00e1rio\u201d, pontuou, detalhando ainda que, para apurar o crime, ainda \u00e9 necess\u00e1rio procurar informa\u00e7\u00f5es sobre a conta banc\u00e1ria com o banco do suspeito.<\/p>\n<p>Al\u00e9m disso, no ambiente virtual, pode ser que seja necess\u00e1rio pedir quebra de sigilo de telemarketing, de endere\u00e7o de email, entre outros meios de comunica\u00e7\u00e3o, fazendo com que a investiga\u00e7\u00e3o demore mais que o normal.<\/p>\n<p>&#8220;Essa evolu\u00e7\u00e3o tecnol\u00f3gica acontece no dia a dia. Os bancos digitais tamb\u00e9m permitem isso, voc\u00ea abre com muito mais facilidade uma conta banc\u00e1ria e essas contas est\u00e3o sendo utilizadas para a pr\u00e1tica desses crimes&#8221;, explica.<\/p>\n<p>Para n\u00e3o cair no golpe, conforme o delegado, a premissa \u00e9 \u201csempre desconfiar\u201d e verificar com aten\u00e7\u00e3o os dados de quem receber\u00e1 seu dinheiro. Caso acabe caindo no golpe, h\u00e1 diversos meios para realizar a den\u00fancia.<\/p>\n<p>\u201cIr \u00e0 delegacia mais pr\u00f3xima, pode tamb\u00e9m procurar a Delegacia Digital, pode procurar o SAC de Atendimento do seu banco e do banco da pessoa que recebeu o valor. Fale tamb\u00e9m com a parte de Reclama\u00e7\u00e3o do Banco Central, onde voc\u00ea informa os fatos, porque no Banco Central eles podem fiscalizar a abertura dessa conta, o que est\u00e1 acontecendo, e pode tomar as medidas adequadas\u201d, indicou o delegado.<\/p>\n<p>Caso Record TV Itapoan<\/p>\n<p>Foto Marcello Casal Jr\/Ag\u00eancia Brasil<br \/>\nBNews<\/p>\n","protected":false},"excerpt":{"rendered":"<p>Entre os mais novos golpes constantemente realizados por criminosos atualmente est\u00e3o o \u2018golpe do Pix\u2019, que apesar de possuir diversas<\/p>\n","protected":false},"author":1,"featured_media":4846,"comment_status":"open","ping_status":"open","sticky":false,"template":"","format":"standard","meta":{"colormag_page_container_layout":"default_layout","colormag_page_sidebar_layout":"default_layout","_FSMCFIC_featured_image_caption":"","_FSMCFIC_featured_image_nocaption":"","_FSMCFIC_featured_image_hide":"","footnotes":""},"categories":[2,1],"tags":[],"class_list":["post-4845","post","type-post","status-publish","format-standard","has-post-thumbnail","hentry","category-noticias","category-ultimas"],"yoast_head":"<!-- This site is optimized with the Yoast SEO plugin v27.1.1 - https:\/\/yoast.com\/product\/yoast-seo-wordpress\/ -->\n<title>Golpes do Pix: Delegado de caso da Record TV fala sobre sobre o crime - Brasil not\u00edcias<\/title>\n<meta name=\"robots\" content=\"index, follow, max-snippet:-1, max-image-preview:large, max-video-preview:-1\" \/>\n<link rel=\"canonical\" href=\"https:\/\/brasilnoticias.org\/site\/golpes-do-pix-delegado-de-caso-da-record-tv-fala-sobre-sobre-o-crime\/\" \/>\n<meta property=\"og:locale\" content=\"pt_PT\" \/>\n<meta property=\"og:type\" content=\"article\" \/>\n<meta property=\"og:title\" content=\"Golpes do Pix: Delegado de caso da Record TV fala sobre sobre o crime - Brasil not\u00edcias\" \/>\n<meta property=\"og:description\" content=\"Entre os mais novos golpes constantemente realizados por criminosos atualmente est\u00e3o o \u2018golpe do Pix\u2019, que apesar de possuir diversas\" \/>\n<meta property=\"og:url\" content=\"https:\/\/brasilnoticias.org\/site\/golpes-do-pix-delegado-de-caso-da-record-tv-fala-sobre-sobre-o-crime\/\" \/>\n<meta property=\"og:site_name\" content=\"Brasil not\u00edcias\" \/>\n<meta property=\"article:published_time\" content=\"2023-03-20T09:45:13+00:00\" \/>\n<meta property=\"og:image\" content=\"https:\/\/brasilnoticias.org\/site\/wp-content\/uploads\/2023\/03\/6ddc0303-5508-449d-9fd4-8017d99e7d1a_widelg.jpeg\" \/>\n\t<meta property=\"og:image:width\" content=\"800\" \/>\n\t<meta property=\"og:image:height\" content=\"450\" \/>\n\t<meta property=\"og:image:type\" content=\"image\/jpeg\" \/>\n<meta name=\"author\" content=\"Reda\u00e7\u00e3o\" \/>\n<meta name=\"twitter:card\" content=\"summary_large_image\" \/>\n<meta name=\"twitter:label1\" content=\"Escrito por\" \/>\n\t<meta name=\"twitter:data1\" content=\"Reda\u00e7\u00e3o\" \/>\n<script type=\"application\/ld+json\" class=\"yoast-schema-graph\">{\"@context\":\"https:\/\/schema.org\",\"@graph\":[{\"@type\":\"Article\",\"@id\":\"https:\/\/brasilnoticias.org\/site\/golpes-do-pix-delegado-de-caso-da-record-tv-fala-sobre-sobre-o-crime\/#article\",\"isPartOf\":{\"@id\":\"https:\/\/brasilnoticias.org\/site\/golpes-do-pix-delegado-de-caso-da-record-tv-fala-sobre-sobre-o-crime\/\"},\"author\":{\"name\":\"Reda\u00e7\u00e3o\",\"@id\":\"https:\/\/brasilnoticias.org\/site\/#\/schema\/person\/a0e05b973ec4d15c658d51911e53507b\"},\"headline\":\"Golpes do Pix: Delegado de caso da Record TV fala sobre sobre o crime\",\"datePublished\":\"2023-03-20T09:45:13+00:00\",\"mainEntityOfPage\":{\"@id\":\"https:\/\/brasilnoticias.org\/site\/golpes-do-pix-delegado-de-caso-da-record-tv-fala-sobre-sobre-o-crime\/\"},\"wordCount\":473,\"commentCount\":0,\"publisher\":{\"@id\":\"https:\/\/brasilnoticias.org\/site\/#organization\"},\"image\":{\"@id\":\"https:\/\/brasilnoticias.org\/site\/golpes-do-pix-delegado-de-caso-da-record-tv-fala-sobre-sobre-o-crime\/#primaryimage\"},\"thumbnailUrl\":\"https:\/\/brasilnoticias.org\/site\/wp-content\/uploads\/2023\/03\/6ddc0303-5508-449d-9fd4-8017d99e7d1a_widelg.jpeg\",\"articleSection\":[\"Not\u00edcias\",\"\u00daltimas\"],\"inLanguage\":\"pt-PT\",\"potentialAction\":[{\"@type\":\"CommentAction\",\"name\":\"Comment\",\"target\":[\"https:\/\/brasilnoticias.org\/site\/golpes-do-pix-delegado-de-caso-da-record-tv-fala-sobre-sobre-o-crime\/#respond\"]}]},{\"@type\":\"WebPage\",\"@id\":\"https:\/\/brasilnoticias.org\/site\/golpes-do-pix-delegado-de-caso-da-record-tv-fala-sobre-sobre-o-crime\/\",\"url\":\"https:\/\/brasilnoticias.org\/site\/golpes-do-pix-delegado-de-caso-da-record-tv-fala-sobre-sobre-o-crime\/\",\"name\":\"Golpes do Pix: Delegado de caso da Record TV fala sobre sobre o crime - Brasil not\u00edcias\",\"isPartOf\":{\"@id\":\"https:\/\/brasilnoticias.org\/site\/#website\"},\"primaryImageOfPage\":{\"@id\":\"https:\/\/brasilnoticias.org\/site\/golpes-do-pix-delegado-de-caso-da-record-tv-fala-sobre-sobre-o-crime\/#primaryimage\"},\"image\":{\"@id\":\"https:\/\/brasilnoticias.org\/site\/golpes-do-pix-delegado-de-caso-da-record-tv-fala-sobre-sobre-o-crime\/#primaryimage\"},\"thumbnailUrl\":\"https:\/\/brasilnoticias.org\/site\/wp-content\/uploads\/2023\/03\/6ddc0303-5508-449d-9fd4-8017d99e7d1a_widelg.jpeg\",\"datePublished\":\"2023-03-20T09:45:13+00:00\",\"breadcrumb\":{\"@id\":\"https:\/\/brasilnoticias.org\/site\/golpes-do-pix-delegado-de-caso-da-record-tv-fala-sobre-sobre-o-crime\/#breadcrumb\"},\"inLanguage\":\"pt-PT\",\"potentialAction\":[{\"@type\":\"ReadAction\",\"target\":[\"https:\/\/brasilnoticias.org\/site\/golpes-do-pix-delegado-de-caso-da-record-tv-fala-sobre-sobre-o-crime\/\"]}]},{\"@type\":\"ImageObject\",\"inLanguage\":\"pt-PT\",\"@id\":\"https:\/\/brasilnoticias.org\/site\/golpes-do-pix-delegado-de-caso-da-record-tv-fala-sobre-sobre-o-crime\/#primaryimage\",\"url\":\"https:\/\/brasilnoticias.org\/site\/wp-content\/uploads\/2023\/03\/6ddc0303-5508-449d-9fd4-8017d99e7d1a_widelg.jpeg\",\"contentUrl\":\"https:\/\/brasilnoticias.org\/site\/wp-content\/uploads\/2023\/03\/6ddc0303-5508-449d-9fd4-8017d99e7d1a_widelg.jpeg\",\"width\":800,\"height\":450},{\"@type\":\"BreadcrumbList\",\"@id\":\"https:\/\/brasilnoticias.org\/site\/golpes-do-pix-delegado-de-caso-da-record-tv-fala-sobre-sobre-o-crime\/#breadcrumb\",\"itemListElement\":[{\"@type\":\"ListItem\",\"position\":1,\"name\":\"In\u00edcio\",\"item\":\"https:\/\/brasilnoticias.org\/site\/\"},{\"@type\":\"ListItem\",\"position\":2,\"name\":\"Golpes do Pix: Delegado de caso da Record TV fala sobre sobre o crime\"}]},{\"@type\":\"WebSite\",\"@id\":\"https:\/\/brasilnoticias.org\/site\/#website\",\"url\":\"https:\/\/brasilnoticias.org\/site\/\",\"name\":\"Brasil not\u00edcias\",\"description\":\"Brasil not\u00edcias\",\"publisher\":{\"@id\":\"https:\/\/brasilnoticias.org\/site\/#organization\"},\"potentialAction\":[{\"@type\":\"SearchAction\",\"target\":{\"@type\":\"EntryPoint\",\"urlTemplate\":\"https:\/\/brasilnoticias.org\/site\/?s={search_term_string}\"},\"query-input\":{\"@type\":\"PropertyValueSpecification\",\"valueRequired\":true,\"valueName\":\"search_term_string\"}}],\"inLanguage\":\"pt-PT\"},{\"@type\":\"Organization\",\"@id\":\"https:\/\/brasilnoticias.org\/site\/#organization\",\"name\":\"Brasil not\u00edcias\",\"url\":\"https:\/\/brasilnoticias.org\/site\/\",\"logo\":{\"@type\":\"ImageObject\",\"inLanguage\":\"pt-PT\",\"@id\":\"https:\/\/brasilnoticias.org\/site\/#\/schema\/logo\/image\/\",\"url\":\"https:\/\/brasilnoticias.org\/site\/wp-content\/uploads\/2022\/05\/cropped-brasilnoticias-mini.jpg\",\"contentUrl\":\"https:\/\/brasilnoticias.org\/site\/wp-content\/uploads\/2022\/05\/cropped-brasilnoticias-mini.jpg\",\"width\":314,\"height\":86,\"caption\":\"Brasil not\u00edcias\"},\"image\":{\"@id\":\"https:\/\/brasilnoticias.org\/site\/#\/schema\/logo\/image\/\"}},{\"@type\":\"Person\",\"@id\":\"https:\/\/brasilnoticias.org\/site\/#\/schema\/person\/a0e05b973ec4d15c658d51911e53507b\",\"name\":\"Reda\u00e7\u00e3o\",\"image\":{\"@type\":\"ImageObject\",\"inLanguage\":\"pt-PT\",\"@id\":\"https:\/\/brasilnoticias.org\/site\/#\/schema\/person\/image\/\",\"url\":\"https:\/\/secure.gravatar.com\/avatar\/75d8b050df2de108b08ae78dfb8e374892df24a383c67db9c46a9c604f6aee9c?s=96&d=mm&r=g\",\"contentUrl\":\"https:\/\/secure.gravatar.com\/avatar\/75d8b050df2de108b08ae78dfb8e374892df24a383c67db9c46a9c604f6aee9c?s=96&d=mm&r=g\",\"caption\":\"Reda\u00e7\u00e3o\"},\"sameAs\":[\"https:\/\/brasilnoticias.org\/site\"],\"url\":\"https:\/\/brasilnoticias.org\/site\/author\/fernandozsngmail-com\/\"}]}<\/script>\n<!-- \/ Yoast SEO plugin. -->","yoast_head_json":{"title":"Golpes do Pix: Delegado de caso da Record TV fala sobre sobre o crime - Brasil not\u00edcias","robots":{"index":"index","follow":"follow","max-snippet":"max-snippet:-1","max-image-preview":"max-image-preview:large","max-video-preview":"max-video-preview:-1"},"canonical":"https:\/\/brasilnoticias.org\/site\/golpes-do-pix-delegado-de-caso-da-record-tv-fala-sobre-sobre-o-crime\/","og_locale":"pt_PT","og_type":"article","og_title":"Golpes do Pix: Delegado de caso da Record TV fala sobre sobre o crime - Brasil not\u00edcias","og_description":"Entre os mais novos golpes constantemente realizados por criminosos atualmente est\u00e3o o \u2018golpe do Pix\u2019, que apesar de possuir diversas","og_url":"https:\/\/brasilnoticias.org\/site\/golpes-do-pix-delegado-de-caso-da-record-tv-fala-sobre-sobre-o-crime\/","og_site_name":"Brasil not\u00edcias","article_published_time":"2023-03-20T09:45:13+00:00","og_image":[{"width":800,"height":450,"url":"https:\/\/brasilnoticias.org\/site\/wp-content\/uploads\/2023\/03\/6ddc0303-5508-449d-9fd4-8017d99e7d1a_widelg.jpeg","type":"image\/jpeg"}],"author":"Reda\u00e7\u00e3o","twitter_card":"summary_large_image","twitter_misc":{"Escrito por":"Reda\u00e7\u00e3o"},"schema":{"@context":"https:\/\/schema.org","@graph":[{"@type":"Article","@id":"https:\/\/brasilnoticias.org\/site\/golpes-do-pix-delegado-de-caso-da-record-tv-fala-sobre-sobre-o-crime\/#article","isPartOf":{"@id":"https:\/\/brasilnoticias.org\/site\/golpes-do-pix-delegado-de-caso-da-record-tv-fala-sobre-sobre-o-crime\/"},"author":{"name":"Reda\u00e7\u00e3o","@id":"https:\/\/brasilnoticias.org\/site\/#\/schema\/person\/a0e05b973ec4d15c658d51911e53507b"},"headline":"Golpes do Pix: Delegado de caso da Record TV fala sobre sobre o crime","datePublished":"2023-03-20T09:45:13+00:00","mainEntityOfPage":{"@id":"https:\/\/brasilnoticias.org\/site\/golpes-do-pix-delegado-de-caso-da-record-tv-fala-sobre-sobre-o-crime\/"},"wordCount":473,"commentCount":0,"publisher":{"@id":"https:\/\/brasilnoticias.org\/site\/#organization"},"image":{"@id":"https:\/\/brasilnoticias.org\/site\/golpes-do-pix-delegado-de-caso-da-record-tv-fala-sobre-sobre-o-crime\/#primaryimage"},"thumbnailUrl":"https:\/\/brasilnoticias.org\/site\/wp-content\/uploads\/2023\/03\/6ddc0303-5508-449d-9fd4-8017d99e7d1a_widelg.jpeg","articleSection":["Not\u00edcias","\u00daltimas"],"inLanguage":"pt-PT","potentialAction":[{"@type":"CommentAction","name":"Comment","target":["https:\/\/brasilnoticias.org\/site\/golpes-do-pix-delegado-de-caso-da-record-tv-fala-sobre-sobre-o-crime\/#respond"]}]},{"@type":"WebPage","@id":"https:\/\/brasilnoticias.org\/site\/golpes-do-pix-delegado-de-caso-da-record-tv-fala-sobre-sobre-o-crime\/","url":"https:\/\/brasilnoticias.org\/site\/golpes-do-pix-delegado-de-caso-da-record-tv-fala-sobre-sobre-o-crime\/","name":"Golpes do Pix: Delegado de caso da Record TV fala sobre sobre o crime - Brasil not\u00edcias","isPartOf":{"@id":"https:\/\/brasilnoticias.org\/site\/#website"},"primaryImageOfPage":{"@id":"https:\/\/brasilnoticias.org\/site\/golpes-do-pix-delegado-de-caso-da-record-tv-fala-sobre-sobre-o-crime\/#primaryimage"},"image":{"@id":"https:\/\/brasilnoticias.org\/site\/golpes-do-pix-delegado-de-caso-da-record-tv-fala-sobre-sobre-o-crime\/#primaryimage"},"thumbnailUrl":"https:\/\/brasilnoticias.org\/site\/wp-content\/uploads\/2023\/03\/6ddc0303-5508-449d-9fd4-8017d99e7d1a_widelg.jpeg","datePublished":"2023-03-20T09:45:13+00:00","breadcrumb":{"@id":"https:\/\/brasilnoticias.org\/site\/golpes-do-pix-delegado-de-caso-da-record-tv-fala-sobre-sobre-o-crime\/#breadcrumb"},"inLanguage":"pt-PT","potentialAction":[{"@type":"ReadAction","target":["https:\/\/brasilnoticias.org\/site\/golpes-do-pix-delegado-de-caso-da-record-tv-fala-sobre-sobre-o-crime\/"]}]},{"@type":"ImageObject","inLanguage":"pt-PT","@id":"https:\/\/brasilnoticias.org\/site\/golpes-do-pix-delegado-de-caso-da-record-tv-fala-sobre-sobre-o-crime\/#primaryimage","url":"https:\/\/brasilnoticias.org\/site\/wp-content\/uploads\/2023\/03\/6ddc0303-5508-449d-9fd4-8017d99e7d1a_widelg.jpeg","contentUrl":"https:\/\/brasilnoticias.org\/site\/wp-content\/uploads\/2023\/03\/6ddc0303-5508-449d-9fd4-8017d99e7d1a_widelg.jpeg","width":800,"height":450},{"@type":"BreadcrumbList","@id":"https:\/\/brasilnoticias.org\/site\/golpes-do-pix-delegado-de-caso-da-record-tv-fala-sobre-sobre-o-crime\/#breadcrumb","itemListElement":[{"@type":"ListItem","position":1,"name":"In\u00edcio","item":"https:\/\/brasilnoticias.org\/site\/"},{"@type":"ListItem","position":2,"name":"Golpes do Pix: Delegado de caso da Record TV fala sobre sobre o crime"}]},{"@type":"WebSite","@id":"https:\/\/brasilnoticias.org\/site\/#website","url":"https:\/\/brasilnoticias.org\/site\/","name":"Brasil not\u00edcias","description":"Brasil not\u00edcias","publisher":{"@id":"https:\/\/brasilnoticias.org\/site\/#organization"},"potentialAction":[{"@type":"SearchAction","target":{"@type":"EntryPoint","urlTemplate":"https:\/\/brasilnoticias.org\/site\/?s={search_term_string}"},"query-input":{"@type":"PropertyValueSpecification","valueRequired":true,"valueName":"search_term_string"}}],"inLanguage":"pt-PT"},{"@type":"Organization","@id":"https:\/\/brasilnoticias.org\/site\/#organization","name":"Brasil not\u00edcias","url":"https:\/\/brasilnoticias.org\/site\/","logo":{"@type":"ImageObject","inLanguage":"pt-PT","@id":"https:\/\/brasilnoticias.org\/site\/#\/schema\/logo\/image\/","url":"https:\/\/brasilnoticias.org\/site\/wp-content\/uploads\/2022\/05\/cropped-brasilnoticias-mini.jpg","contentUrl":"https:\/\/brasilnoticias.org\/site\/wp-content\/uploads\/2022\/05\/cropped-brasilnoticias-mini.jpg","width":314,"height":86,"caption":"Brasil not\u00edcias"},"image":{"@id":"https:\/\/brasilnoticias.org\/site\/#\/schema\/logo\/image\/"}},{"@type":"Person","@id":"https:\/\/brasilnoticias.org\/site\/#\/schema\/person\/a0e05b973ec4d15c658d51911e53507b","name":"Reda\u00e7\u00e3o","image":{"@type":"ImageObject","inLanguage":"pt-PT","@id":"https:\/\/brasilnoticias.org\/site\/#\/schema\/person\/image\/","url":"https:\/\/secure.gravatar.com\/avatar\/75d8b050df2de108b08ae78dfb8e374892df24a383c67db9c46a9c604f6aee9c?s=96&d=mm&r=g","contentUrl":"https:\/\/secure.gravatar.com\/avatar\/75d8b050df2de108b08ae78dfb8e374892df24a383c67db9c46a9c604f6aee9c?s=96&d=mm&r=g","caption":"Reda\u00e7\u00e3o"},"sameAs":["https:\/\/brasilnoticias.org\/site"],"url":"https:\/\/brasilnoticias.org\/site\/author\/fernandozsngmail-com\/"}]}},"_links":{"self":[{"href":"https:\/\/brasilnoticias.org\/site\/wp-json\/wp\/v2\/posts\/4845","targetHints":{"allow":["GET"]}}],"collection":[{"href":"https:\/\/brasilnoticias.org\/site\/wp-json\/wp\/v2\/posts"}],"about":[{"href":"https:\/\/brasilnoticias.org\/site\/wp-json\/wp\/v2\/types\/post"}],"author":[{"embeddable":true,"href":"https:\/\/brasilnoticias.org\/site\/wp-json\/wp\/v2\/users\/1"}],"replies":[{"embeddable":true,"href":"https:\/\/brasilnoticias.org\/site\/wp-json\/wp\/v2\/comments?post=4845"}],"version-history":[{"count":1,"href":"https:\/\/brasilnoticias.org\/site\/wp-json\/wp\/v2\/posts\/4845\/revisions"}],"predecessor-version":[{"id":4847,"href":"https:\/\/brasilnoticias.org\/site\/wp-json\/wp\/v2\/posts\/4845\/revisions\/4847"}],"wp:featuredmedia":[{"embeddable":true,"href":"https:\/\/brasilnoticias.org\/site\/wp-json\/wp\/v2\/media\/4846"}],"wp:attachment":[{"href":"https:\/\/brasilnoticias.org\/site\/wp-json\/wp\/v2\/media?parent=4845"}],"wp:term":[{"taxonomy":"category","embeddable":true,"href":"https:\/\/brasilnoticias.org\/site\/wp-json\/wp\/v2\/categories?post=4845"},{"taxonomy":"post_tag","embeddable":true,"href":"https:\/\/brasilnoticias.org\/site\/wp-json\/wp\/v2\/tags?post=4845"}],"curies":[{"name":"wp","href":"https:\/\/api.w.org\/{rel}","templated":true}]}}